{"id":5888,"date":"2025-07-17T09:00:26","date_gmt":"2025-07-17T12:00:26","guid":{"rendered":"https:\/\/transamerica93.com.br\/home\/?p=5888"},"modified":"2025-06-27T22:43:08","modified_gmt":"2025-06-28T01:43:08","slug":"fitch-mantem-nota-da-divida-brasileira-e-nao-preve-mudancas","status":"publish","type":"post","link":"https:\/\/transamerica93.com.br\/home\/fitch-mantem-nota-da-divida-brasileira-e-nao-preve-mudancas\/","title":{"rendered":"Fitch mant\u00e9m nota da d\u00edvida brasileira e n\u00e3o prev\u00ea mudan\u00e7as"},"content":{"rendered":"<p><strong>A ag\u00eancia de classifica\u00e7\u00e3o de risco Fitch manteve a nota da d\u00edvida p\u00fablica brasileira dois n\u00edveis abaixo do grau de investimento. A ag\u00eancia reafirmou a perspectiva est\u00e1vel da classifica\u00e7\u00e3o, indicando que n\u00e3o pretende mudar a nota nos pr\u00f3ximos meses.<\/strong><img decoding=\"async\" data-src=\"https:\/\/agenciabrasil.ebc.com.br\/ebc.png?id=1648375&amp;o=node\" src=\"data:image\/svg+xml;base64,PHN2ZyB3aWR0aD0iMSIgaGVpZ2h0PSIxIiB4bWxucz0iaHR0cDovL3d3dy53My5vcmcvMjAwMC9zdmciPjwvc3ZnPg==\" class=\"lazyload\" \/><img decoding=\"async\" data-src=\"https:\/\/agenciabrasil.ebc.com.br\/ebc.gif?id=1648375&amp;o=node\" src=\"data:image\/svg+xml;base64,PHN2ZyB3aWR0aD0iMSIgaGVpZ2h0PSIxIiB4bWxucz0iaHR0cDovL3d3dy53My5vcmcvMjAwMC9zdmciPjwvc3ZnPg==\" class=\"lazyload\" \/><\/p>\n<p>O grau de investimento representa a garantia de que um pa\u00eds n\u00e3o corre o risco de dar calote na d\u00edvida p\u00fablica.<\/p>\n<p><strong>Em comunicado, a ag\u00eancia citou quatro fatores para a manuten\u00e7\u00e3o da nota: alto e crescente n\u00edvel de d\u00edvida p\u00fablica, rigidez or\u00e7ament\u00e1ria, baixas pontua\u00e7\u00f5es de governan\u00e7a e crescimento potencial relativamente baixo da economia brasileira.<\/strong><\/p>\n<p>A Fitch tamb\u00e9m citou as elei\u00e7\u00f5es presidenciais de 2026 como fator que pode adiar a resolu\u00e7\u00e3o dos problemas fiscais para 2027. A ag\u00eancia mencionou ainda as recentes dificuldades na rela\u00e7\u00e3o do governo com o Congresso.<\/p>\n<p>O Minist\u00e9rio da Fazenda n\u00e3o se manifestou sobre a manuten\u00e7\u00e3o da nota da d\u00edvida brasileira.<\/p>\n<h2>Hist\u00f3rico<\/h2>\n<p>Em julho de 2023, a Fitch\u00a0<a href=\"https:\/\/agenciabrasil.ebc.com.br\/economia\/noticia\/2023-07\/agencia-de-classificacao-de-risco-eleva-nota-de-credito-do-brasil\" target=\"_blank\" rel=\"noopener\">elevou a nota da d\u00edvida brasileira para dois n\u00edveis abaixo do n\u00edvel do grau de investimento<\/a>. A ag\u00eancia considera est\u00e1vel a perspectiva para a nota brasileira, sem a inten\u00e7\u00e3o de mudar a classifica\u00e7\u00e3o nos pr\u00f3ximos meses.<\/p>\n<p>Em rela\u00e7\u00e3o \u00e0s outras ag\u00eancias de classifica\u00e7\u00e3o de risco, em dezembro de 2023, a\u00a0<a href=\"https:\/\/agenciabrasil.ebc.com.br\/economia\/noticia\/2023-12\/sp-eleva-nota-da-divida-do-brasil-pela-primeira-vez-em-12-anos\" target=\"_blank\" rel=\"noopener\">S&amp;P elevou a nota da d\u00edvida brasileira<\/a><a href=\"http:\/\/agenciabrasil.ebc.com.br\/economia\/noticia\/2023-12\/sp-eleva-nota-da-divida-do-brasil-pela-primeira-vez-em-12-anos\" target=\"_blank\" rel=\"noopener\">\u00a0de tr\u00eas n\u00edveis para dois n\u00edveis abaixo do grau de investimento<\/a>. A nota do pa\u00eds foi\u00a0<a href=\"https:\/\/agenciabrasil.ebc.com.br\/economia\/noticia\/2025-06\/sp-mantem-nota-da-divida-brasileira-e-nao-preve-mudancas\" target=\"_blank\" rel=\"noopener\">mantida<\/a>\u00a0no in\u00edcio deste m\u00eas . Em 2018, a classifica\u00e7\u00e3o estava tr\u00eas n\u00edveis abaixo do grau de investimento.<\/p>\n<p>No fim de maio, a\u00a0<a href=\"https:\/\/agenciabrasil.ebc.com.br\/economia\/noticia\/2025-05\/moodys-reduz-perspectiva-para-nota-da-divida-do-governo-brasileiro\" target=\"_blank\" rel=\"noopener\">ag\u00eancia de classifica\u00e7\u00e3o de risco Moody&#8217;s reduziu a perspectiva da nota da d\u00edvida soberana brasileira de positiva para est\u00e1vel<\/a>. Como a nota de cr\u00e9dito do Brasil est\u00e1 um n\u00edvel abaixo do grau de investimento, a decis\u00e3o eliminou a possibilidade de o pa\u00eds obter o selo de bom pagador at\u00e9 o fim do governo.<\/p>\n","protected":false},"excerpt":{"rendered":"<p>A ag\u00eancia de classifica\u00e7\u00e3o de risco Fitch manteve a nota da d\u00edvida p\u00fablica brasileira dois n\u00edveis abaixo do grau de investimento. A ag\u00eancia reafirmou a perspectiva est\u00e1vel da classifica\u00e7\u00e3o, indicando que n\u00e3o pretende mudar a nota nos pr\u00f3ximos meses. O grau de investimento representa a garantia de que um pa\u00eds n\u00e3o corre o risco de &hellip;<\/p>\n","protected":false},"author":1,"featured_media":5889,"comment_status":"closed","ping_status":"closed","sticky":false,"template":"","format":"standard","meta":{"footnotes":""},"categories":[30],"tags":[],"class_list":["post-5888","post","type-post","status-publish","format-standard","has-post-thumbnail","hentry","category-geral"],"yoast_head":"<!-- This site is optimized with the Yoast SEO plugin v27.4 - https:\/\/yoast.com\/product\/yoast-seo-wordpress\/ -->\n<title>Fitch mant\u00e9m nota da d\u00edvida brasileira e n\u00e3o prev\u00ea mudan\u00e7as - Transam\u00e9rica Mococa 93,3<\/title>\n<meta name=\"robots\" content=\"index, follow, max-snippet:-1, max-image-preview:large, max-video-preview:-1\" \/>\n<link rel=\"canonical\" href=\"https:\/\/transamerica93.com.br\/home\/fitch-mantem-nota-da-divida-brasileira-e-nao-preve-mudancas\/\" \/>\n<meta property=\"og:locale\" content=\"pt_BR\" \/>\n<meta property=\"og:type\" content=\"article\" \/>\n<meta property=\"og:title\" content=\"Fitch mant\u00e9m nota da d\u00edvida brasileira e n\u00e3o prev\u00ea mudan\u00e7as - Transam\u00e9rica Mococa 93,3\" \/>\n<meta property=\"og:description\" content=\"A ag\u00eancia de classifica\u00e7\u00e3o de risco Fitch manteve a nota da d\u00edvida p\u00fablica brasileira dois n\u00edveis abaixo do grau de investimento. A ag\u00eancia reafirmou a perspectiva est\u00e1vel da classifica\u00e7\u00e3o, indicando que n\u00e3o pretende mudar a nota nos pr\u00f3ximos meses. O grau de investimento representa a garantia de que um pa\u00eds n\u00e3o corre o risco de &hellip;\" \/>\n<meta property=\"og:url\" content=\"https:\/\/transamerica93.com.br\/home\/fitch-mantem-nota-da-divida-brasileira-e-nao-preve-mudancas\/\" \/>\n<meta property=\"og:site_name\" content=\"Transam\u00e9rica Mococa 93,3\" \/>\n<meta property=\"article:publisher\" content=\"https:\/\/www.facebook.com\/transamericamococa\" \/>\n<meta property=\"article:published_time\" content=\"2025-07-17T12:00:26+00:00\" \/>\n<meta property=\"og:image\" content=\"https:\/\/transamerica93.com.br\/home\/wp-content\/uploads\/2025\/06\/Sem-titulo-23.png\" \/>\n\t<meta property=\"og:image:width\" content=\"1170\" \/>\n\t<meta property=\"og:image:height\" content=\"700\" \/>\n\t<meta property=\"og:image:type\" content=\"image\/png\" \/>\n<meta name=\"author\" content=\"Reda\u00e7\u00e3o\" \/>\n<meta name=\"twitter:card\" content=\"summary_large_image\" \/>\n<meta name=\"twitter:creator\" content=\"@transamerica933\" \/>\n<meta name=\"twitter:site\" content=\"@transamerica933\" \/>\n<meta name=\"twitter:label1\" content=\"Escrito por\" \/>\n\t<meta name=\"twitter:data1\" content=\"Reda\u00e7\u00e3o\" \/>\n\t<meta name=\"twitter:label2\" content=\"Est. tempo de leitura\" \/>\n\t<meta name=\"twitter:data2\" content=\"3 minutos\" \/>\n<script type=\"application\/ld+json\" class=\"yoast-schema-graph\">{\"@context\":\"https:\\\/\\\/schema.org\",\"@graph\":[{\"@type\":\"Article\",\"@id\":\"https:\\\/\\\/transamerica93.com.br\\\/home\\\/fitch-mantem-nota-da-divida-brasileira-e-nao-preve-mudancas\\\/#article\",\"isPartOf\":{\"@id\":\"https:\\\/\\\/transamerica93.com.br\\\/home\\\/fitch-mantem-nota-da-divida-brasileira-e-nao-preve-mudancas\\\/\"},\"author\":{\"name\":\"Reda\u00e7\u00e3o\",\"@id\":\"https:\\\/\\\/transamerica93.com.br\\\/home\\\/#\\\/schema\\\/person\\\/7fed7c99c0d4562efa8561bc0f543172\"},\"headline\":\"Fitch mant\u00e9m nota da d\u00edvida brasileira e n\u00e3o prev\u00ea mudan\u00e7as\",\"datePublished\":\"2025-07-17T12:00:26+00:00\",\"mainEntityOfPage\":{\"@id\":\"https:\\\/\\\/transamerica93.com.br\\\/home\\\/fitch-mantem-nota-da-divida-brasileira-e-nao-preve-mudancas\\\/\"},\"wordCount\":372,\"publisher\":{\"@id\":\"https:\\\/\\\/transamerica93.com.br\\\/home\\\/#organization\"},\"image\":{\"@id\":\"https:\\\/\\\/transamerica93.com.br\\\/home\\\/fitch-mantem-nota-da-divida-brasileira-e-nao-preve-mudancas\\\/#primaryimage\"},\"thumbnailUrl\":\"https:\\\/\\\/transamerica93.com.br\\\/home\\\/wp-content\\\/uploads\\\/2025\\\/06\\\/Sem-titulo-23.png\",\"articleSection\":[\"Geral\"],\"inLanguage\":\"pt-BR\"},{\"@type\":\"WebPage\",\"@id\":\"https:\\\/\\\/transamerica93.com.br\\\/home\\\/fitch-mantem-nota-da-divida-brasileira-e-nao-preve-mudancas\\\/\",\"url\":\"https:\\\/\\\/transamerica93.com.br\\\/home\\\/fitch-mantem-nota-da-divida-brasileira-e-nao-preve-mudancas\\\/\",\"name\":\"Fitch mant\u00e9m nota da d\u00edvida brasileira e n\u00e3o prev\u00ea mudan\u00e7as - Transam\u00e9rica Mococa 93,3\",\"isPartOf\":{\"@id\":\"https:\\\/\\\/transamerica93.com.br\\\/home\\\/#website\"},\"primaryImageOfPage\":{\"@id\":\"https:\\\/\\\/transamerica93.com.br\\\/home\\\/fitch-mantem-nota-da-divida-brasileira-e-nao-preve-mudancas\\\/#primaryimage\"},\"image\":{\"@id\":\"https:\\\/\\\/transamerica93.com.br\\\/home\\\/fitch-mantem-nota-da-divida-brasileira-e-nao-preve-mudancas\\\/#primaryimage\"},\"thumbnailUrl\":\"https:\\\/\\\/transamerica93.com.br\\\/home\\\/wp-content\\\/uploads\\\/2025\\\/06\\\/Sem-titulo-23.png\",\"datePublished\":\"2025-07-17T12:00:26+00:00\",\"breadcrumb\":{\"@id\":\"https:\\\/\\\/transamerica93.com.br\\\/home\\\/fitch-mantem-nota-da-divida-brasileira-e-nao-preve-mudancas\\\/#breadcrumb\"},\"inLanguage\":\"pt-BR\",\"potentialAction\":[{\"@type\":\"ReadAction\",\"target\":[\"https:\\\/\\\/transamerica93.com.br\\\/home\\\/fitch-mantem-nota-da-divida-brasileira-e-nao-preve-mudancas\\\/\"]}]},{\"@type\":\"ImageObject\",\"inLanguage\":\"pt-BR\",\"@id\":\"https:\\\/\\\/transamerica93.com.br\\\/home\\\/fitch-mantem-nota-da-divida-brasileira-e-nao-preve-mudancas\\\/#primaryimage\",\"url\":\"https:\\\/\\\/transamerica93.com.br\\\/home\\\/wp-content\\\/uploads\\\/2025\\\/06\\\/Sem-titulo-23.png\",\"contentUrl\":\"https:\\\/\\\/transamerica93.com.br\\\/home\\\/wp-content\\\/uploads\\\/2025\\\/06\\\/Sem-titulo-23.png\",\"width\":1170,\"height\":700},{\"@type\":\"BreadcrumbList\",\"@id\":\"https:\\\/\\\/transamerica93.com.br\\\/home\\\/fitch-mantem-nota-da-divida-brasileira-e-nao-preve-mudancas\\\/#breadcrumb\",\"itemListElement\":[{\"@type\":\"ListItem\",\"position\":1,\"name\":\"In\u00edcio\",\"item\":\"https:\\\/\\\/transamerica93.com.br\\\/home\\\/\"},{\"@type\":\"ListItem\",\"position\":2,\"name\":\"Fitch mant\u00e9m nota da d\u00edvida brasileira e n\u00e3o prev\u00ea mudan\u00e7as\"}]},{\"@type\":\"WebSite\",\"@id\":\"https:\\\/\\\/transamerica93.com.br\\\/home\\\/#website\",\"url\":\"https:\\\/\\\/transamerica93.com.br\\\/home\\\/\",\"name\":\"Transam\u00e9rica Mococa 93,3\",\"description\":\"\",\"publisher\":{\"@id\":\"https:\\\/\\\/transamerica93.com.br\\\/home\\\/#organization\"},\"potentialAction\":[{\"@type\":\"SearchAction\",\"target\":{\"@type\":\"EntryPoint\",\"urlTemplate\":\"https:\\\/\\\/transamerica93.com.br\\\/home\\\/?s={search_term_string}\"},\"query-input\":{\"@type\":\"PropertyValueSpecification\",\"valueRequired\":true,\"valueName\":\"search_term_string\"}}],\"inLanguage\":\"pt-BR\"},{\"@type\":\"Organization\",\"@id\":\"https:\\\/\\\/transamerica93.com.br\\\/home\\\/#organization\",\"name\":\"Transam\u00e9rica Mococa 93,3\",\"url\":\"https:\\\/\\\/transamerica93.com.br\\\/home\\\/\",\"logo\":{\"@type\":\"ImageObject\",\"inLanguage\":\"pt-BR\",\"@id\":\"https:\\\/\\\/transamerica93.com.br\\\/home\\\/#\\\/schema\\\/logo\\\/image\\\/\",\"url\":\"https:\\\/\\\/transamerica93.com.br\\\/home\\\/wp-content\\\/uploads\\\/2023\\\/10\\\/logo2.png\",\"contentUrl\":\"https:\\\/\\\/transamerica93.com.br\\\/home\\\/wp-content\\\/uploads\\\/2023\\\/10\\\/logo2.png\",\"width\":800,\"height\":500,\"caption\":\"Transam\u00e9rica Mococa 93,3\"},\"image\":{\"@id\":\"https:\\\/\\\/transamerica93.com.br\\\/home\\\/#\\\/schema\\\/logo\\\/image\\\/\"},\"sameAs\":[\"https:\\\/\\\/www.facebook.com\\\/transamericamococa\",\"https:\\\/\\\/x.com\\\/transamerica933\",\"https:\\\/\\\/www.instagram.com\\\/transamericamococa\"]},{\"@type\":\"Person\",\"@id\":\"https:\\\/\\\/transamerica93.com.br\\\/home\\\/#\\\/schema\\\/person\\\/7fed7c99c0d4562efa8561bc0f543172\",\"name\":\"Reda\u00e7\u00e3o\",\"image\":{\"@type\":\"ImageObject\",\"inLanguage\":\"pt-BR\",\"@id\":\"https:\\\/\\\/secure.gravatar.com\\\/avatar\\\/1072c6b775fb02ef8506ce967551d95926669a6b7d2c2147b42eea4d7c68395e?s=96&d=mm&r=g\",\"url\":\"https:\\\/\\\/secure.gravatar.com\\\/avatar\\\/1072c6b775fb02ef8506ce967551d95926669a6b7d2c2147b42eea4d7c68395e?s=96&d=mm&r=g\",\"contentUrl\":\"https:\\\/\\\/secure.gravatar.com\\\/avatar\\\/1072c6b775fb02ef8506ce967551d95926669a6b7d2c2147b42eea4d7c68395e?s=96&d=mm&r=g\",\"caption\":\"Reda\u00e7\u00e3o\"},\"sameAs\":[\"https:\\\/\\\/transamerica93.com.br\\\/home\"],\"url\":\"https:\\\/\\\/transamerica93.com.br\\\/home\\\/author\\\/william\\\/\"}]}<\/script>\n<!-- \/ Yoast SEO plugin. -->","yoast_head_json":{"title":"Fitch mant\u00e9m nota da d\u00edvida brasileira e n\u00e3o prev\u00ea mudan\u00e7as - Transam\u00e9rica Mococa 93,3","robots":{"index":"index","follow":"follow","max-snippet":"max-snippet:-1","max-image-preview":"max-image-preview:large","max-video-preview":"max-video-preview:-1"},"canonical":"https:\/\/transamerica93.com.br\/home\/fitch-mantem-nota-da-divida-brasileira-e-nao-preve-mudancas\/","og_locale":"pt_BR","og_type":"article","og_title":"Fitch mant\u00e9m nota da d\u00edvida brasileira e n\u00e3o prev\u00ea mudan\u00e7as - Transam\u00e9rica Mococa 93,3","og_description":"A ag\u00eancia de classifica\u00e7\u00e3o de risco Fitch manteve a nota da d\u00edvida p\u00fablica brasileira dois n\u00edveis abaixo do grau de investimento. A ag\u00eancia reafirmou a perspectiva est\u00e1vel da classifica\u00e7\u00e3o, indicando que n\u00e3o pretende mudar a nota nos pr\u00f3ximos meses. O grau de investimento representa a garantia de que um pa\u00eds n\u00e3o corre o risco de &hellip;","og_url":"https:\/\/transamerica93.com.br\/home\/fitch-mantem-nota-da-divida-brasileira-e-nao-preve-mudancas\/","og_site_name":"Transam\u00e9rica Mococa 93,3","article_publisher":"https:\/\/www.facebook.com\/transamericamococa","article_published_time":"2025-07-17T12:00:26+00:00","og_image":[{"width":1170,"height":700,"url":"https:\/\/transamerica93.com.br\/home\/wp-content\/uploads\/2025\/06\/Sem-titulo-23.png","type":"image\/png"}],"author":"Reda\u00e7\u00e3o","twitter_card":"summary_large_image","twitter_creator":"@transamerica933","twitter_site":"@transamerica933","twitter_misc":{"Escrito por":"Reda\u00e7\u00e3o","Est. tempo de leitura":"3 minutos"},"schema":{"@context":"https:\/\/schema.org","@graph":[{"@type":"Article","@id":"https:\/\/transamerica93.com.br\/home\/fitch-mantem-nota-da-divida-brasileira-e-nao-preve-mudancas\/#article","isPartOf":{"@id":"https:\/\/transamerica93.com.br\/home\/fitch-mantem-nota-da-divida-brasileira-e-nao-preve-mudancas\/"},"author":{"name":"Reda\u00e7\u00e3o","@id":"https:\/\/transamerica93.com.br\/home\/#\/schema\/person\/7fed7c99c0d4562efa8561bc0f543172"},"headline":"Fitch mant\u00e9m nota da d\u00edvida brasileira e n\u00e3o prev\u00ea mudan\u00e7as","datePublished":"2025-07-17T12:00:26+00:00","mainEntityOfPage":{"@id":"https:\/\/transamerica93.com.br\/home\/fitch-mantem-nota-da-divida-brasileira-e-nao-preve-mudancas\/"},"wordCount":372,"publisher":{"@id":"https:\/\/transamerica93.com.br\/home\/#organization"},"image":{"@id":"https:\/\/transamerica93.com.br\/home\/fitch-mantem-nota-da-divida-brasileira-e-nao-preve-mudancas\/#primaryimage"},"thumbnailUrl":"https:\/\/transamerica93.com.br\/home\/wp-content\/uploads\/2025\/06\/Sem-titulo-23.png","articleSection":["Geral"],"inLanguage":"pt-BR"},{"@type":"WebPage","@id":"https:\/\/transamerica93.com.br\/home\/fitch-mantem-nota-da-divida-brasileira-e-nao-preve-mudancas\/","url":"https:\/\/transamerica93.com.br\/home\/fitch-mantem-nota-da-divida-brasileira-e-nao-preve-mudancas\/","name":"Fitch mant\u00e9m nota da d\u00edvida brasileira e n\u00e3o prev\u00ea mudan\u00e7as - Transam\u00e9rica Mococa 93,3","isPartOf":{"@id":"https:\/\/transamerica93.com.br\/home\/#website"},"primaryImageOfPage":{"@id":"https:\/\/transamerica93.com.br\/home\/fitch-mantem-nota-da-divida-brasileira-e-nao-preve-mudancas\/#primaryimage"},"image":{"@id":"https:\/\/transamerica93.com.br\/home\/fitch-mantem-nota-da-divida-brasileira-e-nao-preve-mudancas\/#primaryimage"},"thumbnailUrl":"https:\/\/transamerica93.com.br\/home\/wp-content\/uploads\/2025\/06\/Sem-titulo-23.png","datePublished":"2025-07-17T12:00:26+00:00","breadcrumb":{"@id":"https:\/\/transamerica93.com.br\/home\/fitch-mantem-nota-da-divida-brasileira-e-nao-preve-mudancas\/#breadcrumb"},"inLanguage":"pt-BR","potentialAction":[{"@type":"ReadAction","target":["https:\/\/transamerica93.com.br\/home\/fitch-mantem-nota-da-divida-brasileira-e-nao-preve-mudancas\/"]}]},{"@type":"ImageObject","inLanguage":"pt-BR","@id":"https:\/\/transamerica93.com.br\/home\/fitch-mantem-nota-da-divida-brasileira-e-nao-preve-mudancas\/#primaryimage","url":"https:\/\/transamerica93.com.br\/home\/wp-content\/uploads\/2025\/06\/Sem-titulo-23.png","contentUrl":"https:\/\/transamerica93.com.br\/home\/wp-content\/uploads\/2025\/06\/Sem-titulo-23.png","width":1170,"height":700},{"@type":"BreadcrumbList","@id":"https:\/\/transamerica93.com.br\/home\/fitch-mantem-nota-da-divida-brasileira-e-nao-preve-mudancas\/#breadcrumb","itemListElement":[{"@type":"ListItem","position":1,"name":"In\u00edcio","item":"https:\/\/transamerica93.com.br\/home\/"},{"@type":"ListItem","position":2,"name":"Fitch mant\u00e9m nota da d\u00edvida brasileira e n\u00e3o prev\u00ea mudan\u00e7as"}]},{"@type":"WebSite","@id":"https:\/\/transamerica93.com.br\/home\/#website","url":"https:\/\/transamerica93.com.br\/home\/","name":"Transam\u00e9rica Mococa 93,3","description":"","publisher":{"@id":"https:\/\/transamerica93.com.br\/home\/#organization"},"potentialAction":[{"@type":"SearchAction","target":{"@type":"EntryPoint","urlTemplate":"https:\/\/transamerica93.com.br\/home\/?s={search_term_string}"},"query-input":{"@type":"PropertyValueSpecification","valueRequired":true,"valueName":"search_term_string"}}],"inLanguage":"pt-BR"},{"@type":"Organization","@id":"https:\/\/transamerica93.com.br\/home\/#organization","name":"Transam\u00e9rica Mococa 93,3","url":"https:\/\/transamerica93.com.br\/home\/","logo":{"@type":"ImageObject","inLanguage":"pt-BR","@id":"https:\/\/transamerica93.com.br\/home\/#\/schema\/logo\/image\/","url":"https:\/\/transamerica93.com.br\/home\/wp-content\/uploads\/2023\/10\/logo2.png","contentUrl":"https:\/\/transamerica93.com.br\/home\/wp-content\/uploads\/2023\/10\/logo2.png","width":800,"height":500,"caption":"Transam\u00e9rica Mococa 93,3"},"image":{"@id":"https:\/\/transamerica93.com.br\/home\/#\/schema\/logo\/image\/"},"sameAs":["https:\/\/www.facebook.com\/transamericamococa","https:\/\/x.com\/transamerica933","https:\/\/www.instagram.com\/transamericamococa"]},{"@type":"Person","@id":"https:\/\/transamerica93.com.br\/home\/#\/schema\/person\/7fed7c99c0d4562efa8561bc0f543172","name":"Reda\u00e7\u00e3o","image":{"@type":"ImageObject","inLanguage":"pt-BR","@id":"https:\/\/secure.gravatar.com\/avatar\/1072c6b775fb02ef8506ce967551d95926669a6b7d2c2147b42eea4d7c68395e?s=96&d=mm&r=g","url":"https:\/\/secure.gravatar.com\/avatar\/1072c6b775fb02ef8506ce967551d95926669a6b7d2c2147b42eea4d7c68395e?s=96&d=mm&r=g","contentUrl":"https:\/\/secure.gravatar.com\/avatar\/1072c6b775fb02ef8506ce967551d95926669a6b7d2c2147b42eea4d7c68395e?s=96&d=mm&r=g","caption":"Reda\u00e7\u00e3o"},"sameAs":["https:\/\/transamerica93.com.br\/home"],"url":"https:\/\/transamerica93.com.br\/home\/author\/william\/"}]}},"_links":{"self":[{"href":"https:\/\/transamerica93.com.br\/home\/wp-json\/wp\/v2\/posts\/5888","targetHints":{"allow":["GET"]}}],"collection":[{"href":"https:\/\/transamerica93.com.br\/home\/wp-json\/wp\/v2\/posts"}],"about":[{"href":"https:\/\/transamerica93.com.br\/home\/wp-json\/wp\/v2\/types\/post"}],"author":[{"embeddable":true,"href":"https:\/\/transamerica93.com.br\/home\/wp-json\/wp\/v2\/users\/1"}],"replies":[{"embeddable":true,"href":"https:\/\/transamerica93.com.br\/home\/wp-json\/wp\/v2\/comments?post=5888"}],"version-history":[{"count":1,"href":"https:\/\/transamerica93.com.br\/home\/wp-json\/wp\/v2\/posts\/5888\/revisions"}],"predecessor-version":[{"id":5890,"href":"https:\/\/transamerica93.com.br\/home\/wp-json\/wp\/v2\/posts\/5888\/revisions\/5890"}],"wp:featuredmedia":[{"embeddable":true,"href":"https:\/\/transamerica93.com.br\/home\/wp-json\/wp\/v2\/media\/5889"}],"wp:attachment":[{"href":"https:\/\/transamerica93.com.br\/home\/wp-json\/wp\/v2\/media?parent=5888"}],"wp:term":[{"taxonomy":"category","embeddable":true,"href":"https:\/\/transamerica93.com.br\/home\/wp-json\/wp\/v2\/categories?post=5888"},{"taxonomy":"post_tag","embeddable":true,"href":"https:\/\/transamerica93.com.br\/home\/wp-json\/wp\/v2\/tags?post=5888"}],"curies":[{"name":"wp","href":"https:\/\/api.w.org\/{rel}","templated":true}]}}