{"id":5900,"date":"2025-07-16T12:00:55","date_gmt":"2025-07-16T15:00:55","guid":{"rendered":"https:\/\/transamerica93.com.br\/home\/?p=5900"},"modified":"2025-06-27T22:50:28","modified_gmt":"2025-06-28T01:50:28","slug":"justica-espanhola-condena-quatro-a-prisao-por-boneco-enforcado-de-vini-jr","status":"publish","type":"post","link":"https:\/\/transamerica93.com.br\/home\/justica-espanhola-condena-quatro-a-prisao-por-boneco-enforcado-de-vini-jr\/","title":{"rendered":"Justi\u00e7a espanhola condena quatro a pris\u00e3o por &#8216;boneco enforcado&#8217; de Vini Jr."},"content":{"rendered":"<p>A Justi\u00e7a espanhola condenou quatro pessoas a pris\u00e3o pela exibi\u00e7\u00e3o de um &#8220;boneco enforcado&#8221; com o nome de Vin\u00edcius J\u00fanior, pendurado numa ponte em Madri, em 2023. Eles foram condenados por crime de \u00f3dio e amea\u00e7as contra o atacante brasileiro do Real Madrid.<\/p>\n<p>Na pena mais severa, a Audiencia Provincial de Madrid condenou um dos respons\u00e1veis pelo boneco a 15 meses de pris\u00e3o por crime de \u00f3dio e mais sete meses por amea\u00e7as, por ter divulgado fotos e imagens do boneco na internet, o que ampliou o impacto e a divulga\u00e7\u00e3o do epis\u00f3dio, na avalia\u00e7\u00e3o da Justi\u00e7a. O condenado, cujo nome n\u00e3o foi revelado, foi enquadrado no artigo 510 do C\u00f3digo Penal espanhol.<\/p>\n<p>Os outros tr\u00eas r\u00e9us no caso foram condenados a sete meses de pris\u00e3o por crime de \u00f3dio e mais sete por amea\u00e7as. Eles tamb\u00e9m receberam multas, que variam de 720 euros a 1.084 euros (equivalente a R$ 4,6 mil a R$ 7 mil, pelo c\u00e2mbio atual). As puni\u00e7\u00f5es incluem ainda uma ordem de restri\u00e7\u00e3o, para proteger o jogador brasileiro.<\/p>\n<p>O epis\u00f3dio de \u00f3dio aconteceu no dia 26 de janeiro de 2023, horas antes do cl\u00e1ssico entre Real Madrid e Atl\u00e9tico de Madrid. Junto do boneco, havia a mensagem &#8220;Madri odeia o Real&#8221;, sugerindo que o boneco teria sido responsabilidade de torcedores do Atl\u00e9tico de Madrid.<\/p>\n<p>De acordo com o jornal espanhol\u00a0<i>Marca<\/i>, os quatro condenados escreveram uma carta de desculpas ao jogador brasileiro, ao Real Madrid, \u00e0 LaLiga (que organiza o Campeonato Espanhol) e \u00e0 Real Federa\u00e7\u00e3o Espanhola de Futebol (RFEF).<\/p>\n<p>Em comunicado, a LaLiga celebrou a decis\u00e3o como uma mensagem contra o racismo. &#8220;Essa decis\u00e3o marca um forte passo \u00e0 frente na luta contra o \u00f3dio e a discrimina\u00e7\u00e3o no esporte. A LaLiga reafirma seu compromisso inabal\u00e1vel de erradicar qualquer forma de racismo, viol\u00eancia ou intoler\u00e2ncia dentro e fora dos est\u00e1dios de futebol.&#8221;<\/p>\n","protected":false},"excerpt":{"rendered":"<p>A Justi\u00e7a espanhola condenou quatro pessoas a pris\u00e3o pela exibi\u00e7\u00e3o de um &#8220;boneco enforcado&#8221; com o nome de Vin\u00edcius J\u00fanior, pendurado numa ponte em Madri, em 2023. Eles foram condenados por crime de \u00f3dio e amea\u00e7as contra o atacante brasileiro do Real Madrid. Na pena mais severa, a Audiencia Provincial de Madrid condenou um dos &hellip;<\/p>\n","protected":false},"author":1,"featured_media":5901,"comment_status":"closed","ping_status":"closed","sticky":false,"template":"","format":"standard","meta":{"footnotes":""},"categories":[31],"tags":[],"class_list":["post-5900","post","type-post","status-publish","format-standard","has-post-thumbnail","hentry","category-esportes"],"yoast_head":"<!-- This site is optimized with the Yoast SEO plugin v27.4 - https:\/\/yoast.com\/product\/yoast-seo-wordpress\/ -->\n<title>Justi\u00e7a espanhola condena quatro a pris\u00e3o por &#039;boneco enforcado&#039; de Vini Jr. - Transam\u00e9rica Mococa 93,3<\/title>\n<meta name=\"robots\" content=\"index, follow, max-snippet:-1, max-image-preview:large, max-video-preview:-1\" \/>\n<link rel=\"canonical\" href=\"https:\/\/transamerica93.com.br\/home\/justica-espanhola-condena-quatro-a-prisao-por-boneco-enforcado-de-vini-jr\/\" \/>\n<meta property=\"og:locale\" content=\"pt_BR\" \/>\n<meta property=\"og:type\" content=\"article\" \/>\n<meta property=\"og:title\" content=\"Justi\u00e7a espanhola condena quatro a pris\u00e3o por &#039;boneco enforcado&#039; de Vini Jr. - Transam\u00e9rica Mococa 93,3\" \/>\n<meta property=\"og:description\" content=\"A Justi\u00e7a espanhola condenou quatro pessoas a pris\u00e3o pela exibi\u00e7\u00e3o de um &#8220;boneco enforcado&#8221; com o nome de Vin\u00edcius J\u00fanior, pendurado numa ponte em Madri, em 2023. Eles foram condenados por crime de \u00f3dio e amea\u00e7as contra o atacante brasileiro do Real Madrid. Na pena mais severa, a Audiencia Provincial de Madrid condenou um dos &hellip;\" \/>\n<meta property=\"og:url\" content=\"https:\/\/transamerica93.com.br\/home\/justica-espanhola-condena-quatro-a-prisao-por-boneco-enforcado-de-vini-jr\/\" \/>\n<meta property=\"og:site_name\" content=\"Transam\u00e9rica Mococa 93,3\" \/>\n<meta property=\"article:publisher\" content=\"https:\/\/www.facebook.com\/transamericamococa\" \/>\n<meta property=\"article:published_time\" content=\"2025-07-16T15:00:55+00:00\" \/>\n<meta property=\"og:image\" content=\"https:\/\/transamerica93.com.br\/home\/wp-content\/uploads\/2025\/06\/Sem-titulo-27.png\" \/>\n\t<meta property=\"og:image:width\" content=\"983\" \/>\n\t<meta property=\"og:image:height\" content=\"656\" \/>\n\t<meta property=\"og:image:type\" content=\"image\/png\" \/>\n<meta name=\"author\" content=\"Reda\u00e7\u00e3o\" \/>\n<meta name=\"twitter:card\" content=\"summary_large_image\" \/>\n<meta name=\"twitter:creator\" content=\"@transamerica933\" \/>\n<meta name=\"twitter:site\" content=\"@transamerica933\" \/>\n<meta name=\"twitter:label1\" content=\"Escrito por\" \/>\n\t<meta name=\"twitter:data1\" content=\"Reda\u00e7\u00e3o\" \/>\n\t<meta name=\"twitter:label2\" content=\"Est. tempo de leitura\" \/>\n\t<meta name=\"twitter:data2\" content=\"2 minutos\" \/>\n<script type=\"application\/ld+json\" class=\"yoast-schema-graph\">{\"@context\":\"https:\\\/\\\/schema.org\",\"@graph\":[{\"@type\":\"Article\",\"@id\":\"https:\\\/\\\/transamerica93.com.br\\\/home\\\/justica-espanhola-condena-quatro-a-prisao-por-boneco-enforcado-de-vini-jr\\\/#article\",\"isPartOf\":{\"@id\":\"https:\\\/\\\/transamerica93.com.br\\\/home\\\/justica-espanhola-condena-quatro-a-prisao-por-boneco-enforcado-de-vini-jr\\\/\"},\"author\":{\"name\":\"Reda\u00e7\u00e3o\",\"@id\":\"https:\\\/\\\/transamerica93.com.br\\\/home\\\/#\\\/schema\\\/person\\\/7fed7c99c0d4562efa8561bc0f543172\"},\"headline\":\"Justi\u00e7a espanhola condena quatro a pris\u00e3o por &#8216;boneco enforcado&#8217; de Vini Jr.\",\"datePublished\":\"2025-07-16T15:00:55+00:00\",\"mainEntityOfPage\":{\"@id\":\"https:\\\/\\\/transamerica93.com.br\\\/home\\\/justica-espanhola-condena-quatro-a-prisao-por-boneco-enforcado-de-vini-jr\\\/\"},\"wordCount\":344,\"publisher\":{\"@id\":\"https:\\\/\\\/transamerica93.com.br\\\/home\\\/#organization\"},\"image\":{\"@id\":\"https:\\\/\\\/transamerica93.com.br\\\/home\\\/justica-espanhola-condena-quatro-a-prisao-por-boneco-enforcado-de-vini-jr\\\/#primaryimage\"},\"thumbnailUrl\":\"https:\\\/\\\/transamerica93.com.br\\\/home\\\/wp-content\\\/uploads\\\/2025\\\/06\\\/Sem-titulo-27.png\",\"articleSection\":[\"Esportes\"],\"inLanguage\":\"pt-BR\"},{\"@type\":\"WebPage\",\"@id\":\"https:\\\/\\\/transamerica93.com.br\\\/home\\\/justica-espanhola-condena-quatro-a-prisao-por-boneco-enforcado-de-vini-jr\\\/\",\"url\":\"https:\\\/\\\/transamerica93.com.br\\\/home\\\/justica-espanhola-condena-quatro-a-prisao-por-boneco-enforcado-de-vini-jr\\\/\",\"name\":\"Justi\u00e7a espanhola condena quatro a pris\u00e3o por 'boneco enforcado' de Vini Jr. - Transam\u00e9rica Mococa 93,3\",\"isPartOf\":{\"@id\":\"https:\\\/\\\/transamerica93.com.br\\\/home\\\/#website\"},\"primaryImageOfPage\":{\"@id\":\"https:\\\/\\\/transamerica93.com.br\\\/home\\\/justica-espanhola-condena-quatro-a-prisao-por-boneco-enforcado-de-vini-jr\\\/#primaryimage\"},\"image\":{\"@id\":\"https:\\\/\\\/transamerica93.com.br\\\/home\\\/justica-espanhola-condena-quatro-a-prisao-por-boneco-enforcado-de-vini-jr\\\/#primaryimage\"},\"thumbnailUrl\":\"https:\\\/\\\/transamerica93.com.br\\\/home\\\/wp-content\\\/uploads\\\/2025\\\/06\\\/Sem-titulo-27.png\",\"datePublished\":\"2025-07-16T15:00:55+00:00\",\"breadcrumb\":{\"@id\":\"https:\\\/\\\/transamerica93.com.br\\\/home\\\/justica-espanhola-condena-quatro-a-prisao-por-boneco-enforcado-de-vini-jr\\\/#breadcrumb\"},\"inLanguage\":\"pt-BR\",\"potentialAction\":[{\"@type\":\"ReadAction\",\"target\":[\"https:\\\/\\\/transamerica93.com.br\\\/home\\\/justica-espanhola-condena-quatro-a-prisao-por-boneco-enforcado-de-vini-jr\\\/\"]}]},{\"@type\":\"ImageObject\",\"inLanguage\":\"pt-BR\",\"@id\":\"https:\\\/\\\/transamerica93.com.br\\\/home\\\/justica-espanhola-condena-quatro-a-prisao-por-boneco-enforcado-de-vini-jr\\\/#primaryimage\",\"url\":\"https:\\\/\\\/transamerica93.com.br\\\/home\\\/wp-content\\\/uploads\\\/2025\\\/06\\\/Sem-titulo-27.png\",\"contentUrl\":\"https:\\\/\\\/transamerica93.com.br\\\/home\\\/wp-content\\\/uploads\\\/2025\\\/06\\\/Sem-titulo-27.png\",\"width\":983,\"height\":656},{\"@type\":\"BreadcrumbList\",\"@id\":\"https:\\\/\\\/transamerica93.com.br\\\/home\\\/justica-espanhola-condena-quatro-a-prisao-por-boneco-enforcado-de-vini-jr\\\/#breadcrumb\",\"itemListElement\":[{\"@type\":\"ListItem\",\"position\":1,\"name\":\"In\u00edcio\",\"item\":\"https:\\\/\\\/transamerica93.com.br\\\/home\\\/\"},{\"@type\":\"ListItem\",\"position\":2,\"name\":\"Justi\u00e7a espanhola condena quatro a pris\u00e3o por &#8216;boneco enforcado&#8217; de Vini Jr.\"}]},{\"@type\":\"WebSite\",\"@id\":\"https:\\\/\\\/transamerica93.com.br\\\/home\\\/#website\",\"url\":\"https:\\\/\\\/transamerica93.com.br\\\/home\\\/\",\"name\":\"Transam\u00e9rica Mococa 93,3\",\"description\":\"\",\"publisher\":{\"@id\":\"https:\\\/\\\/transamerica93.com.br\\\/home\\\/#organization\"},\"potentialAction\":[{\"@type\":\"SearchAction\",\"target\":{\"@type\":\"EntryPoint\",\"urlTemplate\":\"https:\\\/\\\/transamerica93.com.br\\\/home\\\/?s={search_term_string}\"},\"query-input\":{\"@type\":\"PropertyValueSpecification\",\"valueRequired\":true,\"valueName\":\"search_term_string\"}}],\"inLanguage\":\"pt-BR\"},{\"@type\":\"Organization\",\"@id\":\"https:\\\/\\\/transamerica93.com.br\\\/home\\\/#organization\",\"name\":\"Transam\u00e9rica Mococa 93,3\",\"url\":\"https:\\\/\\\/transamerica93.com.br\\\/home\\\/\",\"logo\":{\"@type\":\"ImageObject\",\"inLanguage\":\"pt-BR\",\"@id\":\"https:\\\/\\\/transamerica93.com.br\\\/home\\\/#\\\/schema\\\/logo\\\/image\\\/\",\"url\":\"https:\\\/\\\/transamerica93.com.br\\\/home\\\/wp-content\\\/uploads\\\/2023\\\/10\\\/logo2.png\",\"contentUrl\":\"https:\\\/\\\/transamerica93.com.br\\\/home\\\/wp-content\\\/uploads\\\/2023\\\/10\\\/logo2.png\",\"width\":800,\"height\":500,\"caption\":\"Transam\u00e9rica Mococa 93,3\"},\"image\":{\"@id\":\"https:\\\/\\\/transamerica93.com.br\\\/home\\\/#\\\/schema\\\/logo\\\/image\\\/\"},\"sameAs\":[\"https:\\\/\\\/www.facebook.com\\\/transamericamococa\",\"https:\\\/\\\/x.com\\\/transamerica933\",\"https:\\\/\\\/www.instagram.com\\\/transamericamococa\"]},{\"@type\":\"Person\",\"@id\":\"https:\\\/\\\/transamerica93.com.br\\\/home\\\/#\\\/schema\\\/person\\\/7fed7c99c0d4562efa8561bc0f543172\",\"name\":\"Reda\u00e7\u00e3o\",\"image\":{\"@type\":\"ImageObject\",\"inLanguage\":\"pt-BR\",\"@id\":\"https:\\\/\\\/secure.gravatar.com\\\/avatar\\\/1072c6b775fb02ef8506ce967551d95926669a6b7d2c2147b42eea4d7c68395e?s=96&d=mm&r=g\",\"url\":\"https:\\\/\\\/secure.gravatar.com\\\/avatar\\\/1072c6b775fb02ef8506ce967551d95926669a6b7d2c2147b42eea4d7c68395e?s=96&d=mm&r=g\",\"contentUrl\":\"https:\\\/\\\/secure.gravatar.com\\\/avatar\\\/1072c6b775fb02ef8506ce967551d95926669a6b7d2c2147b42eea4d7c68395e?s=96&d=mm&r=g\",\"caption\":\"Reda\u00e7\u00e3o\"},\"sameAs\":[\"https:\\\/\\\/transamerica93.com.br\\\/home\"],\"url\":\"https:\\\/\\\/transamerica93.com.br\\\/home\\\/author\\\/william\\\/\"}]}<\/script>\n<!-- \/ Yoast SEO plugin. -->","yoast_head_json":{"title":"Justi\u00e7a espanhola condena quatro a pris\u00e3o por 'boneco enforcado' de Vini Jr. - Transam\u00e9rica Mococa 93,3","robots":{"index":"index","follow":"follow","max-snippet":"max-snippet:-1","max-image-preview":"max-image-preview:large","max-video-preview":"max-video-preview:-1"},"canonical":"https:\/\/transamerica93.com.br\/home\/justica-espanhola-condena-quatro-a-prisao-por-boneco-enforcado-de-vini-jr\/","og_locale":"pt_BR","og_type":"article","og_title":"Justi\u00e7a espanhola condena quatro a pris\u00e3o por 'boneco enforcado' de Vini Jr. - Transam\u00e9rica Mococa 93,3","og_description":"A Justi\u00e7a espanhola condenou quatro pessoas a pris\u00e3o pela exibi\u00e7\u00e3o de um &#8220;boneco enforcado&#8221; com o nome de Vin\u00edcius J\u00fanior, pendurado numa ponte em Madri, em 2023. Eles foram condenados por crime de \u00f3dio e amea\u00e7as contra o atacante brasileiro do Real Madrid. Na pena mais severa, a Audiencia Provincial de Madrid condenou um dos &hellip;","og_url":"https:\/\/transamerica93.com.br\/home\/justica-espanhola-condena-quatro-a-prisao-por-boneco-enforcado-de-vini-jr\/","og_site_name":"Transam\u00e9rica Mococa 93,3","article_publisher":"https:\/\/www.facebook.com\/transamericamococa","article_published_time":"2025-07-16T15:00:55+00:00","og_image":[{"width":983,"height":656,"url":"https:\/\/transamerica93.com.br\/home\/wp-content\/uploads\/2025\/06\/Sem-titulo-27.png","type":"image\/png"}],"author":"Reda\u00e7\u00e3o","twitter_card":"summary_large_image","twitter_creator":"@transamerica933","twitter_site":"@transamerica933","twitter_misc":{"Escrito por":"Reda\u00e7\u00e3o","Est. tempo de leitura":"2 minutos"},"schema":{"@context":"https:\/\/schema.org","@graph":[{"@type":"Article","@id":"https:\/\/transamerica93.com.br\/home\/justica-espanhola-condena-quatro-a-prisao-por-boneco-enforcado-de-vini-jr\/#article","isPartOf":{"@id":"https:\/\/transamerica93.com.br\/home\/justica-espanhola-condena-quatro-a-prisao-por-boneco-enforcado-de-vini-jr\/"},"author":{"name":"Reda\u00e7\u00e3o","@id":"https:\/\/transamerica93.com.br\/home\/#\/schema\/person\/7fed7c99c0d4562efa8561bc0f543172"},"headline":"Justi\u00e7a espanhola condena quatro a pris\u00e3o por &#8216;boneco enforcado&#8217; de Vini Jr.","datePublished":"2025-07-16T15:00:55+00:00","mainEntityOfPage":{"@id":"https:\/\/transamerica93.com.br\/home\/justica-espanhola-condena-quatro-a-prisao-por-boneco-enforcado-de-vini-jr\/"},"wordCount":344,"publisher":{"@id":"https:\/\/transamerica93.com.br\/home\/#organization"},"image":{"@id":"https:\/\/transamerica93.com.br\/home\/justica-espanhola-condena-quatro-a-prisao-por-boneco-enforcado-de-vini-jr\/#primaryimage"},"thumbnailUrl":"https:\/\/transamerica93.com.br\/home\/wp-content\/uploads\/2025\/06\/Sem-titulo-27.png","articleSection":["Esportes"],"inLanguage":"pt-BR"},{"@type":"WebPage","@id":"https:\/\/transamerica93.com.br\/home\/justica-espanhola-condena-quatro-a-prisao-por-boneco-enforcado-de-vini-jr\/","url":"https:\/\/transamerica93.com.br\/home\/justica-espanhola-condena-quatro-a-prisao-por-boneco-enforcado-de-vini-jr\/","name":"Justi\u00e7a espanhola condena quatro a pris\u00e3o por 'boneco enforcado' de Vini Jr. - Transam\u00e9rica Mococa 93,3","isPartOf":{"@id":"https:\/\/transamerica93.com.br\/home\/#website"},"primaryImageOfPage":{"@id":"https:\/\/transamerica93.com.br\/home\/justica-espanhola-condena-quatro-a-prisao-por-boneco-enforcado-de-vini-jr\/#primaryimage"},"image":{"@id":"https:\/\/transamerica93.com.br\/home\/justica-espanhola-condena-quatro-a-prisao-por-boneco-enforcado-de-vini-jr\/#primaryimage"},"thumbnailUrl":"https:\/\/transamerica93.com.br\/home\/wp-content\/uploads\/2025\/06\/Sem-titulo-27.png","datePublished":"2025-07-16T15:00:55+00:00","breadcrumb":{"@id":"https:\/\/transamerica93.com.br\/home\/justica-espanhola-condena-quatro-a-prisao-por-boneco-enforcado-de-vini-jr\/#breadcrumb"},"inLanguage":"pt-BR","potentialAction":[{"@type":"ReadAction","target":["https:\/\/transamerica93.com.br\/home\/justica-espanhola-condena-quatro-a-prisao-por-boneco-enforcado-de-vini-jr\/"]}]},{"@type":"ImageObject","inLanguage":"pt-BR","@id":"https:\/\/transamerica93.com.br\/home\/justica-espanhola-condena-quatro-a-prisao-por-boneco-enforcado-de-vini-jr\/#primaryimage","url":"https:\/\/transamerica93.com.br\/home\/wp-content\/uploads\/2025\/06\/Sem-titulo-27.png","contentUrl":"https:\/\/transamerica93.com.br\/home\/wp-content\/uploads\/2025\/06\/Sem-titulo-27.png","width":983,"height":656},{"@type":"BreadcrumbList","@id":"https:\/\/transamerica93.com.br\/home\/justica-espanhola-condena-quatro-a-prisao-por-boneco-enforcado-de-vini-jr\/#breadcrumb","itemListElement":[{"@type":"ListItem","position":1,"name":"In\u00edcio","item":"https:\/\/transamerica93.com.br\/home\/"},{"@type":"ListItem","position":2,"name":"Justi\u00e7a espanhola condena quatro a pris\u00e3o por &#8216;boneco enforcado&#8217; de Vini Jr."}]},{"@type":"WebSite","@id":"https:\/\/transamerica93.com.br\/home\/#website","url":"https:\/\/transamerica93.com.br\/home\/","name":"Transam\u00e9rica Mococa 93,3","description":"","publisher":{"@id":"https:\/\/transamerica93.com.br\/home\/#organization"},"potentialAction":[{"@type":"SearchAction","target":{"@type":"EntryPoint","urlTemplate":"https:\/\/transamerica93.com.br\/home\/?s={search_term_string}"},"query-input":{"@type":"PropertyValueSpecification","valueRequired":true,"valueName":"search_term_string"}}],"inLanguage":"pt-BR"},{"@type":"Organization","@id":"https:\/\/transamerica93.com.br\/home\/#organization","name":"Transam\u00e9rica Mococa 93,3","url":"https:\/\/transamerica93.com.br\/home\/","logo":{"@type":"ImageObject","inLanguage":"pt-BR","@id":"https:\/\/transamerica93.com.br\/home\/#\/schema\/logo\/image\/","url":"https:\/\/transamerica93.com.br\/home\/wp-content\/uploads\/2023\/10\/logo2.png","contentUrl":"https:\/\/transamerica93.com.br\/home\/wp-content\/uploads\/2023\/10\/logo2.png","width":800,"height":500,"caption":"Transam\u00e9rica Mococa 93,3"},"image":{"@id":"https:\/\/transamerica93.com.br\/home\/#\/schema\/logo\/image\/"},"sameAs":["https:\/\/www.facebook.com\/transamericamococa","https:\/\/x.com\/transamerica933","https:\/\/www.instagram.com\/transamericamococa"]},{"@type":"Person","@id":"https:\/\/transamerica93.com.br\/home\/#\/schema\/person\/7fed7c99c0d4562efa8561bc0f543172","name":"Reda\u00e7\u00e3o","image":{"@type":"ImageObject","inLanguage":"pt-BR","@id":"https:\/\/secure.gravatar.com\/avatar\/1072c6b775fb02ef8506ce967551d95926669a6b7d2c2147b42eea4d7c68395e?s=96&d=mm&r=g","url":"https:\/\/secure.gravatar.com\/avatar\/1072c6b775fb02ef8506ce967551d95926669a6b7d2c2147b42eea4d7c68395e?s=96&d=mm&r=g","contentUrl":"https:\/\/secure.gravatar.com\/avatar\/1072c6b775fb02ef8506ce967551d95926669a6b7d2c2147b42eea4d7c68395e?s=96&d=mm&r=g","caption":"Reda\u00e7\u00e3o"},"sameAs":["https:\/\/transamerica93.com.br\/home"],"url":"https:\/\/transamerica93.com.br\/home\/author\/william\/"}]}},"_links":{"self":[{"href":"https:\/\/transamerica93.com.br\/home\/wp-json\/wp\/v2\/posts\/5900","targetHints":{"allow":["GET"]}}],"collection":[{"href":"https:\/\/transamerica93.com.br\/home\/wp-json\/wp\/v2\/posts"}],"about":[{"href":"https:\/\/transamerica93.com.br\/home\/wp-json\/wp\/v2\/types\/post"}],"author":[{"embeddable":true,"href":"https:\/\/transamerica93.com.br\/home\/wp-json\/wp\/v2\/users\/1"}],"replies":[{"embeddable":true,"href":"https:\/\/transamerica93.com.br\/home\/wp-json\/wp\/v2\/comments?post=5900"}],"version-history":[{"count":1,"href":"https:\/\/transamerica93.com.br\/home\/wp-json\/wp\/v2\/posts\/5900\/revisions"}],"predecessor-version":[{"id":5902,"href":"https:\/\/transamerica93.com.br\/home\/wp-json\/wp\/v2\/posts\/5900\/revisions\/5902"}],"wp:featuredmedia":[{"embeddable":true,"href":"https:\/\/transamerica93.com.br\/home\/wp-json\/wp\/v2\/media\/5901"}],"wp:attachment":[{"href":"https:\/\/transamerica93.com.br\/home\/wp-json\/wp\/v2\/media?parent=5900"}],"wp:term":[{"taxonomy":"category","embeddable":true,"href":"https:\/\/transamerica93.com.br\/home\/wp-json\/wp\/v2\/categories?post=5900"},{"taxonomy":"post_tag","embeddable":true,"href":"https:\/\/transamerica93.com.br\/home\/wp-json\/wp\/v2\/tags?post=5900"}],"curies":[{"name":"wp","href":"https:\/\/api.w.org\/{rel}","templated":true}]}}