{"id":5909,"date":"2025-07-14T15:00:04","date_gmt":"2025-07-14T18:00:04","guid":{"rendered":"https:\/\/transamerica93.com.br\/home\/?p=5909"},"modified":"2025-06-27T22:57:53","modified_gmt":"2025-06-28T01:57:53","slug":"planet-hemp-anuncia-fim-da-banda-e-turne-de-despedida-veja-datas","status":"publish","type":"post","link":"https:\/\/transamerica93.com.br\/home\/planet-hemp-anuncia-fim-da-banda-e-turne-de-despedida-veja-datas\/","title":{"rendered":"Planet Hemp anuncia fim da banda e turn\u00ea de despedida; veja datas"},"content":{"rendered":"<h6 class=\"Assina\">Por Reda\u00e7\u00e3o E+<\/h6>\n<p>O Planet Hemp anunciou o fim da banda, 17, ap\u00f3s 30 anos de carreira. O grupo divulgou a not\u00edcia em suas redes sociais e anunciou uma turn\u00ea de despedida chamada de A \u00daltima Ponta.<\/p>\n<p>&#8220;O Planet Hemp vai acabar! Depois de mais de 30 anos fazendo muita fuma\u00e7a e hist\u00f3ria, o Planet Hemp anuncia a sua turn\u00ea final N\u00e3o t\u00e1 ligado na miss\u00e3o?&#8221;, diz a legenda da publica\u00e7\u00e3o.<\/p>\n<p>A forma\u00e7\u00e3o atual do Planet Hemp conta com Marcelo D2 e BNeg\u00e3o como vocalistas, Formig\u00e3o como baixista, Nobru como guitarrista e Daniel Ganjaman como DJ e engenheiro de \u00e1udio.<\/p>\n<p>A banda foi criada em 1993 e se tornou um dos maiores nomes da m\u00fasica brasileira. Em 2001, o grupo passou por um hiato. Em 2003, 2010 e entre 2012 e 2016 a banda se reuniu esporadicamente O Planet Hemp voltou a tocar junto a partir de 2018.<\/p>\n<p>Confira as datas da turn\u00ea de despedida:<\/p>\n<p>Salvador &#8211; 13\/9 &#8211; Concha Ac\u00fastica<\/p>\n<p>Recife &#8211; 20\/9 &#8211; Classic Hall<\/p>\n<p>Curitiba &#8211; 3\/10 &#8211; Live Curitiba<\/p>\n<p>Porto Alegre &#8211; 4\/10 &#8211; KTO Arena<\/p>\n<p>Florian\u00f3polis &#8211; 12\/10 &#8211; P12<\/p>\n<p>Goi\u00e2nia &#8211; 17\/10 &#8211; Goi\u00e2nia Arena<\/p>\n<p>Bras\u00edlia &#8211; 18\/10 &#8211; Arena BRB<\/p>\n<p>Belo Horizonte &#8211; 31\/10 &#8211; Befly Hall<\/p>\n<p>Rio de Janeiro &#8211; 8\/11 &#8211; Farmasi Arena<\/p>\n<p>S\u00e3o Paulo &#8211; 15\/11 &#8211; Allianz Parque<\/p>\n<p>Os ingressos para o show de Salvador ser\u00e3o vendidos no site da Sympla.<\/p>\n","protected":false},"excerpt":{"rendered":"<p>Por Reda\u00e7\u00e3o E+ O Planet Hemp anunciou o fim da banda, 17, ap\u00f3s 30 anos de carreira. O grupo divulgou a not\u00edcia em suas redes sociais e anunciou uma turn\u00ea de despedida chamada de A \u00daltima Ponta. &#8220;O Planet Hemp vai acabar! Depois de mais de 30 anos fazendo muita fuma\u00e7a e hist\u00f3ria, o Planet &hellip;<\/p>\n","protected":false},"author":1,"featured_media":5910,"comment_status":"closed","ping_status":"closed","sticky":false,"template":"","format":"standard","meta":{"footnotes":""},"categories":[25],"tags":[],"class_list":["post-5909","post","type-post","status-publish","format-standard","has-post-thumbnail","hentry","category-musica"],"yoast_head":"<!-- This site is optimized with the Yoast SEO plugin v27.4 - https:\/\/yoast.com\/product\/yoast-seo-wordpress\/ -->\n<title>Planet Hemp anuncia fim da banda e turn\u00ea de despedida; veja datas - Transam\u00e9rica Mococa 93,3<\/title>\n<meta name=\"robots\" content=\"index, follow, max-snippet:-1, max-image-preview:large, max-video-preview:-1\" \/>\n<link rel=\"canonical\" href=\"https:\/\/transamerica93.com.br\/home\/planet-hemp-anuncia-fim-da-banda-e-turne-de-despedida-veja-datas\/\" \/>\n<meta property=\"og:locale\" content=\"pt_BR\" \/>\n<meta property=\"og:type\" content=\"article\" \/>\n<meta property=\"og:title\" content=\"Planet Hemp anuncia fim da banda e turn\u00ea de despedida; veja datas - Transam\u00e9rica Mococa 93,3\" \/>\n<meta property=\"og:description\" content=\"Por Reda\u00e7\u00e3o E+ O Planet Hemp anunciou o fim da banda, 17, ap\u00f3s 30 anos de carreira. O grupo divulgou a not\u00edcia em suas redes sociais e anunciou uma turn\u00ea de despedida chamada de A \u00daltima Ponta. &#8220;O Planet Hemp vai acabar! Depois de mais de 30 anos fazendo muita fuma\u00e7a e hist\u00f3ria, o Planet &hellip;\" \/>\n<meta property=\"og:url\" content=\"https:\/\/transamerica93.com.br\/home\/planet-hemp-anuncia-fim-da-banda-e-turne-de-despedida-veja-datas\/\" \/>\n<meta property=\"og:site_name\" content=\"Transam\u00e9rica Mococa 93,3\" \/>\n<meta property=\"article:publisher\" content=\"https:\/\/www.facebook.com\/transamericamococa\" \/>\n<meta property=\"article:published_time\" content=\"2025-07-14T18:00:04+00:00\" \/>\n<meta property=\"og:image\" content=\"https:\/\/transamerica93.com.br\/home\/wp-content\/uploads\/2025\/06\/Sem-titulo-30.png\" \/>\n\t<meta property=\"og:image:width\" content=\"1200\" \/>\n\t<meta property=\"og:image:height\" content=\"695\" \/>\n\t<meta property=\"og:image:type\" content=\"image\/png\" \/>\n<meta name=\"author\" content=\"Reda\u00e7\u00e3o\" \/>\n<meta name=\"twitter:card\" content=\"summary_large_image\" \/>\n<meta name=\"twitter:creator\" content=\"@transamerica933\" \/>\n<meta name=\"twitter:site\" content=\"@transamerica933\" \/>\n<meta name=\"twitter:label1\" content=\"Escrito por\" \/>\n\t<meta name=\"twitter:data1\" content=\"Reda\u00e7\u00e3o\" \/>\n\t<meta name=\"twitter:label2\" content=\"Est. tempo de leitura\" \/>\n\t<meta name=\"twitter:data2\" content=\"2 minutos\" \/>\n<script type=\"application\/ld+json\" class=\"yoast-schema-graph\">{\"@context\":\"https:\\\/\\\/schema.org\",\"@graph\":[{\"@type\":\"Article\",\"@id\":\"https:\\\/\\\/transamerica93.com.br\\\/home\\\/planet-hemp-anuncia-fim-da-banda-e-turne-de-despedida-veja-datas\\\/#article\",\"isPartOf\":{\"@id\":\"https:\\\/\\\/transamerica93.com.br\\\/home\\\/planet-hemp-anuncia-fim-da-banda-e-turne-de-despedida-veja-datas\\\/\"},\"author\":{\"name\":\"Reda\u00e7\u00e3o\",\"@id\":\"https:\\\/\\\/transamerica93.com.br\\\/home\\\/#\\\/schema\\\/person\\\/7fed7c99c0d4562efa8561bc0f543172\"},\"headline\":\"Planet Hemp anuncia fim da banda e turn\u00ea de despedida; veja datas\",\"datePublished\":\"2025-07-14T18:00:04+00:00\",\"mainEntityOfPage\":{\"@id\":\"https:\\\/\\\/transamerica93.com.br\\\/home\\\/planet-hemp-anuncia-fim-da-banda-e-turne-de-despedida-veja-datas\\\/\"},\"wordCount\":243,\"publisher\":{\"@id\":\"https:\\\/\\\/transamerica93.com.br\\\/home\\\/#organization\"},\"image\":{\"@id\":\"https:\\\/\\\/transamerica93.com.br\\\/home\\\/planet-hemp-anuncia-fim-da-banda-e-turne-de-despedida-veja-datas\\\/#primaryimage\"},\"thumbnailUrl\":\"https:\\\/\\\/transamerica93.com.br\\\/home\\\/wp-content\\\/uploads\\\/2025\\\/06\\\/Sem-titulo-30.png\",\"articleSection\":[\"M\u00fasica\"],\"inLanguage\":\"pt-BR\"},{\"@type\":\"WebPage\",\"@id\":\"https:\\\/\\\/transamerica93.com.br\\\/home\\\/planet-hemp-anuncia-fim-da-banda-e-turne-de-despedida-veja-datas\\\/\",\"url\":\"https:\\\/\\\/transamerica93.com.br\\\/home\\\/planet-hemp-anuncia-fim-da-banda-e-turne-de-despedida-veja-datas\\\/\",\"name\":\"Planet Hemp anuncia fim da banda e turn\u00ea de despedida; veja datas - Transam\u00e9rica Mococa 93,3\",\"isPartOf\":{\"@id\":\"https:\\\/\\\/transamerica93.com.br\\\/home\\\/#website\"},\"primaryImageOfPage\":{\"@id\":\"https:\\\/\\\/transamerica93.com.br\\\/home\\\/planet-hemp-anuncia-fim-da-banda-e-turne-de-despedida-veja-datas\\\/#primaryimage\"},\"image\":{\"@id\":\"https:\\\/\\\/transamerica93.com.br\\\/home\\\/planet-hemp-anuncia-fim-da-banda-e-turne-de-despedida-veja-datas\\\/#primaryimage\"},\"thumbnailUrl\":\"https:\\\/\\\/transamerica93.com.br\\\/home\\\/wp-content\\\/uploads\\\/2025\\\/06\\\/Sem-titulo-30.png\",\"datePublished\":\"2025-07-14T18:00:04+00:00\",\"breadcrumb\":{\"@id\":\"https:\\\/\\\/transamerica93.com.br\\\/home\\\/planet-hemp-anuncia-fim-da-banda-e-turne-de-despedida-veja-datas\\\/#breadcrumb\"},\"inLanguage\":\"pt-BR\",\"potentialAction\":[{\"@type\":\"ReadAction\",\"target\":[\"https:\\\/\\\/transamerica93.com.br\\\/home\\\/planet-hemp-anuncia-fim-da-banda-e-turne-de-despedida-veja-datas\\\/\"]}]},{\"@type\":\"ImageObject\",\"inLanguage\":\"pt-BR\",\"@id\":\"https:\\\/\\\/transamerica93.com.br\\\/home\\\/planet-hemp-anuncia-fim-da-banda-e-turne-de-despedida-veja-datas\\\/#primaryimage\",\"url\":\"https:\\\/\\\/transamerica93.com.br\\\/home\\\/wp-content\\\/uploads\\\/2025\\\/06\\\/Sem-titulo-30.png\",\"contentUrl\":\"https:\\\/\\\/transamerica93.com.br\\\/home\\\/wp-content\\\/uploads\\\/2025\\\/06\\\/Sem-titulo-30.png\",\"width\":1200,\"height\":695},{\"@type\":\"BreadcrumbList\",\"@id\":\"https:\\\/\\\/transamerica93.com.br\\\/home\\\/planet-hemp-anuncia-fim-da-banda-e-turne-de-despedida-veja-datas\\\/#breadcrumb\",\"itemListElement\":[{\"@type\":\"ListItem\",\"position\":1,\"name\":\"In\u00edcio\",\"item\":\"https:\\\/\\\/transamerica93.com.br\\\/home\\\/\"},{\"@type\":\"ListItem\",\"position\":2,\"name\":\"Planet Hemp anuncia fim da banda e turn\u00ea de despedida; veja datas\"}]},{\"@type\":\"WebSite\",\"@id\":\"https:\\\/\\\/transamerica93.com.br\\\/home\\\/#website\",\"url\":\"https:\\\/\\\/transamerica93.com.br\\\/home\\\/\",\"name\":\"Transam\u00e9rica Mococa 93,3\",\"description\":\"\",\"publisher\":{\"@id\":\"https:\\\/\\\/transamerica93.com.br\\\/home\\\/#organization\"},\"potentialAction\":[{\"@type\":\"SearchAction\",\"target\":{\"@type\":\"EntryPoint\",\"urlTemplate\":\"https:\\\/\\\/transamerica93.com.br\\\/home\\\/?s={search_term_string}\"},\"query-input\":{\"@type\":\"PropertyValueSpecification\",\"valueRequired\":true,\"valueName\":\"search_term_string\"}}],\"inLanguage\":\"pt-BR\"},{\"@type\":\"Organization\",\"@id\":\"https:\\\/\\\/transamerica93.com.br\\\/home\\\/#organization\",\"name\":\"Transam\u00e9rica Mococa 93,3\",\"url\":\"https:\\\/\\\/transamerica93.com.br\\\/home\\\/\",\"logo\":{\"@type\":\"ImageObject\",\"inLanguage\":\"pt-BR\",\"@id\":\"https:\\\/\\\/transamerica93.com.br\\\/home\\\/#\\\/schema\\\/logo\\\/image\\\/\",\"url\":\"https:\\\/\\\/transamerica93.com.br\\\/home\\\/wp-content\\\/uploads\\\/2023\\\/10\\\/logo2.png\",\"contentUrl\":\"https:\\\/\\\/transamerica93.com.br\\\/home\\\/wp-content\\\/uploads\\\/2023\\\/10\\\/logo2.png\",\"width\":800,\"height\":500,\"caption\":\"Transam\u00e9rica Mococa 93,3\"},\"image\":{\"@id\":\"https:\\\/\\\/transamerica93.com.br\\\/home\\\/#\\\/schema\\\/logo\\\/image\\\/\"},\"sameAs\":[\"https:\\\/\\\/www.facebook.com\\\/transamericamococa\",\"https:\\\/\\\/x.com\\\/transamerica933\",\"https:\\\/\\\/www.instagram.com\\\/transamericamococa\"]},{\"@type\":\"Person\",\"@id\":\"https:\\\/\\\/transamerica93.com.br\\\/home\\\/#\\\/schema\\\/person\\\/7fed7c99c0d4562efa8561bc0f543172\",\"name\":\"Reda\u00e7\u00e3o\",\"image\":{\"@type\":\"ImageObject\",\"inLanguage\":\"pt-BR\",\"@id\":\"https:\\\/\\\/secure.gravatar.com\\\/avatar\\\/1072c6b775fb02ef8506ce967551d95926669a6b7d2c2147b42eea4d7c68395e?s=96&d=mm&r=g\",\"url\":\"https:\\\/\\\/secure.gravatar.com\\\/avatar\\\/1072c6b775fb02ef8506ce967551d95926669a6b7d2c2147b42eea4d7c68395e?s=96&d=mm&r=g\",\"contentUrl\":\"https:\\\/\\\/secure.gravatar.com\\\/avatar\\\/1072c6b775fb02ef8506ce967551d95926669a6b7d2c2147b42eea4d7c68395e?s=96&d=mm&r=g\",\"caption\":\"Reda\u00e7\u00e3o\"},\"sameAs\":[\"https:\\\/\\\/transamerica93.com.br\\\/home\"],\"url\":\"https:\\\/\\\/transamerica93.com.br\\\/home\\\/author\\\/william\\\/\"}]}<\/script>\n<!-- \/ Yoast SEO plugin. -->","yoast_head_json":{"title":"Planet Hemp anuncia fim da banda e turn\u00ea de despedida; veja datas - Transam\u00e9rica Mococa 93,3","robots":{"index":"index","follow":"follow","max-snippet":"max-snippet:-1","max-image-preview":"max-image-preview:large","max-video-preview":"max-video-preview:-1"},"canonical":"https:\/\/transamerica93.com.br\/home\/planet-hemp-anuncia-fim-da-banda-e-turne-de-despedida-veja-datas\/","og_locale":"pt_BR","og_type":"article","og_title":"Planet Hemp anuncia fim da banda e turn\u00ea de despedida; veja datas - Transam\u00e9rica Mococa 93,3","og_description":"Por Reda\u00e7\u00e3o E+ O Planet Hemp anunciou o fim da banda, 17, ap\u00f3s 30 anos de carreira. O grupo divulgou a not\u00edcia em suas redes sociais e anunciou uma turn\u00ea de despedida chamada de A \u00daltima Ponta. &#8220;O Planet Hemp vai acabar! Depois de mais de 30 anos fazendo muita fuma\u00e7a e hist\u00f3ria, o Planet &hellip;","og_url":"https:\/\/transamerica93.com.br\/home\/planet-hemp-anuncia-fim-da-banda-e-turne-de-despedida-veja-datas\/","og_site_name":"Transam\u00e9rica Mococa 93,3","article_publisher":"https:\/\/www.facebook.com\/transamericamococa","article_published_time":"2025-07-14T18:00:04+00:00","og_image":[{"width":1200,"height":695,"url":"https:\/\/transamerica93.com.br\/home\/wp-content\/uploads\/2025\/06\/Sem-titulo-30.png","type":"image\/png"}],"author":"Reda\u00e7\u00e3o","twitter_card":"summary_large_image","twitter_creator":"@transamerica933","twitter_site":"@transamerica933","twitter_misc":{"Escrito por":"Reda\u00e7\u00e3o","Est. tempo de leitura":"2 minutos"},"schema":{"@context":"https:\/\/schema.org","@graph":[{"@type":"Article","@id":"https:\/\/transamerica93.com.br\/home\/planet-hemp-anuncia-fim-da-banda-e-turne-de-despedida-veja-datas\/#article","isPartOf":{"@id":"https:\/\/transamerica93.com.br\/home\/planet-hemp-anuncia-fim-da-banda-e-turne-de-despedida-veja-datas\/"},"author":{"name":"Reda\u00e7\u00e3o","@id":"https:\/\/transamerica93.com.br\/home\/#\/schema\/person\/7fed7c99c0d4562efa8561bc0f543172"},"headline":"Planet Hemp anuncia fim da banda e turn\u00ea de despedida; veja datas","datePublished":"2025-07-14T18:00:04+00:00","mainEntityOfPage":{"@id":"https:\/\/transamerica93.com.br\/home\/planet-hemp-anuncia-fim-da-banda-e-turne-de-despedida-veja-datas\/"},"wordCount":243,"publisher":{"@id":"https:\/\/transamerica93.com.br\/home\/#organization"},"image":{"@id":"https:\/\/transamerica93.com.br\/home\/planet-hemp-anuncia-fim-da-banda-e-turne-de-despedida-veja-datas\/#primaryimage"},"thumbnailUrl":"https:\/\/transamerica93.com.br\/home\/wp-content\/uploads\/2025\/06\/Sem-titulo-30.png","articleSection":["M\u00fasica"],"inLanguage":"pt-BR"},{"@type":"WebPage","@id":"https:\/\/transamerica93.com.br\/home\/planet-hemp-anuncia-fim-da-banda-e-turne-de-despedida-veja-datas\/","url":"https:\/\/transamerica93.com.br\/home\/planet-hemp-anuncia-fim-da-banda-e-turne-de-despedida-veja-datas\/","name":"Planet Hemp anuncia fim da banda e turn\u00ea de despedida; veja datas - Transam\u00e9rica Mococa 93,3","isPartOf":{"@id":"https:\/\/transamerica93.com.br\/home\/#website"},"primaryImageOfPage":{"@id":"https:\/\/transamerica93.com.br\/home\/planet-hemp-anuncia-fim-da-banda-e-turne-de-despedida-veja-datas\/#primaryimage"},"image":{"@id":"https:\/\/transamerica93.com.br\/home\/planet-hemp-anuncia-fim-da-banda-e-turne-de-despedida-veja-datas\/#primaryimage"},"thumbnailUrl":"https:\/\/transamerica93.com.br\/home\/wp-content\/uploads\/2025\/06\/Sem-titulo-30.png","datePublished":"2025-07-14T18:00:04+00:00","breadcrumb":{"@id":"https:\/\/transamerica93.com.br\/home\/planet-hemp-anuncia-fim-da-banda-e-turne-de-despedida-veja-datas\/#breadcrumb"},"inLanguage":"pt-BR","potentialAction":[{"@type":"ReadAction","target":["https:\/\/transamerica93.com.br\/home\/planet-hemp-anuncia-fim-da-banda-e-turne-de-despedida-veja-datas\/"]}]},{"@type":"ImageObject","inLanguage":"pt-BR","@id":"https:\/\/transamerica93.com.br\/home\/planet-hemp-anuncia-fim-da-banda-e-turne-de-despedida-veja-datas\/#primaryimage","url":"https:\/\/transamerica93.com.br\/home\/wp-content\/uploads\/2025\/06\/Sem-titulo-30.png","contentUrl":"https:\/\/transamerica93.com.br\/home\/wp-content\/uploads\/2025\/06\/Sem-titulo-30.png","width":1200,"height":695},{"@type":"BreadcrumbList","@id":"https:\/\/transamerica93.com.br\/home\/planet-hemp-anuncia-fim-da-banda-e-turne-de-despedida-veja-datas\/#breadcrumb","itemListElement":[{"@type":"ListItem","position":1,"name":"In\u00edcio","item":"https:\/\/transamerica93.com.br\/home\/"},{"@type":"ListItem","position":2,"name":"Planet Hemp anuncia fim da banda e turn\u00ea de despedida; veja datas"}]},{"@type":"WebSite","@id":"https:\/\/transamerica93.com.br\/home\/#website","url":"https:\/\/transamerica93.com.br\/home\/","name":"Transam\u00e9rica Mococa 93,3","description":"","publisher":{"@id":"https:\/\/transamerica93.com.br\/home\/#organization"},"potentialAction":[{"@type":"SearchAction","target":{"@type":"EntryPoint","urlTemplate":"https:\/\/transamerica93.com.br\/home\/?s={search_term_string}"},"query-input":{"@type":"PropertyValueSpecification","valueRequired":true,"valueName":"search_term_string"}}],"inLanguage":"pt-BR"},{"@type":"Organization","@id":"https:\/\/transamerica93.com.br\/home\/#organization","name":"Transam\u00e9rica Mococa 93,3","url":"https:\/\/transamerica93.com.br\/home\/","logo":{"@type":"ImageObject","inLanguage":"pt-BR","@id":"https:\/\/transamerica93.com.br\/home\/#\/schema\/logo\/image\/","url":"https:\/\/transamerica93.com.br\/home\/wp-content\/uploads\/2023\/10\/logo2.png","contentUrl":"https:\/\/transamerica93.com.br\/home\/wp-content\/uploads\/2023\/10\/logo2.png","width":800,"height":500,"caption":"Transam\u00e9rica Mococa 93,3"},"image":{"@id":"https:\/\/transamerica93.com.br\/home\/#\/schema\/logo\/image\/"},"sameAs":["https:\/\/www.facebook.com\/transamericamococa","https:\/\/x.com\/transamerica933","https:\/\/www.instagram.com\/transamericamococa"]},{"@type":"Person","@id":"https:\/\/transamerica93.com.br\/home\/#\/schema\/person\/7fed7c99c0d4562efa8561bc0f543172","name":"Reda\u00e7\u00e3o","image":{"@type":"ImageObject","inLanguage":"pt-BR","@id":"https:\/\/secure.gravatar.com\/avatar\/1072c6b775fb02ef8506ce967551d95926669a6b7d2c2147b42eea4d7c68395e?s=96&d=mm&r=g","url":"https:\/\/secure.gravatar.com\/avatar\/1072c6b775fb02ef8506ce967551d95926669a6b7d2c2147b42eea4d7c68395e?s=96&d=mm&r=g","contentUrl":"https:\/\/secure.gravatar.com\/avatar\/1072c6b775fb02ef8506ce967551d95926669a6b7d2c2147b42eea4d7c68395e?s=96&d=mm&r=g","caption":"Reda\u00e7\u00e3o"},"sameAs":["https:\/\/transamerica93.com.br\/home"],"url":"https:\/\/transamerica93.com.br\/home\/author\/william\/"}]}},"_links":{"self":[{"href":"https:\/\/transamerica93.com.br\/home\/wp-json\/wp\/v2\/posts\/5909","targetHints":{"allow":["GET"]}}],"collection":[{"href":"https:\/\/transamerica93.com.br\/home\/wp-json\/wp\/v2\/posts"}],"about":[{"href":"https:\/\/transamerica93.com.br\/home\/wp-json\/wp\/v2\/types\/post"}],"author":[{"embeddable":true,"href":"https:\/\/transamerica93.com.br\/home\/wp-json\/wp\/v2\/users\/1"}],"replies":[{"embeddable":true,"href":"https:\/\/transamerica93.com.br\/home\/wp-json\/wp\/v2\/comments?post=5909"}],"version-history":[{"count":1,"href":"https:\/\/transamerica93.com.br\/home\/wp-json\/wp\/v2\/posts\/5909\/revisions"}],"predecessor-version":[{"id":5911,"href":"https:\/\/transamerica93.com.br\/home\/wp-json\/wp\/v2\/posts\/5909\/revisions\/5911"}],"wp:featuredmedia":[{"embeddable":true,"href":"https:\/\/transamerica93.com.br\/home\/wp-json\/wp\/v2\/media\/5910"}],"wp:attachment":[{"href":"https:\/\/transamerica93.com.br\/home\/wp-json\/wp\/v2\/media?parent=5909"}],"wp:term":[{"taxonomy":"category","embeddable":true,"href":"https:\/\/transamerica93.com.br\/home\/wp-json\/wp\/v2\/categories?post=5909"},{"taxonomy":"post_tag","embeddable":true,"href":"https:\/\/transamerica93.com.br\/home\/wp-json\/wp\/v2\/tags?post=5909"}],"curies":[{"name":"wp","href":"https:\/\/api.w.org\/{rel}","templated":true}]}}