{"id":5931,"date":"2025-07-17T18:00:48","date_gmt":"2025-07-17T21:00:48","guid":{"rendered":"https:\/\/transamerica93.com.br\/home\/?p=5931"},"modified":"2025-06-27T23:09:57","modified_gmt":"2025-06-28T02:09:57","slug":"mariana-rios-anuncia-gravidez","status":"publish","type":"post","link":"https:\/\/transamerica93.com.br\/home\/mariana-rios-anuncia-gravidez\/","title":{"rendered":"Mariana Rios anuncia gravidez"},"content":{"rendered":"<h6 class=\"Assina\">Por Reda\u00e7\u00e3o, O Estado de S. Paulo<\/h6>\n<p>Mariana Rios est\u00e1 gr\u00e1vida e espera seu primeiro filho. A atriz e apresentadora fez o an\u00fancio da gesta\u00e7\u00e3o por meio de seu perfil no\u00a0<a href=\"https:\/\/www.instagram.com\/p\/DLGD2Obupfd\/\" target=\"_blank\" rel=\"noopener\"><u>Instagram<\/u><\/a>.<\/p>\n<p>No v\u00eddeo, Mariana aparece de roupas brancas, sem falar nada. Ao fim dele, no entanto, ela mostra a barriga. &#8220;Obrigada, Deus. Obrigada, Jesus&#8221;, escreveu na legenda, que ainda trazia os Salmos 23 da B\u00edblia.<\/p>\n<p>O beb\u00ea \u00e9 fruto de seu relacionamento com o namorado Jo\u00e3o Luis Diniz D&#8217;Avila, o Juca.<\/p>\n<p>Recentemente, a atriz vinha compartilhando suas dificuldades para engravidar. H\u00e1 cerca de dois anos, Mariana enfrenta consequ\u00eancias da trombofilia &#8211; que, entre outros fatores, diminui a fertilidade.<\/p>\n<p>&#8220;Estou imersa no desejo de me tornar m\u00e3e, de engravidar. L\u00e1 atr\u00e1s, quando eu decidi olhar para esse ponto com mais carinho, eu tinha certeza absoluta de que essa jornada seria um pouco mais simples&#8221;, disse, em abril.<\/p>\n<p>Pouco depois, em maio, ela revelou que tinha uma &#8220;incompatibilidade gen\u00e9tica&#8221; com o namorado, o que dificultava o processo da fertiliza\u00e7\u00e3o in vitro.<\/p>\n","protected":false},"excerpt":{"rendered":"<p>Por Reda\u00e7\u00e3o, O Estado de S. Paulo Mariana Rios est\u00e1 gr\u00e1vida e espera seu primeiro filho. A atriz e apresentadora fez o an\u00fancio da gesta\u00e7\u00e3o por meio de seu perfil no\u00a0Instagram. No v\u00eddeo, Mariana aparece de roupas brancas, sem falar nada. Ao fim dele, no entanto, ela mostra a barriga. &#8220;Obrigada, Deus. Obrigada, Jesus&#8221;, escreveu &hellip;<\/p>\n","protected":false},"author":1,"featured_media":5932,"comment_status":"closed","ping_status":"closed","sticky":false,"template":"","format":"standard","meta":{"footnotes":""},"categories":[25],"tags":[],"class_list":["post-5931","post","type-post","status-publish","format-standard","has-post-thumbnail","hentry","category-musica"],"yoast_head":"<!-- This site is optimized with the Yoast SEO plugin v27.4 - https:\/\/yoast.com\/product\/yoast-seo-wordpress\/ -->\n<title>Mariana Rios anuncia gravidez - Transam\u00e9rica Mococa 93,3<\/title>\n<meta name=\"robots\" content=\"index, follow, max-snippet:-1, max-image-preview:large, max-video-preview:-1\" \/>\n<link rel=\"canonical\" href=\"https:\/\/transamerica93.com.br\/home\/mariana-rios-anuncia-gravidez\/\" \/>\n<meta property=\"og:locale\" content=\"pt_BR\" \/>\n<meta property=\"og:type\" content=\"article\" \/>\n<meta property=\"og:title\" content=\"Mariana Rios anuncia gravidez - Transam\u00e9rica Mococa 93,3\" \/>\n<meta property=\"og:description\" content=\"Por Reda\u00e7\u00e3o, O Estado de S. Paulo Mariana Rios est\u00e1 gr\u00e1vida e espera seu primeiro filho. A atriz e apresentadora fez o an\u00fancio da gesta\u00e7\u00e3o por meio de seu perfil no\u00a0Instagram. No v\u00eddeo, Mariana aparece de roupas brancas, sem falar nada. Ao fim dele, no entanto, ela mostra a barriga. &#8220;Obrigada, Deus. Obrigada, Jesus&#8221;, escreveu &hellip;\" \/>\n<meta property=\"og:url\" content=\"https:\/\/transamerica93.com.br\/home\/mariana-rios-anuncia-gravidez\/\" \/>\n<meta property=\"og:site_name\" content=\"Transam\u00e9rica Mococa 93,3\" \/>\n<meta property=\"article:publisher\" content=\"https:\/\/www.facebook.com\/transamericamococa\" \/>\n<meta property=\"article:published_time\" content=\"2025-07-17T21:00:48+00:00\" \/>\n<meta property=\"og:image\" content=\"https:\/\/transamerica93.com.br\/home\/wp-content\/uploads\/2025\/06\/Sem-titulo-37.png\" \/>\n\t<meta property=\"og:image:width\" content=\"983\" \/>\n\t<meta property=\"og:image:height\" content=\"732\" \/>\n\t<meta property=\"og:image:type\" content=\"image\/png\" \/>\n<meta name=\"author\" content=\"Reda\u00e7\u00e3o\" \/>\n<meta name=\"twitter:card\" content=\"summary_large_image\" \/>\n<meta name=\"twitter:creator\" content=\"@transamerica933\" \/>\n<meta name=\"twitter:site\" content=\"@transamerica933\" \/>\n<meta name=\"twitter:label1\" content=\"Escrito por\" \/>\n\t<meta name=\"twitter:data1\" content=\"Reda\u00e7\u00e3o\" \/>\n\t<meta name=\"twitter:label2\" content=\"Est. tempo de leitura\" \/>\n\t<meta name=\"twitter:data2\" content=\"1 minuto\" \/>\n<script type=\"application\/ld+json\" class=\"yoast-schema-graph\">{\"@context\":\"https:\\\/\\\/schema.org\",\"@graph\":[{\"@type\":\"Article\",\"@id\":\"https:\\\/\\\/transamerica93.com.br\\\/home\\\/mariana-rios-anuncia-gravidez\\\/#article\",\"isPartOf\":{\"@id\":\"https:\\\/\\\/transamerica93.com.br\\\/home\\\/mariana-rios-anuncia-gravidez\\\/\"},\"author\":{\"name\":\"Reda\u00e7\u00e3o\",\"@id\":\"https:\\\/\\\/transamerica93.com.br\\\/home\\\/#\\\/schema\\\/person\\\/7fed7c99c0d4562efa8561bc0f543172\"},\"headline\":\"Mariana Rios anuncia gravidez\",\"datePublished\":\"2025-07-17T21:00:48+00:00\",\"mainEntityOfPage\":{\"@id\":\"https:\\\/\\\/transamerica93.com.br\\\/home\\\/mariana-rios-anuncia-gravidez\\\/\"},\"wordCount\":185,\"publisher\":{\"@id\":\"https:\\\/\\\/transamerica93.com.br\\\/home\\\/#organization\"},\"image\":{\"@id\":\"https:\\\/\\\/transamerica93.com.br\\\/home\\\/mariana-rios-anuncia-gravidez\\\/#primaryimage\"},\"thumbnailUrl\":\"https:\\\/\\\/transamerica93.com.br\\\/home\\\/wp-content\\\/uploads\\\/2025\\\/06\\\/Sem-titulo-37.png\",\"articleSection\":[\"M\u00fasica\"],\"inLanguage\":\"pt-BR\"},{\"@type\":\"WebPage\",\"@id\":\"https:\\\/\\\/transamerica93.com.br\\\/home\\\/mariana-rios-anuncia-gravidez\\\/\",\"url\":\"https:\\\/\\\/transamerica93.com.br\\\/home\\\/mariana-rios-anuncia-gravidez\\\/\",\"name\":\"Mariana Rios anuncia gravidez - Transam\u00e9rica Mococa 93,3\",\"isPartOf\":{\"@id\":\"https:\\\/\\\/transamerica93.com.br\\\/home\\\/#website\"},\"primaryImageOfPage\":{\"@id\":\"https:\\\/\\\/transamerica93.com.br\\\/home\\\/mariana-rios-anuncia-gravidez\\\/#primaryimage\"},\"image\":{\"@id\":\"https:\\\/\\\/transamerica93.com.br\\\/home\\\/mariana-rios-anuncia-gravidez\\\/#primaryimage\"},\"thumbnailUrl\":\"https:\\\/\\\/transamerica93.com.br\\\/home\\\/wp-content\\\/uploads\\\/2025\\\/06\\\/Sem-titulo-37.png\",\"datePublished\":\"2025-07-17T21:00:48+00:00\",\"breadcrumb\":{\"@id\":\"https:\\\/\\\/transamerica93.com.br\\\/home\\\/mariana-rios-anuncia-gravidez\\\/#breadcrumb\"},\"inLanguage\":\"pt-BR\",\"potentialAction\":[{\"@type\":\"ReadAction\",\"target\":[\"https:\\\/\\\/transamerica93.com.br\\\/home\\\/mariana-rios-anuncia-gravidez\\\/\"]}]},{\"@type\":\"ImageObject\",\"inLanguage\":\"pt-BR\",\"@id\":\"https:\\\/\\\/transamerica93.com.br\\\/home\\\/mariana-rios-anuncia-gravidez\\\/#primaryimage\",\"url\":\"https:\\\/\\\/transamerica93.com.br\\\/home\\\/wp-content\\\/uploads\\\/2025\\\/06\\\/Sem-titulo-37.png\",\"contentUrl\":\"https:\\\/\\\/transamerica93.com.br\\\/home\\\/wp-content\\\/uploads\\\/2025\\\/06\\\/Sem-titulo-37.png\",\"width\":983,\"height\":732},{\"@type\":\"BreadcrumbList\",\"@id\":\"https:\\\/\\\/transamerica93.com.br\\\/home\\\/mariana-rios-anuncia-gravidez\\\/#breadcrumb\",\"itemListElement\":[{\"@type\":\"ListItem\",\"position\":1,\"name\":\"In\u00edcio\",\"item\":\"https:\\\/\\\/transamerica93.com.br\\\/home\\\/\"},{\"@type\":\"ListItem\",\"position\":2,\"name\":\"Mariana Rios anuncia gravidez\"}]},{\"@type\":\"WebSite\",\"@id\":\"https:\\\/\\\/transamerica93.com.br\\\/home\\\/#website\",\"url\":\"https:\\\/\\\/transamerica93.com.br\\\/home\\\/\",\"name\":\"Transam\u00e9rica Mococa 93,3\",\"description\":\"\",\"publisher\":{\"@id\":\"https:\\\/\\\/transamerica93.com.br\\\/home\\\/#organization\"},\"potentialAction\":[{\"@type\":\"SearchAction\",\"target\":{\"@type\":\"EntryPoint\",\"urlTemplate\":\"https:\\\/\\\/transamerica93.com.br\\\/home\\\/?s={search_term_string}\"},\"query-input\":{\"@type\":\"PropertyValueSpecification\",\"valueRequired\":true,\"valueName\":\"search_term_string\"}}],\"inLanguage\":\"pt-BR\"},{\"@type\":\"Organization\",\"@id\":\"https:\\\/\\\/transamerica93.com.br\\\/home\\\/#organization\",\"name\":\"Transam\u00e9rica Mococa 93,3\",\"url\":\"https:\\\/\\\/transamerica93.com.br\\\/home\\\/\",\"logo\":{\"@type\":\"ImageObject\",\"inLanguage\":\"pt-BR\",\"@id\":\"https:\\\/\\\/transamerica93.com.br\\\/home\\\/#\\\/schema\\\/logo\\\/image\\\/\",\"url\":\"https:\\\/\\\/transamerica93.com.br\\\/home\\\/wp-content\\\/uploads\\\/2023\\\/10\\\/logo2.png\",\"contentUrl\":\"https:\\\/\\\/transamerica93.com.br\\\/home\\\/wp-content\\\/uploads\\\/2023\\\/10\\\/logo2.png\",\"width\":800,\"height\":500,\"caption\":\"Transam\u00e9rica Mococa 93,3\"},\"image\":{\"@id\":\"https:\\\/\\\/transamerica93.com.br\\\/home\\\/#\\\/schema\\\/logo\\\/image\\\/\"},\"sameAs\":[\"https:\\\/\\\/www.facebook.com\\\/transamericamococa\",\"https:\\\/\\\/x.com\\\/transamerica933\",\"https:\\\/\\\/www.instagram.com\\\/transamericamococa\"]},{\"@type\":\"Person\",\"@id\":\"https:\\\/\\\/transamerica93.com.br\\\/home\\\/#\\\/schema\\\/person\\\/7fed7c99c0d4562efa8561bc0f543172\",\"name\":\"Reda\u00e7\u00e3o\",\"image\":{\"@type\":\"ImageObject\",\"inLanguage\":\"pt-BR\",\"@id\":\"https:\\\/\\\/secure.gravatar.com\\\/avatar\\\/1072c6b775fb02ef8506ce967551d95926669a6b7d2c2147b42eea4d7c68395e?s=96&d=mm&r=g\",\"url\":\"https:\\\/\\\/secure.gravatar.com\\\/avatar\\\/1072c6b775fb02ef8506ce967551d95926669a6b7d2c2147b42eea4d7c68395e?s=96&d=mm&r=g\",\"contentUrl\":\"https:\\\/\\\/secure.gravatar.com\\\/avatar\\\/1072c6b775fb02ef8506ce967551d95926669a6b7d2c2147b42eea4d7c68395e?s=96&d=mm&r=g\",\"caption\":\"Reda\u00e7\u00e3o\"},\"sameAs\":[\"https:\\\/\\\/transamerica93.com.br\\\/home\"],\"url\":\"https:\\\/\\\/transamerica93.com.br\\\/home\\\/author\\\/william\\\/\"}]}<\/script>\n<!-- \/ Yoast SEO plugin. -->","yoast_head_json":{"title":"Mariana Rios anuncia gravidez - Transam\u00e9rica Mococa 93,3","robots":{"index":"index","follow":"follow","max-snippet":"max-snippet:-1","max-image-preview":"max-image-preview:large","max-video-preview":"max-video-preview:-1"},"canonical":"https:\/\/transamerica93.com.br\/home\/mariana-rios-anuncia-gravidez\/","og_locale":"pt_BR","og_type":"article","og_title":"Mariana Rios anuncia gravidez - Transam\u00e9rica Mococa 93,3","og_description":"Por Reda\u00e7\u00e3o, O Estado de S. Paulo Mariana Rios est\u00e1 gr\u00e1vida e espera seu primeiro filho. A atriz e apresentadora fez o an\u00fancio da gesta\u00e7\u00e3o por meio de seu perfil no\u00a0Instagram. No v\u00eddeo, Mariana aparece de roupas brancas, sem falar nada. Ao fim dele, no entanto, ela mostra a barriga. &#8220;Obrigada, Deus. Obrigada, Jesus&#8221;, escreveu &hellip;","og_url":"https:\/\/transamerica93.com.br\/home\/mariana-rios-anuncia-gravidez\/","og_site_name":"Transam\u00e9rica Mococa 93,3","article_publisher":"https:\/\/www.facebook.com\/transamericamococa","article_published_time":"2025-07-17T21:00:48+00:00","og_image":[{"width":983,"height":732,"url":"https:\/\/transamerica93.com.br\/home\/wp-content\/uploads\/2025\/06\/Sem-titulo-37.png","type":"image\/png"}],"author":"Reda\u00e7\u00e3o","twitter_card":"summary_large_image","twitter_creator":"@transamerica933","twitter_site":"@transamerica933","twitter_misc":{"Escrito por":"Reda\u00e7\u00e3o","Est. tempo de leitura":"1 minuto"},"schema":{"@context":"https:\/\/schema.org","@graph":[{"@type":"Article","@id":"https:\/\/transamerica93.com.br\/home\/mariana-rios-anuncia-gravidez\/#article","isPartOf":{"@id":"https:\/\/transamerica93.com.br\/home\/mariana-rios-anuncia-gravidez\/"},"author":{"name":"Reda\u00e7\u00e3o","@id":"https:\/\/transamerica93.com.br\/home\/#\/schema\/person\/7fed7c99c0d4562efa8561bc0f543172"},"headline":"Mariana Rios anuncia gravidez","datePublished":"2025-07-17T21:00:48+00:00","mainEntityOfPage":{"@id":"https:\/\/transamerica93.com.br\/home\/mariana-rios-anuncia-gravidez\/"},"wordCount":185,"publisher":{"@id":"https:\/\/transamerica93.com.br\/home\/#organization"},"image":{"@id":"https:\/\/transamerica93.com.br\/home\/mariana-rios-anuncia-gravidez\/#primaryimage"},"thumbnailUrl":"https:\/\/transamerica93.com.br\/home\/wp-content\/uploads\/2025\/06\/Sem-titulo-37.png","articleSection":["M\u00fasica"],"inLanguage":"pt-BR"},{"@type":"WebPage","@id":"https:\/\/transamerica93.com.br\/home\/mariana-rios-anuncia-gravidez\/","url":"https:\/\/transamerica93.com.br\/home\/mariana-rios-anuncia-gravidez\/","name":"Mariana Rios anuncia gravidez - Transam\u00e9rica Mococa 93,3","isPartOf":{"@id":"https:\/\/transamerica93.com.br\/home\/#website"},"primaryImageOfPage":{"@id":"https:\/\/transamerica93.com.br\/home\/mariana-rios-anuncia-gravidez\/#primaryimage"},"image":{"@id":"https:\/\/transamerica93.com.br\/home\/mariana-rios-anuncia-gravidez\/#primaryimage"},"thumbnailUrl":"https:\/\/transamerica93.com.br\/home\/wp-content\/uploads\/2025\/06\/Sem-titulo-37.png","datePublished":"2025-07-17T21:00:48+00:00","breadcrumb":{"@id":"https:\/\/transamerica93.com.br\/home\/mariana-rios-anuncia-gravidez\/#breadcrumb"},"inLanguage":"pt-BR","potentialAction":[{"@type":"ReadAction","target":["https:\/\/transamerica93.com.br\/home\/mariana-rios-anuncia-gravidez\/"]}]},{"@type":"ImageObject","inLanguage":"pt-BR","@id":"https:\/\/transamerica93.com.br\/home\/mariana-rios-anuncia-gravidez\/#primaryimage","url":"https:\/\/transamerica93.com.br\/home\/wp-content\/uploads\/2025\/06\/Sem-titulo-37.png","contentUrl":"https:\/\/transamerica93.com.br\/home\/wp-content\/uploads\/2025\/06\/Sem-titulo-37.png","width":983,"height":732},{"@type":"BreadcrumbList","@id":"https:\/\/transamerica93.com.br\/home\/mariana-rios-anuncia-gravidez\/#breadcrumb","itemListElement":[{"@type":"ListItem","position":1,"name":"In\u00edcio","item":"https:\/\/transamerica93.com.br\/home\/"},{"@type":"ListItem","position":2,"name":"Mariana Rios anuncia gravidez"}]},{"@type":"WebSite","@id":"https:\/\/transamerica93.com.br\/home\/#website","url":"https:\/\/transamerica93.com.br\/home\/","name":"Transam\u00e9rica Mococa 93,3","description":"","publisher":{"@id":"https:\/\/transamerica93.com.br\/home\/#organization"},"potentialAction":[{"@type":"SearchAction","target":{"@type":"EntryPoint","urlTemplate":"https:\/\/transamerica93.com.br\/home\/?s={search_term_string}"},"query-input":{"@type":"PropertyValueSpecification","valueRequired":true,"valueName":"search_term_string"}}],"inLanguage":"pt-BR"},{"@type":"Organization","@id":"https:\/\/transamerica93.com.br\/home\/#organization","name":"Transam\u00e9rica Mococa 93,3","url":"https:\/\/transamerica93.com.br\/home\/","logo":{"@type":"ImageObject","inLanguage":"pt-BR","@id":"https:\/\/transamerica93.com.br\/home\/#\/schema\/logo\/image\/","url":"https:\/\/transamerica93.com.br\/home\/wp-content\/uploads\/2023\/10\/logo2.png","contentUrl":"https:\/\/transamerica93.com.br\/home\/wp-content\/uploads\/2023\/10\/logo2.png","width":800,"height":500,"caption":"Transam\u00e9rica Mococa 93,3"},"image":{"@id":"https:\/\/transamerica93.com.br\/home\/#\/schema\/logo\/image\/"},"sameAs":["https:\/\/www.facebook.com\/transamericamococa","https:\/\/x.com\/transamerica933","https:\/\/www.instagram.com\/transamericamococa"]},{"@type":"Person","@id":"https:\/\/transamerica93.com.br\/home\/#\/schema\/person\/7fed7c99c0d4562efa8561bc0f543172","name":"Reda\u00e7\u00e3o","image":{"@type":"ImageObject","inLanguage":"pt-BR","@id":"https:\/\/secure.gravatar.com\/avatar\/1072c6b775fb02ef8506ce967551d95926669a6b7d2c2147b42eea4d7c68395e?s=96&d=mm&r=g","url":"https:\/\/secure.gravatar.com\/avatar\/1072c6b775fb02ef8506ce967551d95926669a6b7d2c2147b42eea4d7c68395e?s=96&d=mm&r=g","contentUrl":"https:\/\/secure.gravatar.com\/avatar\/1072c6b775fb02ef8506ce967551d95926669a6b7d2c2147b42eea4d7c68395e?s=96&d=mm&r=g","caption":"Reda\u00e7\u00e3o"},"sameAs":["https:\/\/transamerica93.com.br\/home"],"url":"https:\/\/transamerica93.com.br\/home\/author\/william\/"}]}},"_links":{"self":[{"href":"https:\/\/transamerica93.com.br\/home\/wp-json\/wp\/v2\/posts\/5931","targetHints":{"allow":["GET"]}}],"collection":[{"href":"https:\/\/transamerica93.com.br\/home\/wp-json\/wp\/v2\/posts"}],"about":[{"href":"https:\/\/transamerica93.com.br\/home\/wp-json\/wp\/v2\/types\/post"}],"author":[{"embeddable":true,"href":"https:\/\/transamerica93.com.br\/home\/wp-json\/wp\/v2\/users\/1"}],"replies":[{"embeddable":true,"href":"https:\/\/transamerica93.com.br\/home\/wp-json\/wp\/v2\/comments?post=5931"}],"version-history":[{"count":1,"href":"https:\/\/transamerica93.com.br\/home\/wp-json\/wp\/v2\/posts\/5931\/revisions"}],"predecessor-version":[{"id":5933,"href":"https:\/\/transamerica93.com.br\/home\/wp-json\/wp\/v2\/posts\/5931\/revisions\/5933"}],"wp:featuredmedia":[{"embeddable":true,"href":"https:\/\/transamerica93.com.br\/home\/wp-json\/wp\/v2\/media\/5932"}],"wp:attachment":[{"href":"https:\/\/transamerica93.com.br\/home\/wp-json\/wp\/v2\/media?parent=5931"}],"wp:term":[{"taxonomy":"category","embeddable":true,"href":"https:\/\/transamerica93.com.br\/home\/wp-json\/wp\/v2\/categories?post=5931"},{"taxonomy":"post_tag","embeddable":true,"href":"https:\/\/transamerica93.com.br\/home\/wp-json\/wp\/v2\/tags?post=5931"}],"curies":[{"name":"wp","href":"https:\/\/api.w.org\/{rel}","templated":true}]}}