{"id":5943,"date":"2025-07-22T09:00:30","date_gmt":"2025-07-22T12:00:30","guid":{"rendered":"https:\/\/transamerica93.com.br\/home\/?p=5943"},"modified":"2025-06-29T10:07:33","modified_gmt":"2025-06-29T13:07:33","slug":"hospitais-privados-poderao-abater-dividas-por-atendimento-ao-sus","status":"publish","type":"post","link":"https:\/\/transamerica93.com.br\/home\/hospitais-privados-poderao-abater-dividas-por-atendimento-ao-sus\/","title":{"rendered":"Hospitais privados poder\u00e3o abater d\u00edvidas por atendimento ao SUS"},"content":{"rendered":"<p>O governo federal anunciou mecanismo para que hospitais privados e filantr\u00f3picos possam abater d\u00edvidas tribut\u00e1rias com a Uni\u00e3o em troca de atendimento especializado para o Sistema \u00danico de Sa\u00fade (SUS). <strong>Unidades de sa\u00fade privadas que n\u00e3o possu\u00edrem d\u00e9bitos tamb\u00e9m poder\u00e3o participar, obtendo cr\u00e9ditos tribut\u00e1rios que poder\u00e3o descontar em impostos.<\/strong><img decoding=\"async\" data-src=\"https:\/\/agenciabrasil.ebc.com.br\/ebc.png?id=1648164&amp;o=node\" src=\"data:image\/svg+xml;base64,PHN2ZyB3aWR0aD0iMSIgaGVpZ2h0PSIxIiB4bWxucz0iaHR0cDovL3d3dy53My5vcmcvMjAwMC9zdmciPjwvc3ZnPg==\" class=\"lazyload\" \/><img decoding=\"async\" data-src=\"https:\/\/agenciabrasil.ebc.com.br\/ebc.gif?id=1648164&amp;o=node\" src=\"data:image\/svg+xml;base64,PHN2ZyB3aWR0aD0iMSIgaGVpZ2h0PSIxIiB4bWxucz0iaHR0cDovL3d3dy53My5vcmcvMjAwMC9zdmciPjwvc3ZnPg==\" class=\"lazyload\" \/><\/p>\n<p><strong>A iniciativa foi anunciada pelos ministros Alexandre Padilha (Sa\u00fade) e Fernando Haddad (Fazenda) e tem o objetivo de reduzir a fila de espera para consultas, exames e cirurgias.<\/strong>\u00a0Ela faz parte do\u00a0<a href=\"https:\/\/agenciabrasil.ebc.com.br\/saude\/noticia\/2025-05\/lula-lanca-programa-para-melhorar-acesso-de-pacientes-especialistas\" target=\"_blank\" rel=\"noopener\">programa Agora Tem Especialistas<\/a>, relan\u00e7ado pelo governo no m\u00eas passado.<\/p>\n<p>Os primeiros atendimentos nesse formato devem ocorrer a partir de agosto. As\u00a0<strong>\u00e1reas priorit\u00e1rias definidas pelo governo s\u00e3o: oncologia, ginecologia, cardiologia, ortopedia, oftalmologia e otorrinolaringologia, abarcando cerca de 1,3 mil tipos diferentes de cirurgias. \u00a0<\/strong><\/p>\n<p><strong>As institui\u00e7\u00f5es interessadas dever\u00e3o fazer a ades\u00e3o no Minist\u00e9rio da Fazenda, para o programa de transa\u00e7\u00e3o tribut\u00e1ria.<\/strong>\u00a0Caber\u00e1 ao Minist\u00e9rio da Sa\u00fade aprovar a oferta, demanda e distribui\u00e7\u00e3o apresentada. A pasta tamb\u00e9m vai controlar e avaliar a execu\u00e7\u00e3o dos atendimentos e conceder um certificado para obten\u00e7\u00e3o do cr\u00e9dito tribut\u00e1rio.\u00a0<strong>O teto para abatimento de d\u00edvidas foi estimado em at\u00e9 R$ 2 bilh\u00f5es por ano. J\u00e1 o cr\u00e9dito tribut\u00e1rio para obter descontos em impostos ficar\u00e1 limitado a R$ 750 milh\u00f5es.<\/strong>\u00a0A nova estrat\u00e9gia ser\u00e1 formalizada por meio de uma portaria conjunta entre os minist\u00e9rios da Fazenda e da Sa\u00fade, que ser\u00e1 publicada no<em>\u00a0Di\u00e1rio Oficial da Uni\u00e3o (DOU).<\/em><\/p>\n<blockquote><p>&#8220;Quando a gente pensou esse mecanismo, que come\u00e7ou hoje, muita gente lembra do Prouni [bolsas em faculdades privadas], por ser um mecanismo de aproveitar a estrutura privada, d\u00edvidas que n\u00e3o s\u00e3o pagas, d\u00edvidas que a Uni\u00e3o n\u00e3o consegue recuperar e, nesse caso, transformar em consultas, exames, cirurgias, cuidados da sa\u00fade da nossa popula\u00e7\u00e3o&#8221;, afirmou o ministro da Sa\u00fade, Alexandre Padilha.<\/p><\/blockquote>\n<p><a href=\"https:\/\/www.whatsapp.com\/channel\/0029VaoRTgrInlqYLSk59B2M\" target=\"_blank\" rel=\"noopener\">&gt;&gt; Siga o canal da\u00a0<strong>Ag\u00eancia Brasil<\/strong>\u00a0no WhatsApp<\/a><\/p>\n<p><strong>Um painel com dados unificados de monitoramento sobre os atendimentos por meio desse novo programa ser\u00e1 disponibilizado para consulta, unificando informa\u00e7\u00f5es das redes privada, estadual, municipal e filantr\u00f3pica.\u00a0<\/strong>Todos os entes e institui\u00e7\u00f5es que aderirem ao programa dever\u00e3o alimentar o sistema.<\/p>\n<p>Segundo Haddad, o programa \u00e9 um h\u00edbrido de v\u00e1rios instrumentos de gest\u00e3o p\u00fablica para criar um ambiente que saneia institui\u00e7\u00f5es hist\u00f3ricas e centen\u00e1rias de sa\u00fade, que atualmente enfrentam problemas de endividamento.<\/p>\n<blockquote><p>&#8220;N\u00f3s estamos falando de 3.537 institui\u00e7\u00f5es nessa situa\u00e7\u00e3o. S\u00e3o entidades que prestam servi\u00e7os m\u00e9dicos que est\u00e3o nessa situa\u00e7\u00e3o, e elas respondem por R$ 34,1 bilh\u00f5es em d\u00edvidas inscritas, um valor muito consider\u00e1vel de recursos. E nem sempre voc\u00ea consegue cobrar&#8221;, destacou o ministro da Fazenda.<\/p><\/blockquote>\n","protected":false},"excerpt":{"rendered":"<p>O governo federal anunciou mecanismo para que hospitais privados e filantr\u00f3picos possam abater d\u00edvidas tribut\u00e1rias com a Uni\u00e3o em troca de atendimento especializado para o Sistema \u00danico de Sa\u00fade (SUS). Unidades de sa\u00fade privadas que n\u00e3o possu\u00edrem d\u00e9bitos tamb\u00e9m poder\u00e3o participar, obtendo cr\u00e9ditos tribut\u00e1rios que poder\u00e3o descontar em impostos. A iniciativa foi anunciada pelos ministros &hellip;<\/p>\n","protected":false},"author":1,"featured_media":5944,"comment_status":"closed","ping_status":"closed","sticky":false,"template":"","format":"standard","meta":{"footnotes":""},"categories":[30],"tags":[],"class_list":["post-5943","post","type-post","status-publish","format-standard","has-post-thumbnail","hentry","category-geral"],"yoast_head":"<!-- This site is optimized with the Yoast SEO plugin v27.4 - https:\/\/yoast.com\/product\/yoast-seo-wordpress\/ -->\n<title>Hospitais privados poder\u00e3o abater d\u00edvidas por atendimento ao SUS - Transam\u00e9rica Mococa 93,3<\/title>\n<meta name=\"robots\" content=\"index, follow, max-snippet:-1, max-image-preview:large, max-video-preview:-1\" \/>\n<link rel=\"canonical\" href=\"https:\/\/transamerica93.com.br\/home\/hospitais-privados-poderao-abater-dividas-por-atendimento-ao-sus\/\" \/>\n<meta property=\"og:locale\" content=\"pt_BR\" \/>\n<meta property=\"og:type\" content=\"article\" \/>\n<meta property=\"og:title\" content=\"Hospitais privados poder\u00e3o abater d\u00edvidas por atendimento ao SUS - Transam\u00e9rica Mococa 93,3\" \/>\n<meta property=\"og:description\" content=\"O governo federal anunciou mecanismo para que hospitais privados e filantr\u00f3picos possam abater d\u00edvidas tribut\u00e1rias com a Uni\u00e3o em troca de atendimento especializado para o Sistema \u00danico de Sa\u00fade (SUS). Unidades de sa\u00fade privadas que n\u00e3o possu\u00edrem d\u00e9bitos tamb\u00e9m poder\u00e3o participar, obtendo cr\u00e9ditos tribut\u00e1rios que poder\u00e3o descontar em impostos. A iniciativa foi anunciada pelos ministros &hellip;\" \/>\n<meta property=\"og:url\" content=\"https:\/\/transamerica93.com.br\/home\/hospitais-privados-poderao-abater-dividas-por-atendimento-ao-sus\/\" \/>\n<meta property=\"og:site_name\" content=\"Transam\u00e9rica Mococa 93,3\" \/>\n<meta property=\"article:publisher\" content=\"https:\/\/www.facebook.com\/transamericamococa\" \/>\n<meta property=\"article:published_time\" content=\"2025-07-22T12:00:30+00:00\" \/>\n<meta property=\"og:image\" content=\"https:\/\/transamerica93.com.br\/home\/wp-content\/uploads\/2025\/06\/Sem-titulo-41.png\" \/>\n\t<meta property=\"og:image:width\" content=\"1170\" \/>\n\t<meta property=\"og:image:height\" content=\"700\" \/>\n\t<meta property=\"og:image:type\" content=\"image\/png\" \/>\n<meta name=\"author\" content=\"Reda\u00e7\u00e3o\" \/>\n<meta name=\"twitter:card\" content=\"summary_large_image\" \/>\n<meta name=\"twitter:creator\" content=\"@transamerica933\" \/>\n<meta name=\"twitter:site\" content=\"@transamerica933\" \/>\n<meta name=\"twitter:label1\" content=\"Escrito por\" \/>\n\t<meta name=\"twitter:data1\" content=\"Reda\u00e7\u00e3o\" \/>\n\t<meta name=\"twitter:label2\" content=\"Est. tempo de leitura\" \/>\n\t<meta name=\"twitter:data2\" content=\"3 minutos\" \/>\n<script type=\"application\/ld+json\" class=\"yoast-schema-graph\">{\"@context\":\"https:\\\/\\\/schema.org\",\"@graph\":[{\"@type\":\"Article\",\"@id\":\"https:\\\/\\\/transamerica93.com.br\\\/home\\\/hospitais-privados-poderao-abater-dividas-por-atendimento-ao-sus\\\/#article\",\"isPartOf\":{\"@id\":\"https:\\\/\\\/transamerica93.com.br\\\/home\\\/hospitais-privados-poderao-abater-dividas-por-atendimento-ao-sus\\\/\"},\"author\":{\"name\":\"Reda\u00e7\u00e3o\",\"@id\":\"https:\\\/\\\/transamerica93.com.br\\\/home\\\/#\\\/schema\\\/person\\\/7fed7c99c0d4562efa8561bc0f543172\"},\"headline\":\"Hospitais privados poder\u00e3o abater d\u00edvidas por atendimento ao SUS\",\"datePublished\":\"2025-07-22T12:00:30+00:00\",\"mainEntityOfPage\":{\"@id\":\"https:\\\/\\\/transamerica93.com.br\\\/home\\\/hospitais-privados-poderao-abater-dividas-por-atendimento-ao-sus\\\/\"},\"wordCount\":501,\"publisher\":{\"@id\":\"https:\\\/\\\/transamerica93.com.br\\\/home\\\/#organization\"},\"image\":{\"@id\":\"https:\\\/\\\/transamerica93.com.br\\\/home\\\/hospitais-privados-poderao-abater-dividas-por-atendimento-ao-sus\\\/#primaryimage\"},\"thumbnailUrl\":\"https:\\\/\\\/transamerica93.com.br\\\/home\\\/wp-content\\\/uploads\\\/2025\\\/06\\\/Sem-titulo-41.png\",\"articleSection\":[\"Geral\"],\"inLanguage\":\"pt-BR\"},{\"@type\":\"WebPage\",\"@id\":\"https:\\\/\\\/transamerica93.com.br\\\/home\\\/hospitais-privados-poderao-abater-dividas-por-atendimento-ao-sus\\\/\",\"url\":\"https:\\\/\\\/transamerica93.com.br\\\/home\\\/hospitais-privados-poderao-abater-dividas-por-atendimento-ao-sus\\\/\",\"name\":\"Hospitais privados poder\u00e3o abater d\u00edvidas por atendimento ao SUS - Transam\u00e9rica Mococa 93,3\",\"isPartOf\":{\"@id\":\"https:\\\/\\\/transamerica93.com.br\\\/home\\\/#website\"},\"primaryImageOfPage\":{\"@id\":\"https:\\\/\\\/transamerica93.com.br\\\/home\\\/hospitais-privados-poderao-abater-dividas-por-atendimento-ao-sus\\\/#primaryimage\"},\"image\":{\"@id\":\"https:\\\/\\\/transamerica93.com.br\\\/home\\\/hospitais-privados-poderao-abater-dividas-por-atendimento-ao-sus\\\/#primaryimage\"},\"thumbnailUrl\":\"https:\\\/\\\/transamerica93.com.br\\\/home\\\/wp-content\\\/uploads\\\/2025\\\/06\\\/Sem-titulo-41.png\",\"datePublished\":\"2025-07-22T12:00:30+00:00\",\"breadcrumb\":{\"@id\":\"https:\\\/\\\/transamerica93.com.br\\\/home\\\/hospitais-privados-poderao-abater-dividas-por-atendimento-ao-sus\\\/#breadcrumb\"},\"inLanguage\":\"pt-BR\",\"potentialAction\":[{\"@type\":\"ReadAction\",\"target\":[\"https:\\\/\\\/transamerica93.com.br\\\/home\\\/hospitais-privados-poderao-abater-dividas-por-atendimento-ao-sus\\\/\"]}]},{\"@type\":\"ImageObject\",\"inLanguage\":\"pt-BR\",\"@id\":\"https:\\\/\\\/transamerica93.com.br\\\/home\\\/hospitais-privados-poderao-abater-dividas-por-atendimento-ao-sus\\\/#primaryimage\",\"url\":\"https:\\\/\\\/transamerica93.com.br\\\/home\\\/wp-content\\\/uploads\\\/2025\\\/06\\\/Sem-titulo-41.png\",\"contentUrl\":\"https:\\\/\\\/transamerica93.com.br\\\/home\\\/wp-content\\\/uploads\\\/2025\\\/06\\\/Sem-titulo-41.png\",\"width\":1170,\"height\":700,\"caption\":\"\u00a9 Antonio Cruz\\\/Ag\u00eancia Brasil\"},{\"@type\":\"BreadcrumbList\",\"@id\":\"https:\\\/\\\/transamerica93.com.br\\\/home\\\/hospitais-privados-poderao-abater-dividas-por-atendimento-ao-sus\\\/#breadcrumb\",\"itemListElement\":[{\"@type\":\"ListItem\",\"position\":1,\"name\":\"In\u00edcio\",\"item\":\"https:\\\/\\\/transamerica93.com.br\\\/home\\\/\"},{\"@type\":\"ListItem\",\"position\":2,\"name\":\"Hospitais privados poder\u00e3o abater d\u00edvidas por atendimento ao SUS\"}]},{\"@type\":\"WebSite\",\"@id\":\"https:\\\/\\\/transamerica93.com.br\\\/home\\\/#website\",\"url\":\"https:\\\/\\\/transamerica93.com.br\\\/home\\\/\",\"name\":\"Transam\u00e9rica Mococa 93,3\",\"description\":\"\",\"publisher\":{\"@id\":\"https:\\\/\\\/transamerica93.com.br\\\/home\\\/#organization\"},\"potentialAction\":[{\"@type\":\"SearchAction\",\"target\":{\"@type\":\"EntryPoint\",\"urlTemplate\":\"https:\\\/\\\/transamerica93.com.br\\\/home\\\/?s={search_term_string}\"},\"query-input\":{\"@type\":\"PropertyValueSpecification\",\"valueRequired\":true,\"valueName\":\"search_term_string\"}}],\"inLanguage\":\"pt-BR\"},{\"@type\":\"Organization\",\"@id\":\"https:\\\/\\\/transamerica93.com.br\\\/home\\\/#organization\",\"name\":\"Transam\u00e9rica Mococa 93,3\",\"url\":\"https:\\\/\\\/transamerica93.com.br\\\/home\\\/\",\"logo\":{\"@type\":\"ImageObject\",\"inLanguage\":\"pt-BR\",\"@id\":\"https:\\\/\\\/transamerica93.com.br\\\/home\\\/#\\\/schema\\\/logo\\\/image\\\/\",\"url\":\"https:\\\/\\\/transamerica93.com.br\\\/home\\\/wp-content\\\/uploads\\\/2023\\\/10\\\/logo2.png\",\"contentUrl\":\"https:\\\/\\\/transamerica93.com.br\\\/home\\\/wp-content\\\/uploads\\\/2023\\\/10\\\/logo2.png\",\"width\":800,\"height\":500,\"caption\":\"Transam\u00e9rica Mococa 93,3\"},\"image\":{\"@id\":\"https:\\\/\\\/transamerica93.com.br\\\/home\\\/#\\\/schema\\\/logo\\\/image\\\/\"},\"sameAs\":[\"https:\\\/\\\/www.facebook.com\\\/transamericamococa\",\"https:\\\/\\\/x.com\\\/transamerica933\",\"https:\\\/\\\/www.instagram.com\\\/transamericamococa\"]},{\"@type\":\"Person\",\"@id\":\"https:\\\/\\\/transamerica93.com.br\\\/home\\\/#\\\/schema\\\/person\\\/7fed7c99c0d4562efa8561bc0f543172\",\"name\":\"Reda\u00e7\u00e3o\",\"image\":{\"@type\":\"ImageObject\",\"inLanguage\":\"pt-BR\",\"@id\":\"https:\\\/\\\/secure.gravatar.com\\\/avatar\\\/1072c6b775fb02ef8506ce967551d95926669a6b7d2c2147b42eea4d7c68395e?s=96&d=mm&r=g\",\"url\":\"https:\\\/\\\/secure.gravatar.com\\\/avatar\\\/1072c6b775fb02ef8506ce967551d95926669a6b7d2c2147b42eea4d7c68395e?s=96&d=mm&r=g\",\"contentUrl\":\"https:\\\/\\\/secure.gravatar.com\\\/avatar\\\/1072c6b775fb02ef8506ce967551d95926669a6b7d2c2147b42eea4d7c68395e?s=96&d=mm&r=g\",\"caption\":\"Reda\u00e7\u00e3o\"},\"sameAs\":[\"https:\\\/\\\/transamerica93.com.br\\\/home\"],\"url\":\"https:\\\/\\\/transamerica93.com.br\\\/home\\\/author\\\/william\\\/\"}]}<\/script>\n<!-- \/ Yoast SEO plugin. -->","yoast_head_json":{"title":"Hospitais privados poder\u00e3o abater d\u00edvidas por atendimento ao SUS - Transam\u00e9rica Mococa 93,3","robots":{"index":"index","follow":"follow","max-snippet":"max-snippet:-1","max-image-preview":"max-image-preview:large","max-video-preview":"max-video-preview:-1"},"canonical":"https:\/\/transamerica93.com.br\/home\/hospitais-privados-poderao-abater-dividas-por-atendimento-ao-sus\/","og_locale":"pt_BR","og_type":"article","og_title":"Hospitais privados poder\u00e3o abater d\u00edvidas por atendimento ao SUS - Transam\u00e9rica Mococa 93,3","og_description":"O governo federal anunciou mecanismo para que hospitais privados e filantr\u00f3picos possam abater d\u00edvidas tribut\u00e1rias com a Uni\u00e3o em troca de atendimento especializado para o Sistema \u00danico de Sa\u00fade (SUS). Unidades de sa\u00fade privadas que n\u00e3o possu\u00edrem d\u00e9bitos tamb\u00e9m poder\u00e3o participar, obtendo cr\u00e9ditos tribut\u00e1rios que poder\u00e3o descontar em impostos. A iniciativa foi anunciada pelos ministros &hellip;","og_url":"https:\/\/transamerica93.com.br\/home\/hospitais-privados-poderao-abater-dividas-por-atendimento-ao-sus\/","og_site_name":"Transam\u00e9rica Mococa 93,3","article_publisher":"https:\/\/www.facebook.com\/transamericamococa","article_published_time":"2025-07-22T12:00:30+00:00","og_image":[{"width":1170,"height":700,"url":"https:\/\/transamerica93.com.br\/home\/wp-content\/uploads\/2025\/06\/Sem-titulo-41.png","type":"image\/png"}],"author":"Reda\u00e7\u00e3o","twitter_card":"summary_large_image","twitter_creator":"@transamerica933","twitter_site":"@transamerica933","twitter_misc":{"Escrito por":"Reda\u00e7\u00e3o","Est. tempo de leitura":"3 minutos"},"schema":{"@context":"https:\/\/schema.org","@graph":[{"@type":"Article","@id":"https:\/\/transamerica93.com.br\/home\/hospitais-privados-poderao-abater-dividas-por-atendimento-ao-sus\/#article","isPartOf":{"@id":"https:\/\/transamerica93.com.br\/home\/hospitais-privados-poderao-abater-dividas-por-atendimento-ao-sus\/"},"author":{"name":"Reda\u00e7\u00e3o","@id":"https:\/\/transamerica93.com.br\/home\/#\/schema\/person\/7fed7c99c0d4562efa8561bc0f543172"},"headline":"Hospitais privados poder\u00e3o abater d\u00edvidas por atendimento ao SUS","datePublished":"2025-07-22T12:00:30+00:00","mainEntityOfPage":{"@id":"https:\/\/transamerica93.com.br\/home\/hospitais-privados-poderao-abater-dividas-por-atendimento-ao-sus\/"},"wordCount":501,"publisher":{"@id":"https:\/\/transamerica93.com.br\/home\/#organization"},"image":{"@id":"https:\/\/transamerica93.com.br\/home\/hospitais-privados-poderao-abater-dividas-por-atendimento-ao-sus\/#primaryimage"},"thumbnailUrl":"https:\/\/transamerica93.com.br\/home\/wp-content\/uploads\/2025\/06\/Sem-titulo-41.png","articleSection":["Geral"],"inLanguage":"pt-BR"},{"@type":"WebPage","@id":"https:\/\/transamerica93.com.br\/home\/hospitais-privados-poderao-abater-dividas-por-atendimento-ao-sus\/","url":"https:\/\/transamerica93.com.br\/home\/hospitais-privados-poderao-abater-dividas-por-atendimento-ao-sus\/","name":"Hospitais privados poder\u00e3o abater d\u00edvidas por atendimento ao SUS - Transam\u00e9rica Mococa 93,3","isPartOf":{"@id":"https:\/\/transamerica93.com.br\/home\/#website"},"primaryImageOfPage":{"@id":"https:\/\/transamerica93.com.br\/home\/hospitais-privados-poderao-abater-dividas-por-atendimento-ao-sus\/#primaryimage"},"image":{"@id":"https:\/\/transamerica93.com.br\/home\/hospitais-privados-poderao-abater-dividas-por-atendimento-ao-sus\/#primaryimage"},"thumbnailUrl":"https:\/\/transamerica93.com.br\/home\/wp-content\/uploads\/2025\/06\/Sem-titulo-41.png","datePublished":"2025-07-22T12:00:30+00:00","breadcrumb":{"@id":"https:\/\/transamerica93.com.br\/home\/hospitais-privados-poderao-abater-dividas-por-atendimento-ao-sus\/#breadcrumb"},"inLanguage":"pt-BR","potentialAction":[{"@type":"ReadAction","target":["https:\/\/transamerica93.com.br\/home\/hospitais-privados-poderao-abater-dividas-por-atendimento-ao-sus\/"]}]},{"@type":"ImageObject","inLanguage":"pt-BR","@id":"https:\/\/transamerica93.com.br\/home\/hospitais-privados-poderao-abater-dividas-por-atendimento-ao-sus\/#primaryimage","url":"https:\/\/transamerica93.com.br\/home\/wp-content\/uploads\/2025\/06\/Sem-titulo-41.png","contentUrl":"https:\/\/transamerica93.com.br\/home\/wp-content\/uploads\/2025\/06\/Sem-titulo-41.png","width":1170,"height":700,"caption":"\u00a9 Antonio Cruz\/Ag\u00eancia Brasil"},{"@type":"BreadcrumbList","@id":"https:\/\/transamerica93.com.br\/home\/hospitais-privados-poderao-abater-dividas-por-atendimento-ao-sus\/#breadcrumb","itemListElement":[{"@type":"ListItem","position":1,"name":"In\u00edcio","item":"https:\/\/transamerica93.com.br\/home\/"},{"@type":"ListItem","position":2,"name":"Hospitais privados poder\u00e3o abater d\u00edvidas por atendimento ao SUS"}]},{"@type":"WebSite","@id":"https:\/\/transamerica93.com.br\/home\/#website","url":"https:\/\/transamerica93.com.br\/home\/","name":"Transam\u00e9rica Mococa 93,3","description":"","publisher":{"@id":"https:\/\/transamerica93.com.br\/home\/#organization"},"potentialAction":[{"@type":"SearchAction","target":{"@type":"EntryPoint","urlTemplate":"https:\/\/transamerica93.com.br\/home\/?s={search_term_string}"},"query-input":{"@type":"PropertyValueSpecification","valueRequired":true,"valueName":"search_term_string"}}],"inLanguage":"pt-BR"},{"@type":"Organization","@id":"https:\/\/transamerica93.com.br\/home\/#organization","name":"Transam\u00e9rica Mococa 93,3","url":"https:\/\/transamerica93.com.br\/home\/","logo":{"@type":"ImageObject","inLanguage":"pt-BR","@id":"https:\/\/transamerica93.com.br\/home\/#\/schema\/logo\/image\/","url":"https:\/\/transamerica93.com.br\/home\/wp-content\/uploads\/2023\/10\/logo2.png","contentUrl":"https:\/\/transamerica93.com.br\/home\/wp-content\/uploads\/2023\/10\/logo2.png","width":800,"height":500,"caption":"Transam\u00e9rica Mococa 93,3"},"image":{"@id":"https:\/\/transamerica93.com.br\/home\/#\/schema\/logo\/image\/"},"sameAs":["https:\/\/www.facebook.com\/transamericamococa","https:\/\/x.com\/transamerica933","https:\/\/www.instagram.com\/transamericamococa"]},{"@type":"Person","@id":"https:\/\/transamerica93.com.br\/home\/#\/schema\/person\/7fed7c99c0d4562efa8561bc0f543172","name":"Reda\u00e7\u00e3o","image":{"@type":"ImageObject","inLanguage":"pt-BR","@id":"https:\/\/secure.gravatar.com\/avatar\/1072c6b775fb02ef8506ce967551d95926669a6b7d2c2147b42eea4d7c68395e?s=96&d=mm&r=g","url":"https:\/\/secure.gravatar.com\/avatar\/1072c6b775fb02ef8506ce967551d95926669a6b7d2c2147b42eea4d7c68395e?s=96&d=mm&r=g","contentUrl":"https:\/\/secure.gravatar.com\/avatar\/1072c6b775fb02ef8506ce967551d95926669a6b7d2c2147b42eea4d7c68395e?s=96&d=mm&r=g","caption":"Reda\u00e7\u00e3o"},"sameAs":["https:\/\/transamerica93.com.br\/home"],"url":"https:\/\/transamerica93.com.br\/home\/author\/william\/"}]}},"_links":{"self":[{"href":"https:\/\/transamerica93.com.br\/home\/wp-json\/wp\/v2\/posts\/5943","targetHints":{"allow":["GET"]}}],"collection":[{"href":"https:\/\/transamerica93.com.br\/home\/wp-json\/wp\/v2\/posts"}],"about":[{"href":"https:\/\/transamerica93.com.br\/home\/wp-json\/wp\/v2\/types\/post"}],"author":[{"embeddable":true,"href":"https:\/\/transamerica93.com.br\/home\/wp-json\/wp\/v2\/users\/1"}],"replies":[{"embeddable":true,"href":"https:\/\/transamerica93.com.br\/home\/wp-json\/wp\/v2\/comments?post=5943"}],"version-history":[{"count":1,"href":"https:\/\/transamerica93.com.br\/home\/wp-json\/wp\/v2\/posts\/5943\/revisions"}],"predecessor-version":[{"id":5945,"href":"https:\/\/transamerica93.com.br\/home\/wp-json\/wp\/v2\/posts\/5943\/revisions\/5945"}],"wp:featuredmedia":[{"embeddable":true,"href":"https:\/\/transamerica93.com.br\/home\/wp-json\/wp\/v2\/media\/5944"}],"wp:attachment":[{"href":"https:\/\/transamerica93.com.br\/home\/wp-json\/wp\/v2\/media?parent=5943"}],"wp:term":[{"taxonomy":"category","embeddable":true,"href":"https:\/\/transamerica93.com.br\/home\/wp-json\/wp\/v2\/categories?post=5943"},{"taxonomy":"post_tag","embeddable":true,"href":"https:\/\/transamerica93.com.br\/home\/wp-json\/wp\/v2\/tags?post=5943"}],"curies":[{"name":"wp","href":"https:\/\/api.w.org\/{rel}","templated":true}]}}