{"id":5946,"date":"2025-07-23T09:00:47","date_gmt":"2025-07-23T12:00:47","guid":{"rendered":"https:\/\/transamerica93.com.br\/home\/?p=5946"},"modified":"2025-06-29T10:09:04","modified_gmt":"2025-06-29T13:09:04","slug":"confira-os-principais-cuidados-a-serem-tomados-ao-fazer-trilhas","status":"publish","type":"post","link":"https:\/\/transamerica93.com.br\/home\/confira-os-principais-cuidados-a-serem-tomados-ao-fazer-trilhas\/","title":{"rendered":"Confira os principais cuidados a serem tomados ao fazer trilhas"},"content":{"rendered":"<p>A\u00a0<a href=\"https:\/\/agenciabrasil.ebc.com.br\/internacional\/noticia\/2025-06\/morre-brasileira-que-caiu-em-trilha-de-vulcao-na-indonesia\" target=\"_blank\" rel=\"noopener\">morte da brasileira Juliana Marins<\/a>, 26 anos, que fazia uma trilha no Monte Rinjani, na Indon\u00e9sia, reacendeu o alerta para cuidados com o chamado turismo de aventura \u2013 sobretudo no que diz respeito a planejamento, seguran\u00e7a, infraestrutura local e condi\u00e7\u00f5es clim\u00e1ticas. Juliana se acidentou na madrugada do \u00faltimo s\u00e1bado (21), quando caiu da borda da cratera de um vulc\u00e3o. O corpo da jovem foi encontrado pelas equipes de resgate ap\u00f3s quatro dias do acidente.<img decoding=\"async\" data-src=\"https:\/\/agenciabrasil.ebc.com.br\/ebc.png?id=1648160&amp;o=node\" src=\"data:image\/svg+xml;base64,PHN2ZyB3aWR0aD0iMSIgaGVpZ2h0PSIxIiB4bWxucz0iaHR0cDovL3d3dy53My5vcmcvMjAwMC9zdmciPjwvc3ZnPg==\" class=\"lazyload\" \/><img decoding=\"async\" data-src=\"https:\/\/agenciabrasil.ebc.com.br\/ebc.gif?id=1648160&amp;o=node\" src=\"data:image\/svg+xml;base64,PHN2ZyB3aWR0aD0iMSIgaGVpZ2h0PSIxIiB4bWxucz0iaHR0cDovL3d3dy53My5vcmcvMjAwMC9zdmciPjwvc3ZnPg==\" class=\"lazyload\" \/><\/p>\n<p>De acordo com a Ag\u00eancia Nacional de Busca e Resgate Indon\u00e9sia (Basarna), a demora em iniciar os trabalhos de busca e salvamento no pr\u00f3prio s\u00e1bado, quando a queda foi registrada, aconteceu porque as equipes s\u00f3 foram avisadas sobre o ocorrido depois que um integrante do grupo que fazia trilha junto com Juliana conseguiu descer at\u00e9 um posto, em uma caminhada que levou horas. Al\u00e9m disso, foram necess\u00e1rias algumas horas at\u00e9 que os resgatistas subissem at\u00e9 o local.<\/p>\n<div class=\"dnd-widget-wrapper context-grande_6colunas type-image atom-align-right\">\n<div class=\"dnd-atom-rendered\"><img decoding=\"async\" class=\"alignright lazyload\" title=\"Rui Faquini\/ICMBio\" data-src=\"https:\/\/imagens.ebc.com.br\/eu1ttfoG7KP6kps-UP5_xBKmg8c=\/463x0\/smart\/https:\/\/agenciabrasil.ebc.com.br\/sites\/default\/files\/thumbnails\/image\/2025\/02\/17\/trilha_ate_cavalcante_go01.jpg?itok=Qi3QZuoV\" alt=\"Bras\u00edlia (DF) 17\/02\/2025 - Grupo realiza jornada para estabelecer trilha at\u00e9 a Chapada dos Veadeiros.\nFoto: Rui Faquini\/ICMBio\" src=\"data:image\/svg+xml;base64,PHN2ZyB3aWR0aD0iMSIgaGVpZ2h0PSIxIiB4bWxucz0iaHR0cDovL3d3dy53My5vcmcvMjAwMC9zdmciPjwvc3ZnPg==\" \/><\/div>\n<div class=\"dnd-caption-wrapper\">\n<h6 class=\"meta\">\u00c9 importante conhecer previamente o percurso de uma trilha e estar sempre acompanhado de algu\u00e9m que conhe\u00e7a a regi\u00e3o.<strong>\u00a0Foto:<\/strong>\u00a0<strong>Rui Faquini\/ICMBio<\/strong><\/h6>\n<\/div>\n<\/div>\n<p>Poucos dias antes da trag\u00e9dia, o Corpo de Bombeiros Militar de Santa Catarina atendeu a duas ocorr\u00eancias de busca e resgate em \u00e1reas de trilha \u2013 uma no Morro do Cambirela, em Palho\u00e7a, e outra no Pico da Teta, em Balne\u00e1rio Cambori\u00fa. Em ambos os casos, as v\u00edtimas se perderam em meio ao percurso. \u201cAs situa\u00e7\u00f5es chamam aten\u00e7\u00e3o para a import\u00e2ncia da preven\u00e7\u00e3o e do planejamento antes de realizar atividades em ambientes de mata fechada e terreno acidentado\u201d, destacou a corpora\u00e7\u00e3o.<\/p>\n<p><a href=\"https:\/\/www.whatsapp.com\/channel\/0029VaoRTgrInlqYLSk59B2M\" target=\"_blank\" rel=\"noopener\">&gt;&gt; Siga o canal da\u00a0<strong>Ag\u00eancia Brasil\u00a0<\/strong>no WhatsApp<\/a><\/p>\n<p>Tamb\u00e9m em junho, o Corpo de Bombeiros Militar da Bahia resgatou duas jovens que se perderam na trilha dos c\u00e2nions do Rio S\u00e3o Francisco, em Paulo Afonso. Com informa\u00e7\u00f5es do Centro Integrado de Comunica\u00e7\u00e3o, os bombeiros conseguiram contato indireto com as v\u00edtimas, que informaram estarem na altura de um bar local. A equipe fez sinais sonoros para facilitar a localiza\u00e7\u00e3o e, ap\u00f3s o envio das coordenadas geogr\u00e1ficas, conseguiu abrir caminho na trilha at\u00e9 chegar \u00e0s v\u00edtimas.<\/p>\n<h2>Cuidados<\/h2>\n<p>Dentre os principais cuidados citados pelas corpora\u00e7\u00f5es diante do aumento de ocorr\u00eancias do tipo est\u00e1 a aten\u00e7\u00e3o \u00e0s condi\u00e7\u00f5es clim\u00e1ticas, que podem se tornar mais adversas em per\u00edodos como o inverno \u2013 sobretudo em locais desconhecidos e durante a noite. A orienta\u00e7\u00e3o \u00e9 optar sempre por trilhas conhecidas e sinalizadas, evitar caminhadas noturnas e informar familiares e amigos sobre o trajeto. Tamb\u00e9m \u00e9 importante estar acompanhado por um guia credenciado.<\/p>\n<p><strong>Confira, a seguir, as principais orienta\u00e7\u00f5es listadas pelas corpora\u00e7\u00f5es:<\/strong><\/p>\n<ul>\n<li>Planejamento: pesquise previamente sobre o percurso, o grau de dificuldade e o tempo estimado e nunca subestimar a trilha.<\/li>\n<li>Previs\u00e3o do tempo: evite sair em dias com previs\u00e3o de chuva, ventos fortes ou baixa visibilidade.<\/li>\n<li>Roupas e cal\u00e7ados adequados: use vestimentas confort\u00e1veis, imperme\u00e1veis e t\u00eanis ou botas apropriadas para terreno irregular;<\/li>\n<li>Hidrata\u00e7\u00e3o e alimenta\u00e7\u00e3o: leve \u00e1gua suficiente e alimentos leves, como frutas, barrinhas de cereal ou prote\u00edna.<\/li>\n<li>Celular carregado: mantenha o celular com bateria cheia e leve carregador port\u00e1til. Em caso de emerg\u00eancia, isso facilita a localiza\u00e7\u00e3o e o resgate.<\/li>\n<li>N\u00e3o trilhe sozinho: evite fazer trilhas sozinho. Informe sempre algu\u00e9m de confian\u00e7a sobre sua rota e hor\u00e1rio previsto de retorno.<\/li>\n<li>Sinaliza\u00e7\u00e3o: siga as trilhas oficiais e respeite a sinaliza\u00e7\u00e3o. Evite atalhos ou rotas desconhecidas.<\/li>\n<li>Emerg\u00eancia: em caso de imprevistos, mantenha a calma, permane\u00e7a no local e acione o corpo de bombeiros por meio do telefone 193.<\/li>\n<\/ul>\n","protected":false},"excerpt":{"rendered":"<p>A\u00a0morte da brasileira Juliana Marins, 26 anos, que fazia uma trilha no Monte Rinjani, na Indon\u00e9sia, reacendeu o alerta para cuidados com o chamado turismo de aventura \u2013 sobretudo no que diz respeito a planejamento, seguran\u00e7a, infraestrutura local e condi\u00e7\u00f5es clim\u00e1ticas. Juliana se acidentou na madrugada do \u00faltimo s\u00e1bado (21), quando caiu da borda da &hellip;<\/p>\n","protected":false},"author":1,"featured_media":5947,"comment_status":"closed","ping_status":"closed","sticky":false,"template":"","format":"standard","meta":{"footnotes":""},"categories":[30],"tags":[],"class_list":["post-5946","post","type-post","status-publish","format-standard","has-post-thumbnail","hentry","category-geral"],"yoast_head":"<!-- This site is optimized with the Yoast SEO plugin v27.4 - https:\/\/yoast.com\/product\/yoast-seo-wordpress\/ -->\n<title>Confira os principais cuidados a serem tomados ao fazer trilhas - Transam\u00e9rica Mococa 93,3<\/title>\n<meta name=\"robots\" content=\"index, follow, max-snippet:-1, max-image-preview:large, max-video-preview:-1\" \/>\n<link rel=\"canonical\" href=\"https:\/\/transamerica93.com.br\/home\/confira-os-principais-cuidados-a-serem-tomados-ao-fazer-trilhas\/\" \/>\n<meta property=\"og:locale\" content=\"pt_BR\" \/>\n<meta property=\"og:type\" content=\"article\" \/>\n<meta property=\"og:title\" content=\"Confira os principais cuidados a serem tomados ao fazer trilhas - Transam\u00e9rica Mococa 93,3\" \/>\n<meta property=\"og:description\" content=\"A\u00a0morte da brasileira Juliana Marins, 26 anos, que fazia uma trilha no Monte Rinjani, na Indon\u00e9sia, reacendeu o alerta para cuidados com o chamado turismo de aventura \u2013 sobretudo no que diz respeito a planejamento, seguran\u00e7a, infraestrutura local e condi\u00e7\u00f5es clim\u00e1ticas. Juliana se acidentou na madrugada do \u00faltimo s\u00e1bado (21), quando caiu da borda da &hellip;\" \/>\n<meta property=\"og:url\" content=\"https:\/\/transamerica93.com.br\/home\/confira-os-principais-cuidados-a-serem-tomados-ao-fazer-trilhas\/\" \/>\n<meta property=\"og:site_name\" content=\"Transam\u00e9rica Mococa 93,3\" \/>\n<meta property=\"article:publisher\" content=\"https:\/\/www.facebook.com\/transamericamococa\" \/>\n<meta property=\"article:published_time\" content=\"2025-07-23T12:00:47+00:00\" \/>\n<meta property=\"og:image\" content=\"https:\/\/transamerica93.com.br\/home\/wp-content\/uploads\/2025\/06\/Sem-titulo-42.png\" \/>\n\t<meta property=\"og:image:width\" content=\"1170\" \/>\n\t<meta property=\"og:image:height\" content=\"700\" \/>\n\t<meta property=\"og:image:type\" content=\"image\/png\" \/>\n<meta name=\"author\" content=\"Reda\u00e7\u00e3o\" \/>\n<meta name=\"twitter:card\" content=\"summary_large_image\" \/>\n<meta name=\"twitter:creator\" content=\"@transamerica933\" \/>\n<meta name=\"twitter:site\" content=\"@transamerica933\" \/>\n<meta name=\"twitter:label1\" content=\"Escrito por\" \/>\n\t<meta name=\"twitter:data1\" content=\"Reda\u00e7\u00e3o\" \/>\n\t<meta name=\"twitter:label2\" content=\"Est. tempo de leitura\" \/>\n\t<meta name=\"twitter:data2\" content=\"4 minutos\" \/>\n<script type=\"application\/ld+json\" class=\"yoast-schema-graph\">{\"@context\":\"https:\\\/\\\/schema.org\",\"@graph\":[{\"@type\":\"Article\",\"@id\":\"https:\\\/\\\/transamerica93.com.br\\\/home\\\/confira-os-principais-cuidados-a-serem-tomados-ao-fazer-trilhas\\\/#article\",\"isPartOf\":{\"@id\":\"https:\\\/\\\/transamerica93.com.br\\\/home\\\/confira-os-principais-cuidados-a-serem-tomados-ao-fazer-trilhas\\\/\"},\"author\":{\"name\":\"Reda\u00e7\u00e3o\",\"@id\":\"https:\\\/\\\/transamerica93.com.br\\\/home\\\/#\\\/schema\\\/person\\\/7fed7c99c0d4562efa8561bc0f543172\"},\"headline\":\"Confira os principais cuidados a serem tomados ao fazer trilhas\",\"datePublished\":\"2025-07-23T12:00:47+00:00\",\"mainEntityOfPage\":{\"@id\":\"https:\\\/\\\/transamerica93.com.br\\\/home\\\/confira-os-principais-cuidados-a-serem-tomados-ao-fazer-trilhas\\\/\"},\"wordCount\":636,\"publisher\":{\"@id\":\"https:\\\/\\\/transamerica93.com.br\\\/home\\\/#organization\"},\"image\":{\"@id\":\"https:\\\/\\\/transamerica93.com.br\\\/home\\\/confira-os-principais-cuidados-a-serem-tomados-ao-fazer-trilhas\\\/#primaryimage\"},\"thumbnailUrl\":\"https:\\\/\\\/transamerica93.com.br\\\/home\\\/wp-content\\\/uploads\\\/2025\\\/06\\\/Sem-titulo-42.png\",\"articleSection\":[\"Geral\"],\"inLanguage\":\"pt-BR\"},{\"@type\":\"WebPage\",\"@id\":\"https:\\\/\\\/transamerica93.com.br\\\/home\\\/confira-os-principais-cuidados-a-serem-tomados-ao-fazer-trilhas\\\/\",\"url\":\"https:\\\/\\\/transamerica93.com.br\\\/home\\\/confira-os-principais-cuidados-a-serem-tomados-ao-fazer-trilhas\\\/\",\"name\":\"Confira os principais cuidados a serem tomados ao fazer trilhas - Transam\u00e9rica Mococa 93,3\",\"isPartOf\":{\"@id\":\"https:\\\/\\\/transamerica93.com.br\\\/home\\\/#website\"},\"primaryImageOfPage\":{\"@id\":\"https:\\\/\\\/transamerica93.com.br\\\/home\\\/confira-os-principais-cuidados-a-serem-tomados-ao-fazer-trilhas\\\/#primaryimage\"},\"image\":{\"@id\":\"https:\\\/\\\/transamerica93.com.br\\\/home\\\/confira-os-principais-cuidados-a-serem-tomados-ao-fazer-trilhas\\\/#primaryimage\"},\"thumbnailUrl\":\"https:\\\/\\\/transamerica93.com.br\\\/home\\\/wp-content\\\/uploads\\\/2025\\\/06\\\/Sem-titulo-42.png\",\"datePublished\":\"2025-07-23T12:00:47+00:00\",\"breadcrumb\":{\"@id\":\"https:\\\/\\\/transamerica93.com.br\\\/home\\\/confira-os-principais-cuidados-a-serem-tomados-ao-fazer-trilhas\\\/#breadcrumb\"},\"inLanguage\":\"pt-BR\",\"potentialAction\":[{\"@type\":\"ReadAction\",\"target\":[\"https:\\\/\\\/transamerica93.com.br\\\/home\\\/confira-os-principais-cuidados-a-serem-tomados-ao-fazer-trilhas\\\/\"]}]},{\"@type\":\"ImageObject\",\"inLanguage\":\"pt-BR\",\"@id\":\"https:\\\/\\\/transamerica93.com.br\\\/home\\\/confira-os-principais-cuidados-a-serem-tomados-ao-fazer-trilhas\\\/#primaryimage\",\"url\":\"https:\\\/\\\/transamerica93.com.br\\\/home\\\/wp-content\\\/uploads\\\/2025\\\/06\\\/Sem-titulo-42.png\",\"contentUrl\":\"https:\\\/\\\/transamerica93.com.br\\\/home\\\/wp-content\\\/uploads\\\/2025\\\/06\\\/Sem-titulo-42.png\",\"width\":1170,\"height\":700,\"caption\":\"\u00a9 Fernando Fraz\u00e3o\\\/Ag\u00eancia Brasil\"},{\"@type\":\"BreadcrumbList\",\"@id\":\"https:\\\/\\\/transamerica93.com.br\\\/home\\\/confira-os-principais-cuidados-a-serem-tomados-ao-fazer-trilhas\\\/#breadcrumb\",\"itemListElement\":[{\"@type\":\"ListItem\",\"position\":1,\"name\":\"In\u00edcio\",\"item\":\"https:\\\/\\\/transamerica93.com.br\\\/home\\\/\"},{\"@type\":\"ListItem\",\"position\":2,\"name\":\"Confira os principais cuidados a serem tomados ao fazer trilhas\"}]},{\"@type\":\"WebSite\",\"@id\":\"https:\\\/\\\/transamerica93.com.br\\\/home\\\/#website\",\"url\":\"https:\\\/\\\/transamerica93.com.br\\\/home\\\/\",\"name\":\"Transam\u00e9rica Mococa 93,3\",\"description\":\"\",\"publisher\":{\"@id\":\"https:\\\/\\\/transamerica93.com.br\\\/home\\\/#organization\"},\"potentialAction\":[{\"@type\":\"SearchAction\",\"target\":{\"@type\":\"EntryPoint\",\"urlTemplate\":\"https:\\\/\\\/transamerica93.com.br\\\/home\\\/?s={search_term_string}\"},\"query-input\":{\"@type\":\"PropertyValueSpecification\",\"valueRequired\":true,\"valueName\":\"search_term_string\"}}],\"inLanguage\":\"pt-BR\"},{\"@type\":\"Organization\",\"@id\":\"https:\\\/\\\/transamerica93.com.br\\\/home\\\/#organization\",\"name\":\"Transam\u00e9rica Mococa 93,3\",\"url\":\"https:\\\/\\\/transamerica93.com.br\\\/home\\\/\",\"logo\":{\"@type\":\"ImageObject\",\"inLanguage\":\"pt-BR\",\"@id\":\"https:\\\/\\\/transamerica93.com.br\\\/home\\\/#\\\/schema\\\/logo\\\/image\\\/\",\"url\":\"https:\\\/\\\/transamerica93.com.br\\\/home\\\/wp-content\\\/uploads\\\/2023\\\/10\\\/logo2.png\",\"contentUrl\":\"https:\\\/\\\/transamerica93.com.br\\\/home\\\/wp-content\\\/uploads\\\/2023\\\/10\\\/logo2.png\",\"width\":800,\"height\":500,\"caption\":\"Transam\u00e9rica Mococa 93,3\"},\"image\":{\"@id\":\"https:\\\/\\\/transamerica93.com.br\\\/home\\\/#\\\/schema\\\/logo\\\/image\\\/\"},\"sameAs\":[\"https:\\\/\\\/www.facebook.com\\\/transamericamococa\",\"https:\\\/\\\/x.com\\\/transamerica933\",\"https:\\\/\\\/www.instagram.com\\\/transamericamococa\"]},{\"@type\":\"Person\",\"@id\":\"https:\\\/\\\/transamerica93.com.br\\\/home\\\/#\\\/schema\\\/person\\\/7fed7c99c0d4562efa8561bc0f543172\",\"name\":\"Reda\u00e7\u00e3o\",\"image\":{\"@type\":\"ImageObject\",\"inLanguage\":\"pt-BR\",\"@id\":\"https:\\\/\\\/secure.gravatar.com\\\/avatar\\\/1072c6b775fb02ef8506ce967551d95926669a6b7d2c2147b42eea4d7c68395e?s=96&d=mm&r=g\",\"url\":\"https:\\\/\\\/secure.gravatar.com\\\/avatar\\\/1072c6b775fb02ef8506ce967551d95926669a6b7d2c2147b42eea4d7c68395e?s=96&d=mm&r=g\",\"contentUrl\":\"https:\\\/\\\/secure.gravatar.com\\\/avatar\\\/1072c6b775fb02ef8506ce967551d95926669a6b7d2c2147b42eea4d7c68395e?s=96&d=mm&r=g\",\"caption\":\"Reda\u00e7\u00e3o\"},\"sameAs\":[\"https:\\\/\\\/transamerica93.com.br\\\/home\"],\"url\":\"https:\\\/\\\/transamerica93.com.br\\\/home\\\/author\\\/william\\\/\"}]}<\/script>\n<!-- \/ Yoast SEO plugin. -->","yoast_head_json":{"title":"Confira os principais cuidados a serem tomados ao fazer trilhas - Transam\u00e9rica Mococa 93,3","robots":{"index":"index","follow":"follow","max-snippet":"max-snippet:-1","max-image-preview":"max-image-preview:large","max-video-preview":"max-video-preview:-1"},"canonical":"https:\/\/transamerica93.com.br\/home\/confira-os-principais-cuidados-a-serem-tomados-ao-fazer-trilhas\/","og_locale":"pt_BR","og_type":"article","og_title":"Confira os principais cuidados a serem tomados ao fazer trilhas - Transam\u00e9rica Mococa 93,3","og_description":"A\u00a0morte da brasileira Juliana Marins, 26 anos, que fazia uma trilha no Monte Rinjani, na Indon\u00e9sia, reacendeu o alerta para cuidados com o chamado turismo de aventura \u2013 sobretudo no que diz respeito a planejamento, seguran\u00e7a, infraestrutura local e condi\u00e7\u00f5es clim\u00e1ticas. Juliana se acidentou na madrugada do \u00faltimo s\u00e1bado (21), quando caiu da borda da &hellip;","og_url":"https:\/\/transamerica93.com.br\/home\/confira-os-principais-cuidados-a-serem-tomados-ao-fazer-trilhas\/","og_site_name":"Transam\u00e9rica Mococa 93,3","article_publisher":"https:\/\/www.facebook.com\/transamericamococa","article_published_time":"2025-07-23T12:00:47+00:00","og_image":[{"width":1170,"height":700,"url":"https:\/\/transamerica93.com.br\/home\/wp-content\/uploads\/2025\/06\/Sem-titulo-42.png","type":"image\/png"}],"author":"Reda\u00e7\u00e3o","twitter_card":"summary_large_image","twitter_creator":"@transamerica933","twitter_site":"@transamerica933","twitter_misc":{"Escrito por":"Reda\u00e7\u00e3o","Est. tempo de leitura":"4 minutos"},"schema":{"@context":"https:\/\/schema.org","@graph":[{"@type":"Article","@id":"https:\/\/transamerica93.com.br\/home\/confira-os-principais-cuidados-a-serem-tomados-ao-fazer-trilhas\/#article","isPartOf":{"@id":"https:\/\/transamerica93.com.br\/home\/confira-os-principais-cuidados-a-serem-tomados-ao-fazer-trilhas\/"},"author":{"name":"Reda\u00e7\u00e3o","@id":"https:\/\/transamerica93.com.br\/home\/#\/schema\/person\/7fed7c99c0d4562efa8561bc0f543172"},"headline":"Confira os principais cuidados a serem tomados ao fazer trilhas","datePublished":"2025-07-23T12:00:47+00:00","mainEntityOfPage":{"@id":"https:\/\/transamerica93.com.br\/home\/confira-os-principais-cuidados-a-serem-tomados-ao-fazer-trilhas\/"},"wordCount":636,"publisher":{"@id":"https:\/\/transamerica93.com.br\/home\/#organization"},"image":{"@id":"https:\/\/transamerica93.com.br\/home\/confira-os-principais-cuidados-a-serem-tomados-ao-fazer-trilhas\/#primaryimage"},"thumbnailUrl":"https:\/\/transamerica93.com.br\/home\/wp-content\/uploads\/2025\/06\/Sem-titulo-42.png","articleSection":["Geral"],"inLanguage":"pt-BR"},{"@type":"WebPage","@id":"https:\/\/transamerica93.com.br\/home\/confira-os-principais-cuidados-a-serem-tomados-ao-fazer-trilhas\/","url":"https:\/\/transamerica93.com.br\/home\/confira-os-principais-cuidados-a-serem-tomados-ao-fazer-trilhas\/","name":"Confira os principais cuidados a serem tomados ao fazer trilhas - Transam\u00e9rica Mococa 93,3","isPartOf":{"@id":"https:\/\/transamerica93.com.br\/home\/#website"},"primaryImageOfPage":{"@id":"https:\/\/transamerica93.com.br\/home\/confira-os-principais-cuidados-a-serem-tomados-ao-fazer-trilhas\/#primaryimage"},"image":{"@id":"https:\/\/transamerica93.com.br\/home\/confira-os-principais-cuidados-a-serem-tomados-ao-fazer-trilhas\/#primaryimage"},"thumbnailUrl":"https:\/\/transamerica93.com.br\/home\/wp-content\/uploads\/2025\/06\/Sem-titulo-42.png","datePublished":"2025-07-23T12:00:47+00:00","breadcrumb":{"@id":"https:\/\/transamerica93.com.br\/home\/confira-os-principais-cuidados-a-serem-tomados-ao-fazer-trilhas\/#breadcrumb"},"inLanguage":"pt-BR","potentialAction":[{"@type":"ReadAction","target":["https:\/\/transamerica93.com.br\/home\/confira-os-principais-cuidados-a-serem-tomados-ao-fazer-trilhas\/"]}]},{"@type":"ImageObject","inLanguage":"pt-BR","@id":"https:\/\/transamerica93.com.br\/home\/confira-os-principais-cuidados-a-serem-tomados-ao-fazer-trilhas\/#primaryimage","url":"https:\/\/transamerica93.com.br\/home\/wp-content\/uploads\/2025\/06\/Sem-titulo-42.png","contentUrl":"https:\/\/transamerica93.com.br\/home\/wp-content\/uploads\/2025\/06\/Sem-titulo-42.png","width":1170,"height":700,"caption":"\u00a9 Fernando Fraz\u00e3o\/Ag\u00eancia Brasil"},{"@type":"BreadcrumbList","@id":"https:\/\/transamerica93.com.br\/home\/confira-os-principais-cuidados-a-serem-tomados-ao-fazer-trilhas\/#breadcrumb","itemListElement":[{"@type":"ListItem","position":1,"name":"In\u00edcio","item":"https:\/\/transamerica93.com.br\/home\/"},{"@type":"ListItem","position":2,"name":"Confira os principais cuidados a serem tomados ao fazer trilhas"}]},{"@type":"WebSite","@id":"https:\/\/transamerica93.com.br\/home\/#website","url":"https:\/\/transamerica93.com.br\/home\/","name":"Transam\u00e9rica Mococa 93,3","description":"","publisher":{"@id":"https:\/\/transamerica93.com.br\/home\/#organization"},"potentialAction":[{"@type":"SearchAction","target":{"@type":"EntryPoint","urlTemplate":"https:\/\/transamerica93.com.br\/home\/?s={search_term_string}"},"query-input":{"@type":"PropertyValueSpecification","valueRequired":true,"valueName":"search_term_string"}}],"inLanguage":"pt-BR"},{"@type":"Organization","@id":"https:\/\/transamerica93.com.br\/home\/#organization","name":"Transam\u00e9rica Mococa 93,3","url":"https:\/\/transamerica93.com.br\/home\/","logo":{"@type":"ImageObject","inLanguage":"pt-BR","@id":"https:\/\/transamerica93.com.br\/home\/#\/schema\/logo\/image\/","url":"https:\/\/transamerica93.com.br\/home\/wp-content\/uploads\/2023\/10\/logo2.png","contentUrl":"https:\/\/transamerica93.com.br\/home\/wp-content\/uploads\/2023\/10\/logo2.png","width":800,"height":500,"caption":"Transam\u00e9rica Mococa 93,3"},"image":{"@id":"https:\/\/transamerica93.com.br\/home\/#\/schema\/logo\/image\/"},"sameAs":["https:\/\/www.facebook.com\/transamericamococa","https:\/\/x.com\/transamerica933","https:\/\/www.instagram.com\/transamericamococa"]},{"@type":"Person","@id":"https:\/\/transamerica93.com.br\/home\/#\/schema\/person\/7fed7c99c0d4562efa8561bc0f543172","name":"Reda\u00e7\u00e3o","image":{"@type":"ImageObject","inLanguage":"pt-BR","@id":"https:\/\/secure.gravatar.com\/avatar\/1072c6b775fb02ef8506ce967551d95926669a6b7d2c2147b42eea4d7c68395e?s=96&d=mm&r=g","url":"https:\/\/secure.gravatar.com\/avatar\/1072c6b775fb02ef8506ce967551d95926669a6b7d2c2147b42eea4d7c68395e?s=96&d=mm&r=g","contentUrl":"https:\/\/secure.gravatar.com\/avatar\/1072c6b775fb02ef8506ce967551d95926669a6b7d2c2147b42eea4d7c68395e?s=96&d=mm&r=g","caption":"Reda\u00e7\u00e3o"},"sameAs":["https:\/\/transamerica93.com.br\/home"],"url":"https:\/\/transamerica93.com.br\/home\/author\/william\/"}]}},"_links":{"self":[{"href":"https:\/\/transamerica93.com.br\/home\/wp-json\/wp\/v2\/posts\/5946","targetHints":{"allow":["GET"]}}],"collection":[{"href":"https:\/\/transamerica93.com.br\/home\/wp-json\/wp\/v2\/posts"}],"about":[{"href":"https:\/\/transamerica93.com.br\/home\/wp-json\/wp\/v2\/types\/post"}],"author":[{"embeddable":true,"href":"https:\/\/transamerica93.com.br\/home\/wp-json\/wp\/v2\/users\/1"}],"replies":[{"embeddable":true,"href":"https:\/\/transamerica93.com.br\/home\/wp-json\/wp\/v2\/comments?post=5946"}],"version-history":[{"count":1,"href":"https:\/\/transamerica93.com.br\/home\/wp-json\/wp\/v2\/posts\/5946\/revisions"}],"predecessor-version":[{"id":5948,"href":"https:\/\/transamerica93.com.br\/home\/wp-json\/wp\/v2\/posts\/5946\/revisions\/5948"}],"wp:featuredmedia":[{"embeddable":true,"href":"https:\/\/transamerica93.com.br\/home\/wp-json\/wp\/v2\/media\/5947"}],"wp:attachment":[{"href":"https:\/\/transamerica93.com.br\/home\/wp-json\/wp\/v2\/media?parent=5946"}],"wp:term":[{"taxonomy":"category","embeddable":true,"href":"https:\/\/transamerica93.com.br\/home\/wp-json\/wp\/v2\/categories?post=5946"},{"taxonomy":"post_tag","embeddable":true,"href":"https:\/\/transamerica93.com.br\/home\/wp-json\/wp\/v2\/tags?post=5946"}],"curies":[{"name":"wp","href":"https:\/\/api.w.org\/{rel}","templated":true}]}}