{"id":5949,"date":"2025-07-24T09:00:20","date_gmt":"2025-07-24T12:00:20","guid":{"rendered":"https:\/\/transamerica93.com.br\/home\/?p=5949"},"modified":"2025-06-29T10:10:38","modified_gmt":"2025-06-29T13:10:38","slug":"queda-de-idosos-pode-ter-consequencias-graves-alertam-especialistas","status":"publish","type":"post","link":"https:\/\/transamerica93.com.br\/home\/queda-de-idosos-pode-ter-consequencias-graves-alertam-especialistas\/","title":{"rendered":"Queda de idosos pode ter consequ\u00eancias graves, alertam especialistas"},"content":{"rendered":"<p><strong>Cerca de 62 mil interna\u00e7\u00f5es de idosos foram registradas nos primeiros quatro meses deste ano no Brasil, ap\u00f3s epis\u00f3dios de queda. Al\u00e9m disso, os atendimentos ambulatoriais &#8211; sem necessidade de interna\u00e7\u00e3o &#8211; passaram de 67 mil.<\/strong><img decoding=\"async\" data-src=\"https:\/\/agenciabrasil.ebc.com.br\/ebc.png?id=1648154&amp;o=node\" src=\"data:image\/svg+xml;base64,PHN2ZyB3aWR0aD0iMSIgaGVpZ2h0PSIxIiB4bWxucz0iaHR0cDovL3d3dy53My5vcmcvMjAwMC9zdmciPjwvc3ZnPg==\" class=\"lazyload\" \/><img decoding=\"async\" data-src=\"https:\/\/agenciabrasil.ebc.com.br\/ebc.gif?id=1648154&amp;o=node\" src=\"data:image\/svg+xml;base64,PHN2ZyB3aWR0aD0iMSIgaGVpZ2h0PSIxIiB4bWxucz0iaHR0cDovL3d3dy53My5vcmcvMjAwMC9zdmciPjwvc3ZnPg==\" class=\"lazyload\" \/><\/p>\n<p>Ao longo de todo o ano de 2024, houve mais de 344 mil atendimentos ou hospitaliza\u00e7\u00f5es. Ao mesmo tempo, 13.385 idosos n\u00e3o resistiram aos ferimentos causados por quedas.<\/p>\n<p>Os dados do Minist\u00e9rio da Sa\u00fade mostram a dimens\u00e3o do problema e refor\u00e7am o alerta escolhido como Dia Mundial de Preven\u00e7\u00e3o de Quedas pela Organiza\u00e7\u00e3o Mundial da Sa\u00fade &#8211; OMS.<\/p>\n<p><strong>\u201cAs quedas representam um risco muito mais grave para pessoas idosas porque, al\u00e9m da maior fragilidade \u00f3ssea, com maior propens\u00e3o a fraturas, como as de quadril, o tempo de recupera\u00e7\u00e3o \u00e9 mais longo e, muitas vezes, pode comprometer de forma definitiva a mobilidade, a independ\u00eancia e a qualidade de vida\u201d, explica a especialista em gerontologia Nubia Queiroz.\u00a0<\/strong><\/p>\n<p><a href=\"https:\/\/www.whatsapp.com\/channel\/0029VaoRTgrInlqYLSk59B2M\" target=\"_blank\" rel=\"noopener\">&gt;&gt; Siga o canal da\u00a0<strong>Ag\u00eancia Brasil\u00a0<\/strong>no WhatsApp<\/a><\/p>\n<h2>Fratura do quadril<\/h2>\n<p>Uma das consequ\u00eancias frequentes mais preocupantes das quedas \u00e9 a fratura no quadril, pois, al\u00e9m da les\u00e3o \u00f3ssea, pode levar a complica\u00e7\u00f5es como infec\u00e7\u00f5es, trombose e pneumonia, elevando o risco de mortalidade, alerta o presidente da Sociedade Brasileira de Trauma Ortop\u00e9dico (SBTO), Robinson Esteves.<\/p>\n<p><strong>Al\u00e9m dos efeitos f\u00edsicos, muitos idosos ficam com medo de cair novamente ap\u00f3s um epis\u00f3dio e, por isso, passam a reduzir suas atividades f\u00edsicas e sociais, acrescenta N\u00fabia.<\/strong>\u00a0Segundo essa especialista, os exerc\u00edcios f\u00edsicos s\u00e3o grandes aliados da preven\u00e7\u00e3o \u00e0s quedas por favorecer o equil\u00edbrio, a for\u00e7a muscular e a flexibilidade.<\/p>\n<p>N\u00fabia tamb\u00e9m ressalta a import\u00e2ncia de adaptar o ambiente dom\u00e9stico conforme a idade vai aumentando: \u201cretirar tapetes soltos, instalar barras de apoio em banheiros, melhorar a ilumina\u00e7\u00e3o e eliminar obst\u00e1culos nos caminhos\u201d.<\/p>\n<p>Tamb\u00e9m \u00e9 essencial manter acompanhamento m\u00e9dico e ter cuidado redobrado com medicamentos que podem causar tonturas ou outros efeitos semelhantes.<\/p>\n<p>Muitas fam\u00edlias tamb\u00e9m t\u00eam recorrido a servi\u00e7os de teleassist\u00eancia, como os sistemas de bot\u00e3o de emerg\u00eancia que o idoso pode acionar caso tenha alguma emerg\u00eancia.<\/p>\n<h2>Pedidos de ajuda<\/h2>\n<p><strong>A m\u00e9dica coordena a Central de Atendimento 24 horas da empresa\u00a0<em>TeleHelp<\/em>\u00a0e diz que &#8211; de janeiro a maio deste ano &#8211; as quedas se tornaram a principal ocorr\u00eancia registrada entre os pacientes. Os pedidos de ajuda subiram de 16% para 23%. Os dados da empresa mostram ainda que a maior parte dos acidentes ocorre no quarto ou no banheiro.<\/strong><\/p>\n<p>Ela acrescenta que essas ferramentas s\u00e3o uma op\u00e7\u00e3o para que os idosos n\u00e3o precisem mudar suas rotinas por causa do risco de quedas. \u201cA autonomia e a independ\u00eancia s\u00e3o fundamentais para o envelhecimento saud\u00e1vel, pois influenciam diretamente o bem-estar emocional, a autoestima e a qualidade de vida\u201d, complementa a especialista em gerontologia.<\/p>\n<p><strong>O presidente da Sociedade Brasileira de Trauma Ortop\u00e9dico, Robinson Esteves, alerta que nenhum epis\u00f3dio de queda entre idosos pode ser minimizado.<\/strong><\/p>\n<blockquote><p>\u00a0\u201cAs quedas em idosos representam um dos maiores desafios para a sa\u00fade p\u00fablica atualmente, em raz\u00e3o das graves consequ\u00eancias para a qualidade de vida dessa popula\u00e7\u00e3o. Mesmo quando a queda parece simples, os riscos de complica\u00e7\u00f5es s\u00e3o altos, principalmente entre os mais velhos. Por isso, todo cuidado \u00e9 pouco, tanto na preven\u00e7\u00e3o quanto no atendimento imediato\u201d, salienta.<\/p><\/blockquote>\n<p>Esteves recomenda que mesmo os casos aparentemente leves devem ser monitorados e o idoso deve ser levado ao servi\u00e7o de sa\u00fade caso apresente hematomas, dificuldade de movimenta\u00e7\u00e3o ou dores. Epis\u00f3dios com perda de consci\u00eancia ou suspeita de fratura exigem socorro m\u00e9dico imediato.<\/p>\n","protected":false},"excerpt":{"rendered":"<p>Cerca de 62 mil interna\u00e7\u00f5es de idosos foram registradas nos primeiros quatro meses deste ano no Brasil, ap\u00f3s epis\u00f3dios de queda. Al\u00e9m disso, os atendimentos ambulatoriais &#8211; sem necessidade de interna\u00e7\u00e3o &#8211; passaram de 67 mil. Ao longo de todo o ano de 2024, houve mais de 344 mil atendimentos ou hospitaliza\u00e7\u00f5es. Ao mesmo tempo, &hellip;<\/p>\n","protected":false},"author":1,"featured_media":5950,"comment_status":"closed","ping_status":"closed","sticky":false,"template":"","format":"standard","meta":{"footnotes":""},"categories":[30],"tags":[],"class_list":["post-5949","post","type-post","status-publish","format-standard","has-post-thumbnail","hentry","category-geral"],"yoast_head":"<!-- This site is optimized with the Yoast SEO plugin v27.4 - https:\/\/yoast.com\/product\/yoast-seo-wordpress\/ -->\n<title>Queda de idosos pode ter consequ\u00eancias graves, alertam especialistas - Transam\u00e9rica Mococa 93,3<\/title>\n<meta name=\"robots\" content=\"index, follow, max-snippet:-1, max-image-preview:large, max-video-preview:-1\" \/>\n<link rel=\"canonical\" href=\"https:\/\/transamerica93.com.br\/home\/queda-de-idosos-pode-ter-consequencias-graves-alertam-especialistas\/\" \/>\n<meta property=\"og:locale\" content=\"pt_BR\" \/>\n<meta property=\"og:type\" content=\"article\" \/>\n<meta property=\"og:title\" content=\"Queda de idosos pode ter consequ\u00eancias graves, alertam especialistas - Transam\u00e9rica Mococa 93,3\" \/>\n<meta property=\"og:description\" content=\"Cerca de 62 mil interna\u00e7\u00f5es de idosos foram registradas nos primeiros quatro meses deste ano no Brasil, ap\u00f3s epis\u00f3dios de queda. Al\u00e9m disso, os atendimentos ambulatoriais &#8211; sem necessidade de interna\u00e7\u00e3o &#8211; passaram de 67 mil. Ao longo de todo o ano de 2024, houve mais de 344 mil atendimentos ou hospitaliza\u00e7\u00f5es. Ao mesmo tempo, &hellip;\" \/>\n<meta property=\"og:url\" content=\"https:\/\/transamerica93.com.br\/home\/queda-de-idosos-pode-ter-consequencias-graves-alertam-especialistas\/\" \/>\n<meta property=\"og:site_name\" content=\"Transam\u00e9rica Mococa 93,3\" \/>\n<meta property=\"article:publisher\" content=\"https:\/\/www.facebook.com\/transamericamococa\" \/>\n<meta property=\"article:published_time\" content=\"2025-07-24T12:00:20+00:00\" \/>\n<meta property=\"og:image\" content=\"https:\/\/transamerica93.com.br\/home\/wp-content\/uploads\/2025\/06\/Sem-titulo-43.png\" \/>\n\t<meta property=\"og:image:width\" content=\"1170\" \/>\n\t<meta property=\"og:image:height\" content=\"700\" \/>\n\t<meta property=\"og:image:type\" content=\"image\/png\" \/>\n<meta name=\"author\" content=\"Reda\u00e7\u00e3o\" \/>\n<meta name=\"twitter:card\" content=\"summary_large_image\" \/>\n<meta name=\"twitter:creator\" content=\"@transamerica933\" \/>\n<meta name=\"twitter:site\" content=\"@transamerica933\" \/>\n<meta name=\"twitter:label1\" content=\"Escrito por\" \/>\n\t<meta name=\"twitter:data1\" content=\"Reda\u00e7\u00e3o\" \/>\n\t<meta name=\"twitter:label2\" content=\"Est. tempo de leitura\" \/>\n\t<meta name=\"twitter:data2\" content=\"4 minutos\" \/>\n<script type=\"application\/ld+json\" class=\"yoast-schema-graph\">{\"@context\":\"https:\\\/\\\/schema.org\",\"@graph\":[{\"@type\":\"Article\",\"@id\":\"https:\\\/\\\/transamerica93.com.br\\\/home\\\/queda-de-idosos-pode-ter-consequencias-graves-alertam-especialistas\\\/#article\",\"isPartOf\":{\"@id\":\"https:\\\/\\\/transamerica93.com.br\\\/home\\\/queda-de-idosos-pode-ter-consequencias-graves-alertam-especialistas\\\/\"},\"author\":{\"name\":\"Reda\u00e7\u00e3o\",\"@id\":\"https:\\\/\\\/transamerica93.com.br\\\/home\\\/#\\\/schema\\\/person\\\/7fed7c99c0d4562efa8561bc0f543172\"},\"headline\":\"Queda de idosos pode ter consequ\u00eancias graves, alertam especialistas\",\"datePublished\":\"2025-07-24T12:00:20+00:00\",\"mainEntityOfPage\":{\"@id\":\"https:\\\/\\\/transamerica93.com.br\\\/home\\\/queda-de-idosos-pode-ter-consequencias-graves-alertam-especialistas\\\/\"},\"wordCount\":647,\"publisher\":{\"@id\":\"https:\\\/\\\/transamerica93.com.br\\\/home\\\/#organization\"},\"image\":{\"@id\":\"https:\\\/\\\/transamerica93.com.br\\\/home\\\/queda-de-idosos-pode-ter-consequencias-graves-alertam-especialistas\\\/#primaryimage\"},\"thumbnailUrl\":\"https:\\\/\\\/transamerica93.com.br\\\/home\\\/wp-content\\\/uploads\\\/2025\\\/06\\\/Sem-titulo-43.png\",\"articleSection\":[\"Geral\"],\"inLanguage\":\"pt-BR\"},{\"@type\":\"WebPage\",\"@id\":\"https:\\\/\\\/transamerica93.com.br\\\/home\\\/queda-de-idosos-pode-ter-consequencias-graves-alertam-especialistas\\\/\",\"url\":\"https:\\\/\\\/transamerica93.com.br\\\/home\\\/queda-de-idosos-pode-ter-consequencias-graves-alertam-especialistas\\\/\",\"name\":\"Queda de idosos pode ter consequ\u00eancias graves, alertam especialistas - Transam\u00e9rica Mococa 93,3\",\"isPartOf\":{\"@id\":\"https:\\\/\\\/transamerica93.com.br\\\/home\\\/#website\"},\"primaryImageOfPage\":{\"@id\":\"https:\\\/\\\/transamerica93.com.br\\\/home\\\/queda-de-idosos-pode-ter-consequencias-graves-alertam-especialistas\\\/#primaryimage\"},\"image\":{\"@id\":\"https:\\\/\\\/transamerica93.com.br\\\/home\\\/queda-de-idosos-pode-ter-consequencias-graves-alertam-especialistas\\\/#primaryimage\"},\"thumbnailUrl\":\"https:\\\/\\\/transamerica93.com.br\\\/home\\\/wp-content\\\/uploads\\\/2025\\\/06\\\/Sem-titulo-43.png\",\"datePublished\":\"2025-07-24T12:00:20+00:00\",\"breadcrumb\":{\"@id\":\"https:\\\/\\\/transamerica93.com.br\\\/home\\\/queda-de-idosos-pode-ter-consequencias-graves-alertam-especialistas\\\/#breadcrumb\"},\"inLanguage\":\"pt-BR\",\"potentialAction\":[{\"@type\":\"ReadAction\",\"target\":[\"https:\\\/\\\/transamerica93.com.br\\\/home\\\/queda-de-idosos-pode-ter-consequencias-graves-alertam-especialistas\\\/\"]}]},{\"@type\":\"ImageObject\",\"inLanguage\":\"pt-BR\",\"@id\":\"https:\\\/\\\/transamerica93.com.br\\\/home\\\/queda-de-idosos-pode-ter-consequencias-graves-alertam-especialistas\\\/#primaryimage\",\"url\":\"https:\\\/\\\/transamerica93.com.br\\\/home\\\/wp-content\\\/uploads\\\/2025\\\/06\\\/Sem-titulo-43.png\",\"contentUrl\":\"https:\\\/\\\/transamerica93.com.br\\\/home\\\/wp-content\\\/uploads\\\/2025\\\/06\\\/Sem-titulo-43.png\",\"width\":1170,\"height\":700,\"caption\":\"\u00a9 Rafa Neddermeyer\\\/Ag\u00eancia Brasil\"},{\"@type\":\"BreadcrumbList\",\"@id\":\"https:\\\/\\\/transamerica93.com.br\\\/home\\\/queda-de-idosos-pode-ter-consequencias-graves-alertam-especialistas\\\/#breadcrumb\",\"itemListElement\":[{\"@type\":\"ListItem\",\"position\":1,\"name\":\"In\u00edcio\",\"item\":\"https:\\\/\\\/transamerica93.com.br\\\/home\\\/\"},{\"@type\":\"ListItem\",\"position\":2,\"name\":\"Queda de idosos pode ter consequ\u00eancias graves, alertam especialistas\"}]},{\"@type\":\"WebSite\",\"@id\":\"https:\\\/\\\/transamerica93.com.br\\\/home\\\/#website\",\"url\":\"https:\\\/\\\/transamerica93.com.br\\\/home\\\/\",\"name\":\"Transam\u00e9rica Mococa 93,3\",\"description\":\"\",\"publisher\":{\"@id\":\"https:\\\/\\\/transamerica93.com.br\\\/home\\\/#organization\"},\"potentialAction\":[{\"@type\":\"SearchAction\",\"target\":{\"@type\":\"EntryPoint\",\"urlTemplate\":\"https:\\\/\\\/transamerica93.com.br\\\/home\\\/?s={search_term_string}\"},\"query-input\":{\"@type\":\"PropertyValueSpecification\",\"valueRequired\":true,\"valueName\":\"search_term_string\"}}],\"inLanguage\":\"pt-BR\"},{\"@type\":\"Organization\",\"@id\":\"https:\\\/\\\/transamerica93.com.br\\\/home\\\/#organization\",\"name\":\"Transam\u00e9rica Mococa 93,3\",\"url\":\"https:\\\/\\\/transamerica93.com.br\\\/home\\\/\",\"logo\":{\"@type\":\"ImageObject\",\"inLanguage\":\"pt-BR\",\"@id\":\"https:\\\/\\\/transamerica93.com.br\\\/home\\\/#\\\/schema\\\/logo\\\/image\\\/\",\"url\":\"https:\\\/\\\/transamerica93.com.br\\\/home\\\/wp-content\\\/uploads\\\/2023\\\/10\\\/logo2.png\",\"contentUrl\":\"https:\\\/\\\/transamerica93.com.br\\\/home\\\/wp-content\\\/uploads\\\/2023\\\/10\\\/logo2.png\",\"width\":800,\"height\":500,\"caption\":\"Transam\u00e9rica Mococa 93,3\"},\"image\":{\"@id\":\"https:\\\/\\\/transamerica93.com.br\\\/home\\\/#\\\/schema\\\/logo\\\/image\\\/\"},\"sameAs\":[\"https:\\\/\\\/www.facebook.com\\\/transamericamococa\",\"https:\\\/\\\/x.com\\\/transamerica933\",\"https:\\\/\\\/www.instagram.com\\\/transamericamococa\"]},{\"@type\":\"Person\",\"@id\":\"https:\\\/\\\/transamerica93.com.br\\\/home\\\/#\\\/schema\\\/person\\\/7fed7c99c0d4562efa8561bc0f543172\",\"name\":\"Reda\u00e7\u00e3o\",\"image\":{\"@type\":\"ImageObject\",\"inLanguage\":\"pt-BR\",\"@id\":\"https:\\\/\\\/secure.gravatar.com\\\/avatar\\\/1072c6b775fb02ef8506ce967551d95926669a6b7d2c2147b42eea4d7c68395e?s=96&d=mm&r=g\",\"url\":\"https:\\\/\\\/secure.gravatar.com\\\/avatar\\\/1072c6b775fb02ef8506ce967551d95926669a6b7d2c2147b42eea4d7c68395e?s=96&d=mm&r=g\",\"contentUrl\":\"https:\\\/\\\/secure.gravatar.com\\\/avatar\\\/1072c6b775fb02ef8506ce967551d95926669a6b7d2c2147b42eea4d7c68395e?s=96&d=mm&r=g\",\"caption\":\"Reda\u00e7\u00e3o\"},\"sameAs\":[\"https:\\\/\\\/transamerica93.com.br\\\/home\"],\"url\":\"https:\\\/\\\/transamerica93.com.br\\\/home\\\/author\\\/william\\\/\"}]}<\/script>\n<!-- \/ Yoast SEO plugin. -->","yoast_head_json":{"title":"Queda de idosos pode ter consequ\u00eancias graves, alertam especialistas - Transam\u00e9rica Mococa 93,3","robots":{"index":"index","follow":"follow","max-snippet":"max-snippet:-1","max-image-preview":"max-image-preview:large","max-video-preview":"max-video-preview:-1"},"canonical":"https:\/\/transamerica93.com.br\/home\/queda-de-idosos-pode-ter-consequencias-graves-alertam-especialistas\/","og_locale":"pt_BR","og_type":"article","og_title":"Queda de idosos pode ter consequ\u00eancias graves, alertam especialistas - Transam\u00e9rica Mococa 93,3","og_description":"Cerca de 62 mil interna\u00e7\u00f5es de idosos foram registradas nos primeiros quatro meses deste ano no Brasil, ap\u00f3s epis\u00f3dios de queda. Al\u00e9m disso, os atendimentos ambulatoriais &#8211; sem necessidade de interna\u00e7\u00e3o &#8211; passaram de 67 mil. Ao longo de todo o ano de 2024, houve mais de 344 mil atendimentos ou hospitaliza\u00e7\u00f5es. Ao mesmo tempo, &hellip;","og_url":"https:\/\/transamerica93.com.br\/home\/queda-de-idosos-pode-ter-consequencias-graves-alertam-especialistas\/","og_site_name":"Transam\u00e9rica Mococa 93,3","article_publisher":"https:\/\/www.facebook.com\/transamericamococa","article_published_time":"2025-07-24T12:00:20+00:00","og_image":[{"width":1170,"height":700,"url":"https:\/\/transamerica93.com.br\/home\/wp-content\/uploads\/2025\/06\/Sem-titulo-43.png","type":"image\/png"}],"author":"Reda\u00e7\u00e3o","twitter_card":"summary_large_image","twitter_creator":"@transamerica933","twitter_site":"@transamerica933","twitter_misc":{"Escrito por":"Reda\u00e7\u00e3o","Est. tempo de leitura":"4 minutos"},"schema":{"@context":"https:\/\/schema.org","@graph":[{"@type":"Article","@id":"https:\/\/transamerica93.com.br\/home\/queda-de-idosos-pode-ter-consequencias-graves-alertam-especialistas\/#article","isPartOf":{"@id":"https:\/\/transamerica93.com.br\/home\/queda-de-idosos-pode-ter-consequencias-graves-alertam-especialistas\/"},"author":{"name":"Reda\u00e7\u00e3o","@id":"https:\/\/transamerica93.com.br\/home\/#\/schema\/person\/7fed7c99c0d4562efa8561bc0f543172"},"headline":"Queda de idosos pode ter consequ\u00eancias graves, alertam especialistas","datePublished":"2025-07-24T12:00:20+00:00","mainEntityOfPage":{"@id":"https:\/\/transamerica93.com.br\/home\/queda-de-idosos-pode-ter-consequencias-graves-alertam-especialistas\/"},"wordCount":647,"publisher":{"@id":"https:\/\/transamerica93.com.br\/home\/#organization"},"image":{"@id":"https:\/\/transamerica93.com.br\/home\/queda-de-idosos-pode-ter-consequencias-graves-alertam-especialistas\/#primaryimage"},"thumbnailUrl":"https:\/\/transamerica93.com.br\/home\/wp-content\/uploads\/2025\/06\/Sem-titulo-43.png","articleSection":["Geral"],"inLanguage":"pt-BR"},{"@type":"WebPage","@id":"https:\/\/transamerica93.com.br\/home\/queda-de-idosos-pode-ter-consequencias-graves-alertam-especialistas\/","url":"https:\/\/transamerica93.com.br\/home\/queda-de-idosos-pode-ter-consequencias-graves-alertam-especialistas\/","name":"Queda de idosos pode ter consequ\u00eancias graves, alertam especialistas - Transam\u00e9rica Mococa 93,3","isPartOf":{"@id":"https:\/\/transamerica93.com.br\/home\/#website"},"primaryImageOfPage":{"@id":"https:\/\/transamerica93.com.br\/home\/queda-de-idosos-pode-ter-consequencias-graves-alertam-especialistas\/#primaryimage"},"image":{"@id":"https:\/\/transamerica93.com.br\/home\/queda-de-idosos-pode-ter-consequencias-graves-alertam-especialistas\/#primaryimage"},"thumbnailUrl":"https:\/\/transamerica93.com.br\/home\/wp-content\/uploads\/2025\/06\/Sem-titulo-43.png","datePublished":"2025-07-24T12:00:20+00:00","breadcrumb":{"@id":"https:\/\/transamerica93.com.br\/home\/queda-de-idosos-pode-ter-consequencias-graves-alertam-especialistas\/#breadcrumb"},"inLanguage":"pt-BR","potentialAction":[{"@type":"ReadAction","target":["https:\/\/transamerica93.com.br\/home\/queda-de-idosos-pode-ter-consequencias-graves-alertam-especialistas\/"]}]},{"@type":"ImageObject","inLanguage":"pt-BR","@id":"https:\/\/transamerica93.com.br\/home\/queda-de-idosos-pode-ter-consequencias-graves-alertam-especialistas\/#primaryimage","url":"https:\/\/transamerica93.com.br\/home\/wp-content\/uploads\/2025\/06\/Sem-titulo-43.png","contentUrl":"https:\/\/transamerica93.com.br\/home\/wp-content\/uploads\/2025\/06\/Sem-titulo-43.png","width":1170,"height":700,"caption":"\u00a9 Rafa Neddermeyer\/Ag\u00eancia Brasil"},{"@type":"BreadcrumbList","@id":"https:\/\/transamerica93.com.br\/home\/queda-de-idosos-pode-ter-consequencias-graves-alertam-especialistas\/#breadcrumb","itemListElement":[{"@type":"ListItem","position":1,"name":"In\u00edcio","item":"https:\/\/transamerica93.com.br\/home\/"},{"@type":"ListItem","position":2,"name":"Queda de idosos pode ter consequ\u00eancias graves, alertam especialistas"}]},{"@type":"WebSite","@id":"https:\/\/transamerica93.com.br\/home\/#website","url":"https:\/\/transamerica93.com.br\/home\/","name":"Transam\u00e9rica Mococa 93,3","description":"","publisher":{"@id":"https:\/\/transamerica93.com.br\/home\/#organization"},"potentialAction":[{"@type":"SearchAction","target":{"@type":"EntryPoint","urlTemplate":"https:\/\/transamerica93.com.br\/home\/?s={search_term_string}"},"query-input":{"@type":"PropertyValueSpecification","valueRequired":true,"valueName":"search_term_string"}}],"inLanguage":"pt-BR"},{"@type":"Organization","@id":"https:\/\/transamerica93.com.br\/home\/#organization","name":"Transam\u00e9rica Mococa 93,3","url":"https:\/\/transamerica93.com.br\/home\/","logo":{"@type":"ImageObject","inLanguage":"pt-BR","@id":"https:\/\/transamerica93.com.br\/home\/#\/schema\/logo\/image\/","url":"https:\/\/transamerica93.com.br\/home\/wp-content\/uploads\/2023\/10\/logo2.png","contentUrl":"https:\/\/transamerica93.com.br\/home\/wp-content\/uploads\/2023\/10\/logo2.png","width":800,"height":500,"caption":"Transam\u00e9rica Mococa 93,3"},"image":{"@id":"https:\/\/transamerica93.com.br\/home\/#\/schema\/logo\/image\/"},"sameAs":["https:\/\/www.facebook.com\/transamericamococa","https:\/\/x.com\/transamerica933","https:\/\/www.instagram.com\/transamericamococa"]},{"@type":"Person","@id":"https:\/\/transamerica93.com.br\/home\/#\/schema\/person\/7fed7c99c0d4562efa8561bc0f543172","name":"Reda\u00e7\u00e3o","image":{"@type":"ImageObject","inLanguage":"pt-BR","@id":"https:\/\/secure.gravatar.com\/avatar\/1072c6b775fb02ef8506ce967551d95926669a6b7d2c2147b42eea4d7c68395e?s=96&d=mm&r=g","url":"https:\/\/secure.gravatar.com\/avatar\/1072c6b775fb02ef8506ce967551d95926669a6b7d2c2147b42eea4d7c68395e?s=96&d=mm&r=g","contentUrl":"https:\/\/secure.gravatar.com\/avatar\/1072c6b775fb02ef8506ce967551d95926669a6b7d2c2147b42eea4d7c68395e?s=96&d=mm&r=g","caption":"Reda\u00e7\u00e3o"},"sameAs":["https:\/\/transamerica93.com.br\/home"],"url":"https:\/\/transamerica93.com.br\/home\/author\/william\/"}]}},"_links":{"self":[{"href":"https:\/\/transamerica93.com.br\/home\/wp-json\/wp\/v2\/posts\/5949","targetHints":{"allow":["GET"]}}],"collection":[{"href":"https:\/\/transamerica93.com.br\/home\/wp-json\/wp\/v2\/posts"}],"about":[{"href":"https:\/\/transamerica93.com.br\/home\/wp-json\/wp\/v2\/types\/post"}],"author":[{"embeddable":true,"href":"https:\/\/transamerica93.com.br\/home\/wp-json\/wp\/v2\/users\/1"}],"replies":[{"embeddable":true,"href":"https:\/\/transamerica93.com.br\/home\/wp-json\/wp\/v2\/comments?post=5949"}],"version-history":[{"count":1,"href":"https:\/\/transamerica93.com.br\/home\/wp-json\/wp\/v2\/posts\/5949\/revisions"}],"predecessor-version":[{"id":5951,"href":"https:\/\/transamerica93.com.br\/home\/wp-json\/wp\/v2\/posts\/5949\/revisions\/5951"}],"wp:featuredmedia":[{"embeddable":true,"href":"https:\/\/transamerica93.com.br\/home\/wp-json\/wp\/v2\/media\/5950"}],"wp:attachment":[{"href":"https:\/\/transamerica93.com.br\/home\/wp-json\/wp\/v2\/media?parent=5949"}],"wp:term":[{"taxonomy":"category","embeddable":true,"href":"https:\/\/transamerica93.com.br\/home\/wp-json\/wp\/v2\/categories?post=5949"},{"taxonomy":"post_tag","embeddable":true,"href":"https:\/\/transamerica93.com.br\/home\/wp-json\/wp\/v2\/tags?post=5949"}],"curies":[{"name":"wp","href":"https:\/\/api.w.org\/{rel}","templated":true}]}}