{"id":5965,"date":"2025-07-24T12:00:11","date_gmt":"2025-07-24T15:00:11","guid":{"rendered":"https:\/\/transamerica93.com.br\/home\/?p=5965"},"modified":"2025-06-29T10:45:55","modified_gmt":"2025-06-29T13:45:55","slug":"novo-codigo-disciplinar-da-fifa-endurece-punicoes-em-casos-de-racismo","status":"publish","type":"post","link":"https:\/\/transamerica93.com.br\/home\/novo-codigo-disciplinar-da-fifa-endurece-punicoes-em-casos-de-racismo\/","title":{"rendered":"Novo C\u00f3digo Disciplinar da Fifa endurece puni\u00e7\u00f5es em casos de racismo"},"content":{"rendered":"<p>A Fifa publicou o novo <a href=\"https:\/\/digitalhub.fifa.com\/m\/6094262690de769\/original\/FIFA-Disciplinary-Code-2025.pdf\"><strong>C\u00f3digo Disciplinar,<\/strong><\/a>\u00a0que torna mais severas as puni\u00e7\u00f5es e multas em casos de racismo ou discrimina\u00e7\u00e3o no futebol.\u00a0<a href=\"https:\/\/agenciabrasil.ebc.com.br\/esportes\/noticia\/2024-05\/fifa-propoe-sancoes-contra-o-racismo-incluindo-suspensao-da-partida\"><strong>O documento foi aprovado por unanimidade por 211 Associa\u00e7\u00f5es-Membro<\/strong>,<\/a>\u00a0durante o Conselho da entidade, em Bangkok (Tail\u00e2ndia), no \u00faltimo dia 17. Entre as altera\u00e7\u00f5es, est\u00e1 o aumento do valor m\u00e1ximo da multa, que poder\u00e1 chegar a 5 milh\u00f5es de francos su\u00ed\u00e7os \u2013 o equivalente a R$ 34 milh\u00f5es. As penas tamb\u00e9m ficaram mais rigorosas: federa\u00e7\u00f5es e clubes poder\u00e3o perder pontos e ser expulsos de competi\u00e7\u00f5es em decorr\u00eancia de situa\u00e7\u00f5es de racismo.<img decoding=\"async\" data-src=\"https:\/\/agenciabrasil.ebc.com.br\/ebc.png?id=1644846&amp;o=node\" src=\"data:image\/svg+xml;base64,PHN2ZyB3aWR0aD0iMSIgaGVpZ2h0PSIxIiB4bWxucz0iaHR0cDovL3d3dy53My5vcmcvMjAwMC9zdmciPjwvc3ZnPg==\" class=\"lazyload\" \/><img decoding=\"async\" data-src=\"https:\/\/agenciabrasil.ebc.com.br\/ebc.gif?id=1644846&amp;o=node\" src=\"data:image\/svg+xml;base64,PHN2ZyB3aWR0aD0iMSIgaGVpZ2h0PSIxIiB4bWxucz0iaHR0cDovL3d3dy53My5vcmcvMjAwMC9zdmciPjwvc3ZnPg==\" class=\"lazyload\" \/><\/p>\n<p>Outra inova\u00e7\u00e3o est\u00e1 inclusa no artigo 15 do novo C\u00f3digo, intitulado \u201cDiscrimina\u00e7\u00e3o e Racismo\u201d, que incrementa o protocolo criado no ano passado. Antes o \u00e1rbitro deveria sinalizar casos de racismo, adotando tr\u00eas regras: parar o jogo, suspender a partida e, em \u00faltimo caso, encerrar o confronto. Agora, com o novo C\u00f3digo, qualquer jogador ou integrante das equipes pode informar ao \u00e1rbitro, caso tenha sido vitima de racismo, para que o juiz\u00a0aplique imediatamente o protocolo. Em caso de continuidade das ofensas, a partida pode ser paralisada ou, at\u00e9 mesmo, encerrada pelo \u00e1rbitro.<\/p>\n<p>O presidente da Fifa, Gianni Infantino, reitera\u00a0que a entidade est\u00e1 empenhada em combater casos de discrimina\u00e7\u00e3o.<\/p>\n<blockquote><p>&#8220;Racismo n\u00e3o \u00e9 s\u00f3 um problema para atacar no futebol, racismo \u00e9 simplesmente um crime. E por isso estamos trabalhando com diferentes governos e com a ONU para ter certeza de que a luta contra o racismo esteja inserida na legisla\u00e7\u00e3o criminal de cada pa\u00eds do mundo&#8221;, defendeu o dirigente durante o Congresso da entidade em Assun\u00e7\u00e3o (Paraguai), no \u00faltimo dia 15.<\/p><\/blockquote>\n<p>O C\u00f3digo Disciplinar publicado hoje (29) tamb\u00e9m amplia o poder da Fifa. A entidade se reseva o direito de \u201cinterpor recurso ao Tribunal Arbitral do Esporte (CAS) contra decis\u00f5es em casos de abuso racista, bem como de intervir nos casos em que uma Associa\u00e7\u00e3o-Membro n\u00e3o investigar adequadamente os incidentes de racismo e processar o(s) infrator(es)&#8221;.<\/p>\n","protected":false},"excerpt":{"rendered":"<p>A Fifa publicou o novo C\u00f3digo Disciplinar,\u00a0que torna mais severas as puni\u00e7\u00f5es e multas em casos de racismo ou discrimina\u00e7\u00e3o no futebol.\u00a0O documento foi aprovado por unanimidade por 211 Associa\u00e7\u00f5es-Membro,\u00a0durante o Conselho da entidade, em Bangkok (Tail\u00e2ndia), no \u00faltimo dia 17. Entre as altera\u00e7\u00f5es, est\u00e1 o aumento do valor m\u00e1ximo da multa, que poder\u00e1 chegar &hellip;<\/p>\n","protected":false},"author":1,"featured_media":5966,"comment_status":"closed","ping_status":"closed","sticky":false,"template":"","format":"standard","meta":{"footnotes":""},"categories":[31],"tags":[],"class_list":["post-5965","post","type-post","status-publish","format-standard","has-post-thumbnail","hentry","category-esportes"],"yoast_head":"<!-- This site is optimized with the Yoast SEO plugin v27.4 - https:\/\/yoast.com\/product\/yoast-seo-wordpress\/ -->\n<title>Novo C\u00f3digo Disciplinar da Fifa endurece puni\u00e7\u00f5es em casos de racismo - Transam\u00e9rica Mococa 93,3<\/title>\n<meta name=\"robots\" content=\"index, follow, max-snippet:-1, max-image-preview:large, max-video-preview:-1\" \/>\n<link rel=\"canonical\" href=\"https:\/\/transamerica93.com.br\/home\/novo-codigo-disciplinar-da-fifa-endurece-punicoes-em-casos-de-racismo\/\" \/>\n<meta property=\"og:locale\" content=\"pt_BR\" \/>\n<meta property=\"og:type\" content=\"article\" \/>\n<meta property=\"og:title\" content=\"Novo C\u00f3digo Disciplinar da Fifa endurece puni\u00e7\u00f5es em casos de racismo - Transam\u00e9rica Mococa 93,3\" \/>\n<meta property=\"og:description\" content=\"A Fifa publicou o novo C\u00f3digo Disciplinar,\u00a0que torna mais severas as puni\u00e7\u00f5es e multas em casos de racismo ou discrimina\u00e7\u00e3o no futebol.\u00a0O documento foi aprovado por unanimidade por 211 Associa\u00e7\u00f5es-Membro,\u00a0durante o Conselho da entidade, em Bangkok (Tail\u00e2ndia), no \u00faltimo dia 17. Entre as altera\u00e7\u00f5es, est\u00e1 o aumento do valor m\u00e1ximo da multa, que poder\u00e1 chegar &hellip;\" \/>\n<meta property=\"og:url\" content=\"https:\/\/transamerica93.com.br\/home\/novo-codigo-disciplinar-da-fifa-endurece-punicoes-em-casos-de-racismo\/\" \/>\n<meta property=\"og:site_name\" content=\"Transam\u00e9rica Mococa 93,3\" \/>\n<meta property=\"article:publisher\" content=\"https:\/\/www.facebook.com\/transamericamococa\" \/>\n<meta property=\"article:published_time\" content=\"2025-07-24T15:00:11+00:00\" \/>\n<meta property=\"og:image\" content=\"https:\/\/transamerica93.com.br\/home\/wp-content\/uploads\/2025\/06\/Sem-titulo-49.png\" \/>\n\t<meta property=\"og:image:width\" content=\"1170\" \/>\n\t<meta property=\"og:image:height\" content=\"700\" \/>\n\t<meta property=\"og:image:type\" content=\"image\/png\" \/>\n<meta name=\"author\" content=\"Reda\u00e7\u00e3o\" \/>\n<meta name=\"twitter:card\" content=\"summary_large_image\" \/>\n<meta name=\"twitter:creator\" content=\"@transamerica933\" \/>\n<meta name=\"twitter:site\" content=\"@transamerica933\" \/>\n<meta name=\"twitter:label1\" content=\"Escrito por\" \/>\n\t<meta name=\"twitter:data1\" content=\"Reda\u00e7\u00e3o\" \/>\n\t<meta name=\"twitter:label2\" content=\"Est. tempo de leitura\" \/>\n\t<meta name=\"twitter:data2\" content=\"3 minutos\" \/>\n<script type=\"application\/ld+json\" class=\"yoast-schema-graph\">{\"@context\":\"https:\\\/\\\/schema.org\",\"@graph\":[{\"@type\":\"Article\",\"@id\":\"https:\\\/\\\/transamerica93.com.br\\\/home\\\/novo-codigo-disciplinar-da-fifa-endurece-punicoes-em-casos-de-racismo\\\/#article\",\"isPartOf\":{\"@id\":\"https:\\\/\\\/transamerica93.com.br\\\/home\\\/novo-codigo-disciplinar-da-fifa-endurece-punicoes-em-casos-de-racismo\\\/\"},\"author\":{\"name\":\"Reda\u00e7\u00e3o\",\"@id\":\"https:\\\/\\\/transamerica93.com.br\\\/home\\\/#\\\/schema\\\/person\\\/7fed7c99c0d4562efa8561bc0f543172\"},\"headline\":\"Novo C\u00f3digo Disciplinar da Fifa endurece puni\u00e7\u00f5es em casos de racismo\",\"datePublished\":\"2025-07-24T15:00:11+00:00\",\"mainEntityOfPage\":{\"@id\":\"https:\\\/\\\/transamerica93.com.br\\\/home\\\/novo-codigo-disciplinar-da-fifa-endurece-punicoes-em-casos-de-racismo\\\/\"},\"wordCount\":356,\"publisher\":{\"@id\":\"https:\\\/\\\/transamerica93.com.br\\\/home\\\/#organization\"},\"image\":{\"@id\":\"https:\\\/\\\/transamerica93.com.br\\\/home\\\/novo-codigo-disciplinar-da-fifa-endurece-punicoes-em-casos-de-racismo\\\/#primaryimage\"},\"thumbnailUrl\":\"https:\\\/\\\/transamerica93.com.br\\\/home\\\/wp-content\\\/uploads\\\/2025\\\/06\\\/Sem-titulo-49.png\",\"articleSection\":[\"Esportes\"],\"inLanguage\":\"pt-BR\"},{\"@type\":\"WebPage\",\"@id\":\"https:\\\/\\\/transamerica93.com.br\\\/home\\\/novo-codigo-disciplinar-da-fifa-endurece-punicoes-em-casos-de-racismo\\\/\",\"url\":\"https:\\\/\\\/transamerica93.com.br\\\/home\\\/novo-codigo-disciplinar-da-fifa-endurece-punicoes-em-casos-de-racismo\\\/\",\"name\":\"Novo C\u00f3digo Disciplinar da Fifa endurece puni\u00e7\u00f5es em casos de racismo - Transam\u00e9rica Mococa 93,3\",\"isPartOf\":{\"@id\":\"https:\\\/\\\/transamerica93.com.br\\\/home\\\/#website\"},\"primaryImageOfPage\":{\"@id\":\"https:\\\/\\\/transamerica93.com.br\\\/home\\\/novo-codigo-disciplinar-da-fifa-endurece-punicoes-em-casos-de-racismo\\\/#primaryimage\"},\"image\":{\"@id\":\"https:\\\/\\\/transamerica93.com.br\\\/home\\\/novo-codigo-disciplinar-da-fifa-endurece-punicoes-em-casos-de-racismo\\\/#primaryimage\"},\"thumbnailUrl\":\"https:\\\/\\\/transamerica93.com.br\\\/home\\\/wp-content\\\/uploads\\\/2025\\\/06\\\/Sem-titulo-49.png\",\"datePublished\":\"2025-07-24T15:00:11+00:00\",\"breadcrumb\":{\"@id\":\"https:\\\/\\\/transamerica93.com.br\\\/home\\\/novo-codigo-disciplinar-da-fifa-endurece-punicoes-em-casos-de-racismo\\\/#breadcrumb\"},\"inLanguage\":\"pt-BR\",\"potentialAction\":[{\"@type\":\"ReadAction\",\"target\":[\"https:\\\/\\\/transamerica93.com.br\\\/home\\\/novo-codigo-disciplinar-da-fifa-endurece-punicoes-em-casos-de-racismo\\\/\"]}]},{\"@type\":\"ImageObject\",\"inLanguage\":\"pt-BR\",\"@id\":\"https:\\\/\\\/transamerica93.com.br\\\/home\\\/novo-codigo-disciplinar-da-fifa-endurece-punicoes-em-casos-de-racismo\\\/#primaryimage\",\"url\":\"https:\\\/\\\/transamerica93.com.br\\\/home\\\/wp-content\\\/uploads\\\/2025\\\/06\\\/Sem-titulo-49.png\",\"contentUrl\":\"https:\\\/\\\/transamerica93.com.br\\\/home\\\/wp-content\\\/uploads\\\/2025\\\/06\\\/Sem-titulo-49.png\",\"width\":1170,\"height\":700},{\"@type\":\"BreadcrumbList\",\"@id\":\"https:\\\/\\\/transamerica93.com.br\\\/home\\\/novo-codigo-disciplinar-da-fifa-endurece-punicoes-em-casos-de-racismo\\\/#breadcrumb\",\"itemListElement\":[{\"@type\":\"ListItem\",\"position\":1,\"name\":\"In\u00edcio\",\"item\":\"https:\\\/\\\/transamerica93.com.br\\\/home\\\/\"},{\"@type\":\"ListItem\",\"position\":2,\"name\":\"Novo C\u00f3digo Disciplinar da Fifa endurece puni\u00e7\u00f5es em casos de racismo\"}]},{\"@type\":\"WebSite\",\"@id\":\"https:\\\/\\\/transamerica93.com.br\\\/home\\\/#website\",\"url\":\"https:\\\/\\\/transamerica93.com.br\\\/home\\\/\",\"name\":\"Transam\u00e9rica Mococa 93,3\",\"description\":\"\",\"publisher\":{\"@id\":\"https:\\\/\\\/transamerica93.com.br\\\/home\\\/#organization\"},\"potentialAction\":[{\"@type\":\"SearchAction\",\"target\":{\"@type\":\"EntryPoint\",\"urlTemplate\":\"https:\\\/\\\/transamerica93.com.br\\\/home\\\/?s={search_term_string}\"},\"query-input\":{\"@type\":\"PropertyValueSpecification\",\"valueRequired\":true,\"valueName\":\"search_term_string\"}}],\"inLanguage\":\"pt-BR\"},{\"@type\":\"Organization\",\"@id\":\"https:\\\/\\\/transamerica93.com.br\\\/home\\\/#organization\",\"name\":\"Transam\u00e9rica Mococa 93,3\",\"url\":\"https:\\\/\\\/transamerica93.com.br\\\/home\\\/\",\"logo\":{\"@type\":\"ImageObject\",\"inLanguage\":\"pt-BR\",\"@id\":\"https:\\\/\\\/transamerica93.com.br\\\/home\\\/#\\\/schema\\\/logo\\\/image\\\/\",\"url\":\"https:\\\/\\\/transamerica93.com.br\\\/home\\\/wp-content\\\/uploads\\\/2023\\\/10\\\/logo2.png\",\"contentUrl\":\"https:\\\/\\\/transamerica93.com.br\\\/home\\\/wp-content\\\/uploads\\\/2023\\\/10\\\/logo2.png\",\"width\":800,\"height\":500,\"caption\":\"Transam\u00e9rica Mococa 93,3\"},\"image\":{\"@id\":\"https:\\\/\\\/transamerica93.com.br\\\/home\\\/#\\\/schema\\\/logo\\\/image\\\/\"},\"sameAs\":[\"https:\\\/\\\/www.facebook.com\\\/transamericamococa\",\"https:\\\/\\\/x.com\\\/transamerica933\",\"https:\\\/\\\/www.instagram.com\\\/transamericamococa\"]},{\"@type\":\"Person\",\"@id\":\"https:\\\/\\\/transamerica93.com.br\\\/home\\\/#\\\/schema\\\/person\\\/7fed7c99c0d4562efa8561bc0f543172\",\"name\":\"Reda\u00e7\u00e3o\",\"image\":{\"@type\":\"ImageObject\",\"inLanguage\":\"pt-BR\",\"@id\":\"https:\\\/\\\/secure.gravatar.com\\\/avatar\\\/1072c6b775fb02ef8506ce967551d95926669a6b7d2c2147b42eea4d7c68395e?s=96&d=mm&r=g\",\"url\":\"https:\\\/\\\/secure.gravatar.com\\\/avatar\\\/1072c6b775fb02ef8506ce967551d95926669a6b7d2c2147b42eea4d7c68395e?s=96&d=mm&r=g\",\"contentUrl\":\"https:\\\/\\\/secure.gravatar.com\\\/avatar\\\/1072c6b775fb02ef8506ce967551d95926669a6b7d2c2147b42eea4d7c68395e?s=96&d=mm&r=g\",\"caption\":\"Reda\u00e7\u00e3o\"},\"sameAs\":[\"https:\\\/\\\/transamerica93.com.br\\\/home\"],\"url\":\"https:\\\/\\\/transamerica93.com.br\\\/home\\\/author\\\/william\\\/\"}]}<\/script>\n<!-- \/ Yoast SEO plugin. -->","yoast_head_json":{"title":"Novo C\u00f3digo Disciplinar da Fifa endurece puni\u00e7\u00f5es em casos de racismo - Transam\u00e9rica Mococa 93,3","robots":{"index":"index","follow":"follow","max-snippet":"max-snippet:-1","max-image-preview":"max-image-preview:large","max-video-preview":"max-video-preview:-1"},"canonical":"https:\/\/transamerica93.com.br\/home\/novo-codigo-disciplinar-da-fifa-endurece-punicoes-em-casos-de-racismo\/","og_locale":"pt_BR","og_type":"article","og_title":"Novo C\u00f3digo Disciplinar da Fifa endurece puni\u00e7\u00f5es em casos de racismo - Transam\u00e9rica Mococa 93,3","og_description":"A Fifa publicou o novo C\u00f3digo Disciplinar,\u00a0que torna mais severas as puni\u00e7\u00f5es e multas em casos de racismo ou discrimina\u00e7\u00e3o no futebol.\u00a0O documento foi aprovado por unanimidade por 211 Associa\u00e7\u00f5es-Membro,\u00a0durante o Conselho da entidade, em Bangkok (Tail\u00e2ndia), no \u00faltimo dia 17. Entre as altera\u00e7\u00f5es, est\u00e1 o aumento do valor m\u00e1ximo da multa, que poder\u00e1 chegar &hellip;","og_url":"https:\/\/transamerica93.com.br\/home\/novo-codigo-disciplinar-da-fifa-endurece-punicoes-em-casos-de-racismo\/","og_site_name":"Transam\u00e9rica Mococa 93,3","article_publisher":"https:\/\/www.facebook.com\/transamericamococa","article_published_time":"2025-07-24T15:00:11+00:00","og_image":[{"width":1170,"height":700,"url":"https:\/\/transamerica93.com.br\/home\/wp-content\/uploads\/2025\/06\/Sem-titulo-49.png","type":"image\/png"}],"author":"Reda\u00e7\u00e3o","twitter_card":"summary_large_image","twitter_creator":"@transamerica933","twitter_site":"@transamerica933","twitter_misc":{"Escrito por":"Reda\u00e7\u00e3o","Est. tempo de leitura":"3 minutos"},"schema":{"@context":"https:\/\/schema.org","@graph":[{"@type":"Article","@id":"https:\/\/transamerica93.com.br\/home\/novo-codigo-disciplinar-da-fifa-endurece-punicoes-em-casos-de-racismo\/#article","isPartOf":{"@id":"https:\/\/transamerica93.com.br\/home\/novo-codigo-disciplinar-da-fifa-endurece-punicoes-em-casos-de-racismo\/"},"author":{"name":"Reda\u00e7\u00e3o","@id":"https:\/\/transamerica93.com.br\/home\/#\/schema\/person\/7fed7c99c0d4562efa8561bc0f543172"},"headline":"Novo C\u00f3digo Disciplinar da Fifa endurece puni\u00e7\u00f5es em casos de racismo","datePublished":"2025-07-24T15:00:11+00:00","mainEntityOfPage":{"@id":"https:\/\/transamerica93.com.br\/home\/novo-codigo-disciplinar-da-fifa-endurece-punicoes-em-casos-de-racismo\/"},"wordCount":356,"publisher":{"@id":"https:\/\/transamerica93.com.br\/home\/#organization"},"image":{"@id":"https:\/\/transamerica93.com.br\/home\/novo-codigo-disciplinar-da-fifa-endurece-punicoes-em-casos-de-racismo\/#primaryimage"},"thumbnailUrl":"https:\/\/transamerica93.com.br\/home\/wp-content\/uploads\/2025\/06\/Sem-titulo-49.png","articleSection":["Esportes"],"inLanguage":"pt-BR"},{"@type":"WebPage","@id":"https:\/\/transamerica93.com.br\/home\/novo-codigo-disciplinar-da-fifa-endurece-punicoes-em-casos-de-racismo\/","url":"https:\/\/transamerica93.com.br\/home\/novo-codigo-disciplinar-da-fifa-endurece-punicoes-em-casos-de-racismo\/","name":"Novo C\u00f3digo Disciplinar da Fifa endurece puni\u00e7\u00f5es em casos de racismo - Transam\u00e9rica Mococa 93,3","isPartOf":{"@id":"https:\/\/transamerica93.com.br\/home\/#website"},"primaryImageOfPage":{"@id":"https:\/\/transamerica93.com.br\/home\/novo-codigo-disciplinar-da-fifa-endurece-punicoes-em-casos-de-racismo\/#primaryimage"},"image":{"@id":"https:\/\/transamerica93.com.br\/home\/novo-codigo-disciplinar-da-fifa-endurece-punicoes-em-casos-de-racismo\/#primaryimage"},"thumbnailUrl":"https:\/\/transamerica93.com.br\/home\/wp-content\/uploads\/2025\/06\/Sem-titulo-49.png","datePublished":"2025-07-24T15:00:11+00:00","breadcrumb":{"@id":"https:\/\/transamerica93.com.br\/home\/novo-codigo-disciplinar-da-fifa-endurece-punicoes-em-casos-de-racismo\/#breadcrumb"},"inLanguage":"pt-BR","potentialAction":[{"@type":"ReadAction","target":["https:\/\/transamerica93.com.br\/home\/novo-codigo-disciplinar-da-fifa-endurece-punicoes-em-casos-de-racismo\/"]}]},{"@type":"ImageObject","inLanguage":"pt-BR","@id":"https:\/\/transamerica93.com.br\/home\/novo-codigo-disciplinar-da-fifa-endurece-punicoes-em-casos-de-racismo\/#primaryimage","url":"https:\/\/transamerica93.com.br\/home\/wp-content\/uploads\/2025\/06\/Sem-titulo-49.png","contentUrl":"https:\/\/transamerica93.com.br\/home\/wp-content\/uploads\/2025\/06\/Sem-titulo-49.png","width":1170,"height":700},{"@type":"BreadcrumbList","@id":"https:\/\/transamerica93.com.br\/home\/novo-codigo-disciplinar-da-fifa-endurece-punicoes-em-casos-de-racismo\/#breadcrumb","itemListElement":[{"@type":"ListItem","position":1,"name":"In\u00edcio","item":"https:\/\/transamerica93.com.br\/home\/"},{"@type":"ListItem","position":2,"name":"Novo C\u00f3digo Disciplinar da Fifa endurece puni\u00e7\u00f5es em casos de racismo"}]},{"@type":"WebSite","@id":"https:\/\/transamerica93.com.br\/home\/#website","url":"https:\/\/transamerica93.com.br\/home\/","name":"Transam\u00e9rica Mococa 93,3","description":"","publisher":{"@id":"https:\/\/transamerica93.com.br\/home\/#organization"},"potentialAction":[{"@type":"SearchAction","target":{"@type":"EntryPoint","urlTemplate":"https:\/\/transamerica93.com.br\/home\/?s={search_term_string}"},"query-input":{"@type":"PropertyValueSpecification","valueRequired":true,"valueName":"search_term_string"}}],"inLanguage":"pt-BR"},{"@type":"Organization","@id":"https:\/\/transamerica93.com.br\/home\/#organization","name":"Transam\u00e9rica Mococa 93,3","url":"https:\/\/transamerica93.com.br\/home\/","logo":{"@type":"ImageObject","inLanguage":"pt-BR","@id":"https:\/\/transamerica93.com.br\/home\/#\/schema\/logo\/image\/","url":"https:\/\/transamerica93.com.br\/home\/wp-content\/uploads\/2023\/10\/logo2.png","contentUrl":"https:\/\/transamerica93.com.br\/home\/wp-content\/uploads\/2023\/10\/logo2.png","width":800,"height":500,"caption":"Transam\u00e9rica Mococa 93,3"},"image":{"@id":"https:\/\/transamerica93.com.br\/home\/#\/schema\/logo\/image\/"},"sameAs":["https:\/\/www.facebook.com\/transamericamococa","https:\/\/x.com\/transamerica933","https:\/\/www.instagram.com\/transamericamococa"]},{"@type":"Person","@id":"https:\/\/transamerica93.com.br\/home\/#\/schema\/person\/7fed7c99c0d4562efa8561bc0f543172","name":"Reda\u00e7\u00e3o","image":{"@type":"ImageObject","inLanguage":"pt-BR","@id":"https:\/\/secure.gravatar.com\/avatar\/1072c6b775fb02ef8506ce967551d95926669a6b7d2c2147b42eea4d7c68395e?s=96&d=mm&r=g","url":"https:\/\/secure.gravatar.com\/avatar\/1072c6b775fb02ef8506ce967551d95926669a6b7d2c2147b42eea4d7c68395e?s=96&d=mm&r=g","contentUrl":"https:\/\/secure.gravatar.com\/avatar\/1072c6b775fb02ef8506ce967551d95926669a6b7d2c2147b42eea4d7c68395e?s=96&d=mm&r=g","caption":"Reda\u00e7\u00e3o"},"sameAs":["https:\/\/transamerica93.com.br\/home"],"url":"https:\/\/transamerica93.com.br\/home\/author\/william\/"}]}},"_links":{"self":[{"href":"https:\/\/transamerica93.com.br\/home\/wp-json\/wp\/v2\/posts\/5965","targetHints":{"allow":["GET"]}}],"collection":[{"href":"https:\/\/transamerica93.com.br\/home\/wp-json\/wp\/v2\/posts"}],"about":[{"href":"https:\/\/transamerica93.com.br\/home\/wp-json\/wp\/v2\/types\/post"}],"author":[{"embeddable":true,"href":"https:\/\/transamerica93.com.br\/home\/wp-json\/wp\/v2\/users\/1"}],"replies":[{"embeddable":true,"href":"https:\/\/transamerica93.com.br\/home\/wp-json\/wp\/v2\/comments?post=5965"}],"version-history":[{"count":1,"href":"https:\/\/transamerica93.com.br\/home\/wp-json\/wp\/v2\/posts\/5965\/revisions"}],"predecessor-version":[{"id":5967,"href":"https:\/\/transamerica93.com.br\/home\/wp-json\/wp\/v2\/posts\/5965\/revisions\/5967"}],"wp:featuredmedia":[{"embeddable":true,"href":"https:\/\/transamerica93.com.br\/home\/wp-json\/wp\/v2\/media\/5966"}],"wp:attachment":[{"href":"https:\/\/transamerica93.com.br\/home\/wp-json\/wp\/v2\/media?parent=5965"}],"wp:term":[{"taxonomy":"category","embeddable":true,"href":"https:\/\/transamerica93.com.br\/home\/wp-json\/wp\/v2\/categories?post=5965"},{"taxonomy":"post_tag","embeddable":true,"href":"https:\/\/transamerica93.com.br\/home\/wp-json\/wp\/v2\/tags?post=5965"}],"curies":[{"name":"wp","href":"https:\/\/api.w.org\/{rel}","templated":true}]}}