{"id":5968,"date":"2025-07-25T12:00:45","date_gmt":"2025-07-25T15:00:45","guid":{"rendered":"https:\/\/transamerica93.com.br\/home\/?p=5968"},"modified":"2025-06-29T10:48:52","modified_gmt":"2025-06-29T13:48:52","slug":"dorival-divide-reduzido-elenco-do-corinthians-em-dois-mas-sofre-com-ausencia-de-atacantes","status":"publish","type":"post","link":"https:\/\/transamerica93.com.br\/home\/dorival-divide-reduzido-elenco-do-corinthians-em-dois-mas-sofre-com-ausencia-de-atacantes\/","title":{"rendered":"Dorival divide reduzido elenco do Corinthians em dois, mas sofre com aus\u00eancia de atacantes"},"content":{"rendered":"<p>Com desfalques de convocados e de dispensados, o t\u00e9cnico Dorival j\u00fanior vem &#8220;quebrando a cabe\u00e7a&#8221; para aprimorar o Corinthians para a visita ao Gr\u00eamio, quinta-feira, pelo Brasileir\u00e3o. Nesta segunda-feira, o t\u00e9cnico optou por separar defensores de meias e atacantes, em campos distintos, para aprimorar marca\u00e7\u00e3o e cria\u00e7\u00e3o.<\/p>\n<p>O t\u00e9cnico ainda busca um equil\u00edbrio da equipe, que n\u00e3o consegue passar em branco na defesa e vem fracassando na frente. S\u00e3o tr\u00eas jogos sem balan\u00e7ar as redes advers\u00e1rias e apenas cinco gols nos \u00faltimos oito jogos. Desde os 4 a 2 sobre o Inter que o time n\u00e3o consegue anotar mais de uma vez.<\/p>\n<p>Para piorar, Dorival J\u00fanior est\u00e1 sem os titulares Yuri Alberto, machucado, e Memphis Depay, com a sele\u00e7\u00e3o holandesa, em sua busca por um resgate do setor ofensivo. Romero est\u00e1 com a sele\u00e7\u00e3o paraguaia e Talles Magno e o espanhol H\u00e9ctor Hern\u00e1ndez tiveram aten\u00e7\u00e3o especial na atividade do dia, na qual Dorival ainda ensaiou um enfrentamento em campo reduzido.<\/p>\n<p>Ao mesmo tempo em que aprimora a escala\u00e7\u00e3o, Dorival J\u00fanior vai reduzindo o elenco e definindo com quais jogadores vai trabalhar O atacante Giovane est\u00e1 acertando com o futebol italiano e o volante Alex Santana foi emprestado ao Gr\u00eamio, onde n\u00e3o foi oficializado ainda. Ambos se despediram do clube.<\/p>\n<p>&#8220;Estou aqui para agradecer todo apoio, incentivo, motiva\u00e7\u00e3o e ata mesmo os xingamentos. Voc\u00eas s\u00e3o diferenciados, voc\u00eas \u00e9 que fazem tudo acontecer. Meu mais sincero obrigado a todos&#8221;, escreveu o corintiano Alex Santana, que n\u00e3o conseguiu sequ\u00eancia no clube, agradecendo os torcedores. Ele tem contrato at\u00e9 2027 e deve voltar para 2026. Giovane tamb\u00e9m fez post de adeus, antecipando o clube.<\/p>\n<p>A reformula\u00e7\u00e3o do elenco pode aumentar ainda na pausa do Mundial de Clubes. Ao mesmo tempo em que o t\u00e9cnico come\u00e7a a indicar pe\u00e7as que gostaria de contar, como o lateral-direito Igor Vin\u00edcius, do S\u00e3o Paulo. A diretoria promete repor as pe\u00e7as perdidas com qualidade.<\/p>\n","protected":false},"excerpt":{"rendered":"<p>Com desfalques de convocados e de dispensados, o t\u00e9cnico Dorival j\u00fanior vem &#8220;quebrando a cabe\u00e7a&#8221; para aprimorar o Corinthians para a visita ao Gr\u00eamio, quinta-feira, pelo Brasileir\u00e3o. Nesta segunda-feira, o t\u00e9cnico optou por separar defensores de meias e atacantes, em campos distintos, para aprimorar marca\u00e7\u00e3o e cria\u00e7\u00e3o. O t\u00e9cnico ainda busca um equil\u00edbrio da equipe, &hellip;<\/p>\n","protected":false},"author":1,"featured_media":5969,"comment_status":"closed","ping_status":"closed","sticky":false,"template":"","format":"standard","meta":{"footnotes":""},"categories":[31],"tags":[],"class_list":["post-5968","post","type-post","status-publish","format-standard","has-post-thumbnail","hentry","category-esportes"],"yoast_head":"<!-- This site is optimized with the Yoast SEO plugin v27.4 - https:\/\/yoast.com\/product\/yoast-seo-wordpress\/ -->\n<title>Dorival divide reduzido elenco do Corinthians em dois, mas sofre com aus\u00eancia de atacantes - Transam\u00e9rica Mococa 93,3<\/title>\n<meta name=\"robots\" content=\"index, follow, max-snippet:-1, max-image-preview:large, max-video-preview:-1\" \/>\n<link rel=\"canonical\" href=\"https:\/\/transamerica93.com.br\/home\/dorival-divide-reduzido-elenco-do-corinthians-em-dois-mas-sofre-com-ausencia-de-atacantes\/\" \/>\n<meta property=\"og:locale\" content=\"pt_BR\" \/>\n<meta property=\"og:type\" content=\"article\" \/>\n<meta property=\"og:title\" content=\"Dorival divide reduzido elenco do Corinthians em dois, mas sofre com aus\u00eancia de atacantes - Transam\u00e9rica Mococa 93,3\" \/>\n<meta property=\"og:description\" content=\"Com desfalques de convocados e de dispensados, o t\u00e9cnico Dorival j\u00fanior vem &#8220;quebrando a cabe\u00e7a&#8221; para aprimorar o Corinthians para a visita ao Gr\u00eamio, quinta-feira, pelo Brasileir\u00e3o. Nesta segunda-feira, o t\u00e9cnico optou por separar defensores de meias e atacantes, em campos distintos, para aprimorar marca\u00e7\u00e3o e cria\u00e7\u00e3o. O t\u00e9cnico ainda busca um equil\u00edbrio da equipe, &hellip;\" \/>\n<meta property=\"og:url\" content=\"https:\/\/transamerica93.com.br\/home\/dorival-divide-reduzido-elenco-do-corinthians-em-dois-mas-sofre-com-ausencia-de-atacantes\/\" \/>\n<meta property=\"og:site_name\" content=\"Transam\u00e9rica Mococa 93,3\" \/>\n<meta property=\"article:publisher\" content=\"https:\/\/www.facebook.com\/transamericamococa\" \/>\n<meta property=\"article:published_time\" content=\"2025-07-25T15:00:45+00:00\" \/>\n<meta property=\"og:image\" content=\"https:\/\/transamerica93.com.br\/home\/wp-content\/uploads\/2025\/06\/Sem-titulo-50.png\" \/>\n\t<meta property=\"og:image:width\" content=\"968\" \/>\n\t<meta property=\"og:image:height\" content=\"564\" \/>\n\t<meta property=\"og:image:type\" content=\"image\/png\" \/>\n<meta name=\"author\" content=\"Reda\u00e7\u00e3o\" \/>\n<meta name=\"twitter:card\" content=\"summary_large_image\" \/>\n<meta name=\"twitter:creator\" content=\"@transamerica933\" \/>\n<meta name=\"twitter:site\" content=\"@transamerica933\" \/>\n<meta name=\"twitter:label1\" content=\"Escrito por\" \/>\n\t<meta name=\"twitter:data1\" content=\"Reda\u00e7\u00e3o\" \/>\n\t<meta name=\"twitter:label2\" content=\"Est. tempo de leitura\" \/>\n\t<meta name=\"twitter:data2\" content=\"2 minutos\" \/>\n<script type=\"application\/ld+json\" class=\"yoast-schema-graph\">{\"@context\":\"https:\\\/\\\/schema.org\",\"@graph\":[{\"@type\":\"Article\",\"@id\":\"https:\\\/\\\/transamerica93.com.br\\\/home\\\/dorival-divide-reduzido-elenco-do-corinthians-em-dois-mas-sofre-com-ausencia-de-atacantes\\\/#article\",\"isPartOf\":{\"@id\":\"https:\\\/\\\/transamerica93.com.br\\\/home\\\/dorival-divide-reduzido-elenco-do-corinthians-em-dois-mas-sofre-com-ausencia-de-atacantes\\\/\"},\"author\":{\"name\":\"Reda\u00e7\u00e3o\",\"@id\":\"https:\\\/\\\/transamerica93.com.br\\\/home\\\/#\\\/schema\\\/person\\\/7fed7c99c0d4562efa8561bc0f543172\"},\"headline\":\"Dorival divide reduzido elenco do Corinthians em dois, mas sofre com aus\u00eancia de atacantes\",\"datePublished\":\"2025-07-25T15:00:45+00:00\",\"mainEntityOfPage\":{\"@id\":\"https:\\\/\\\/transamerica93.com.br\\\/home\\\/dorival-divide-reduzido-elenco-do-corinthians-em-dois-mas-sofre-com-ausencia-de-atacantes\\\/\"},\"wordCount\":365,\"publisher\":{\"@id\":\"https:\\\/\\\/transamerica93.com.br\\\/home\\\/#organization\"},\"image\":{\"@id\":\"https:\\\/\\\/transamerica93.com.br\\\/home\\\/dorival-divide-reduzido-elenco-do-corinthians-em-dois-mas-sofre-com-ausencia-de-atacantes\\\/#primaryimage\"},\"thumbnailUrl\":\"https:\\\/\\\/transamerica93.com.br\\\/home\\\/wp-content\\\/uploads\\\/2025\\\/06\\\/Sem-titulo-50.png\",\"articleSection\":[\"Esportes\"],\"inLanguage\":\"pt-BR\"},{\"@type\":\"WebPage\",\"@id\":\"https:\\\/\\\/transamerica93.com.br\\\/home\\\/dorival-divide-reduzido-elenco-do-corinthians-em-dois-mas-sofre-com-ausencia-de-atacantes\\\/\",\"url\":\"https:\\\/\\\/transamerica93.com.br\\\/home\\\/dorival-divide-reduzido-elenco-do-corinthians-em-dois-mas-sofre-com-ausencia-de-atacantes\\\/\",\"name\":\"Dorival divide reduzido elenco do Corinthians em dois, mas sofre com aus\u00eancia de atacantes - Transam\u00e9rica Mococa 93,3\",\"isPartOf\":{\"@id\":\"https:\\\/\\\/transamerica93.com.br\\\/home\\\/#website\"},\"primaryImageOfPage\":{\"@id\":\"https:\\\/\\\/transamerica93.com.br\\\/home\\\/dorival-divide-reduzido-elenco-do-corinthians-em-dois-mas-sofre-com-ausencia-de-atacantes\\\/#primaryimage\"},\"image\":{\"@id\":\"https:\\\/\\\/transamerica93.com.br\\\/home\\\/dorival-divide-reduzido-elenco-do-corinthians-em-dois-mas-sofre-com-ausencia-de-atacantes\\\/#primaryimage\"},\"thumbnailUrl\":\"https:\\\/\\\/transamerica93.com.br\\\/home\\\/wp-content\\\/uploads\\\/2025\\\/06\\\/Sem-titulo-50.png\",\"datePublished\":\"2025-07-25T15:00:45+00:00\",\"breadcrumb\":{\"@id\":\"https:\\\/\\\/transamerica93.com.br\\\/home\\\/dorival-divide-reduzido-elenco-do-corinthians-em-dois-mas-sofre-com-ausencia-de-atacantes\\\/#breadcrumb\"},\"inLanguage\":\"pt-BR\",\"potentialAction\":[{\"@type\":\"ReadAction\",\"target\":[\"https:\\\/\\\/transamerica93.com.br\\\/home\\\/dorival-divide-reduzido-elenco-do-corinthians-em-dois-mas-sofre-com-ausencia-de-atacantes\\\/\"]}]},{\"@type\":\"ImageObject\",\"inLanguage\":\"pt-BR\",\"@id\":\"https:\\\/\\\/transamerica93.com.br\\\/home\\\/dorival-divide-reduzido-elenco-do-corinthians-em-dois-mas-sofre-com-ausencia-de-atacantes\\\/#primaryimage\",\"url\":\"https:\\\/\\\/transamerica93.com.br\\\/home\\\/wp-content\\\/uploads\\\/2025\\\/06\\\/Sem-titulo-50.png\",\"contentUrl\":\"https:\\\/\\\/transamerica93.com.br\\\/home\\\/wp-content\\\/uploads\\\/2025\\\/06\\\/Sem-titulo-50.png\",\"width\":968,\"height\":564},{\"@type\":\"BreadcrumbList\",\"@id\":\"https:\\\/\\\/transamerica93.com.br\\\/home\\\/dorival-divide-reduzido-elenco-do-corinthians-em-dois-mas-sofre-com-ausencia-de-atacantes\\\/#breadcrumb\",\"itemListElement\":[{\"@type\":\"ListItem\",\"position\":1,\"name\":\"In\u00edcio\",\"item\":\"https:\\\/\\\/transamerica93.com.br\\\/home\\\/\"},{\"@type\":\"ListItem\",\"position\":2,\"name\":\"Dorival divide reduzido elenco do Corinthians em dois, mas sofre com aus\u00eancia de atacantes\"}]},{\"@type\":\"WebSite\",\"@id\":\"https:\\\/\\\/transamerica93.com.br\\\/home\\\/#website\",\"url\":\"https:\\\/\\\/transamerica93.com.br\\\/home\\\/\",\"name\":\"Transam\u00e9rica Mococa 93,3\",\"description\":\"\",\"publisher\":{\"@id\":\"https:\\\/\\\/transamerica93.com.br\\\/home\\\/#organization\"},\"potentialAction\":[{\"@type\":\"SearchAction\",\"target\":{\"@type\":\"EntryPoint\",\"urlTemplate\":\"https:\\\/\\\/transamerica93.com.br\\\/home\\\/?s={search_term_string}\"},\"query-input\":{\"@type\":\"PropertyValueSpecification\",\"valueRequired\":true,\"valueName\":\"search_term_string\"}}],\"inLanguage\":\"pt-BR\"},{\"@type\":\"Organization\",\"@id\":\"https:\\\/\\\/transamerica93.com.br\\\/home\\\/#organization\",\"name\":\"Transam\u00e9rica Mococa 93,3\",\"url\":\"https:\\\/\\\/transamerica93.com.br\\\/home\\\/\",\"logo\":{\"@type\":\"ImageObject\",\"inLanguage\":\"pt-BR\",\"@id\":\"https:\\\/\\\/transamerica93.com.br\\\/home\\\/#\\\/schema\\\/logo\\\/image\\\/\",\"url\":\"https:\\\/\\\/transamerica93.com.br\\\/home\\\/wp-content\\\/uploads\\\/2023\\\/10\\\/logo2.png\",\"contentUrl\":\"https:\\\/\\\/transamerica93.com.br\\\/home\\\/wp-content\\\/uploads\\\/2023\\\/10\\\/logo2.png\",\"width\":800,\"height\":500,\"caption\":\"Transam\u00e9rica Mococa 93,3\"},\"image\":{\"@id\":\"https:\\\/\\\/transamerica93.com.br\\\/home\\\/#\\\/schema\\\/logo\\\/image\\\/\"},\"sameAs\":[\"https:\\\/\\\/www.facebook.com\\\/transamericamococa\",\"https:\\\/\\\/x.com\\\/transamerica933\",\"https:\\\/\\\/www.instagram.com\\\/transamericamococa\"]},{\"@type\":\"Person\",\"@id\":\"https:\\\/\\\/transamerica93.com.br\\\/home\\\/#\\\/schema\\\/person\\\/7fed7c99c0d4562efa8561bc0f543172\",\"name\":\"Reda\u00e7\u00e3o\",\"image\":{\"@type\":\"ImageObject\",\"inLanguage\":\"pt-BR\",\"@id\":\"https:\\\/\\\/secure.gravatar.com\\\/avatar\\\/1072c6b775fb02ef8506ce967551d95926669a6b7d2c2147b42eea4d7c68395e?s=96&d=mm&r=g\",\"url\":\"https:\\\/\\\/secure.gravatar.com\\\/avatar\\\/1072c6b775fb02ef8506ce967551d95926669a6b7d2c2147b42eea4d7c68395e?s=96&d=mm&r=g\",\"contentUrl\":\"https:\\\/\\\/secure.gravatar.com\\\/avatar\\\/1072c6b775fb02ef8506ce967551d95926669a6b7d2c2147b42eea4d7c68395e?s=96&d=mm&r=g\",\"caption\":\"Reda\u00e7\u00e3o\"},\"sameAs\":[\"https:\\\/\\\/transamerica93.com.br\\\/home\"],\"url\":\"https:\\\/\\\/transamerica93.com.br\\\/home\\\/author\\\/william\\\/\"}]}<\/script>\n<!-- \/ Yoast SEO plugin. -->","yoast_head_json":{"title":"Dorival divide reduzido elenco do Corinthians em dois, mas sofre com aus\u00eancia de atacantes - Transam\u00e9rica Mococa 93,3","robots":{"index":"index","follow":"follow","max-snippet":"max-snippet:-1","max-image-preview":"max-image-preview:large","max-video-preview":"max-video-preview:-1"},"canonical":"https:\/\/transamerica93.com.br\/home\/dorival-divide-reduzido-elenco-do-corinthians-em-dois-mas-sofre-com-ausencia-de-atacantes\/","og_locale":"pt_BR","og_type":"article","og_title":"Dorival divide reduzido elenco do Corinthians em dois, mas sofre com aus\u00eancia de atacantes - Transam\u00e9rica Mococa 93,3","og_description":"Com desfalques de convocados e de dispensados, o t\u00e9cnico Dorival j\u00fanior vem &#8220;quebrando a cabe\u00e7a&#8221; para aprimorar o Corinthians para a visita ao Gr\u00eamio, quinta-feira, pelo Brasileir\u00e3o. Nesta segunda-feira, o t\u00e9cnico optou por separar defensores de meias e atacantes, em campos distintos, para aprimorar marca\u00e7\u00e3o e cria\u00e7\u00e3o. O t\u00e9cnico ainda busca um equil\u00edbrio da equipe, &hellip;","og_url":"https:\/\/transamerica93.com.br\/home\/dorival-divide-reduzido-elenco-do-corinthians-em-dois-mas-sofre-com-ausencia-de-atacantes\/","og_site_name":"Transam\u00e9rica Mococa 93,3","article_publisher":"https:\/\/www.facebook.com\/transamericamococa","article_published_time":"2025-07-25T15:00:45+00:00","og_image":[{"width":968,"height":564,"url":"https:\/\/transamerica93.com.br\/home\/wp-content\/uploads\/2025\/06\/Sem-titulo-50.png","type":"image\/png"}],"author":"Reda\u00e7\u00e3o","twitter_card":"summary_large_image","twitter_creator":"@transamerica933","twitter_site":"@transamerica933","twitter_misc":{"Escrito por":"Reda\u00e7\u00e3o","Est. tempo de leitura":"2 minutos"},"schema":{"@context":"https:\/\/schema.org","@graph":[{"@type":"Article","@id":"https:\/\/transamerica93.com.br\/home\/dorival-divide-reduzido-elenco-do-corinthians-em-dois-mas-sofre-com-ausencia-de-atacantes\/#article","isPartOf":{"@id":"https:\/\/transamerica93.com.br\/home\/dorival-divide-reduzido-elenco-do-corinthians-em-dois-mas-sofre-com-ausencia-de-atacantes\/"},"author":{"name":"Reda\u00e7\u00e3o","@id":"https:\/\/transamerica93.com.br\/home\/#\/schema\/person\/7fed7c99c0d4562efa8561bc0f543172"},"headline":"Dorival divide reduzido elenco do Corinthians em dois, mas sofre com aus\u00eancia de atacantes","datePublished":"2025-07-25T15:00:45+00:00","mainEntityOfPage":{"@id":"https:\/\/transamerica93.com.br\/home\/dorival-divide-reduzido-elenco-do-corinthians-em-dois-mas-sofre-com-ausencia-de-atacantes\/"},"wordCount":365,"publisher":{"@id":"https:\/\/transamerica93.com.br\/home\/#organization"},"image":{"@id":"https:\/\/transamerica93.com.br\/home\/dorival-divide-reduzido-elenco-do-corinthians-em-dois-mas-sofre-com-ausencia-de-atacantes\/#primaryimage"},"thumbnailUrl":"https:\/\/transamerica93.com.br\/home\/wp-content\/uploads\/2025\/06\/Sem-titulo-50.png","articleSection":["Esportes"],"inLanguage":"pt-BR"},{"@type":"WebPage","@id":"https:\/\/transamerica93.com.br\/home\/dorival-divide-reduzido-elenco-do-corinthians-em-dois-mas-sofre-com-ausencia-de-atacantes\/","url":"https:\/\/transamerica93.com.br\/home\/dorival-divide-reduzido-elenco-do-corinthians-em-dois-mas-sofre-com-ausencia-de-atacantes\/","name":"Dorival divide reduzido elenco do Corinthians em dois, mas sofre com aus\u00eancia de atacantes - Transam\u00e9rica Mococa 93,3","isPartOf":{"@id":"https:\/\/transamerica93.com.br\/home\/#website"},"primaryImageOfPage":{"@id":"https:\/\/transamerica93.com.br\/home\/dorival-divide-reduzido-elenco-do-corinthians-em-dois-mas-sofre-com-ausencia-de-atacantes\/#primaryimage"},"image":{"@id":"https:\/\/transamerica93.com.br\/home\/dorival-divide-reduzido-elenco-do-corinthians-em-dois-mas-sofre-com-ausencia-de-atacantes\/#primaryimage"},"thumbnailUrl":"https:\/\/transamerica93.com.br\/home\/wp-content\/uploads\/2025\/06\/Sem-titulo-50.png","datePublished":"2025-07-25T15:00:45+00:00","breadcrumb":{"@id":"https:\/\/transamerica93.com.br\/home\/dorival-divide-reduzido-elenco-do-corinthians-em-dois-mas-sofre-com-ausencia-de-atacantes\/#breadcrumb"},"inLanguage":"pt-BR","potentialAction":[{"@type":"ReadAction","target":["https:\/\/transamerica93.com.br\/home\/dorival-divide-reduzido-elenco-do-corinthians-em-dois-mas-sofre-com-ausencia-de-atacantes\/"]}]},{"@type":"ImageObject","inLanguage":"pt-BR","@id":"https:\/\/transamerica93.com.br\/home\/dorival-divide-reduzido-elenco-do-corinthians-em-dois-mas-sofre-com-ausencia-de-atacantes\/#primaryimage","url":"https:\/\/transamerica93.com.br\/home\/wp-content\/uploads\/2025\/06\/Sem-titulo-50.png","contentUrl":"https:\/\/transamerica93.com.br\/home\/wp-content\/uploads\/2025\/06\/Sem-titulo-50.png","width":968,"height":564},{"@type":"BreadcrumbList","@id":"https:\/\/transamerica93.com.br\/home\/dorival-divide-reduzido-elenco-do-corinthians-em-dois-mas-sofre-com-ausencia-de-atacantes\/#breadcrumb","itemListElement":[{"@type":"ListItem","position":1,"name":"In\u00edcio","item":"https:\/\/transamerica93.com.br\/home\/"},{"@type":"ListItem","position":2,"name":"Dorival divide reduzido elenco do Corinthians em dois, mas sofre com aus\u00eancia de atacantes"}]},{"@type":"WebSite","@id":"https:\/\/transamerica93.com.br\/home\/#website","url":"https:\/\/transamerica93.com.br\/home\/","name":"Transam\u00e9rica Mococa 93,3","description":"","publisher":{"@id":"https:\/\/transamerica93.com.br\/home\/#organization"},"potentialAction":[{"@type":"SearchAction","target":{"@type":"EntryPoint","urlTemplate":"https:\/\/transamerica93.com.br\/home\/?s={search_term_string}"},"query-input":{"@type":"PropertyValueSpecification","valueRequired":true,"valueName":"search_term_string"}}],"inLanguage":"pt-BR"},{"@type":"Organization","@id":"https:\/\/transamerica93.com.br\/home\/#organization","name":"Transam\u00e9rica Mococa 93,3","url":"https:\/\/transamerica93.com.br\/home\/","logo":{"@type":"ImageObject","inLanguage":"pt-BR","@id":"https:\/\/transamerica93.com.br\/home\/#\/schema\/logo\/image\/","url":"https:\/\/transamerica93.com.br\/home\/wp-content\/uploads\/2023\/10\/logo2.png","contentUrl":"https:\/\/transamerica93.com.br\/home\/wp-content\/uploads\/2023\/10\/logo2.png","width":800,"height":500,"caption":"Transam\u00e9rica Mococa 93,3"},"image":{"@id":"https:\/\/transamerica93.com.br\/home\/#\/schema\/logo\/image\/"},"sameAs":["https:\/\/www.facebook.com\/transamericamococa","https:\/\/x.com\/transamerica933","https:\/\/www.instagram.com\/transamericamococa"]},{"@type":"Person","@id":"https:\/\/transamerica93.com.br\/home\/#\/schema\/person\/7fed7c99c0d4562efa8561bc0f543172","name":"Reda\u00e7\u00e3o","image":{"@type":"ImageObject","inLanguage":"pt-BR","@id":"https:\/\/secure.gravatar.com\/avatar\/1072c6b775fb02ef8506ce967551d95926669a6b7d2c2147b42eea4d7c68395e?s=96&d=mm&r=g","url":"https:\/\/secure.gravatar.com\/avatar\/1072c6b775fb02ef8506ce967551d95926669a6b7d2c2147b42eea4d7c68395e?s=96&d=mm&r=g","contentUrl":"https:\/\/secure.gravatar.com\/avatar\/1072c6b775fb02ef8506ce967551d95926669a6b7d2c2147b42eea4d7c68395e?s=96&d=mm&r=g","caption":"Reda\u00e7\u00e3o"},"sameAs":["https:\/\/transamerica93.com.br\/home"],"url":"https:\/\/transamerica93.com.br\/home\/author\/william\/"}]}},"_links":{"self":[{"href":"https:\/\/transamerica93.com.br\/home\/wp-json\/wp\/v2\/posts\/5968","targetHints":{"allow":["GET"]}}],"collection":[{"href":"https:\/\/transamerica93.com.br\/home\/wp-json\/wp\/v2\/posts"}],"about":[{"href":"https:\/\/transamerica93.com.br\/home\/wp-json\/wp\/v2\/types\/post"}],"author":[{"embeddable":true,"href":"https:\/\/transamerica93.com.br\/home\/wp-json\/wp\/v2\/users\/1"}],"replies":[{"embeddable":true,"href":"https:\/\/transamerica93.com.br\/home\/wp-json\/wp\/v2\/comments?post=5968"}],"version-history":[{"count":1,"href":"https:\/\/transamerica93.com.br\/home\/wp-json\/wp\/v2\/posts\/5968\/revisions"}],"predecessor-version":[{"id":5970,"href":"https:\/\/transamerica93.com.br\/home\/wp-json\/wp\/v2\/posts\/5968\/revisions\/5970"}],"wp:featuredmedia":[{"embeddable":true,"href":"https:\/\/transamerica93.com.br\/home\/wp-json\/wp\/v2\/media\/5969"}],"wp:attachment":[{"href":"https:\/\/transamerica93.com.br\/home\/wp-json\/wp\/v2\/media?parent=5968"}],"wp:term":[{"taxonomy":"category","embeddable":true,"href":"https:\/\/transamerica93.com.br\/home\/wp-json\/wp\/v2\/categories?post=5968"},{"taxonomy":"post_tag","embeddable":true,"href":"https:\/\/transamerica93.com.br\/home\/wp-json\/wp\/v2\/tags?post=5968"}],"curies":[{"name":"wp","href":"https:\/\/api.w.org\/{rel}","templated":true}]}}