{"id":5974,"date":"2025-07-21T18:00:23","date_gmt":"2025-07-21T21:00:23","guid":{"rendered":"https:\/\/transamerica93.com.br\/home\/?p=5974"},"modified":"2025-06-29T11:10:38","modified_gmt":"2025-06-29T14:10:38","slug":"hbo-revela-que-lox-pratt-sera-draco-malfoy-em-serie-de-harry-potter","status":"publish","type":"post","link":"https:\/\/transamerica93.com.br\/home\/hbo-revela-que-lox-pratt-sera-draco-malfoy-em-serie-de-harry-potter\/","title":{"rendered":"HBO revela que Lox Pratt ser\u00e1 Draco Malfoy em s\u00e9rie de &#8216;Harry Potter&#8217;"},"content":{"rendered":"<h6 class=\"Assina\">Por Maria Fernanda Viana*<\/h6>\n<p>Nove novos nomes do elenco da s\u00e9rie de\u00a0<i>Harry Potter<\/i> foram anunciados pela HBO. O seriado contar\u00e1, mais uma vez, a hist\u00f3ria dos livros de J.K Rowling. A expectativa \u00e9 que a produ\u00e7\u00e3o conte com sete temporadas, uma para cada livro.<\/p>\n<p>As novas adi\u00e7\u00f5es do elenco revelaram que Lox Pratt ser\u00e1 Draco Malfoy, inimigo do protagonista em todos os livros. Seu pai, L\u00facio Malfoy, ser\u00e1 interpretado por Johnny Flynn.<\/p>\n<p>Tamb\u00e9m foram anunciados os int\u00e9rpretes de Molly Weasley e de V\u00e1lter e Pet\u00fania Dursley, entre outros.<\/p>\n<p>Os atores que ir\u00e3o interpretar o trio de ouro (Harry, Rony e Hermione) foram anunciados no \u00faltimo dia 27. Dominic McLaughlin ser\u00e1 Harry Potter, Alastair Stout ser\u00e1 Rony Weasley e Arabella Stanton ir\u00e1 dar vida \u00e0 Hermione Granger.<\/p>\n<p>Al\u00e9m do trio, j\u00e1 haviam sido anunciados nomes como Luke Thallon (Quirinus Quirrell), Paul Whitehouse (Argus Filch), John Lithgow (Alvo Dumbledore), Janet McTeer (Minerva McGonagall), Paapa Essiedu (Severo Snape) e Nick Frost (R\u00fabeo Hagrid).<\/p>\n<p>Confira os novos nomes confirmados na produ\u00e7\u00e3o<\/p>\n<p>&#8211; Draco Malfoy ser\u00e1 interpretado por Lox Pratt.<\/p>\n<p>&#8211; L\u00facio Malfoy ser\u00e1 interpretado por Johnny Flynn.<\/p>\n<p>&#8211; Molly Weasley ser\u00e1 interpretada por Katherine Parkinson.<\/p>\n<p>&#8211; Simas Finnigan ser\u00e1 interpretada Leo Early.<\/p>\n<p>&#8211; Parvati Patil ser\u00e1 interpretada por Alessia Leoni.<\/p>\n<p>&#8211; Lil\u00e1 Brown ser\u00e1 interpretada por Sienna Moosah.<\/p>\n<p>&#8211; Corn\u00e9lio Fudge ser\u00e1 interpretado por Bertie Carvel.<\/p>\n<p>&#8211; Pet\u00fania Dursley ser\u00e1 interpretada por Bel Powley.<\/p>\n<p>&#8211; V\u00e1lter Dursley ser\u00e1 interpretado por Daniel Rigby.<\/p>\n<p><i>*Estagi\u00e1ria sob supervis\u00e3o de Charlise Morais<\/i><\/p>\n","protected":false},"excerpt":{"rendered":"<p>Por Maria Fernanda Viana* Nove novos nomes do elenco da s\u00e9rie de\u00a0Harry Potter foram anunciados pela HBO. O seriado contar\u00e1, mais uma vez, a hist\u00f3ria dos livros de J.K Rowling. A expectativa \u00e9 que a produ\u00e7\u00e3o conte com sete temporadas, uma para cada livro. As novas adi\u00e7\u00f5es do elenco revelaram que Lox Pratt ser\u00e1 Draco &hellip;<\/p>\n","protected":false},"author":1,"featured_media":5975,"comment_status":"closed","ping_status":"closed","sticky":false,"template":"","format":"standard","meta":{"footnotes":""},"categories":[24],"tags":[],"class_list":["post-5974","post","type-post","status-publish","format-standard","has-post-thumbnail","hentry","category-entretenimento"],"yoast_head":"<!-- This site is optimized with the Yoast SEO plugin v27.4 - https:\/\/yoast.com\/product\/yoast-seo-wordpress\/ -->\n<title>HBO revela que Lox Pratt ser\u00e1 Draco Malfoy em s\u00e9rie de &#039;Harry Potter&#039; - Transam\u00e9rica Mococa 93,3<\/title>\n<meta name=\"robots\" content=\"index, follow, max-snippet:-1, max-image-preview:large, max-video-preview:-1\" \/>\n<link rel=\"canonical\" href=\"https:\/\/transamerica93.com.br\/home\/hbo-revela-que-lox-pratt-sera-draco-malfoy-em-serie-de-harry-potter\/\" \/>\n<meta property=\"og:locale\" content=\"pt_BR\" \/>\n<meta property=\"og:type\" content=\"article\" \/>\n<meta property=\"og:title\" content=\"HBO revela que Lox Pratt ser\u00e1 Draco Malfoy em s\u00e9rie de &#039;Harry Potter&#039; - Transam\u00e9rica Mococa 93,3\" \/>\n<meta property=\"og:description\" content=\"Por Maria Fernanda Viana* Nove novos nomes do elenco da s\u00e9rie de\u00a0Harry Potter foram anunciados pela HBO. O seriado contar\u00e1, mais uma vez, a hist\u00f3ria dos livros de J.K Rowling. A expectativa \u00e9 que a produ\u00e7\u00e3o conte com sete temporadas, uma para cada livro. As novas adi\u00e7\u00f5es do elenco revelaram que Lox Pratt ser\u00e1 Draco &hellip;\" \/>\n<meta property=\"og:url\" content=\"https:\/\/transamerica93.com.br\/home\/hbo-revela-que-lox-pratt-sera-draco-malfoy-em-serie-de-harry-potter\/\" \/>\n<meta property=\"og:site_name\" content=\"Transam\u00e9rica Mococa 93,3\" \/>\n<meta property=\"article:publisher\" content=\"https:\/\/www.facebook.com\/transamericamococa\" \/>\n<meta property=\"article:published_time\" content=\"2025-07-21T21:00:23+00:00\" \/>\n<meta property=\"og:image\" content=\"https:\/\/transamerica93.com.br\/home\/wp-content\/uploads\/2025\/06\/Sem-titulo-52.png\" \/>\n\t<meta property=\"og:image:width\" content=\"959\" \/>\n\t<meta property=\"og:image:height\" content=\"639\" \/>\n\t<meta property=\"og:image:type\" content=\"image\/png\" \/>\n<meta name=\"author\" content=\"Reda\u00e7\u00e3o\" \/>\n<meta name=\"twitter:card\" content=\"summary_large_image\" \/>\n<meta name=\"twitter:creator\" content=\"@transamerica933\" \/>\n<meta name=\"twitter:site\" content=\"@transamerica933\" \/>\n<meta name=\"twitter:label1\" content=\"Escrito por\" \/>\n\t<meta name=\"twitter:data1\" content=\"Reda\u00e7\u00e3o\" \/>\n\t<meta name=\"twitter:label2\" content=\"Est. tempo de leitura\" \/>\n\t<meta name=\"twitter:data2\" content=\"2 minutos\" \/>\n<script type=\"application\/ld+json\" class=\"yoast-schema-graph\">{\"@context\":\"https:\\\/\\\/schema.org\",\"@graph\":[{\"@type\":\"Article\",\"@id\":\"https:\\\/\\\/transamerica93.com.br\\\/home\\\/hbo-revela-que-lox-pratt-sera-draco-malfoy-em-serie-de-harry-potter\\\/#article\",\"isPartOf\":{\"@id\":\"https:\\\/\\\/transamerica93.com.br\\\/home\\\/hbo-revela-que-lox-pratt-sera-draco-malfoy-em-serie-de-harry-potter\\\/\"},\"author\":{\"name\":\"Reda\u00e7\u00e3o\",\"@id\":\"https:\\\/\\\/transamerica93.com.br\\\/home\\\/#\\\/schema\\\/person\\\/7fed7c99c0d4562efa8561bc0f543172\"},\"headline\":\"HBO revela que Lox Pratt ser\u00e1 Draco Malfoy em s\u00e9rie de &#8216;Harry Potter&#8217;\",\"datePublished\":\"2025-07-21T21:00:23+00:00\",\"mainEntityOfPage\":{\"@id\":\"https:\\\/\\\/transamerica93.com.br\\\/home\\\/hbo-revela-que-lox-pratt-sera-draco-malfoy-em-serie-de-harry-potter\\\/\"},\"wordCount\":276,\"publisher\":{\"@id\":\"https:\\\/\\\/transamerica93.com.br\\\/home\\\/#organization\"},\"image\":{\"@id\":\"https:\\\/\\\/transamerica93.com.br\\\/home\\\/hbo-revela-que-lox-pratt-sera-draco-malfoy-em-serie-de-harry-potter\\\/#primaryimage\"},\"thumbnailUrl\":\"https:\\\/\\\/transamerica93.com.br\\\/home\\\/wp-content\\\/uploads\\\/2025\\\/06\\\/Sem-titulo-52.png\",\"articleSection\":[\"Entretenimento\"],\"inLanguage\":\"pt-BR\"},{\"@type\":\"WebPage\",\"@id\":\"https:\\\/\\\/transamerica93.com.br\\\/home\\\/hbo-revela-que-lox-pratt-sera-draco-malfoy-em-serie-de-harry-potter\\\/\",\"url\":\"https:\\\/\\\/transamerica93.com.br\\\/home\\\/hbo-revela-que-lox-pratt-sera-draco-malfoy-em-serie-de-harry-potter\\\/\",\"name\":\"HBO revela que Lox Pratt ser\u00e1 Draco Malfoy em s\u00e9rie de 'Harry Potter' - Transam\u00e9rica Mococa 93,3\",\"isPartOf\":{\"@id\":\"https:\\\/\\\/transamerica93.com.br\\\/home\\\/#website\"},\"primaryImageOfPage\":{\"@id\":\"https:\\\/\\\/transamerica93.com.br\\\/home\\\/hbo-revela-que-lox-pratt-sera-draco-malfoy-em-serie-de-harry-potter\\\/#primaryimage\"},\"image\":{\"@id\":\"https:\\\/\\\/transamerica93.com.br\\\/home\\\/hbo-revela-que-lox-pratt-sera-draco-malfoy-em-serie-de-harry-potter\\\/#primaryimage\"},\"thumbnailUrl\":\"https:\\\/\\\/transamerica93.com.br\\\/home\\\/wp-content\\\/uploads\\\/2025\\\/06\\\/Sem-titulo-52.png\",\"datePublished\":\"2025-07-21T21:00:23+00:00\",\"breadcrumb\":{\"@id\":\"https:\\\/\\\/transamerica93.com.br\\\/home\\\/hbo-revela-que-lox-pratt-sera-draco-malfoy-em-serie-de-harry-potter\\\/#breadcrumb\"},\"inLanguage\":\"pt-BR\",\"potentialAction\":[{\"@type\":\"ReadAction\",\"target\":[\"https:\\\/\\\/transamerica93.com.br\\\/home\\\/hbo-revela-que-lox-pratt-sera-draco-malfoy-em-serie-de-harry-potter\\\/\"]}]},{\"@type\":\"ImageObject\",\"inLanguage\":\"pt-BR\",\"@id\":\"https:\\\/\\\/transamerica93.com.br\\\/home\\\/hbo-revela-que-lox-pratt-sera-draco-malfoy-em-serie-de-harry-potter\\\/#primaryimage\",\"url\":\"https:\\\/\\\/transamerica93.com.br\\\/home\\\/wp-content\\\/uploads\\\/2025\\\/06\\\/Sem-titulo-52.png\",\"contentUrl\":\"https:\\\/\\\/transamerica93.com.br\\\/home\\\/wp-content\\\/uploads\\\/2025\\\/06\\\/Sem-titulo-52.png\",\"width\":959,\"height\":639},{\"@type\":\"BreadcrumbList\",\"@id\":\"https:\\\/\\\/transamerica93.com.br\\\/home\\\/hbo-revela-que-lox-pratt-sera-draco-malfoy-em-serie-de-harry-potter\\\/#breadcrumb\",\"itemListElement\":[{\"@type\":\"ListItem\",\"position\":1,\"name\":\"In\u00edcio\",\"item\":\"https:\\\/\\\/transamerica93.com.br\\\/home\\\/\"},{\"@type\":\"ListItem\",\"position\":2,\"name\":\"HBO revela que Lox Pratt ser\u00e1 Draco Malfoy em s\u00e9rie de &#8216;Harry Potter&#8217;\"}]},{\"@type\":\"WebSite\",\"@id\":\"https:\\\/\\\/transamerica93.com.br\\\/home\\\/#website\",\"url\":\"https:\\\/\\\/transamerica93.com.br\\\/home\\\/\",\"name\":\"Transam\u00e9rica Mococa 93,3\",\"description\":\"\",\"publisher\":{\"@id\":\"https:\\\/\\\/transamerica93.com.br\\\/home\\\/#organization\"},\"potentialAction\":[{\"@type\":\"SearchAction\",\"target\":{\"@type\":\"EntryPoint\",\"urlTemplate\":\"https:\\\/\\\/transamerica93.com.br\\\/home\\\/?s={search_term_string}\"},\"query-input\":{\"@type\":\"PropertyValueSpecification\",\"valueRequired\":true,\"valueName\":\"search_term_string\"}}],\"inLanguage\":\"pt-BR\"},{\"@type\":\"Organization\",\"@id\":\"https:\\\/\\\/transamerica93.com.br\\\/home\\\/#organization\",\"name\":\"Transam\u00e9rica Mococa 93,3\",\"url\":\"https:\\\/\\\/transamerica93.com.br\\\/home\\\/\",\"logo\":{\"@type\":\"ImageObject\",\"inLanguage\":\"pt-BR\",\"@id\":\"https:\\\/\\\/transamerica93.com.br\\\/home\\\/#\\\/schema\\\/logo\\\/image\\\/\",\"url\":\"https:\\\/\\\/transamerica93.com.br\\\/home\\\/wp-content\\\/uploads\\\/2023\\\/10\\\/logo2.png\",\"contentUrl\":\"https:\\\/\\\/transamerica93.com.br\\\/home\\\/wp-content\\\/uploads\\\/2023\\\/10\\\/logo2.png\",\"width\":800,\"height\":500,\"caption\":\"Transam\u00e9rica Mococa 93,3\"},\"image\":{\"@id\":\"https:\\\/\\\/transamerica93.com.br\\\/home\\\/#\\\/schema\\\/logo\\\/image\\\/\"},\"sameAs\":[\"https:\\\/\\\/www.facebook.com\\\/transamericamococa\",\"https:\\\/\\\/x.com\\\/transamerica933\",\"https:\\\/\\\/www.instagram.com\\\/transamericamococa\"]},{\"@type\":\"Person\",\"@id\":\"https:\\\/\\\/transamerica93.com.br\\\/home\\\/#\\\/schema\\\/person\\\/7fed7c99c0d4562efa8561bc0f543172\",\"name\":\"Reda\u00e7\u00e3o\",\"image\":{\"@type\":\"ImageObject\",\"inLanguage\":\"pt-BR\",\"@id\":\"https:\\\/\\\/secure.gravatar.com\\\/avatar\\\/1072c6b775fb02ef8506ce967551d95926669a6b7d2c2147b42eea4d7c68395e?s=96&d=mm&r=g\",\"url\":\"https:\\\/\\\/secure.gravatar.com\\\/avatar\\\/1072c6b775fb02ef8506ce967551d95926669a6b7d2c2147b42eea4d7c68395e?s=96&d=mm&r=g\",\"contentUrl\":\"https:\\\/\\\/secure.gravatar.com\\\/avatar\\\/1072c6b775fb02ef8506ce967551d95926669a6b7d2c2147b42eea4d7c68395e?s=96&d=mm&r=g\",\"caption\":\"Reda\u00e7\u00e3o\"},\"sameAs\":[\"https:\\\/\\\/transamerica93.com.br\\\/home\"],\"url\":\"https:\\\/\\\/transamerica93.com.br\\\/home\\\/author\\\/william\\\/\"}]}<\/script>\n<!-- \/ Yoast SEO plugin. -->","yoast_head_json":{"title":"HBO revela que Lox Pratt ser\u00e1 Draco Malfoy em s\u00e9rie de 'Harry Potter' - Transam\u00e9rica Mococa 93,3","robots":{"index":"index","follow":"follow","max-snippet":"max-snippet:-1","max-image-preview":"max-image-preview:large","max-video-preview":"max-video-preview:-1"},"canonical":"https:\/\/transamerica93.com.br\/home\/hbo-revela-que-lox-pratt-sera-draco-malfoy-em-serie-de-harry-potter\/","og_locale":"pt_BR","og_type":"article","og_title":"HBO revela que Lox Pratt ser\u00e1 Draco Malfoy em s\u00e9rie de 'Harry Potter' - Transam\u00e9rica Mococa 93,3","og_description":"Por Maria Fernanda Viana* Nove novos nomes do elenco da s\u00e9rie de\u00a0Harry Potter foram anunciados pela HBO. O seriado contar\u00e1, mais uma vez, a hist\u00f3ria dos livros de J.K Rowling. A expectativa \u00e9 que a produ\u00e7\u00e3o conte com sete temporadas, uma para cada livro. As novas adi\u00e7\u00f5es do elenco revelaram que Lox Pratt ser\u00e1 Draco &hellip;","og_url":"https:\/\/transamerica93.com.br\/home\/hbo-revela-que-lox-pratt-sera-draco-malfoy-em-serie-de-harry-potter\/","og_site_name":"Transam\u00e9rica Mococa 93,3","article_publisher":"https:\/\/www.facebook.com\/transamericamococa","article_published_time":"2025-07-21T21:00:23+00:00","og_image":[{"width":959,"height":639,"url":"https:\/\/transamerica93.com.br\/home\/wp-content\/uploads\/2025\/06\/Sem-titulo-52.png","type":"image\/png"}],"author":"Reda\u00e7\u00e3o","twitter_card":"summary_large_image","twitter_creator":"@transamerica933","twitter_site":"@transamerica933","twitter_misc":{"Escrito por":"Reda\u00e7\u00e3o","Est. tempo de leitura":"2 minutos"},"schema":{"@context":"https:\/\/schema.org","@graph":[{"@type":"Article","@id":"https:\/\/transamerica93.com.br\/home\/hbo-revela-que-lox-pratt-sera-draco-malfoy-em-serie-de-harry-potter\/#article","isPartOf":{"@id":"https:\/\/transamerica93.com.br\/home\/hbo-revela-que-lox-pratt-sera-draco-malfoy-em-serie-de-harry-potter\/"},"author":{"name":"Reda\u00e7\u00e3o","@id":"https:\/\/transamerica93.com.br\/home\/#\/schema\/person\/7fed7c99c0d4562efa8561bc0f543172"},"headline":"HBO revela que Lox Pratt ser\u00e1 Draco Malfoy em s\u00e9rie de &#8216;Harry Potter&#8217;","datePublished":"2025-07-21T21:00:23+00:00","mainEntityOfPage":{"@id":"https:\/\/transamerica93.com.br\/home\/hbo-revela-que-lox-pratt-sera-draco-malfoy-em-serie-de-harry-potter\/"},"wordCount":276,"publisher":{"@id":"https:\/\/transamerica93.com.br\/home\/#organization"},"image":{"@id":"https:\/\/transamerica93.com.br\/home\/hbo-revela-que-lox-pratt-sera-draco-malfoy-em-serie-de-harry-potter\/#primaryimage"},"thumbnailUrl":"https:\/\/transamerica93.com.br\/home\/wp-content\/uploads\/2025\/06\/Sem-titulo-52.png","articleSection":["Entretenimento"],"inLanguage":"pt-BR"},{"@type":"WebPage","@id":"https:\/\/transamerica93.com.br\/home\/hbo-revela-que-lox-pratt-sera-draco-malfoy-em-serie-de-harry-potter\/","url":"https:\/\/transamerica93.com.br\/home\/hbo-revela-que-lox-pratt-sera-draco-malfoy-em-serie-de-harry-potter\/","name":"HBO revela que Lox Pratt ser\u00e1 Draco Malfoy em s\u00e9rie de 'Harry Potter' - Transam\u00e9rica Mococa 93,3","isPartOf":{"@id":"https:\/\/transamerica93.com.br\/home\/#website"},"primaryImageOfPage":{"@id":"https:\/\/transamerica93.com.br\/home\/hbo-revela-que-lox-pratt-sera-draco-malfoy-em-serie-de-harry-potter\/#primaryimage"},"image":{"@id":"https:\/\/transamerica93.com.br\/home\/hbo-revela-que-lox-pratt-sera-draco-malfoy-em-serie-de-harry-potter\/#primaryimage"},"thumbnailUrl":"https:\/\/transamerica93.com.br\/home\/wp-content\/uploads\/2025\/06\/Sem-titulo-52.png","datePublished":"2025-07-21T21:00:23+00:00","breadcrumb":{"@id":"https:\/\/transamerica93.com.br\/home\/hbo-revela-que-lox-pratt-sera-draco-malfoy-em-serie-de-harry-potter\/#breadcrumb"},"inLanguage":"pt-BR","potentialAction":[{"@type":"ReadAction","target":["https:\/\/transamerica93.com.br\/home\/hbo-revela-que-lox-pratt-sera-draco-malfoy-em-serie-de-harry-potter\/"]}]},{"@type":"ImageObject","inLanguage":"pt-BR","@id":"https:\/\/transamerica93.com.br\/home\/hbo-revela-que-lox-pratt-sera-draco-malfoy-em-serie-de-harry-potter\/#primaryimage","url":"https:\/\/transamerica93.com.br\/home\/wp-content\/uploads\/2025\/06\/Sem-titulo-52.png","contentUrl":"https:\/\/transamerica93.com.br\/home\/wp-content\/uploads\/2025\/06\/Sem-titulo-52.png","width":959,"height":639},{"@type":"BreadcrumbList","@id":"https:\/\/transamerica93.com.br\/home\/hbo-revela-que-lox-pratt-sera-draco-malfoy-em-serie-de-harry-potter\/#breadcrumb","itemListElement":[{"@type":"ListItem","position":1,"name":"In\u00edcio","item":"https:\/\/transamerica93.com.br\/home\/"},{"@type":"ListItem","position":2,"name":"HBO revela que Lox Pratt ser\u00e1 Draco Malfoy em s\u00e9rie de &#8216;Harry Potter&#8217;"}]},{"@type":"WebSite","@id":"https:\/\/transamerica93.com.br\/home\/#website","url":"https:\/\/transamerica93.com.br\/home\/","name":"Transam\u00e9rica Mococa 93,3","description":"","publisher":{"@id":"https:\/\/transamerica93.com.br\/home\/#organization"},"potentialAction":[{"@type":"SearchAction","target":{"@type":"EntryPoint","urlTemplate":"https:\/\/transamerica93.com.br\/home\/?s={search_term_string}"},"query-input":{"@type":"PropertyValueSpecification","valueRequired":true,"valueName":"search_term_string"}}],"inLanguage":"pt-BR"},{"@type":"Organization","@id":"https:\/\/transamerica93.com.br\/home\/#organization","name":"Transam\u00e9rica Mococa 93,3","url":"https:\/\/transamerica93.com.br\/home\/","logo":{"@type":"ImageObject","inLanguage":"pt-BR","@id":"https:\/\/transamerica93.com.br\/home\/#\/schema\/logo\/image\/","url":"https:\/\/transamerica93.com.br\/home\/wp-content\/uploads\/2023\/10\/logo2.png","contentUrl":"https:\/\/transamerica93.com.br\/home\/wp-content\/uploads\/2023\/10\/logo2.png","width":800,"height":500,"caption":"Transam\u00e9rica Mococa 93,3"},"image":{"@id":"https:\/\/transamerica93.com.br\/home\/#\/schema\/logo\/image\/"},"sameAs":["https:\/\/www.facebook.com\/transamericamococa","https:\/\/x.com\/transamerica933","https:\/\/www.instagram.com\/transamericamococa"]},{"@type":"Person","@id":"https:\/\/transamerica93.com.br\/home\/#\/schema\/person\/7fed7c99c0d4562efa8561bc0f543172","name":"Reda\u00e7\u00e3o","image":{"@type":"ImageObject","inLanguage":"pt-BR","@id":"https:\/\/secure.gravatar.com\/avatar\/1072c6b775fb02ef8506ce967551d95926669a6b7d2c2147b42eea4d7c68395e?s=96&d=mm&r=g","url":"https:\/\/secure.gravatar.com\/avatar\/1072c6b775fb02ef8506ce967551d95926669a6b7d2c2147b42eea4d7c68395e?s=96&d=mm&r=g","contentUrl":"https:\/\/secure.gravatar.com\/avatar\/1072c6b775fb02ef8506ce967551d95926669a6b7d2c2147b42eea4d7c68395e?s=96&d=mm&r=g","caption":"Reda\u00e7\u00e3o"},"sameAs":["https:\/\/transamerica93.com.br\/home"],"url":"https:\/\/transamerica93.com.br\/home\/author\/william\/"}]}},"_links":{"self":[{"href":"https:\/\/transamerica93.com.br\/home\/wp-json\/wp\/v2\/posts\/5974","targetHints":{"allow":["GET"]}}],"collection":[{"href":"https:\/\/transamerica93.com.br\/home\/wp-json\/wp\/v2\/posts"}],"about":[{"href":"https:\/\/transamerica93.com.br\/home\/wp-json\/wp\/v2\/types\/post"}],"author":[{"embeddable":true,"href":"https:\/\/transamerica93.com.br\/home\/wp-json\/wp\/v2\/users\/1"}],"replies":[{"embeddable":true,"href":"https:\/\/transamerica93.com.br\/home\/wp-json\/wp\/v2\/comments?post=5974"}],"version-history":[{"count":2,"href":"https:\/\/transamerica93.com.br\/home\/wp-json\/wp\/v2\/posts\/5974\/revisions"}],"predecessor-version":[{"id":5977,"href":"https:\/\/transamerica93.com.br\/home\/wp-json\/wp\/v2\/posts\/5974\/revisions\/5977"}],"wp:featuredmedia":[{"embeddable":true,"href":"https:\/\/transamerica93.com.br\/home\/wp-json\/wp\/v2\/media\/5975"}],"wp:attachment":[{"href":"https:\/\/transamerica93.com.br\/home\/wp-json\/wp\/v2\/media?parent=5974"}],"wp:term":[{"taxonomy":"category","embeddable":true,"href":"https:\/\/transamerica93.com.br\/home\/wp-json\/wp\/v2\/categories?post=5974"},{"taxonomy":"post_tag","embeddable":true,"href":"https:\/\/transamerica93.com.br\/home\/wp-json\/wp\/v2\/tags?post=5974"}],"curies":[{"name":"wp","href":"https:\/\/api.w.org\/{rel}","templated":true}]}}