{"id":5988,"date":"2025-07-23T18:00:58","date_gmt":"2025-07-23T21:00:58","guid":{"rendered":"https:\/\/transamerica93.com.br\/home\/?p=5988"},"modified":"2025-06-29T11:19:08","modified_gmt":"2025-06-29T14:19:08","slug":"claudia-raia-rebate-critica-sobre-criacao-da-filha-e-diz-que-sempre-foi-uma-pessoa-polemica","status":"publish","type":"post","link":"https:\/\/transamerica93.com.br\/home\/claudia-raia-rebate-critica-sobre-criacao-da-filha-e-diz-que-sempre-foi-uma-pessoa-polemica\/","title":{"rendered":"Claudia Raia rebate cr\u00edtica sobre cria\u00e7\u00e3o da filha e diz que sempre foi &#8216;uma pessoa pol\u00eamica&#8217;"},"content":{"rendered":"<p>Por Reda\u00e7\u00e3o E+<\/p>\n<p>Claudia Raia, que estreia a pe\u00e7a Cenas da Menopausa, \u00e9 presen\u00e7a frequente nas redes sociais, no notici\u00e1rio de celebridades e em podcasts sobre temas como maternidade e feminismo. Muito do que ela diz viraliza &#8211; mas n\u00e3o tudo.<\/p>\n<p>&#8220;Quando falo da Sophia reverbera muito mais do que quando eu falo do Enzo. Reverbera muito mais qualquer coisa que eu diga da intimidade ou da minha rela\u00e7\u00e3o de m\u00e3e e filha porque eu falo do prazer da mulher, do corpo e do prazer da mulher&#8221;, disse a atriz em entrevista ao\u00a0<b>Estad\u00e3o<\/b>.<\/p>\n<p>&#8220;E isso \u00e9 inaceit\u00e1vel na nossa sociedade. As pessoas n\u00e3o aguentam esse assunto. Elas n\u00e3o querem falar sobre isso. E a\u00ed vira uma confus\u00e3o&#8221;, continua.<\/p>\n<p>Justamente os dois assuntos que viralizaram recentemente envolviam Sophia e intimidade.<\/p>\n<p><b>Vibrador e primeira vez<\/b><\/p>\n<p>Claudia Raia disse que deu um vibrador para Sophia quando a filha tinha 12 anos. Em outra ocasi\u00e3o, ela disse que chegou a organizar a primeira vez da filha.<\/p>\n<p>&#8220;O grande problema, sempre, \u00e9 quando se refere \u00e0 mulher. A Sophia \u00e9 uma mulher incr\u00edvel, feminista, independente. Todas as coisas que inseri na vida dela foram aceitas por ela e foram acertos. Cada um faz o que quiser. Eu fiz o que eu quis com os meus filhos em comum acordo com o Edson [Celulari, pai dos dois primeiros filhos da atriz]. De algumas coisas ele n\u00e3o participou porque j\u00e1 est\u00e1vamos separados. S\u00e3o coisas de meninas.&#8221;<\/p>\n<p>Ela disse ainda que &#8220;fala mesmo&#8221; e que sempre foi uma pessoa pol\u00eamica. &#8220;Quando quero, vou e falo. N\u00e3o fa\u00e7o a submissa e nem a omissa. N\u00e3o fa\u00e7o. E a\u00ed vira uma confus\u00e3o. Fazer o qu\u00ea?&#8221;<\/p>\n<p><b>Repercuss\u00e3o e coment\u00e1rios<\/b><\/p>\n<p>Claudia Raia disse que \u00e0s vezes se chateia com os coment\u00e1rios, mas que n\u00e3o tem nem costume nem tempo de acompanhar tudo o que falam sobre ela. &#8220;Amanh\u00e3 ningu\u00e9m lembra mais o que foi dito hoje \u00c9 tudo muito, muito, muito, muito superficial&#8221;, disse a atriz na entrevista concedida ao lado do marido, o ator Jarbas Homem de Mello.<\/p>\n<p><b>Cenas da Menopausa<\/b><\/p>\n<p>Teatro Claro MAIS SP &#8211; Shopping Vila Ol\u00edmpia (R. Olimp\u00edadas, 360 &#8211; Vila Ol\u00edmpia)<\/p>\n<p>5\u00aa a s\u00e1bado, \u00e0s 20h; domingos, \u00e0s 18h<\/p>\n<p>Ingressos: de R$ 25 a R$ 250<\/p>\n<p>Estreia: 15\/6. At\u00e9 17\/8 (ingressos \u00e0 venda, por ora, at\u00e9 31\/7)<\/p>\n","protected":false},"excerpt":{"rendered":"<p>Por Reda\u00e7\u00e3o E+ Claudia Raia, que estreia a pe\u00e7a Cenas da Menopausa, \u00e9 presen\u00e7a frequente nas redes sociais, no notici\u00e1rio de celebridades e em podcasts sobre temas como maternidade e feminismo. Muito do que ela diz viraliza &#8211; mas n\u00e3o tudo. &#8220;Quando falo da Sophia reverbera muito mais do que quando eu falo do Enzo. &hellip;<\/p>\n","protected":false},"author":1,"featured_media":5989,"comment_status":"closed","ping_status":"closed","sticky":false,"template":"","format":"standard","meta":{"footnotes":""},"categories":[24],"tags":[],"class_list":["post-5988","post","type-post","status-publish","format-standard","has-post-thumbnail","hentry","category-entretenimento"],"yoast_head":"<!-- This site is optimized with the Yoast SEO plugin v27.4 - https:\/\/yoast.com\/product\/yoast-seo-wordpress\/ -->\n<title>Claudia Raia rebate cr\u00edtica sobre cria\u00e7\u00e3o da filha e diz que sempre foi &#039;uma pessoa pol\u00eamica&#039; - Transam\u00e9rica Mococa 93,3<\/title>\n<meta name=\"robots\" content=\"index, follow, max-snippet:-1, max-image-preview:large, max-video-preview:-1\" \/>\n<link rel=\"canonical\" href=\"https:\/\/transamerica93.com.br\/home\/claudia-raia-rebate-critica-sobre-criacao-da-filha-e-diz-que-sempre-foi-uma-pessoa-polemica\/\" \/>\n<meta property=\"og:locale\" content=\"pt_BR\" \/>\n<meta property=\"og:type\" content=\"article\" \/>\n<meta property=\"og:title\" content=\"Claudia Raia rebate cr\u00edtica sobre cria\u00e7\u00e3o da filha e diz que sempre foi &#039;uma pessoa pol\u00eamica&#039; - Transam\u00e9rica Mococa 93,3\" \/>\n<meta property=\"og:description\" content=\"Por Reda\u00e7\u00e3o E+ Claudia Raia, que estreia a pe\u00e7a Cenas da Menopausa, \u00e9 presen\u00e7a frequente nas redes sociais, no notici\u00e1rio de celebridades e em podcasts sobre temas como maternidade e feminismo. Muito do que ela diz viraliza &#8211; mas n\u00e3o tudo. &#8220;Quando falo da Sophia reverbera muito mais do que quando eu falo do Enzo. &hellip;\" \/>\n<meta property=\"og:url\" content=\"https:\/\/transamerica93.com.br\/home\/claudia-raia-rebate-critica-sobre-criacao-da-filha-e-diz-que-sempre-foi-uma-pessoa-polemica\/\" \/>\n<meta property=\"og:site_name\" content=\"Transam\u00e9rica Mococa 93,3\" \/>\n<meta property=\"article:publisher\" content=\"https:\/\/www.facebook.com\/transamericamococa\" \/>\n<meta property=\"article:published_time\" content=\"2025-07-23T21:00:58+00:00\" \/>\n<meta property=\"og:image\" content=\"https:\/\/transamerica93.com.br\/home\/wp-content\/uploads\/2025\/06\/Sem-titulo-56.png\" \/>\n\t<meta property=\"og:image:width\" content=\"969\" \/>\n\t<meta property=\"og:image:height\" content=\"600\" \/>\n\t<meta property=\"og:image:type\" content=\"image\/png\" \/>\n<meta name=\"author\" content=\"Reda\u00e7\u00e3o\" \/>\n<meta name=\"twitter:card\" content=\"summary_large_image\" \/>\n<meta name=\"twitter:creator\" content=\"@transamerica933\" \/>\n<meta name=\"twitter:site\" content=\"@transamerica933\" \/>\n<meta name=\"twitter:label1\" content=\"Escrito por\" \/>\n\t<meta name=\"twitter:data1\" content=\"Reda\u00e7\u00e3o\" \/>\n\t<meta name=\"twitter:label2\" content=\"Est. tempo de leitura\" \/>\n\t<meta name=\"twitter:data2\" content=\"3 minutos\" \/>\n<script type=\"application\/ld+json\" class=\"yoast-schema-graph\">{\"@context\":\"https:\\\/\\\/schema.org\",\"@graph\":[{\"@type\":\"Article\",\"@id\":\"https:\\\/\\\/transamerica93.com.br\\\/home\\\/claudia-raia-rebate-critica-sobre-criacao-da-filha-e-diz-que-sempre-foi-uma-pessoa-polemica\\\/#article\",\"isPartOf\":{\"@id\":\"https:\\\/\\\/transamerica93.com.br\\\/home\\\/claudia-raia-rebate-critica-sobre-criacao-da-filha-e-diz-que-sempre-foi-uma-pessoa-polemica\\\/\"},\"author\":{\"name\":\"Reda\u00e7\u00e3o\",\"@id\":\"https:\\\/\\\/transamerica93.com.br\\\/home\\\/#\\\/schema\\\/person\\\/7fed7c99c0d4562efa8561bc0f543172\"},\"headline\":\"Claudia Raia rebate cr\u00edtica sobre cria\u00e7\u00e3o da filha e diz que sempre foi &#8216;uma pessoa pol\u00eamica&#8217;\",\"datePublished\":\"2025-07-23T21:00:58+00:00\",\"mainEntityOfPage\":{\"@id\":\"https:\\\/\\\/transamerica93.com.br\\\/home\\\/claudia-raia-rebate-critica-sobre-criacao-da-filha-e-diz-que-sempre-foi-uma-pessoa-polemica\\\/\"},\"wordCount\":417,\"publisher\":{\"@id\":\"https:\\\/\\\/transamerica93.com.br\\\/home\\\/#organization\"},\"image\":{\"@id\":\"https:\\\/\\\/transamerica93.com.br\\\/home\\\/claudia-raia-rebate-critica-sobre-criacao-da-filha-e-diz-que-sempre-foi-uma-pessoa-polemica\\\/#primaryimage\"},\"thumbnailUrl\":\"https:\\\/\\\/transamerica93.com.br\\\/home\\\/wp-content\\\/uploads\\\/2025\\\/06\\\/Sem-titulo-56.png\",\"articleSection\":[\"Entretenimento\"],\"inLanguage\":\"pt-BR\"},{\"@type\":\"WebPage\",\"@id\":\"https:\\\/\\\/transamerica93.com.br\\\/home\\\/claudia-raia-rebate-critica-sobre-criacao-da-filha-e-diz-que-sempre-foi-uma-pessoa-polemica\\\/\",\"url\":\"https:\\\/\\\/transamerica93.com.br\\\/home\\\/claudia-raia-rebate-critica-sobre-criacao-da-filha-e-diz-que-sempre-foi-uma-pessoa-polemica\\\/\",\"name\":\"Claudia Raia rebate cr\u00edtica sobre cria\u00e7\u00e3o da filha e diz que sempre foi 'uma pessoa pol\u00eamica' - Transam\u00e9rica Mococa 93,3\",\"isPartOf\":{\"@id\":\"https:\\\/\\\/transamerica93.com.br\\\/home\\\/#website\"},\"primaryImageOfPage\":{\"@id\":\"https:\\\/\\\/transamerica93.com.br\\\/home\\\/claudia-raia-rebate-critica-sobre-criacao-da-filha-e-diz-que-sempre-foi-uma-pessoa-polemica\\\/#primaryimage\"},\"image\":{\"@id\":\"https:\\\/\\\/transamerica93.com.br\\\/home\\\/claudia-raia-rebate-critica-sobre-criacao-da-filha-e-diz-que-sempre-foi-uma-pessoa-polemica\\\/#primaryimage\"},\"thumbnailUrl\":\"https:\\\/\\\/transamerica93.com.br\\\/home\\\/wp-content\\\/uploads\\\/2025\\\/06\\\/Sem-titulo-56.png\",\"datePublished\":\"2025-07-23T21:00:58+00:00\",\"breadcrumb\":{\"@id\":\"https:\\\/\\\/transamerica93.com.br\\\/home\\\/claudia-raia-rebate-critica-sobre-criacao-da-filha-e-diz-que-sempre-foi-uma-pessoa-polemica\\\/#breadcrumb\"},\"inLanguage\":\"pt-BR\",\"potentialAction\":[{\"@type\":\"ReadAction\",\"target\":[\"https:\\\/\\\/transamerica93.com.br\\\/home\\\/claudia-raia-rebate-critica-sobre-criacao-da-filha-e-diz-que-sempre-foi-uma-pessoa-polemica\\\/\"]}]},{\"@type\":\"ImageObject\",\"inLanguage\":\"pt-BR\",\"@id\":\"https:\\\/\\\/transamerica93.com.br\\\/home\\\/claudia-raia-rebate-critica-sobre-criacao-da-filha-e-diz-que-sempre-foi-uma-pessoa-polemica\\\/#primaryimage\",\"url\":\"https:\\\/\\\/transamerica93.com.br\\\/home\\\/wp-content\\\/uploads\\\/2025\\\/06\\\/Sem-titulo-56.png\",\"contentUrl\":\"https:\\\/\\\/transamerica93.com.br\\\/home\\\/wp-content\\\/uploads\\\/2025\\\/06\\\/Sem-titulo-56.png\",\"width\":969,\"height\":600},{\"@type\":\"BreadcrumbList\",\"@id\":\"https:\\\/\\\/transamerica93.com.br\\\/home\\\/claudia-raia-rebate-critica-sobre-criacao-da-filha-e-diz-que-sempre-foi-uma-pessoa-polemica\\\/#breadcrumb\",\"itemListElement\":[{\"@type\":\"ListItem\",\"position\":1,\"name\":\"In\u00edcio\",\"item\":\"https:\\\/\\\/transamerica93.com.br\\\/home\\\/\"},{\"@type\":\"ListItem\",\"position\":2,\"name\":\"Claudia Raia rebate cr\u00edtica sobre cria\u00e7\u00e3o da filha e diz que sempre foi &#8216;uma pessoa pol\u00eamica&#8217;\"}]},{\"@type\":\"WebSite\",\"@id\":\"https:\\\/\\\/transamerica93.com.br\\\/home\\\/#website\",\"url\":\"https:\\\/\\\/transamerica93.com.br\\\/home\\\/\",\"name\":\"Transam\u00e9rica Mococa 93,3\",\"description\":\"\",\"publisher\":{\"@id\":\"https:\\\/\\\/transamerica93.com.br\\\/home\\\/#organization\"},\"potentialAction\":[{\"@type\":\"SearchAction\",\"target\":{\"@type\":\"EntryPoint\",\"urlTemplate\":\"https:\\\/\\\/transamerica93.com.br\\\/home\\\/?s={search_term_string}\"},\"query-input\":{\"@type\":\"PropertyValueSpecification\",\"valueRequired\":true,\"valueName\":\"search_term_string\"}}],\"inLanguage\":\"pt-BR\"},{\"@type\":\"Organization\",\"@id\":\"https:\\\/\\\/transamerica93.com.br\\\/home\\\/#organization\",\"name\":\"Transam\u00e9rica Mococa 93,3\",\"url\":\"https:\\\/\\\/transamerica93.com.br\\\/home\\\/\",\"logo\":{\"@type\":\"ImageObject\",\"inLanguage\":\"pt-BR\",\"@id\":\"https:\\\/\\\/transamerica93.com.br\\\/home\\\/#\\\/schema\\\/logo\\\/image\\\/\",\"url\":\"https:\\\/\\\/transamerica93.com.br\\\/home\\\/wp-content\\\/uploads\\\/2023\\\/10\\\/logo2.png\",\"contentUrl\":\"https:\\\/\\\/transamerica93.com.br\\\/home\\\/wp-content\\\/uploads\\\/2023\\\/10\\\/logo2.png\",\"width\":800,\"height\":500,\"caption\":\"Transam\u00e9rica Mococa 93,3\"},\"image\":{\"@id\":\"https:\\\/\\\/transamerica93.com.br\\\/home\\\/#\\\/schema\\\/logo\\\/image\\\/\"},\"sameAs\":[\"https:\\\/\\\/www.facebook.com\\\/transamericamococa\",\"https:\\\/\\\/x.com\\\/transamerica933\",\"https:\\\/\\\/www.instagram.com\\\/transamericamococa\"]},{\"@type\":\"Person\",\"@id\":\"https:\\\/\\\/transamerica93.com.br\\\/home\\\/#\\\/schema\\\/person\\\/7fed7c99c0d4562efa8561bc0f543172\",\"name\":\"Reda\u00e7\u00e3o\",\"image\":{\"@type\":\"ImageObject\",\"inLanguage\":\"pt-BR\",\"@id\":\"https:\\\/\\\/secure.gravatar.com\\\/avatar\\\/1072c6b775fb02ef8506ce967551d95926669a6b7d2c2147b42eea4d7c68395e?s=96&d=mm&r=g\",\"url\":\"https:\\\/\\\/secure.gravatar.com\\\/avatar\\\/1072c6b775fb02ef8506ce967551d95926669a6b7d2c2147b42eea4d7c68395e?s=96&d=mm&r=g\",\"contentUrl\":\"https:\\\/\\\/secure.gravatar.com\\\/avatar\\\/1072c6b775fb02ef8506ce967551d95926669a6b7d2c2147b42eea4d7c68395e?s=96&d=mm&r=g\",\"caption\":\"Reda\u00e7\u00e3o\"},\"sameAs\":[\"https:\\\/\\\/transamerica93.com.br\\\/home\"],\"url\":\"https:\\\/\\\/transamerica93.com.br\\\/home\\\/author\\\/william\\\/\"}]}<\/script>\n<!-- \/ Yoast SEO plugin. -->","yoast_head_json":{"title":"Claudia Raia rebate cr\u00edtica sobre cria\u00e7\u00e3o da filha e diz que sempre foi 'uma pessoa pol\u00eamica' - Transam\u00e9rica Mococa 93,3","robots":{"index":"index","follow":"follow","max-snippet":"max-snippet:-1","max-image-preview":"max-image-preview:large","max-video-preview":"max-video-preview:-1"},"canonical":"https:\/\/transamerica93.com.br\/home\/claudia-raia-rebate-critica-sobre-criacao-da-filha-e-diz-que-sempre-foi-uma-pessoa-polemica\/","og_locale":"pt_BR","og_type":"article","og_title":"Claudia Raia rebate cr\u00edtica sobre cria\u00e7\u00e3o da filha e diz que sempre foi 'uma pessoa pol\u00eamica' - Transam\u00e9rica Mococa 93,3","og_description":"Por Reda\u00e7\u00e3o E+ Claudia Raia, que estreia a pe\u00e7a Cenas da Menopausa, \u00e9 presen\u00e7a frequente nas redes sociais, no notici\u00e1rio de celebridades e em podcasts sobre temas como maternidade e feminismo. Muito do que ela diz viraliza &#8211; mas n\u00e3o tudo. &#8220;Quando falo da Sophia reverbera muito mais do que quando eu falo do Enzo. &hellip;","og_url":"https:\/\/transamerica93.com.br\/home\/claudia-raia-rebate-critica-sobre-criacao-da-filha-e-diz-que-sempre-foi-uma-pessoa-polemica\/","og_site_name":"Transam\u00e9rica Mococa 93,3","article_publisher":"https:\/\/www.facebook.com\/transamericamococa","article_published_time":"2025-07-23T21:00:58+00:00","og_image":[{"width":969,"height":600,"url":"https:\/\/transamerica93.com.br\/home\/wp-content\/uploads\/2025\/06\/Sem-titulo-56.png","type":"image\/png"}],"author":"Reda\u00e7\u00e3o","twitter_card":"summary_large_image","twitter_creator":"@transamerica933","twitter_site":"@transamerica933","twitter_misc":{"Escrito por":"Reda\u00e7\u00e3o","Est. tempo de leitura":"3 minutos"},"schema":{"@context":"https:\/\/schema.org","@graph":[{"@type":"Article","@id":"https:\/\/transamerica93.com.br\/home\/claudia-raia-rebate-critica-sobre-criacao-da-filha-e-diz-que-sempre-foi-uma-pessoa-polemica\/#article","isPartOf":{"@id":"https:\/\/transamerica93.com.br\/home\/claudia-raia-rebate-critica-sobre-criacao-da-filha-e-diz-que-sempre-foi-uma-pessoa-polemica\/"},"author":{"name":"Reda\u00e7\u00e3o","@id":"https:\/\/transamerica93.com.br\/home\/#\/schema\/person\/7fed7c99c0d4562efa8561bc0f543172"},"headline":"Claudia Raia rebate cr\u00edtica sobre cria\u00e7\u00e3o da filha e diz que sempre foi &#8216;uma pessoa pol\u00eamica&#8217;","datePublished":"2025-07-23T21:00:58+00:00","mainEntityOfPage":{"@id":"https:\/\/transamerica93.com.br\/home\/claudia-raia-rebate-critica-sobre-criacao-da-filha-e-diz-que-sempre-foi-uma-pessoa-polemica\/"},"wordCount":417,"publisher":{"@id":"https:\/\/transamerica93.com.br\/home\/#organization"},"image":{"@id":"https:\/\/transamerica93.com.br\/home\/claudia-raia-rebate-critica-sobre-criacao-da-filha-e-diz-que-sempre-foi-uma-pessoa-polemica\/#primaryimage"},"thumbnailUrl":"https:\/\/transamerica93.com.br\/home\/wp-content\/uploads\/2025\/06\/Sem-titulo-56.png","articleSection":["Entretenimento"],"inLanguage":"pt-BR"},{"@type":"WebPage","@id":"https:\/\/transamerica93.com.br\/home\/claudia-raia-rebate-critica-sobre-criacao-da-filha-e-diz-que-sempre-foi-uma-pessoa-polemica\/","url":"https:\/\/transamerica93.com.br\/home\/claudia-raia-rebate-critica-sobre-criacao-da-filha-e-diz-que-sempre-foi-uma-pessoa-polemica\/","name":"Claudia Raia rebate cr\u00edtica sobre cria\u00e7\u00e3o da filha e diz que sempre foi 'uma pessoa pol\u00eamica' - Transam\u00e9rica Mococa 93,3","isPartOf":{"@id":"https:\/\/transamerica93.com.br\/home\/#website"},"primaryImageOfPage":{"@id":"https:\/\/transamerica93.com.br\/home\/claudia-raia-rebate-critica-sobre-criacao-da-filha-e-diz-que-sempre-foi-uma-pessoa-polemica\/#primaryimage"},"image":{"@id":"https:\/\/transamerica93.com.br\/home\/claudia-raia-rebate-critica-sobre-criacao-da-filha-e-diz-que-sempre-foi-uma-pessoa-polemica\/#primaryimage"},"thumbnailUrl":"https:\/\/transamerica93.com.br\/home\/wp-content\/uploads\/2025\/06\/Sem-titulo-56.png","datePublished":"2025-07-23T21:00:58+00:00","breadcrumb":{"@id":"https:\/\/transamerica93.com.br\/home\/claudia-raia-rebate-critica-sobre-criacao-da-filha-e-diz-que-sempre-foi-uma-pessoa-polemica\/#breadcrumb"},"inLanguage":"pt-BR","potentialAction":[{"@type":"ReadAction","target":["https:\/\/transamerica93.com.br\/home\/claudia-raia-rebate-critica-sobre-criacao-da-filha-e-diz-que-sempre-foi-uma-pessoa-polemica\/"]}]},{"@type":"ImageObject","inLanguage":"pt-BR","@id":"https:\/\/transamerica93.com.br\/home\/claudia-raia-rebate-critica-sobre-criacao-da-filha-e-diz-que-sempre-foi-uma-pessoa-polemica\/#primaryimage","url":"https:\/\/transamerica93.com.br\/home\/wp-content\/uploads\/2025\/06\/Sem-titulo-56.png","contentUrl":"https:\/\/transamerica93.com.br\/home\/wp-content\/uploads\/2025\/06\/Sem-titulo-56.png","width":969,"height":600},{"@type":"BreadcrumbList","@id":"https:\/\/transamerica93.com.br\/home\/claudia-raia-rebate-critica-sobre-criacao-da-filha-e-diz-que-sempre-foi-uma-pessoa-polemica\/#breadcrumb","itemListElement":[{"@type":"ListItem","position":1,"name":"In\u00edcio","item":"https:\/\/transamerica93.com.br\/home\/"},{"@type":"ListItem","position":2,"name":"Claudia Raia rebate cr\u00edtica sobre cria\u00e7\u00e3o da filha e diz que sempre foi &#8216;uma pessoa pol\u00eamica&#8217;"}]},{"@type":"WebSite","@id":"https:\/\/transamerica93.com.br\/home\/#website","url":"https:\/\/transamerica93.com.br\/home\/","name":"Transam\u00e9rica Mococa 93,3","description":"","publisher":{"@id":"https:\/\/transamerica93.com.br\/home\/#organization"},"potentialAction":[{"@type":"SearchAction","target":{"@type":"EntryPoint","urlTemplate":"https:\/\/transamerica93.com.br\/home\/?s={search_term_string}"},"query-input":{"@type":"PropertyValueSpecification","valueRequired":true,"valueName":"search_term_string"}}],"inLanguage":"pt-BR"},{"@type":"Organization","@id":"https:\/\/transamerica93.com.br\/home\/#organization","name":"Transam\u00e9rica Mococa 93,3","url":"https:\/\/transamerica93.com.br\/home\/","logo":{"@type":"ImageObject","inLanguage":"pt-BR","@id":"https:\/\/transamerica93.com.br\/home\/#\/schema\/logo\/image\/","url":"https:\/\/transamerica93.com.br\/home\/wp-content\/uploads\/2023\/10\/logo2.png","contentUrl":"https:\/\/transamerica93.com.br\/home\/wp-content\/uploads\/2023\/10\/logo2.png","width":800,"height":500,"caption":"Transam\u00e9rica Mococa 93,3"},"image":{"@id":"https:\/\/transamerica93.com.br\/home\/#\/schema\/logo\/image\/"},"sameAs":["https:\/\/www.facebook.com\/transamericamococa","https:\/\/x.com\/transamerica933","https:\/\/www.instagram.com\/transamericamococa"]},{"@type":"Person","@id":"https:\/\/transamerica93.com.br\/home\/#\/schema\/person\/7fed7c99c0d4562efa8561bc0f543172","name":"Reda\u00e7\u00e3o","image":{"@type":"ImageObject","inLanguage":"pt-BR","@id":"https:\/\/secure.gravatar.com\/avatar\/1072c6b775fb02ef8506ce967551d95926669a6b7d2c2147b42eea4d7c68395e?s=96&d=mm&r=g","url":"https:\/\/secure.gravatar.com\/avatar\/1072c6b775fb02ef8506ce967551d95926669a6b7d2c2147b42eea4d7c68395e?s=96&d=mm&r=g","contentUrl":"https:\/\/secure.gravatar.com\/avatar\/1072c6b775fb02ef8506ce967551d95926669a6b7d2c2147b42eea4d7c68395e?s=96&d=mm&r=g","caption":"Reda\u00e7\u00e3o"},"sameAs":["https:\/\/transamerica93.com.br\/home"],"url":"https:\/\/transamerica93.com.br\/home\/author\/william\/"}]}},"_links":{"self":[{"href":"https:\/\/transamerica93.com.br\/home\/wp-json\/wp\/v2\/posts\/5988","targetHints":{"allow":["GET"]}}],"collection":[{"href":"https:\/\/transamerica93.com.br\/home\/wp-json\/wp\/v2\/posts"}],"about":[{"href":"https:\/\/transamerica93.com.br\/home\/wp-json\/wp\/v2\/types\/post"}],"author":[{"embeddable":true,"href":"https:\/\/transamerica93.com.br\/home\/wp-json\/wp\/v2\/users\/1"}],"replies":[{"embeddable":true,"href":"https:\/\/transamerica93.com.br\/home\/wp-json\/wp\/v2\/comments?post=5988"}],"version-history":[{"count":1,"href":"https:\/\/transamerica93.com.br\/home\/wp-json\/wp\/v2\/posts\/5988\/revisions"}],"predecessor-version":[{"id":5990,"href":"https:\/\/transamerica93.com.br\/home\/wp-json\/wp\/v2\/posts\/5988\/revisions\/5990"}],"wp:featuredmedia":[{"embeddable":true,"href":"https:\/\/transamerica93.com.br\/home\/wp-json\/wp\/v2\/media\/5989"}],"wp:attachment":[{"href":"https:\/\/transamerica93.com.br\/home\/wp-json\/wp\/v2\/media?parent=5988"}],"wp:term":[{"taxonomy":"category","embeddable":true,"href":"https:\/\/transamerica93.com.br\/home\/wp-json\/wp\/v2\/categories?post=5988"},{"taxonomy":"post_tag","embeddable":true,"href":"https:\/\/transamerica93.com.br\/home\/wp-json\/wp\/v2\/tags?post=5988"}],"curies":[{"name":"wp","href":"https:\/\/api.w.org\/{rel}","templated":true}]}}