{"id":5994,"date":"2025-07-24T18:00:04","date_gmt":"2025-07-24T21:00:04","guid":{"rendered":"https:\/\/transamerica93.com.br\/home\/?p=5994"},"modified":"2025-06-29T11:24:28","modified_gmt":"2025-06-29T14:24:28","slug":"dua-lipa-confirma-noivado-com-ator-callum-turner","status":"publish","type":"post","link":"https:\/\/transamerica93.com.br\/home\/dua-lipa-confirma-noivado-com-ator-callum-turner\/","title":{"rendered":"Dua Lipa confirma noivado com ator Callum Turner"},"content":{"rendered":"<h6 class=\"Assina\">Por Maria Fernanda Viana*<\/h6>\n<p>Dua Lipa confirmou que est\u00e1 noiva de Callum Turner. Os rumores de noivado come\u00e7aram em dezembro do ano passado.<\/p>\n<p>Ela falou sobre a rela\u00e7\u00e3o em entrevista \u00e0\u00a0<i>Vogue<\/i>\u00a0brit\u00e2nica &#8220;Essa decis\u00e3o de envelhecermos juntos, de ver uma vida e, n\u00e3o sei, sermos melhores amigos para sempre \u00e9 um sentimento muito especial [&#8230;] Quero terminar minha turn\u00ea, o Callum est\u00e1 fotografando. Nunca fui algu\u00e9m que realmente pensou em casamento, ou sonhou que tipo de noiva eu seria&#8221;, confessou.<\/p>\n<p>Os dois est\u00e3o juntos desde janeiro de 2024.<\/p>\n<p>De acordo com o\u00a0<i>The Sun<\/i>, Callum fez o pedido durante as festas de fim de ano.<\/p>\n<p><b>Quem \u00e9 Callum Turner?<\/b><\/p>\n<p>Ator ingl\u00eas de 39 anos, Callum Turner participou da franquia\u00a0<i>Animais Fant\u00e1sticos<\/i>, trilogia derivada de\u00a0<i>Harry Potter<\/i>, na qual interpretou Theseus Scamander.<\/p>\n<p>Ele tamb\u00e9m participou da s\u00e9rie\u00a0<i>Mestres do Ar<\/i>\u00a0e est\u00e1 confirmado como protagonista de\u00a0<i>Neuromancer<\/i>.<\/p>\n<p>As duas produ\u00e7\u00f5es s\u00e3o da Apple TV+.<\/p>\n<p>Antes de se relacionar com a cantora pop, o ator namorou com Vanessa Kirby. Eles terminaram em 2020.<\/p>\n<p><i>*Estagi\u00e1ria sob supervis\u00e3o de Charlise Morais<\/i><\/p>\n","protected":false},"excerpt":{"rendered":"<p>Por Maria Fernanda Viana* Dua Lipa confirmou que est\u00e1 noiva de Callum Turner. Os rumores de noivado come\u00e7aram em dezembro do ano passado. Ela falou sobre a rela\u00e7\u00e3o em entrevista \u00e0\u00a0Vogue\u00a0brit\u00e2nica &#8220;Essa decis\u00e3o de envelhecermos juntos, de ver uma vida e, n\u00e3o sei, sermos melhores amigos para sempre \u00e9 um sentimento muito especial [&#8230;] Quero &hellip;<\/p>\n","protected":false},"author":1,"featured_media":5995,"comment_status":"closed","ping_status":"closed","sticky":false,"template":"","format":"standard","meta":{"footnotes":""},"categories":[24],"tags":[],"class_list":["post-5994","post","type-post","status-publish","format-standard","has-post-thumbnail","hentry","category-entretenimento"],"yoast_head":"<!-- This site is optimized with the Yoast SEO plugin v27.4 - https:\/\/yoast.com\/product\/yoast-seo-wordpress\/ -->\n<title>Dua Lipa confirma noivado com ator Callum Turner - Transam\u00e9rica Mococa 93,3<\/title>\n<meta name=\"robots\" content=\"index, follow, max-snippet:-1, max-image-preview:large, max-video-preview:-1\" \/>\n<link rel=\"canonical\" href=\"https:\/\/transamerica93.com.br\/home\/dua-lipa-confirma-noivado-com-ator-callum-turner\/\" \/>\n<meta property=\"og:locale\" content=\"pt_BR\" \/>\n<meta property=\"og:type\" content=\"article\" \/>\n<meta property=\"og:title\" content=\"Dua Lipa confirma noivado com ator Callum Turner - Transam\u00e9rica Mococa 93,3\" \/>\n<meta property=\"og:description\" content=\"Por Maria Fernanda Viana* Dua Lipa confirmou que est\u00e1 noiva de Callum Turner. Os rumores de noivado come\u00e7aram em dezembro do ano passado. Ela falou sobre a rela\u00e7\u00e3o em entrevista \u00e0\u00a0Vogue\u00a0brit\u00e2nica &#8220;Essa decis\u00e3o de envelhecermos juntos, de ver uma vida e, n\u00e3o sei, sermos melhores amigos para sempre \u00e9 um sentimento muito especial [&#8230;] Quero &hellip;\" \/>\n<meta property=\"og:url\" content=\"https:\/\/transamerica93.com.br\/home\/dua-lipa-confirma-noivado-com-ator-callum-turner\/\" \/>\n<meta property=\"og:site_name\" content=\"Transam\u00e9rica Mococa 93,3\" \/>\n<meta property=\"article:publisher\" content=\"https:\/\/www.facebook.com\/transamericamococa\" \/>\n<meta property=\"article:published_time\" content=\"2025-07-24T21:00:04+00:00\" \/>\n<meta property=\"og:image\" content=\"https:\/\/transamerica93.com.br\/home\/wp-content\/uploads\/2025\/06\/Sem-titulo-58.png\" \/>\n\t<meta property=\"og:image:width\" content=\"1024\" \/>\n\t<meta property=\"og:image:height\" content=\"573\" \/>\n\t<meta property=\"og:image:type\" content=\"image\/png\" \/>\n<meta name=\"author\" content=\"Reda\u00e7\u00e3o\" \/>\n<meta name=\"twitter:card\" content=\"summary_large_image\" \/>\n<meta name=\"twitter:creator\" content=\"@transamerica933\" \/>\n<meta name=\"twitter:site\" content=\"@transamerica933\" \/>\n<meta name=\"twitter:label1\" content=\"Escrito por\" \/>\n\t<meta name=\"twitter:data1\" content=\"Reda\u00e7\u00e3o\" \/>\n\t<meta name=\"twitter:label2\" content=\"Est. tempo de leitura\" \/>\n\t<meta name=\"twitter:data2\" content=\"2 minutos\" \/>\n<script type=\"application\/ld+json\" class=\"yoast-schema-graph\">{\"@context\":\"https:\\\/\\\/schema.org\",\"@graph\":[{\"@type\":\"Article\",\"@id\":\"https:\\\/\\\/transamerica93.com.br\\\/home\\\/dua-lipa-confirma-noivado-com-ator-callum-turner\\\/#article\",\"isPartOf\":{\"@id\":\"https:\\\/\\\/transamerica93.com.br\\\/home\\\/dua-lipa-confirma-noivado-com-ator-callum-turner\\\/\"},\"author\":{\"name\":\"Reda\u00e7\u00e3o\",\"@id\":\"https:\\\/\\\/transamerica93.com.br\\\/home\\\/#\\\/schema\\\/person\\\/7fed7c99c0d4562efa8561bc0f543172\"},\"headline\":\"Dua Lipa confirma noivado com ator Callum Turner\",\"datePublished\":\"2025-07-24T21:00:04+00:00\",\"mainEntityOfPage\":{\"@id\":\"https:\\\/\\\/transamerica93.com.br\\\/home\\\/dua-lipa-confirma-noivado-com-ator-callum-turner\\\/\"},\"wordCount\":194,\"publisher\":{\"@id\":\"https:\\\/\\\/transamerica93.com.br\\\/home\\\/#organization\"},\"image\":{\"@id\":\"https:\\\/\\\/transamerica93.com.br\\\/home\\\/dua-lipa-confirma-noivado-com-ator-callum-turner\\\/#primaryimage\"},\"thumbnailUrl\":\"https:\\\/\\\/transamerica93.com.br\\\/home\\\/wp-content\\\/uploads\\\/2025\\\/06\\\/Sem-titulo-58.png\",\"articleSection\":[\"Entretenimento\"],\"inLanguage\":\"pt-BR\"},{\"@type\":\"WebPage\",\"@id\":\"https:\\\/\\\/transamerica93.com.br\\\/home\\\/dua-lipa-confirma-noivado-com-ator-callum-turner\\\/\",\"url\":\"https:\\\/\\\/transamerica93.com.br\\\/home\\\/dua-lipa-confirma-noivado-com-ator-callum-turner\\\/\",\"name\":\"Dua Lipa confirma noivado com ator Callum Turner - Transam\u00e9rica Mococa 93,3\",\"isPartOf\":{\"@id\":\"https:\\\/\\\/transamerica93.com.br\\\/home\\\/#website\"},\"primaryImageOfPage\":{\"@id\":\"https:\\\/\\\/transamerica93.com.br\\\/home\\\/dua-lipa-confirma-noivado-com-ator-callum-turner\\\/#primaryimage\"},\"image\":{\"@id\":\"https:\\\/\\\/transamerica93.com.br\\\/home\\\/dua-lipa-confirma-noivado-com-ator-callum-turner\\\/#primaryimage\"},\"thumbnailUrl\":\"https:\\\/\\\/transamerica93.com.br\\\/home\\\/wp-content\\\/uploads\\\/2025\\\/06\\\/Sem-titulo-58.png\",\"datePublished\":\"2025-07-24T21:00:04+00:00\",\"breadcrumb\":{\"@id\":\"https:\\\/\\\/transamerica93.com.br\\\/home\\\/dua-lipa-confirma-noivado-com-ator-callum-turner\\\/#breadcrumb\"},\"inLanguage\":\"pt-BR\",\"potentialAction\":[{\"@type\":\"ReadAction\",\"target\":[\"https:\\\/\\\/transamerica93.com.br\\\/home\\\/dua-lipa-confirma-noivado-com-ator-callum-turner\\\/\"]}]},{\"@type\":\"ImageObject\",\"inLanguage\":\"pt-BR\",\"@id\":\"https:\\\/\\\/transamerica93.com.br\\\/home\\\/dua-lipa-confirma-noivado-com-ator-callum-turner\\\/#primaryimage\",\"url\":\"https:\\\/\\\/transamerica93.com.br\\\/home\\\/wp-content\\\/uploads\\\/2025\\\/06\\\/Sem-titulo-58.png\",\"contentUrl\":\"https:\\\/\\\/transamerica93.com.br\\\/home\\\/wp-content\\\/uploads\\\/2025\\\/06\\\/Sem-titulo-58.png\",\"width\":1024,\"height\":573},{\"@type\":\"BreadcrumbList\",\"@id\":\"https:\\\/\\\/transamerica93.com.br\\\/home\\\/dua-lipa-confirma-noivado-com-ator-callum-turner\\\/#breadcrumb\",\"itemListElement\":[{\"@type\":\"ListItem\",\"position\":1,\"name\":\"In\u00edcio\",\"item\":\"https:\\\/\\\/transamerica93.com.br\\\/home\\\/\"},{\"@type\":\"ListItem\",\"position\":2,\"name\":\"Dua Lipa confirma noivado com ator Callum Turner\"}]},{\"@type\":\"WebSite\",\"@id\":\"https:\\\/\\\/transamerica93.com.br\\\/home\\\/#website\",\"url\":\"https:\\\/\\\/transamerica93.com.br\\\/home\\\/\",\"name\":\"Transam\u00e9rica Mococa 93,3\",\"description\":\"\",\"publisher\":{\"@id\":\"https:\\\/\\\/transamerica93.com.br\\\/home\\\/#organization\"},\"potentialAction\":[{\"@type\":\"SearchAction\",\"target\":{\"@type\":\"EntryPoint\",\"urlTemplate\":\"https:\\\/\\\/transamerica93.com.br\\\/home\\\/?s={search_term_string}\"},\"query-input\":{\"@type\":\"PropertyValueSpecification\",\"valueRequired\":true,\"valueName\":\"search_term_string\"}}],\"inLanguage\":\"pt-BR\"},{\"@type\":\"Organization\",\"@id\":\"https:\\\/\\\/transamerica93.com.br\\\/home\\\/#organization\",\"name\":\"Transam\u00e9rica Mococa 93,3\",\"url\":\"https:\\\/\\\/transamerica93.com.br\\\/home\\\/\",\"logo\":{\"@type\":\"ImageObject\",\"inLanguage\":\"pt-BR\",\"@id\":\"https:\\\/\\\/transamerica93.com.br\\\/home\\\/#\\\/schema\\\/logo\\\/image\\\/\",\"url\":\"https:\\\/\\\/transamerica93.com.br\\\/home\\\/wp-content\\\/uploads\\\/2023\\\/10\\\/logo2.png\",\"contentUrl\":\"https:\\\/\\\/transamerica93.com.br\\\/home\\\/wp-content\\\/uploads\\\/2023\\\/10\\\/logo2.png\",\"width\":800,\"height\":500,\"caption\":\"Transam\u00e9rica Mococa 93,3\"},\"image\":{\"@id\":\"https:\\\/\\\/transamerica93.com.br\\\/home\\\/#\\\/schema\\\/logo\\\/image\\\/\"},\"sameAs\":[\"https:\\\/\\\/www.facebook.com\\\/transamericamococa\",\"https:\\\/\\\/x.com\\\/transamerica933\",\"https:\\\/\\\/www.instagram.com\\\/transamericamococa\"]},{\"@type\":\"Person\",\"@id\":\"https:\\\/\\\/transamerica93.com.br\\\/home\\\/#\\\/schema\\\/person\\\/7fed7c99c0d4562efa8561bc0f543172\",\"name\":\"Reda\u00e7\u00e3o\",\"image\":{\"@type\":\"ImageObject\",\"inLanguage\":\"pt-BR\",\"@id\":\"https:\\\/\\\/secure.gravatar.com\\\/avatar\\\/1072c6b775fb02ef8506ce967551d95926669a6b7d2c2147b42eea4d7c68395e?s=96&d=mm&r=g\",\"url\":\"https:\\\/\\\/secure.gravatar.com\\\/avatar\\\/1072c6b775fb02ef8506ce967551d95926669a6b7d2c2147b42eea4d7c68395e?s=96&d=mm&r=g\",\"contentUrl\":\"https:\\\/\\\/secure.gravatar.com\\\/avatar\\\/1072c6b775fb02ef8506ce967551d95926669a6b7d2c2147b42eea4d7c68395e?s=96&d=mm&r=g\",\"caption\":\"Reda\u00e7\u00e3o\"},\"sameAs\":[\"https:\\\/\\\/transamerica93.com.br\\\/home\"],\"url\":\"https:\\\/\\\/transamerica93.com.br\\\/home\\\/author\\\/william\\\/\"}]}<\/script>\n<!-- \/ Yoast SEO plugin. -->","yoast_head_json":{"title":"Dua Lipa confirma noivado com ator Callum Turner - Transam\u00e9rica Mococa 93,3","robots":{"index":"index","follow":"follow","max-snippet":"max-snippet:-1","max-image-preview":"max-image-preview:large","max-video-preview":"max-video-preview:-1"},"canonical":"https:\/\/transamerica93.com.br\/home\/dua-lipa-confirma-noivado-com-ator-callum-turner\/","og_locale":"pt_BR","og_type":"article","og_title":"Dua Lipa confirma noivado com ator Callum Turner - Transam\u00e9rica Mococa 93,3","og_description":"Por Maria Fernanda Viana* Dua Lipa confirmou que est\u00e1 noiva de Callum Turner. Os rumores de noivado come\u00e7aram em dezembro do ano passado. Ela falou sobre a rela\u00e7\u00e3o em entrevista \u00e0\u00a0Vogue\u00a0brit\u00e2nica &#8220;Essa decis\u00e3o de envelhecermos juntos, de ver uma vida e, n\u00e3o sei, sermos melhores amigos para sempre \u00e9 um sentimento muito especial [&#8230;] Quero &hellip;","og_url":"https:\/\/transamerica93.com.br\/home\/dua-lipa-confirma-noivado-com-ator-callum-turner\/","og_site_name":"Transam\u00e9rica Mococa 93,3","article_publisher":"https:\/\/www.facebook.com\/transamericamococa","article_published_time":"2025-07-24T21:00:04+00:00","og_image":[{"width":1024,"height":573,"url":"https:\/\/transamerica93.com.br\/home\/wp-content\/uploads\/2025\/06\/Sem-titulo-58.png","type":"image\/png"}],"author":"Reda\u00e7\u00e3o","twitter_card":"summary_large_image","twitter_creator":"@transamerica933","twitter_site":"@transamerica933","twitter_misc":{"Escrito por":"Reda\u00e7\u00e3o","Est. tempo de leitura":"2 minutos"},"schema":{"@context":"https:\/\/schema.org","@graph":[{"@type":"Article","@id":"https:\/\/transamerica93.com.br\/home\/dua-lipa-confirma-noivado-com-ator-callum-turner\/#article","isPartOf":{"@id":"https:\/\/transamerica93.com.br\/home\/dua-lipa-confirma-noivado-com-ator-callum-turner\/"},"author":{"name":"Reda\u00e7\u00e3o","@id":"https:\/\/transamerica93.com.br\/home\/#\/schema\/person\/7fed7c99c0d4562efa8561bc0f543172"},"headline":"Dua Lipa confirma noivado com ator Callum Turner","datePublished":"2025-07-24T21:00:04+00:00","mainEntityOfPage":{"@id":"https:\/\/transamerica93.com.br\/home\/dua-lipa-confirma-noivado-com-ator-callum-turner\/"},"wordCount":194,"publisher":{"@id":"https:\/\/transamerica93.com.br\/home\/#organization"},"image":{"@id":"https:\/\/transamerica93.com.br\/home\/dua-lipa-confirma-noivado-com-ator-callum-turner\/#primaryimage"},"thumbnailUrl":"https:\/\/transamerica93.com.br\/home\/wp-content\/uploads\/2025\/06\/Sem-titulo-58.png","articleSection":["Entretenimento"],"inLanguage":"pt-BR"},{"@type":"WebPage","@id":"https:\/\/transamerica93.com.br\/home\/dua-lipa-confirma-noivado-com-ator-callum-turner\/","url":"https:\/\/transamerica93.com.br\/home\/dua-lipa-confirma-noivado-com-ator-callum-turner\/","name":"Dua Lipa confirma noivado com ator Callum Turner - Transam\u00e9rica Mococa 93,3","isPartOf":{"@id":"https:\/\/transamerica93.com.br\/home\/#website"},"primaryImageOfPage":{"@id":"https:\/\/transamerica93.com.br\/home\/dua-lipa-confirma-noivado-com-ator-callum-turner\/#primaryimage"},"image":{"@id":"https:\/\/transamerica93.com.br\/home\/dua-lipa-confirma-noivado-com-ator-callum-turner\/#primaryimage"},"thumbnailUrl":"https:\/\/transamerica93.com.br\/home\/wp-content\/uploads\/2025\/06\/Sem-titulo-58.png","datePublished":"2025-07-24T21:00:04+00:00","breadcrumb":{"@id":"https:\/\/transamerica93.com.br\/home\/dua-lipa-confirma-noivado-com-ator-callum-turner\/#breadcrumb"},"inLanguage":"pt-BR","potentialAction":[{"@type":"ReadAction","target":["https:\/\/transamerica93.com.br\/home\/dua-lipa-confirma-noivado-com-ator-callum-turner\/"]}]},{"@type":"ImageObject","inLanguage":"pt-BR","@id":"https:\/\/transamerica93.com.br\/home\/dua-lipa-confirma-noivado-com-ator-callum-turner\/#primaryimage","url":"https:\/\/transamerica93.com.br\/home\/wp-content\/uploads\/2025\/06\/Sem-titulo-58.png","contentUrl":"https:\/\/transamerica93.com.br\/home\/wp-content\/uploads\/2025\/06\/Sem-titulo-58.png","width":1024,"height":573},{"@type":"BreadcrumbList","@id":"https:\/\/transamerica93.com.br\/home\/dua-lipa-confirma-noivado-com-ator-callum-turner\/#breadcrumb","itemListElement":[{"@type":"ListItem","position":1,"name":"In\u00edcio","item":"https:\/\/transamerica93.com.br\/home\/"},{"@type":"ListItem","position":2,"name":"Dua Lipa confirma noivado com ator Callum Turner"}]},{"@type":"WebSite","@id":"https:\/\/transamerica93.com.br\/home\/#website","url":"https:\/\/transamerica93.com.br\/home\/","name":"Transam\u00e9rica Mococa 93,3","description":"","publisher":{"@id":"https:\/\/transamerica93.com.br\/home\/#organization"},"potentialAction":[{"@type":"SearchAction","target":{"@type":"EntryPoint","urlTemplate":"https:\/\/transamerica93.com.br\/home\/?s={search_term_string}"},"query-input":{"@type":"PropertyValueSpecification","valueRequired":true,"valueName":"search_term_string"}}],"inLanguage":"pt-BR"},{"@type":"Organization","@id":"https:\/\/transamerica93.com.br\/home\/#organization","name":"Transam\u00e9rica Mococa 93,3","url":"https:\/\/transamerica93.com.br\/home\/","logo":{"@type":"ImageObject","inLanguage":"pt-BR","@id":"https:\/\/transamerica93.com.br\/home\/#\/schema\/logo\/image\/","url":"https:\/\/transamerica93.com.br\/home\/wp-content\/uploads\/2023\/10\/logo2.png","contentUrl":"https:\/\/transamerica93.com.br\/home\/wp-content\/uploads\/2023\/10\/logo2.png","width":800,"height":500,"caption":"Transam\u00e9rica Mococa 93,3"},"image":{"@id":"https:\/\/transamerica93.com.br\/home\/#\/schema\/logo\/image\/"},"sameAs":["https:\/\/www.facebook.com\/transamericamococa","https:\/\/x.com\/transamerica933","https:\/\/www.instagram.com\/transamericamococa"]},{"@type":"Person","@id":"https:\/\/transamerica93.com.br\/home\/#\/schema\/person\/7fed7c99c0d4562efa8561bc0f543172","name":"Reda\u00e7\u00e3o","image":{"@type":"ImageObject","inLanguage":"pt-BR","@id":"https:\/\/secure.gravatar.com\/avatar\/1072c6b775fb02ef8506ce967551d95926669a6b7d2c2147b42eea4d7c68395e?s=96&d=mm&r=g","url":"https:\/\/secure.gravatar.com\/avatar\/1072c6b775fb02ef8506ce967551d95926669a6b7d2c2147b42eea4d7c68395e?s=96&d=mm&r=g","contentUrl":"https:\/\/secure.gravatar.com\/avatar\/1072c6b775fb02ef8506ce967551d95926669a6b7d2c2147b42eea4d7c68395e?s=96&d=mm&r=g","caption":"Reda\u00e7\u00e3o"},"sameAs":["https:\/\/transamerica93.com.br\/home"],"url":"https:\/\/transamerica93.com.br\/home\/author\/william\/"}]}},"_links":{"self":[{"href":"https:\/\/transamerica93.com.br\/home\/wp-json\/wp\/v2\/posts\/5994","targetHints":{"allow":["GET"]}}],"collection":[{"href":"https:\/\/transamerica93.com.br\/home\/wp-json\/wp\/v2\/posts"}],"about":[{"href":"https:\/\/transamerica93.com.br\/home\/wp-json\/wp\/v2\/types\/post"}],"author":[{"embeddable":true,"href":"https:\/\/transamerica93.com.br\/home\/wp-json\/wp\/v2\/users\/1"}],"replies":[{"embeddable":true,"href":"https:\/\/transamerica93.com.br\/home\/wp-json\/wp\/v2\/comments?post=5994"}],"version-history":[{"count":1,"href":"https:\/\/transamerica93.com.br\/home\/wp-json\/wp\/v2\/posts\/5994\/revisions"}],"predecessor-version":[{"id":5996,"href":"https:\/\/transamerica93.com.br\/home\/wp-json\/wp\/v2\/posts\/5994\/revisions\/5996"}],"wp:featuredmedia":[{"embeddable":true,"href":"https:\/\/transamerica93.com.br\/home\/wp-json\/wp\/v2\/media\/5995"}],"wp:attachment":[{"href":"https:\/\/transamerica93.com.br\/home\/wp-json\/wp\/v2\/media?parent=5994"}],"wp:term":[{"taxonomy":"category","embeddable":true,"href":"https:\/\/transamerica93.com.br\/home\/wp-json\/wp\/v2\/categories?post=5994"},{"taxonomy":"post_tag","embeddable":true,"href":"https:\/\/transamerica93.com.br\/home\/wp-json\/wp\/v2\/tags?post=5994"}],"curies":[{"name":"wp","href":"https:\/\/api.w.org\/{rel}","templated":true}]}}