{"id":5997,"date":"2025-07-25T15:00:25","date_gmt":"2025-07-25T18:00:25","guid":{"rendered":"https:\/\/transamerica93.com.br\/home\/?p=5997"},"modified":"2025-06-29T11:26:20","modified_gmt":"2025-06-29T14:26:20","slug":"jared-leto-e-alvo-de-denuncias-de-ma-conduta-sexual","status":"publish","type":"post","link":"https:\/\/transamerica93.com.br\/home\/jared-leto-e-alvo-de-denuncias-de-ma-conduta-sexual\/","title":{"rendered":"Jared Leto \u00e9 alvo de den\u00fancias de m\u00e1 conduta sexual"},"content":{"rendered":"<h6 class=\"Assina\">Por Ingrid Rodrigues<\/h6>\n<p>O ator e m\u00fasico Jared Leto foi acusado de m\u00e1 conduta sexual por nove mulheres. \u00c0 revista norte-americana Air Mail, algumas delas relataram os casos e afirmam que eram menores de idade quando come\u00e7aram a interagir com o artista.<\/p>\n<p>Segundo a publica\u00e7\u00e3o, os relatos indicam um padr\u00e3o de comportamento considerado inapropriado, com epis\u00f3dios que incluem desde liga\u00e7\u00f5es de teor sexual at\u00e9 situa\u00e7\u00f5es em que o ator teria se exposto nu na presen\u00e7a de jovens. &#8220;\u00c9 um segredo aberto h\u00e1 muito tempo&#8221;, disse uma das entrevistadas \u00e0 publica\u00e7\u00e3o<\/p>\n<p>Conforme os depoimentos, esse de situa\u00e7\u00e3o era recorrente do ator Os supostos epis\u00f3dios de m\u00e1 conduta sexual teriam acontecido ao longo dos anos 2000 e in\u00edcio dos anos 2010.<\/p>\n<p>A modelo Laura La Rue foi uma das que falou sobre o assunto. Segundo ela, conheceu o ator aos 16 anos, em um evento beneficente. Ap\u00f3s uma troca de e-mails, foi convidada a visitar o est\u00fadio do ator em Los Angeles, onde ele teria flertado com insist\u00eancia.<\/p>\n<p>A equipe do ator nega qualquer conduta impr\u00f3pria e afirmou ao Air Mail que a jovem teria se candidatado a uma vaga de assistente pessoal. Ela desmente a informa\u00e7\u00e3o.<\/p>\n<p>Outra mulher relatou que, quando tamb\u00e9m tinha 16 anos, foi abordada por Leto em um caf\u00e9 em Los Angeles. Dias depois, o ator passou a telefonar durante a madrugada, com tom de voz considerado perturbador, e fazer perguntas expl\u00edcitas de cunho sexual. A m\u00e3e dela afirma ter escutado uma das liga\u00e7\u00f5es.<\/p>\n<p>A reportagem tamb\u00e9m menciona festas promovidas por Leto no in\u00edcio dos anos 2000, frequentadas majoritariamente por jovens mulheres. Uma das fontes relatou que havia um clima de incentivo ao nudismo durante os eventos.<\/p>\n<p>Procurada pela revista, a assessoria de Jared Leto negou todas as acusa\u00e7\u00f5es. At\u00e9 o momento, o ator n\u00e3o se pronunciou publicamente.<\/p>\n","protected":false},"excerpt":{"rendered":"<p>Por Ingrid Rodrigues O ator e m\u00fasico Jared Leto foi acusado de m\u00e1 conduta sexual por nove mulheres. \u00c0 revista norte-americana Air Mail, algumas delas relataram os casos e afirmam que eram menores de idade quando come\u00e7aram a interagir com o artista. Segundo a publica\u00e7\u00e3o, os relatos indicam um padr\u00e3o de comportamento considerado inapropriado, com &hellip;<\/p>\n","protected":false},"author":1,"featured_media":5998,"comment_status":"closed","ping_status":"closed","sticky":false,"template":"","format":"standard","meta":{"footnotes":""},"categories":[25],"tags":[],"class_list":["post-5997","post","type-post","status-publish","format-standard","has-post-thumbnail","hentry","category-musica"],"yoast_head":"<!-- This site is optimized with the Yoast SEO plugin v27.4 - https:\/\/yoast.com\/product\/yoast-seo-wordpress\/ -->\n<title>Jared Leto \u00e9 alvo de den\u00fancias de m\u00e1 conduta sexual - Transam\u00e9rica Mococa 93,3<\/title>\n<meta name=\"robots\" content=\"index, follow, max-snippet:-1, max-image-preview:large, max-video-preview:-1\" \/>\n<link rel=\"canonical\" href=\"https:\/\/transamerica93.com.br\/home\/jared-leto-e-alvo-de-denuncias-de-ma-conduta-sexual\/\" \/>\n<meta property=\"og:locale\" content=\"pt_BR\" \/>\n<meta property=\"og:type\" content=\"article\" \/>\n<meta property=\"og:title\" content=\"Jared Leto \u00e9 alvo de den\u00fancias de m\u00e1 conduta sexual - Transam\u00e9rica Mococa 93,3\" \/>\n<meta property=\"og:description\" content=\"Por Ingrid Rodrigues O ator e m\u00fasico Jared Leto foi acusado de m\u00e1 conduta sexual por nove mulheres. \u00c0 revista norte-americana Air Mail, algumas delas relataram os casos e afirmam que eram menores de idade quando come\u00e7aram a interagir com o artista. Segundo a publica\u00e7\u00e3o, os relatos indicam um padr\u00e3o de comportamento considerado inapropriado, com &hellip;\" \/>\n<meta property=\"og:url\" content=\"https:\/\/transamerica93.com.br\/home\/jared-leto-e-alvo-de-denuncias-de-ma-conduta-sexual\/\" \/>\n<meta property=\"og:site_name\" content=\"Transam\u00e9rica Mococa 93,3\" \/>\n<meta property=\"article:publisher\" content=\"https:\/\/www.facebook.com\/transamericamococa\" \/>\n<meta property=\"article:published_time\" content=\"2025-07-25T18:00:25+00:00\" \/>\n<meta property=\"og:image\" content=\"https:\/\/transamerica93.com.br\/home\/wp-content\/uploads\/2025\/06\/Sem-titulo-59.png\" \/>\n\t<meta property=\"og:image:width\" content=\"901\" \/>\n\t<meta property=\"og:image:height\" content=\"505\" \/>\n\t<meta property=\"og:image:type\" content=\"image\/png\" \/>\n<meta name=\"author\" content=\"Reda\u00e7\u00e3o\" \/>\n<meta name=\"twitter:card\" content=\"summary_large_image\" \/>\n<meta name=\"twitter:creator\" content=\"@transamerica933\" \/>\n<meta name=\"twitter:site\" content=\"@transamerica933\" \/>\n<meta name=\"twitter:label1\" content=\"Escrito por\" \/>\n\t<meta name=\"twitter:data1\" content=\"Reda\u00e7\u00e3o\" \/>\n\t<meta name=\"twitter:label2\" content=\"Est. tempo de leitura\" \/>\n\t<meta name=\"twitter:data2\" content=\"2 minutos\" \/>\n<script type=\"application\/ld+json\" class=\"yoast-schema-graph\">{\"@context\":\"https:\\\/\\\/schema.org\",\"@graph\":[{\"@type\":\"Article\",\"@id\":\"https:\\\/\\\/transamerica93.com.br\\\/home\\\/jared-leto-e-alvo-de-denuncias-de-ma-conduta-sexual\\\/#article\",\"isPartOf\":{\"@id\":\"https:\\\/\\\/transamerica93.com.br\\\/home\\\/jared-leto-e-alvo-de-denuncias-de-ma-conduta-sexual\\\/\"},\"author\":{\"name\":\"Reda\u00e7\u00e3o\",\"@id\":\"https:\\\/\\\/transamerica93.com.br\\\/home\\\/#\\\/schema\\\/person\\\/7fed7c99c0d4562efa8561bc0f543172\"},\"headline\":\"Jared Leto \u00e9 alvo de den\u00fancias de m\u00e1 conduta sexual\",\"datePublished\":\"2025-07-25T18:00:25+00:00\",\"mainEntityOfPage\":{\"@id\":\"https:\\\/\\\/transamerica93.com.br\\\/home\\\/jared-leto-e-alvo-de-denuncias-de-ma-conduta-sexual\\\/\"},\"wordCount\":327,\"publisher\":{\"@id\":\"https:\\\/\\\/transamerica93.com.br\\\/home\\\/#organization\"},\"image\":{\"@id\":\"https:\\\/\\\/transamerica93.com.br\\\/home\\\/jared-leto-e-alvo-de-denuncias-de-ma-conduta-sexual\\\/#primaryimage\"},\"thumbnailUrl\":\"https:\\\/\\\/transamerica93.com.br\\\/home\\\/wp-content\\\/uploads\\\/2025\\\/06\\\/Sem-titulo-59.png\",\"articleSection\":[\"M\u00fasica\"],\"inLanguage\":\"pt-BR\"},{\"@type\":\"WebPage\",\"@id\":\"https:\\\/\\\/transamerica93.com.br\\\/home\\\/jared-leto-e-alvo-de-denuncias-de-ma-conduta-sexual\\\/\",\"url\":\"https:\\\/\\\/transamerica93.com.br\\\/home\\\/jared-leto-e-alvo-de-denuncias-de-ma-conduta-sexual\\\/\",\"name\":\"Jared Leto \u00e9 alvo de den\u00fancias de m\u00e1 conduta sexual - Transam\u00e9rica Mococa 93,3\",\"isPartOf\":{\"@id\":\"https:\\\/\\\/transamerica93.com.br\\\/home\\\/#website\"},\"primaryImageOfPage\":{\"@id\":\"https:\\\/\\\/transamerica93.com.br\\\/home\\\/jared-leto-e-alvo-de-denuncias-de-ma-conduta-sexual\\\/#primaryimage\"},\"image\":{\"@id\":\"https:\\\/\\\/transamerica93.com.br\\\/home\\\/jared-leto-e-alvo-de-denuncias-de-ma-conduta-sexual\\\/#primaryimage\"},\"thumbnailUrl\":\"https:\\\/\\\/transamerica93.com.br\\\/home\\\/wp-content\\\/uploads\\\/2025\\\/06\\\/Sem-titulo-59.png\",\"datePublished\":\"2025-07-25T18:00:25+00:00\",\"breadcrumb\":{\"@id\":\"https:\\\/\\\/transamerica93.com.br\\\/home\\\/jared-leto-e-alvo-de-denuncias-de-ma-conduta-sexual\\\/#breadcrumb\"},\"inLanguage\":\"pt-BR\",\"potentialAction\":[{\"@type\":\"ReadAction\",\"target\":[\"https:\\\/\\\/transamerica93.com.br\\\/home\\\/jared-leto-e-alvo-de-denuncias-de-ma-conduta-sexual\\\/\"]}]},{\"@type\":\"ImageObject\",\"inLanguage\":\"pt-BR\",\"@id\":\"https:\\\/\\\/transamerica93.com.br\\\/home\\\/jared-leto-e-alvo-de-denuncias-de-ma-conduta-sexual\\\/#primaryimage\",\"url\":\"https:\\\/\\\/transamerica93.com.br\\\/home\\\/wp-content\\\/uploads\\\/2025\\\/06\\\/Sem-titulo-59.png\",\"contentUrl\":\"https:\\\/\\\/transamerica93.com.br\\\/home\\\/wp-content\\\/uploads\\\/2025\\\/06\\\/Sem-titulo-59.png\",\"width\":901,\"height\":505},{\"@type\":\"BreadcrumbList\",\"@id\":\"https:\\\/\\\/transamerica93.com.br\\\/home\\\/jared-leto-e-alvo-de-denuncias-de-ma-conduta-sexual\\\/#breadcrumb\",\"itemListElement\":[{\"@type\":\"ListItem\",\"position\":1,\"name\":\"In\u00edcio\",\"item\":\"https:\\\/\\\/transamerica93.com.br\\\/home\\\/\"},{\"@type\":\"ListItem\",\"position\":2,\"name\":\"Jared Leto \u00e9 alvo de den\u00fancias de m\u00e1 conduta sexual\"}]},{\"@type\":\"WebSite\",\"@id\":\"https:\\\/\\\/transamerica93.com.br\\\/home\\\/#website\",\"url\":\"https:\\\/\\\/transamerica93.com.br\\\/home\\\/\",\"name\":\"Transam\u00e9rica Mococa 93,3\",\"description\":\"\",\"publisher\":{\"@id\":\"https:\\\/\\\/transamerica93.com.br\\\/home\\\/#organization\"},\"potentialAction\":[{\"@type\":\"SearchAction\",\"target\":{\"@type\":\"EntryPoint\",\"urlTemplate\":\"https:\\\/\\\/transamerica93.com.br\\\/home\\\/?s={search_term_string}\"},\"query-input\":{\"@type\":\"PropertyValueSpecification\",\"valueRequired\":true,\"valueName\":\"search_term_string\"}}],\"inLanguage\":\"pt-BR\"},{\"@type\":\"Organization\",\"@id\":\"https:\\\/\\\/transamerica93.com.br\\\/home\\\/#organization\",\"name\":\"Transam\u00e9rica Mococa 93,3\",\"url\":\"https:\\\/\\\/transamerica93.com.br\\\/home\\\/\",\"logo\":{\"@type\":\"ImageObject\",\"inLanguage\":\"pt-BR\",\"@id\":\"https:\\\/\\\/transamerica93.com.br\\\/home\\\/#\\\/schema\\\/logo\\\/image\\\/\",\"url\":\"https:\\\/\\\/transamerica93.com.br\\\/home\\\/wp-content\\\/uploads\\\/2023\\\/10\\\/logo2.png\",\"contentUrl\":\"https:\\\/\\\/transamerica93.com.br\\\/home\\\/wp-content\\\/uploads\\\/2023\\\/10\\\/logo2.png\",\"width\":800,\"height\":500,\"caption\":\"Transam\u00e9rica Mococa 93,3\"},\"image\":{\"@id\":\"https:\\\/\\\/transamerica93.com.br\\\/home\\\/#\\\/schema\\\/logo\\\/image\\\/\"},\"sameAs\":[\"https:\\\/\\\/www.facebook.com\\\/transamericamococa\",\"https:\\\/\\\/x.com\\\/transamerica933\",\"https:\\\/\\\/www.instagram.com\\\/transamericamococa\"]},{\"@type\":\"Person\",\"@id\":\"https:\\\/\\\/transamerica93.com.br\\\/home\\\/#\\\/schema\\\/person\\\/7fed7c99c0d4562efa8561bc0f543172\",\"name\":\"Reda\u00e7\u00e3o\",\"image\":{\"@type\":\"ImageObject\",\"inLanguage\":\"pt-BR\",\"@id\":\"https:\\\/\\\/secure.gravatar.com\\\/avatar\\\/1072c6b775fb02ef8506ce967551d95926669a6b7d2c2147b42eea4d7c68395e?s=96&d=mm&r=g\",\"url\":\"https:\\\/\\\/secure.gravatar.com\\\/avatar\\\/1072c6b775fb02ef8506ce967551d95926669a6b7d2c2147b42eea4d7c68395e?s=96&d=mm&r=g\",\"contentUrl\":\"https:\\\/\\\/secure.gravatar.com\\\/avatar\\\/1072c6b775fb02ef8506ce967551d95926669a6b7d2c2147b42eea4d7c68395e?s=96&d=mm&r=g\",\"caption\":\"Reda\u00e7\u00e3o\"},\"sameAs\":[\"https:\\\/\\\/transamerica93.com.br\\\/home\"],\"url\":\"https:\\\/\\\/transamerica93.com.br\\\/home\\\/author\\\/william\\\/\"}]}<\/script>\n<!-- \/ Yoast SEO plugin. -->","yoast_head_json":{"title":"Jared Leto \u00e9 alvo de den\u00fancias de m\u00e1 conduta sexual - Transam\u00e9rica Mococa 93,3","robots":{"index":"index","follow":"follow","max-snippet":"max-snippet:-1","max-image-preview":"max-image-preview:large","max-video-preview":"max-video-preview:-1"},"canonical":"https:\/\/transamerica93.com.br\/home\/jared-leto-e-alvo-de-denuncias-de-ma-conduta-sexual\/","og_locale":"pt_BR","og_type":"article","og_title":"Jared Leto \u00e9 alvo de den\u00fancias de m\u00e1 conduta sexual - Transam\u00e9rica Mococa 93,3","og_description":"Por Ingrid Rodrigues O ator e m\u00fasico Jared Leto foi acusado de m\u00e1 conduta sexual por nove mulheres. \u00c0 revista norte-americana Air Mail, algumas delas relataram os casos e afirmam que eram menores de idade quando come\u00e7aram a interagir com o artista. Segundo a publica\u00e7\u00e3o, os relatos indicam um padr\u00e3o de comportamento considerado inapropriado, com &hellip;","og_url":"https:\/\/transamerica93.com.br\/home\/jared-leto-e-alvo-de-denuncias-de-ma-conduta-sexual\/","og_site_name":"Transam\u00e9rica Mococa 93,3","article_publisher":"https:\/\/www.facebook.com\/transamericamococa","article_published_time":"2025-07-25T18:00:25+00:00","og_image":[{"width":901,"height":505,"url":"https:\/\/transamerica93.com.br\/home\/wp-content\/uploads\/2025\/06\/Sem-titulo-59.png","type":"image\/png"}],"author":"Reda\u00e7\u00e3o","twitter_card":"summary_large_image","twitter_creator":"@transamerica933","twitter_site":"@transamerica933","twitter_misc":{"Escrito por":"Reda\u00e7\u00e3o","Est. tempo de leitura":"2 minutos"},"schema":{"@context":"https:\/\/schema.org","@graph":[{"@type":"Article","@id":"https:\/\/transamerica93.com.br\/home\/jared-leto-e-alvo-de-denuncias-de-ma-conduta-sexual\/#article","isPartOf":{"@id":"https:\/\/transamerica93.com.br\/home\/jared-leto-e-alvo-de-denuncias-de-ma-conduta-sexual\/"},"author":{"name":"Reda\u00e7\u00e3o","@id":"https:\/\/transamerica93.com.br\/home\/#\/schema\/person\/7fed7c99c0d4562efa8561bc0f543172"},"headline":"Jared Leto \u00e9 alvo de den\u00fancias de m\u00e1 conduta sexual","datePublished":"2025-07-25T18:00:25+00:00","mainEntityOfPage":{"@id":"https:\/\/transamerica93.com.br\/home\/jared-leto-e-alvo-de-denuncias-de-ma-conduta-sexual\/"},"wordCount":327,"publisher":{"@id":"https:\/\/transamerica93.com.br\/home\/#organization"},"image":{"@id":"https:\/\/transamerica93.com.br\/home\/jared-leto-e-alvo-de-denuncias-de-ma-conduta-sexual\/#primaryimage"},"thumbnailUrl":"https:\/\/transamerica93.com.br\/home\/wp-content\/uploads\/2025\/06\/Sem-titulo-59.png","articleSection":["M\u00fasica"],"inLanguage":"pt-BR"},{"@type":"WebPage","@id":"https:\/\/transamerica93.com.br\/home\/jared-leto-e-alvo-de-denuncias-de-ma-conduta-sexual\/","url":"https:\/\/transamerica93.com.br\/home\/jared-leto-e-alvo-de-denuncias-de-ma-conduta-sexual\/","name":"Jared Leto \u00e9 alvo de den\u00fancias de m\u00e1 conduta sexual - Transam\u00e9rica Mococa 93,3","isPartOf":{"@id":"https:\/\/transamerica93.com.br\/home\/#website"},"primaryImageOfPage":{"@id":"https:\/\/transamerica93.com.br\/home\/jared-leto-e-alvo-de-denuncias-de-ma-conduta-sexual\/#primaryimage"},"image":{"@id":"https:\/\/transamerica93.com.br\/home\/jared-leto-e-alvo-de-denuncias-de-ma-conduta-sexual\/#primaryimage"},"thumbnailUrl":"https:\/\/transamerica93.com.br\/home\/wp-content\/uploads\/2025\/06\/Sem-titulo-59.png","datePublished":"2025-07-25T18:00:25+00:00","breadcrumb":{"@id":"https:\/\/transamerica93.com.br\/home\/jared-leto-e-alvo-de-denuncias-de-ma-conduta-sexual\/#breadcrumb"},"inLanguage":"pt-BR","potentialAction":[{"@type":"ReadAction","target":["https:\/\/transamerica93.com.br\/home\/jared-leto-e-alvo-de-denuncias-de-ma-conduta-sexual\/"]}]},{"@type":"ImageObject","inLanguage":"pt-BR","@id":"https:\/\/transamerica93.com.br\/home\/jared-leto-e-alvo-de-denuncias-de-ma-conduta-sexual\/#primaryimage","url":"https:\/\/transamerica93.com.br\/home\/wp-content\/uploads\/2025\/06\/Sem-titulo-59.png","contentUrl":"https:\/\/transamerica93.com.br\/home\/wp-content\/uploads\/2025\/06\/Sem-titulo-59.png","width":901,"height":505},{"@type":"BreadcrumbList","@id":"https:\/\/transamerica93.com.br\/home\/jared-leto-e-alvo-de-denuncias-de-ma-conduta-sexual\/#breadcrumb","itemListElement":[{"@type":"ListItem","position":1,"name":"In\u00edcio","item":"https:\/\/transamerica93.com.br\/home\/"},{"@type":"ListItem","position":2,"name":"Jared Leto \u00e9 alvo de den\u00fancias de m\u00e1 conduta sexual"}]},{"@type":"WebSite","@id":"https:\/\/transamerica93.com.br\/home\/#website","url":"https:\/\/transamerica93.com.br\/home\/","name":"Transam\u00e9rica Mococa 93,3","description":"","publisher":{"@id":"https:\/\/transamerica93.com.br\/home\/#organization"},"potentialAction":[{"@type":"SearchAction","target":{"@type":"EntryPoint","urlTemplate":"https:\/\/transamerica93.com.br\/home\/?s={search_term_string}"},"query-input":{"@type":"PropertyValueSpecification","valueRequired":true,"valueName":"search_term_string"}}],"inLanguage":"pt-BR"},{"@type":"Organization","@id":"https:\/\/transamerica93.com.br\/home\/#organization","name":"Transam\u00e9rica Mococa 93,3","url":"https:\/\/transamerica93.com.br\/home\/","logo":{"@type":"ImageObject","inLanguage":"pt-BR","@id":"https:\/\/transamerica93.com.br\/home\/#\/schema\/logo\/image\/","url":"https:\/\/transamerica93.com.br\/home\/wp-content\/uploads\/2023\/10\/logo2.png","contentUrl":"https:\/\/transamerica93.com.br\/home\/wp-content\/uploads\/2023\/10\/logo2.png","width":800,"height":500,"caption":"Transam\u00e9rica Mococa 93,3"},"image":{"@id":"https:\/\/transamerica93.com.br\/home\/#\/schema\/logo\/image\/"},"sameAs":["https:\/\/www.facebook.com\/transamericamococa","https:\/\/x.com\/transamerica933","https:\/\/www.instagram.com\/transamericamococa"]},{"@type":"Person","@id":"https:\/\/transamerica93.com.br\/home\/#\/schema\/person\/7fed7c99c0d4562efa8561bc0f543172","name":"Reda\u00e7\u00e3o","image":{"@type":"ImageObject","inLanguage":"pt-BR","@id":"https:\/\/secure.gravatar.com\/avatar\/1072c6b775fb02ef8506ce967551d95926669a6b7d2c2147b42eea4d7c68395e?s=96&d=mm&r=g","url":"https:\/\/secure.gravatar.com\/avatar\/1072c6b775fb02ef8506ce967551d95926669a6b7d2c2147b42eea4d7c68395e?s=96&d=mm&r=g","contentUrl":"https:\/\/secure.gravatar.com\/avatar\/1072c6b775fb02ef8506ce967551d95926669a6b7d2c2147b42eea4d7c68395e?s=96&d=mm&r=g","caption":"Reda\u00e7\u00e3o"},"sameAs":["https:\/\/transamerica93.com.br\/home"],"url":"https:\/\/transamerica93.com.br\/home\/author\/william\/"}]}},"_links":{"self":[{"href":"https:\/\/transamerica93.com.br\/home\/wp-json\/wp\/v2\/posts\/5997","targetHints":{"allow":["GET"]}}],"collection":[{"href":"https:\/\/transamerica93.com.br\/home\/wp-json\/wp\/v2\/posts"}],"about":[{"href":"https:\/\/transamerica93.com.br\/home\/wp-json\/wp\/v2\/types\/post"}],"author":[{"embeddable":true,"href":"https:\/\/transamerica93.com.br\/home\/wp-json\/wp\/v2\/users\/1"}],"replies":[{"embeddable":true,"href":"https:\/\/transamerica93.com.br\/home\/wp-json\/wp\/v2\/comments?post=5997"}],"version-history":[{"count":1,"href":"https:\/\/transamerica93.com.br\/home\/wp-json\/wp\/v2\/posts\/5997\/revisions"}],"predecessor-version":[{"id":5999,"href":"https:\/\/transamerica93.com.br\/home\/wp-json\/wp\/v2\/posts\/5997\/revisions\/5999"}],"wp:featuredmedia":[{"embeddable":true,"href":"https:\/\/transamerica93.com.br\/home\/wp-json\/wp\/v2\/media\/5998"}],"wp:attachment":[{"href":"https:\/\/transamerica93.com.br\/home\/wp-json\/wp\/v2\/media?parent=5997"}],"wp:term":[{"taxonomy":"category","embeddable":true,"href":"https:\/\/transamerica93.com.br\/home\/wp-json\/wp\/v2\/categories?post=5997"},{"taxonomy":"post_tag","embeddable":true,"href":"https:\/\/transamerica93.com.br\/home\/wp-json\/wp\/v2\/tags?post=5997"}],"curies":[{"name":"wp","href":"https:\/\/api.w.org\/{rel}","templated":true}]}}