{"id":6006,"date":"2025-07-29T09:00:12","date_gmt":"2025-07-29T12:00:12","guid":{"rendered":"https:\/\/transamerica93.com.br\/home\/?p=6006"},"modified":"2025-07-02T12:37:20","modified_gmt":"2025-07-02T15:37:20","slug":"oms-uma-em-cada-seis-pessoas-no-mundo-e-afetada-pela-solidao","status":"publish","type":"post","link":"https:\/\/transamerica93.com.br\/home\/oms-uma-em-cada-seis-pessoas-no-mundo-e-afetada-pela-solidao\/","title":{"rendered":"OMS: uma em cada seis pessoas no mundo \u00e9 afetada pela solid\u00e3o"},"content":{"rendered":"<div class=\"conteudo-noticia\">\n<p><strong>Relat\u00f3rio da Comiss\u00e3o sobre Conex\u00e3o Social da Organiza\u00e7\u00e3o Mundial da Sa\u00fade (OMS) indica que uma em cada seis pessoas no mundo \u00e9 afetada pela solid\u00e3o, com impactos significativos na sa\u00fade e no bem-estar. A solid\u00e3o est\u00e1 associada a cerca de 100 mortes a cada hora &#8211; mais de 871 mil mortes todos os anos \u2013 diz a pesquisa.<\/strong><img decoding=\"async\" data-src=\"https:\/\/agenciabrasil.ebc.com.br\/ebc.png?id=1649096&amp;o=node\" src=\"data:image\/svg+xml;base64,PHN2ZyB3aWR0aD0iMSIgaGVpZ2h0PSIxIiB4bWxucz0iaHR0cDovL3d3dy53My5vcmcvMjAwMC9zdmciPjwvc3ZnPg==\" class=\"lazyload\" \/><img decoding=\"async\" data-src=\"https:\/\/agenciabrasil.ebc.com.br\/ebc.gif?id=1649096&amp;o=node\" src=\"data:image\/svg+xml;base64,PHN2ZyB3aWR0aD0iMSIgaGVpZ2h0PSIxIiB4bWxucz0iaHR0cDovL3d3dy53My5vcmcvMjAwMC9zdmciPjwvc3ZnPg==\" class=\"lazyload\" \/><\/p>\n<p>A OMS define conex\u00e3o social como maneiras pelas quais as pessoas se relacionam e interagem entre si. J\u00e1 a solid\u00e3o \u00e9 descrita como sentimento doloroso que surge da lacuna entre as conex\u00f5es sociais desejadas e as reais, enquanto o isolamento social se refere \u00e0 falta objetiva de conex\u00f5es sociais suficientes e, neste caso, em nada se relaciona \u00e0 pr\u00e1tica preventiva recomendada durante a pandemia da covid-19.<\/p>\n<blockquote><p>\u201cNesta era em que as possibilidades de conex\u00e3o s\u00e3o infinitas, cada vez mais pessoas se sentem isoladas e solit\u00e1rias\u201d, diz o diretor-geral da OMS, Tedros Adhanom Ghebreyesus.<\/p><\/blockquote>\n<p>\u201cAl\u00e9m do impacto que causam em indiv\u00edduos, fam\u00edlias e comunidades, se n\u00e3o forem enfrentados, a solid\u00e3o e o isolamento social continuar\u00e3o a custar bilh\u00f5es \u00e0 sociedade em termos de sa\u00fade, educa\u00e7\u00e3o e emprego\u201d, acrescenta.<\/p>\n<p><a href=\"https:\/\/www.whatsapp.com\/channel\/0029VaoRTgrInlqYLSk59B2M\" target=\"_blank\" rel=\"noopener\">&gt;&gt; Siga o canal da\u00a0<strong>Ag\u00eancia Brasil\u00a0<\/strong>no WhatsApp<\/a><\/p>\n<h2>Mais solit\u00e1rios<\/h2>\n<p>De acordo com o relat\u00f3rio, a solid\u00e3o afeta, sobretudo, jovens e pessoas que vivem em pa\u00edses de baixa e m\u00e9dia renda. Entre 17% e 21% dos jovens de 13 a 29 anos relataram se sentir solit\u00e1rios, com as taxas mais altas entre adolescentes. O \u00edndice chega a 24% entre pessoas de pa\u00edses de baixa renda &#8211; mais que o dobro da taxa registrada em pa\u00edses de alta renda (11%).<\/p>\n<p><strong>Embora os dados sobre isolamento social sejam mais limitados, a estimativa \u00e9 que a condi\u00e7\u00e3o afete uma em cada tr\u00eas pessoas idosas e um em cada quatro adolescentes.<\/strong><\/p>\n<p><strong>Grupos com pessoas com defici\u00eancia, refugiados, LGBTQIA+ [l\u00e9sbicas, gays, bissexuais, transexuais, queer, intersexo, assexuais] ind\u00edgenas e minorias \u00e9tnicas podem enfrentar discrimina\u00e7\u00e3o e outras barreiras que tamb\u00e9m dificultam a conex\u00e3o social.<\/strong><\/p>\n<h2>Causas<\/h2>\n<p>A solid\u00e3o e o isolamento social, segundo a OMS, t\u00eam m\u00faltiplas causas, incluindo sa\u00fade prec\u00e1ria, baixa renda, baixa escolaridade, viver s\u00f3, pol\u00edticas p\u00fablicas ausentes ou ineficazes e infraestrutura comunit\u00e1ria inadequadas, al\u00e9m da influ\u00eancia de tecnologias digitais. O relat\u00f3rio alerta, por exemplo, para a necessidade de vigil\u00e2ncia quanto aos efeitos do tempo excessivo de tela ou de intera\u00e7\u00f5es\u00a0<em>online<\/em>\u00a0negativas sobre a sa\u00fade mental e o bem-estar dos jovens.<\/p>\n<h2>Impactos<\/h2>\n<p>O documento destaca, tamb\u00e9m, que a conex\u00e3o social pode proteger a sa\u00fade ao longo da vida, reduzindo inflama\u00e7\u00f5es, diminuindo o risco de problemas graves de sa\u00fade, promovendo sa\u00fade mental e prevenindo a morte precoce, al\u00e9m de contribuir para tornar as comunidades mais saud\u00e1veis, seguras e pr\u00f3speras.<\/p>\n<p>Ao mesmo tempo, a solid\u00e3o e o isolamento social aumentam o risco de acidente vascular cerebral (AVC), doen\u00e7as card\u00edacas, diabetes, decl\u00ednio cognitivo e morte prematura e tamb\u00e9m afetam a sa\u00fade mental \u2013 pessoas solit\u00e1rias t\u00eam o dobro de probabilidade de desenvolver depress\u00e3o.<\/p>\n<p>\u201cA solid\u00e3o tamb\u00e9m pode levar \u00e0 ansiedade e a pensamentos de automutila\u00e7\u00e3o ou suic\u00eddio\u201d, ressaltou a OMS.<\/p>\n<p>Os impactos se estendem ainda \u00e0 aprendizagem e ao emprego. Adolescentes que se sentem solit\u00e1rios t\u00eam 22% mais chances de obter notas ou qualifica\u00e7\u00f5es mais baixas, enquanto adultos solit\u00e1rios podem ter mais dificuldade para encontrar ou manter um emprego e ganhar menos ao longo do tempo.<\/p>\n<p>\u201cEm n\u00edvel comunit\u00e1rio, a solid\u00e3o prejudica a coes\u00e3o social e custa bilh\u00f5es em perda de produtividade e aten\u00e7\u00e3o \u00e0 sa\u00fade. Comunidades com fortes la\u00e7os sociais tendem a ser mais seguras, saud\u00e1veis \u200b\u200be resilientes, inclusive em resposta a desastres\u201d, acrescenta a OMS.<\/p>\n<h2>Solu\u00e7\u00f5es<\/h2>\n<p><strong>O relat\u00f3rio descreve uma esp\u00e9cie de roteiro para a\u00e7\u00f5es globais com foco em cinco \u00e1reas: pol\u00edtica, pesquisa, interven\u00e7\u00f5es, medi\u00e7\u00e3o aprimorada (incluindo o desenvolvimento de um \u00edndice de conex\u00e3o social global) e engajamento p\u00fablico para mudar normas sociais e refor\u00e7ar um movimento mundial de conex\u00e3o social.<\/strong><\/p>\n<p>\u201cSolu\u00e7\u00f5es para reduzir a solid\u00e3o e o isolamento social existem em v\u00e1rios n\u00edveis \u2013 nacional, comunit\u00e1rio e individual \u2013 e variam desde a conscientiza\u00e7\u00e3o e a mudan\u00e7a de pol\u00edticas nacionais at\u00e9 o fortalecimento da infraestrutura social (por exemplo, parques, bibliotecas, caf\u00e9s) e o fornecimento de interven\u00e7\u00f5es psicol\u00f3gicas\u201d, destacou a OMS.<\/p>\n<p>\u201cA maioria das pessoas sabe como \u00e9 se sentir sozinha. E cada pessoa pode fazer a diferen\u00e7a com a\u00e7\u00f5es simples e cotidianas \u2014 como entrar em contato com um amigo necessitado, deixar o celular de lado para estar totalmente presente na conversa, cumprimentar um vizinho, participar de um grupo local ou se voluntariar. Se o problema for mais s\u00e9rio, \u00e9 importante descobrir apoio e servi\u00e7os dispon\u00edveis para pessoas que se sentem sozinhas\u201d, concluiu.<\/p>\n<\/div>\n<div class=\"footer-noticia\">\n<div class=\"editor rowflex\">Edi\u00e7\u00e3o: Kleber Sampaio<\/div>\n<\/div>\n","protected":false},"excerpt":{"rendered":"<p>Relat\u00f3rio da Comiss\u00e3o sobre Conex\u00e3o Social da Organiza\u00e7\u00e3o Mundial da Sa\u00fade (OMS) indica que uma em cada seis pessoas no mundo \u00e9 afetada pela solid\u00e3o, com impactos significativos na sa\u00fade e no bem-estar. A solid\u00e3o est\u00e1 associada a cerca de 100 mortes a cada hora &#8211; mais de 871 mil mortes todos os anos \u2013 &hellip;<\/p>\n","protected":false},"author":1,"featured_media":6007,"comment_status":"closed","ping_status":"closed","sticky":false,"template":"","format":"standard","meta":{"footnotes":""},"categories":[30],"tags":[],"class_list":["post-6006","post","type-post","status-publish","format-standard","has-post-thumbnail","hentry","category-geral"],"yoast_head":"<!-- This site is optimized with the Yoast SEO plugin v27.4 - https:\/\/yoast.com\/product\/yoast-seo-wordpress\/ -->\n<title>OMS: uma em cada seis pessoas no mundo \u00e9 afetada pela solid\u00e3o - Transam\u00e9rica Mococa 93,3<\/title>\n<meta name=\"robots\" content=\"index, follow, max-snippet:-1, max-image-preview:large, max-video-preview:-1\" \/>\n<link rel=\"canonical\" href=\"https:\/\/transamerica93.com.br\/home\/oms-uma-em-cada-seis-pessoas-no-mundo-e-afetada-pela-solidao\/\" \/>\n<meta property=\"og:locale\" content=\"pt_BR\" \/>\n<meta property=\"og:type\" content=\"article\" \/>\n<meta property=\"og:title\" content=\"OMS: uma em cada seis pessoas no mundo \u00e9 afetada pela solid\u00e3o - Transam\u00e9rica Mococa 93,3\" \/>\n<meta property=\"og:description\" content=\"Relat\u00f3rio da Comiss\u00e3o sobre Conex\u00e3o Social da Organiza\u00e7\u00e3o Mundial da Sa\u00fade (OMS) indica que uma em cada seis pessoas no mundo \u00e9 afetada pela solid\u00e3o, com impactos significativos na sa\u00fade e no bem-estar. A solid\u00e3o est\u00e1 associada a cerca de 100 mortes a cada hora &#8211; mais de 871 mil mortes todos os anos \u2013 &hellip;\" \/>\n<meta property=\"og:url\" content=\"https:\/\/transamerica93.com.br\/home\/oms-uma-em-cada-seis-pessoas-no-mundo-e-afetada-pela-solidao\/\" \/>\n<meta property=\"og:site_name\" content=\"Transam\u00e9rica Mococa 93,3\" \/>\n<meta property=\"article:publisher\" content=\"https:\/\/www.facebook.com\/transamericamococa\" \/>\n<meta property=\"article:published_time\" content=\"2025-07-29T12:00:12+00:00\" \/>\n<meta property=\"og:image\" content=\"https:\/\/transamerica93.com.br\/home\/wp-content\/uploads\/2025\/07\/Sem-titulo-1.png\" \/>\n\t<meta property=\"og:image:width\" content=\"1170\" \/>\n\t<meta property=\"og:image:height\" content=\"700\" \/>\n\t<meta property=\"og:image:type\" content=\"image\/png\" \/>\n<meta name=\"author\" content=\"Reda\u00e7\u00e3o\" \/>\n<meta name=\"twitter:card\" content=\"summary_large_image\" \/>\n<meta name=\"twitter:creator\" content=\"@transamerica933\" \/>\n<meta name=\"twitter:site\" content=\"@transamerica933\" \/>\n<meta name=\"twitter:label1\" content=\"Escrito por\" \/>\n\t<meta name=\"twitter:data1\" content=\"Reda\u00e7\u00e3o\" \/>\n\t<meta name=\"twitter:label2\" content=\"Est. tempo de leitura\" \/>\n\t<meta name=\"twitter:data2\" content=\"5 minutos\" \/>\n<script type=\"application\/ld+json\" class=\"yoast-schema-graph\">{\"@context\":\"https:\\\/\\\/schema.org\",\"@graph\":[{\"@type\":\"Article\",\"@id\":\"https:\\\/\\\/transamerica93.com.br\\\/home\\\/oms-uma-em-cada-seis-pessoas-no-mundo-e-afetada-pela-solidao\\\/#article\",\"isPartOf\":{\"@id\":\"https:\\\/\\\/transamerica93.com.br\\\/home\\\/oms-uma-em-cada-seis-pessoas-no-mundo-e-afetada-pela-solidao\\\/\"},\"author\":{\"name\":\"Reda\u00e7\u00e3o\",\"@id\":\"https:\\\/\\\/transamerica93.com.br\\\/home\\\/#\\\/schema\\\/person\\\/7fed7c99c0d4562efa8561bc0f543172\"},\"headline\":\"OMS: uma em cada seis pessoas no mundo \u00e9 afetada pela solid\u00e3o\",\"datePublished\":\"2025-07-29T12:00:12+00:00\",\"mainEntityOfPage\":{\"@id\":\"https:\\\/\\\/transamerica93.com.br\\\/home\\\/oms-uma-em-cada-seis-pessoas-no-mundo-e-afetada-pela-solidao\\\/\"},\"wordCount\":864,\"publisher\":{\"@id\":\"https:\\\/\\\/transamerica93.com.br\\\/home\\\/#organization\"},\"image\":{\"@id\":\"https:\\\/\\\/transamerica93.com.br\\\/home\\\/oms-uma-em-cada-seis-pessoas-no-mundo-e-afetada-pela-solidao\\\/#primaryimage\"},\"thumbnailUrl\":\"https:\\\/\\\/transamerica93.com.br\\\/home\\\/wp-content\\\/uploads\\\/2025\\\/07\\\/Sem-titulo-1.png\",\"articleSection\":[\"Geral\"],\"inLanguage\":\"pt-BR\"},{\"@type\":\"WebPage\",\"@id\":\"https:\\\/\\\/transamerica93.com.br\\\/home\\\/oms-uma-em-cada-seis-pessoas-no-mundo-e-afetada-pela-solidao\\\/\",\"url\":\"https:\\\/\\\/transamerica93.com.br\\\/home\\\/oms-uma-em-cada-seis-pessoas-no-mundo-e-afetada-pela-solidao\\\/\",\"name\":\"OMS: uma em cada seis pessoas no mundo \u00e9 afetada pela solid\u00e3o - Transam\u00e9rica Mococa 93,3\",\"isPartOf\":{\"@id\":\"https:\\\/\\\/transamerica93.com.br\\\/home\\\/#website\"},\"primaryImageOfPage\":{\"@id\":\"https:\\\/\\\/transamerica93.com.br\\\/home\\\/oms-uma-em-cada-seis-pessoas-no-mundo-e-afetada-pela-solidao\\\/#primaryimage\"},\"image\":{\"@id\":\"https:\\\/\\\/transamerica93.com.br\\\/home\\\/oms-uma-em-cada-seis-pessoas-no-mundo-e-afetada-pela-solidao\\\/#primaryimage\"},\"thumbnailUrl\":\"https:\\\/\\\/transamerica93.com.br\\\/home\\\/wp-content\\\/uploads\\\/2025\\\/07\\\/Sem-titulo-1.png\",\"datePublished\":\"2025-07-29T12:00:12+00:00\",\"breadcrumb\":{\"@id\":\"https:\\\/\\\/transamerica93.com.br\\\/home\\\/oms-uma-em-cada-seis-pessoas-no-mundo-e-afetada-pela-solidao\\\/#breadcrumb\"},\"inLanguage\":\"pt-BR\",\"potentialAction\":[{\"@type\":\"ReadAction\",\"target\":[\"https:\\\/\\\/transamerica93.com.br\\\/home\\\/oms-uma-em-cada-seis-pessoas-no-mundo-e-afetada-pela-solidao\\\/\"]}]},{\"@type\":\"ImageObject\",\"inLanguage\":\"pt-BR\",\"@id\":\"https:\\\/\\\/transamerica93.com.br\\\/home\\\/oms-uma-em-cada-seis-pessoas-no-mundo-e-afetada-pela-solidao\\\/#primaryimage\",\"url\":\"https:\\\/\\\/transamerica93.com.br\\\/home\\\/wp-content\\\/uploads\\\/2025\\\/07\\\/Sem-titulo-1.png\",\"contentUrl\":\"https:\\\/\\\/transamerica93.com.br\\\/home\\\/wp-content\\\/uploads\\\/2025\\\/07\\\/Sem-titulo-1.png\",\"width\":1170,\"height\":700},{\"@type\":\"BreadcrumbList\",\"@id\":\"https:\\\/\\\/transamerica93.com.br\\\/home\\\/oms-uma-em-cada-seis-pessoas-no-mundo-e-afetada-pela-solidao\\\/#breadcrumb\",\"itemListElement\":[{\"@type\":\"ListItem\",\"position\":1,\"name\":\"In\u00edcio\",\"item\":\"https:\\\/\\\/transamerica93.com.br\\\/home\\\/\"},{\"@type\":\"ListItem\",\"position\":2,\"name\":\"OMS: uma em cada seis pessoas no mundo \u00e9 afetada pela solid\u00e3o\"}]},{\"@type\":\"WebSite\",\"@id\":\"https:\\\/\\\/transamerica93.com.br\\\/home\\\/#website\",\"url\":\"https:\\\/\\\/transamerica93.com.br\\\/home\\\/\",\"name\":\"Transam\u00e9rica Mococa 93,3\",\"description\":\"\",\"publisher\":{\"@id\":\"https:\\\/\\\/transamerica93.com.br\\\/home\\\/#organization\"},\"potentialAction\":[{\"@type\":\"SearchAction\",\"target\":{\"@type\":\"EntryPoint\",\"urlTemplate\":\"https:\\\/\\\/transamerica93.com.br\\\/home\\\/?s={search_term_string}\"},\"query-input\":{\"@type\":\"PropertyValueSpecification\",\"valueRequired\":true,\"valueName\":\"search_term_string\"}}],\"inLanguage\":\"pt-BR\"},{\"@type\":\"Organization\",\"@id\":\"https:\\\/\\\/transamerica93.com.br\\\/home\\\/#organization\",\"name\":\"Transam\u00e9rica Mococa 93,3\",\"url\":\"https:\\\/\\\/transamerica93.com.br\\\/home\\\/\",\"logo\":{\"@type\":\"ImageObject\",\"inLanguage\":\"pt-BR\",\"@id\":\"https:\\\/\\\/transamerica93.com.br\\\/home\\\/#\\\/schema\\\/logo\\\/image\\\/\",\"url\":\"https:\\\/\\\/transamerica93.com.br\\\/home\\\/wp-content\\\/uploads\\\/2023\\\/10\\\/logo2.png\",\"contentUrl\":\"https:\\\/\\\/transamerica93.com.br\\\/home\\\/wp-content\\\/uploads\\\/2023\\\/10\\\/logo2.png\",\"width\":800,\"height\":500,\"caption\":\"Transam\u00e9rica Mococa 93,3\"},\"image\":{\"@id\":\"https:\\\/\\\/transamerica93.com.br\\\/home\\\/#\\\/schema\\\/logo\\\/image\\\/\"},\"sameAs\":[\"https:\\\/\\\/www.facebook.com\\\/transamericamococa\",\"https:\\\/\\\/x.com\\\/transamerica933\",\"https:\\\/\\\/www.instagram.com\\\/transamericamococa\"]},{\"@type\":\"Person\",\"@id\":\"https:\\\/\\\/transamerica93.com.br\\\/home\\\/#\\\/schema\\\/person\\\/7fed7c99c0d4562efa8561bc0f543172\",\"name\":\"Reda\u00e7\u00e3o\",\"image\":{\"@type\":\"ImageObject\",\"inLanguage\":\"pt-BR\",\"@id\":\"https:\\\/\\\/secure.gravatar.com\\\/avatar\\\/1072c6b775fb02ef8506ce967551d95926669a6b7d2c2147b42eea4d7c68395e?s=96&d=mm&r=g\",\"url\":\"https:\\\/\\\/secure.gravatar.com\\\/avatar\\\/1072c6b775fb02ef8506ce967551d95926669a6b7d2c2147b42eea4d7c68395e?s=96&d=mm&r=g\",\"contentUrl\":\"https:\\\/\\\/secure.gravatar.com\\\/avatar\\\/1072c6b775fb02ef8506ce967551d95926669a6b7d2c2147b42eea4d7c68395e?s=96&d=mm&r=g\",\"caption\":\"Reda\u00e7\u00e3o\"},\"sameAs\":[\"https:\\\/\\\/transamerica93.com.br\\\/home\"],\"url\":\"https:\\\/\\\/transamerica93.com.br\\\/home\\\/author\\\/william\\\/\"}]}<\/script>\n<!-- \/ Yoast SEO plugin. -->","yoast_head_json":{"title":"OMS: uma em cada seis pessoas no mundo \u00e9 afetada pela solid\u00e3o - Transam\u00e9rica Mococa 93,3","robots":{"index":"index","follow":"follow","max-snippet":"max-snippet:-1","max-image-preview":"max-image-preview:large","max-video-preview":"max-video-preview:-1"},"canonical":"https:\/\/transamerica93.com.br\/home\/oms-uma-em-cada-seis-pessoas-no-mundo-e-afetada-pela-solidao\/","og_locale":"pt_BR","og_type":"article","og_title":"OMS: uma em cada seis pessoas no mundo \u00e9 afetada pela solid\u00e3o - Transam\u00e9rica Mococa 93,3","og_description":"Relat\u00f3rio da Comiss\u00e3o sobre Conex\u00e3o Social da Organiza\u00e7\u00e3o Mundial da Sa\u00fade (OMS) indica que uma em cada seis pessoas no mundo \u00e9 afetada pela solid\u00e3o, com impactos significativos na sa\u00fade e no bem-estar. A solid\u00e3o est\u00e1 associada a cerca de 100 mortes a cada hora &#8211; mais de 871 mil mortes todos os anos \u2013 &hellip;","og_url":"https:\/\/transamerica93.com.br\/home\/oms-uma-em-cada-seis-pessoas-no-mundo-e-afetada-pela-solidao\/","og_site_name":"Transam\u00e9rica Mococa 93,3","article_publisher":"https:\/\/www.facebook.com\/transamericamococa","article_published_time":"2025-07-29T12:00:12+00:00","og_image":[{"width":1170,"height":700,"url":"https:\/\/transamerica93.com.br\/home\/wp-content\/uploads\/2025\/07\/Sem-titulo-1.png","type":"image\/png"}],"author":"Reda\u00e7\u00e3o","twitter_card":"summary_large_image","twitter_creator":"@transamerica933","twitter_site":"@transamerica933","twitter_misc":{"Escrito por":"Reda\u00e7\u00e3o","Est. tempo de leitura":"5 minutos"},"schema":{"@context":"https:\/\/schema.org","@graph":[{"@type":"Article","@id":"https:\/\/transamerica93.com.br\/home\/oms-uma-em-cada-seis-pessoas-no-mundo-e-afetada-pela-solidao\/#article","isPartOf":{"@id":"https:\/\/transamerica93.com.br\/home\/oms-uma-em-cada-seis-pessoas-no-mundo-e-afetada-pela-solidao\/"},"author":{"name":"Reda\u00e7\u00e3o","@id":"https:\/\/transamerica93.com.br\/home\/#\/schema\/person\/7fed7c99c0d4562efa8561bc0f543172"},"headline":"OMS: uma em cada seis pessoas no mundo \u00e9 afetada pela solid\u00e3o","datePublished":"2025-07-29T12:00:12+00:00","mainEntityOfPage":{"@id":"https:\/\/transamerica93.com.br\/home\/oms-uma-em-cada-seis-pessoas-no-mundo-e-afetada-pela-solidao\/"},"wordCount":864,"publisher":{"@id":"https:\/\/transamerica93.com.br\/home\/#organization"},"image":{"@id":"https:\/\/transamerica93.com.br\/home\/oms-uma-em-cada-seis-pessoas-no-mundo-e-afetada-pela-solidao\/#primaryimage"},"thumbnailUrl":"https:\/\/transamerica93.com.br\/home\/wp-content\/uploads\/2025\/07\/Sem-titulo-1.png","articleSection":["Geral"],"inLanguage":"pt-BR"},{"@type":"WebPage","@id":"https:\/\/transamerica93.com.br\/home\/oms-uma-em-cada-seis-pessoas-no-mundo-e-afetada-pela-solidao\/","url":"https:\/\/transamerica93.com.br\/home\/oms-uma-em-cada-seis-pessoas-no-mundo-e-afetada-pela-solidao\/","name":"OMS: uma em cada seis pessoas no mundo \u00e9 afetada pela solid\u00e3o - Transam\u00e9rica Mococa 93,3","isPartOf":{"@id":"https:\/\/transamerica93.com.br\/home\/#website"},"primaryImageOfPage":{"@id":"https:\/\/transamerica93.com.br\/home\/oms-uma-em-cada-seis-pessoas-no-mundo-e-afetada-pela-solidao\/#primaryimage"},"image":{"@id":"https:\/\/transamerica93.com.br\/home\/oms-uma-em-cada-seis-pessoas-no-mundo-e-afetada-pela-solidao\/#primaryimage"},"thumbnailUrl":"https:\/\/transamerica93.com.br\/home\/wp-content\/uploads\/2025\/07\/Sem-titulo-1.png","datePublished":"2025-07-29T12:00:12+00:00","breadcrumb":{"@id":"https:\/\/transamerica93.com.br\/home\/oms-uma-em-cada-seis-pessoas-no-mundo-e-afetada-pela-solidao\/#breadcrumb"},"inLanguage":"pt-BR","potentialAction":[{"@type":"ReadAction","target":["https:\/\/transamerica93.com.br\/home\/oms-uma-em-cada-seis-pessoas-no-mundo-e-afetada-pela-solidao\/"]}]},{"@type":"ImageObject","inLanguage":"pt-BR","@id":"https:\/\/transamerica93.com.br\/home\/oms-uma-em-cada-seis-pessoas-no-mundo-e-afetada-pela-solidao\/#primaryimage","url":"https:\/\/transamerica93.com.br\/home\/wp-content\/uploads\/2025\/07\/Sem-titulo-1.png","contentUrl":"https:\/\/transamerica93.com.br\/home\/wp-content\/uploads\/2025\/07\/Sem-titulo-1.png","width":1170,"height":700},{"@type":"BreadcrumbList","@id":"https:\/\/transamerica93.com.br\/home\/oms-uma-em-cada-seis-pessoas-no-mundo-e-afetada-pela-solidao\/#breadcrumb","itemListElement":[{"@type":"ListItem","position":1,"name":"In\u00edcio","item":"https:\/\/transamerica93.com.br\/home\/"},{"@type":"ListItem","position":2,"name":"OMS: uma em cada seis pessoas no mundo \u00e9 afetada pela solid\u00e3o"}]},{"@type":"WebSite","@id":"https:\/\/transamerica93.com.br\/home\/#website","url":"https:\/\/transamerica93.com.br\/home\/","name":"Transam\u00e9rica Mococa 93,3","description":"","publisher":{"@id":"https:\/\/transamerica93.com.br\/home\/#organization"},"potentialAction":[{"@type":"SearchAction","target":{"@type":"EntryPoint","urlTemplate":"https:\/\/transamerica93.com.br\/home\/?s={search_term_string}"},"query-input":{"@type":"PropertyValueSpecification","valueRequired":true,"valueName":"search_term_string"}}],"inLanguage":"pt-BR"},{"@type":"Organization","@id":"https:\/\/transamerica93.com.br\/home\/#organization","name":"Transam\u00e9rica Mococa 93,3","url":"https:\/\/transamerica93.com.br\/home\/","logo":{"@type":"ImageObject","inLanguage":"pt-BR","@id":"https:\/\/transamerica93.com.br\/home\/#\/schema\/logo\/image\/","url":"https:\/\/transamerica93.com.br\/home\/wp-content\/uploads\/2023\/10\/logo2.png","contentUrl":"https:\/\/transamerica93.com.br\/home\/wp-content\/uploads\/2023\/10\/logo2.png","width":800,"height":500,"caption":"Transam\u00e9rica Mococa 93,3"},"image":{"@id":"https:\/\/transamerica93.com.br\/home\/#\/schema\/logo\/image\/"},"sameAs":["https:\/\/www.facebook.com\/transamericamococa","https:\/\/x.com\/transamerica933","https:\/\/www.instagram.com\/transamericamococa"]},{"@type":"Person","@id":"https:\/\/transamerica93.com.br\/home\/#\/schema\/person\/7fed7c99c0d4562efa8561bc0f543172","name":"Reda\u00e7\u00e3o","image":{"@type":"ImageObject","inLanguage":"pt-BR","@id":"https:\/\/secure.gravatar.com\/avatar\/1072c6b775fb02ef8506ce967551d95926669a6b7d2c2147b42eea4d7c68395e?s=96&d=mm&r=g","url":"https:\/\/secure.gravatar.com\/avatar\/1072c6b775fb02ef8506ce967551d95926669a6b7d2c2147b42eea4d7c68395e?s=96&d=mm&r=g","contentUrl":"https:\/\/secure.gravatar.com\/avatar\/1072c6b775fb02ef8506ce967551d95926669a6b7d2c2147b42eea4d7c68395e?s=96&d=mm&r=g","caption":"Reda\u00e7\u00e3o"},"sameAs":["https:\/\/transamerica93.com.br\/home"],"url":"https:\/\/transamerica93.com.br\/home\/author\/william\/"}]}},"_links":{"self":[{"href":"https:\/\/transamerica93.com.br\/home\/wp-json\/wp\/v2\/posts\/6006","targetHints":{"allow":["GET"]}}],"collection":[{"href":"https:\/\/transamerica93.com.br\/home\/wp-json\/wp\/v2\/posts"}],"about":[{"href":"https:\/\/transamerica93.com.br\/home\/wp-json\/wp\/v2\/types\/post"}],"author":[{"embeddable":true,"href":"https:\/\/transamerica93.com.br\/home\/wp-json\/wp\/v2\/users\/1"}],"replies":[{"embeddable":true,"href":"https:\/\/transamerica93.com.br\/home\/wp-json\/wp\/v2\/comments?post=6006"}],"version-history":[{"count":1,"href":"https:\/\/transamerica93.com.br\/home\/wp-json\/wp\/v2\/posts\/6006\/revisions"}],"predecessor-version":[{"id":6008,"href":"https:\/\/transamerica93.com.br\/home\/wp-json\/wp\/v2\/posts\/6006\/revisions\/6008"}],"wp:featuredmedia":[{"embeddable":true,"href":"https:\/\/transamerica93.com.br\/home\/wp-json\/wp\/v2\/media\/6007"}],"wp:attachment":[{"href":"https:\/\/transamerica93.com.br\/home\/wp-json\/wp\/v2\/media?parent=6006"}],"wp:term":[{"taxonomy":"category","embeddable":true,"href":"https:\/\/transamerica93.com.br\/home\/wp-json\/wp\/v2\/categories?post=6006"},{"taxonomy":"post_tag","embeddable":true,"href":"https:\/\/transamerica93.com.br\/home\/wp-json\/wp\/v2\/tags?post=6006"}],"curies":[{"name":"wp","href":"https:\/\/api.w.org\/{rel}","templated":true}]}}