{"id":6015,"date":"2025-08-01T09:00:20","date_gmt":"2025-08-01T12:00:20","guid":{"rendered":"https:\/\/transamerica93.com.br\/home\/?p=6015"},"modified":"2025-07-02T12:41:24","modified_gmt":"2025-07-02T15:41:24","slug":"supersalarios-no-judiciario-crescem-493-em-2024-mostra-estudo","status":"publish","type":"post","link":"https:\/\/transamerica93.com.br\/home\/supersalarios-no-judiciario-crescem-493-em-2024-mostra-estudo\/","title":{"rendered":"Supersal\u00e1rios no Judici\u00e1rio crescem 49,3% em 2024, mostra estudo"},"content":{"rendered":"<div class=\"conteudo-noticia\">\n<p>Os gastos do Judici\u00e1rio com sal\u00e1rios acima do limite constitucional aumentaram 49,3% entre 2023 e 2024. O valor extrateto saltou de R$ 7 bilh\u00f5es para R$ 10,5 bilh\u00f5es em apenas um ano, muito acima da infla\u00e7\u00e3o oficial do per\u00edodo, que atingiu 4,83%.<img decoding=\"async\" data-src=\"https:\/\/agenciabrasil.ebc.com.br\/ebc.png?id=1649025&amp;o=node\" src=\"data:image\/svg+xml;base64,PHN2ZyB3aWR0aD0iMSIgaGVpZ2h0PSIxIiB4bWxucz0iaHR0cDovL3d3dy53My5vcmcvMjAwMC9zdmciPjwvc3ZnPg==\" class=\"lazyload\" \/><img decoding=\"async\" data-src=\"https:\/\/agenciabrasil.ebc.com.br\/ebc.gif?id=1649025&amp;o=node\" src=\"data:image\/svg+xml;base64,PHN2ZyB3aWR0aD0iMSIgaGVpZ2h0PSIxIiB4bWxucz0iaHR0cDovL3d3dy53My5vcmcvMjAwMC9zdmciPjwvc3ZnPg==\" class=\"lazyload\" \/><\/p>\n<p><strong>Os valores constam de estudo in\u00e9dito do Movimento Pessoas \u00e0 Frente, organiza\u00e7\u00e3o suprapartid\u00e1ria que prop\u00f5e melhoras na gest\u00e3o do servi\u00e7o p\u00fablico.\u00a0<\/strong>A pesquisa foi realizada em parceria com o pesquisador Bruno Carazza, professor, economista e jurista com p\u00f3s-doutorado em Harvard, com foco em pol\u00edticas p\u00fablicas e governan\u00e7a.<\/p>\n<p>Com base em dados do Conselho Nacional de Justi\u00e7a (CNJ), o levantamento exp\u00f4s o avan\u00e7o dos chamados penduricalhos \u2013 verbas indenizat\u00f3rias e adicionais que permitem aos magistrados receber al\u00e9m do teto legal do funcionalismo p\u00fablico.<\/p>\n<p><strong>Segundo o estudo, os aux\u00edlios e benef\u00edcios correspondem a mais de 43% do rendimento l\u00edquido dos magistrados, devendo ultrapassar 50% em breve<\/strong>. Na pr\u00e1tica, grande parte da remunera\u00e7\u00e3o ultrapassa o teto constitucional (hoje em R$ 46.366,19) de forma indireta e muitas vezes n\u00e3o tributada.<\/p>\n<p><a href=\"https:\/\/www.whatsapp.com\/channel\/0029VaoRTgrInlqYLSk59B2M\" target=\"_blank\" rel=\"noopener\">&gt;&gt; Siga o canal da\u00a0<strong>Ag\u00eancia Brasil\u00a0<\/strong>no WhatsApp<\/a><\/p>\n<h2>Evolu\u00e7\u00e3o<\/h2>\n<p><strong>De 2023 para 2024, o rendimento l\u00edquido m\u00e9dio de ju\u00edzes subiu de R$ 45.050,50 para R$ 54.941,80, aumento de 21,95%. O crescimento continuou neste ano, e o valor chegou a R$ 66.431,76 em fevereiro de 2025.<\/strong><\/p>\n<p>A pesquisa destaca que esses aumentos s\u00e3o impulsionados por verbas classificadas indevidamente como indenizat\u00f3rias, que escapam do teto e da tributa\u00e7\u00e3o de Imposto de Renda. As distor\u00e7\u00f5es criam um cen\u00e1rio de disparidade dentro do funcionalismo p\u00fablico, considerando que apenas 0,06% dos servidores se beneficia\u00a0dessas brechas.<\/p>\n<p>De acordo com a diretora executiva do Movimento, Jessika Moreira, os supersal\u00e1rios representam um problema estrutural que se arrasta desde a Constitui\u00e7\u00e3o de 1988. Apesar de v\u00e1rias tentativas legislativas, nenhuma foi eficaz em conter esses abusos. A organiza\u00e7\u00e3o alerta que, se a tend\u00eancia continuar, o valor de supersal\u00e1rios poder\u00e1 dobrar novamente em apenas dois anos.<\/p>\n<h2>Reforma administrativa<\/h2>\n<p>Diante desse cen\u00e1rio, o Movimento Pessoas \u00e0 Frente defende que o fim dos supersal\u00e1rios seja prioridade na reforma administrativa em discuss\u00e3o no Congresso Nacional. A proposta est\u00e1 sendo debatida por um grupo de trabalho na C\u00e2mara dos Deputados, coordenado pelo deputado Pedro Paulo (PSD-RJ).<\/p>\n<p>Em parceria com uma coaliz\u00e3o de dez organiza\u00e7\u00f5es da sociedade civil, o movimento elaborou um manifesto em que sugere nove medidas para combater os supersal\u00e1rios.<\/p>\n<p>Entre as medidas propostas est\u00e3o:<\/p>\n<p>\u2022\u2002\u2002\u2002\u2002\u2002Classifica\u00e7\u00e3o adequada das verbas entre remunerat\u00f3rias e indenizat\u00f3rias;<\/p>\n<p>\u2022\u2002\u2002\u2002\u2002\u2002Limita\u00e7\u00e3o das verbas indenizat\u00f3rias a crit\u00e9rios como natureza reparat\u00f3ria, car\u00e1ter transit\u00f3rio e cria\u00e7\u00e3o por lei;<\/p>\n<p>\u2022\u2002\u2002\u2002\u2002\u2002Aplica\u00e7\u00e3o correta do Imposto de Renda sobre verbas remunerat\u00f3rias;<\/p>\n<p>\u2022\u2002\u2002\u2002\u2002\u2002Refor\u00e7o da transpar\u00eancia e da governan\u00e7a na remunera\u00e7\u00e3o p\u00fablica;<\/p>\n<p>\u2022\u2002\u2002\u2002\u2002\u2002Exig\u00eancia de lei para cria\u00e7\u00e3o de qualquer adicional salarial;<\/p>\n<p>\u2022\u2002\u2002\u2002\u2002\u2002Elimina\u00e7\u00e3o de classifica\u00e7\u00f5es indevidas e transforma\u00e7\u00e3o de verbas em remunerat\u00f3rias;<\/p>\n<p>\u2022\u2002\u2002\u2002\u2002\u2002Fim da vincula\u00e7\u00e3o autom\u00e1tica entre subs\u00eddios;<\/p>\n<p>\u2022\u2002\u2002\u2002\u2002\u2002Enquadramento como improbidade administrativa de pagamentos acima do teto sem respaldo legal;<\/p>\n<p>\u2022\u2002\u2002\u2002\u2002\u2002Cria\u00e7\u00e3o de barreiras ao pagamento de retroativos, com limite temporal.<\/p>\n<p><strong>O movimento tamb\u00e9m prop\u00f5e o fim de benef\u00edcios concentrados no sistema de Justi\u00e7a, como f\u00e9rias de 60 dias (frequentemente convertidas em dinheiro), licen\u00e7as por tempo de servi\u00e7o, aposentadoria compuls\u00f3ria como puni\u00e7\u00e3o (que mant\u00e9m os vencimentos) e gratifica\u00e7\u00f5es por acumula\u00e7\u00e3o de fun\u00e7\u00f5es.<\/strong><\/p>\n<p><strong>No in\u00edcio de junho, o ministro da Fazenda, Fernando Haddad, defendeu que a reforma administrativa comece pela\u00a0<a href=\"https:\/\/agenciabrasil.ebc.com.br\/radioagencia-nacional\/economia\/audio\/2025-06\/haddad-diz-que-nova-proposta-sobre-o-iof-sai-ate-terca\" target=\"_blank\" rel=\"noopener\">discuss\u00e3o dos supersal\u00e1rios<\/a><\/strong>. No ano passado, o governo enviou proposta de emenda \u00e0 Constitui\u00e7\u00e3o para limitar os supersal\u00e1rios dentro do pacote de corte de gastos, mas o Congresso desidratou a proposta e incluiu uma regulamenta\u00e7\u00e3o por lei ordin\u00e1ria, que pode ser mudada mais facilmente que uma lei complementar.<\/p>\n<p>Organiza\u00e7\u00e3o da sociedade civil plural e suprapartid\u00e1ria, o Movimento Pessoas \u00e0 Frente trabalha com especialistas, acad\u00eamicos, parlamentares e representantes da sociedade civil. A organiza\u00e7\u00e3o tem como objetivo propor pol\u00edticas que melhorem a gest\u00e3o de pessoas no setor p\u00fablico, com foco especial em lideran\u00e7as e equidade.<\/p>\n<div class=\"noticias-relacionadas rel-position rowflex\">\n<div class=\"titulo-noticia-relacionada\"><\/div>\n<\/div>\n<\/div>\n<div class=\"footer-noticia\">\n<div class=\"editor rowflex\">Edi\u00e7\u00e3o: Gra\u00e7a Adjuto<\/div>\n<\/div>\n","protected":false},"excerpt":{"rendered":"<p>Os gastos do Judici\u00e1rio com sal\u00e1rios acima do limite constitucional aumentaram 49,3% entre 2023 e 2024. O valor extrateto saltou de R$ 7 bilh\u00f5es para R$ 10,5 bilh\u00f5es em apenas um ano, muito acima da infla\u00e7\u00e3o oficial do per\u00edodo, que atingiu 4,83%. Os valores constam de estudo in\u00e9dito do Movimento Pessoas \u00e0 Frente, organiza\u00e7\u00e3o suprapartid\u00e1ria &hellip;<\/p>\n","protected":false},"author":1,"featured_media":6016,"comment_status":"closed","ping_status":"closed","sticky":false,"template":"","format":"standard","meta":{"footnotes":""},"categories":[30],"tags":[],"class_list":["post-6015","post","type-post","status-publish","format-standard","has-post-thumbnail","hentry","category-geral"],"yoast_head":"<!-- This site is optimized with the Yoast SEO plugin v27.4 - https:\/\/yoast.com\/product\/yoast-seo-wordpress\/ -->\n<title>Supersal\u00e1rios no Judici\u00e1rio crescem 49,3% em 2024, mostra estudo - Transam\u00e9rica Mococa 93,3<\/title>\n<meta name=\"robots\" content=\"index, follow, max-snippet:-1, max-image-preview:large, max-video-preview:-1\" \/>\n<link rel=\"canonical\" href=\"https:\/\/transamerica93.com.br\/home\/supersalarios-no-judiciario-crescem-493-em-2024-mostra-estudo\/\" \/>\n<meta property=\"og:locale\" content=\"pt_BR\" \/>\n<meta property=\"og:type\" content=\"article\" \/>\n<meta property=\"og:title\" content=\"Supersal\u00e1rios no Judici\u00e1rio crescem 49,3% em 2024, mostra estudo - Transam\u00e9rica Mococa 93,3\" \/>\n<meta property=\"og:description\" content=\"Os gastos do Judici\u00e1rio com sal\u00e1rios acima do limite constitucional aumentaram 49,3% entre 2023 e 2024. O valor extrateto saltou de R$ 7 bilh\u00f5es para R$ 10,5 bilh\u00f5es em apenas um ano, muito acima da infla\u00e7\u00e3o oficial do per\u00edodo, que atingiu 4,83%. Os valores constam de estudo in\u00e9dito do Movimento Pessoas \u00e0 Frente, organiza\u00e7\u00e3o suprapartid\u00e1ria &hellip;\" \/>\n<meta property=\"og:url\" content=\"https:\/\/transamerica93.com.br\/home\/supersalarios-no-judiciario-crescem-493-em-2024-mostra-estudo\/\" \/>\n<meta property=\"og:site_name\" content=\"Transam\u00e9rica Mococa 93,3\" \/>\n<meta property=\"article:publisher\" content=\"https:\/\/www.facebook.com\/transamericamococa\" \/>\n<meta property=\"article:published_time\" content=\"2025-08-01T12:00:20+00:00\" \/>\n<meta property=\"og:image\" content=\"https:\/\/transamerica93.com.br\/home\/wp-content\/uploads\/2025\/07\/Sem-titulo-4.png\" \/>\n\t<meta property=\"og:image:width\" content=\"1170\" \/>\n\t<meta property=\"og:image:height\" content=\"700\" \/>\n\t<meta property=\"og:image:type\" content=\"image\/png\" \/>\n<meta name=\"author\" content=\"Reda\u00e7\u00e3o\" \/>\n<meta name=\"twitter:card\" content=\"summary_large_image\" \/>\n<meta name=\"twitter:creator\" content=\"@transamerica933\" \/>\n<meta name=\"twitter:site\" content=\"@transamerica933\" \/>\n<meta name=\"twitter:label1\" content=\"Escrito por\" \/>\n\t<meta name=\"twitter:data1\" content=\"Reda\u00e7\u00e3o\" \/>\n\t<meta name=\"twitter:label2\" content=\"Est. tempo de leitura\" \/>\n\t<meta name=\"twitter:data2\" content=\"5 minutos\" \/>\n<script type=\"application\/ld+json\" class=\"yoast-schema-graph\">{\"@context\":\"https:\\\/\\\/schema.org\",\"@graph\":[{\"@type\":\"Article\",\"@id\":\"https:\\\/\\\/transamerica93.com.br\\\/home\\\/supersalarios-no-judiciario-crescem-493-em-2024-mostra-estudo\\\/#article\",\"isPartOf\":{\"@id\":\"https:\\\/\\\/transamerica93.com.br\\\/home\\\/supersalarios-no-judiciario-crescem-493-em-2024-mostra-estudo\\\/\"},\"author\":{\"name\":\"Reda\u00e7\u00e3o\",\"@id\":\"https:\\\/\\\/transamerica93.com.br\\\/home\\\/#\\\/schema\\\/person\\\/7fed7c99c0d4562efa8561bc0f543172\"},\"headline\":\"Supersal\u00e1rios no Judici\u00e1rio crescem 49,3% em 2024, mostra estudo\",\"datePublished\":\"2025-08-01T12:00:20+00:00\",\"mainEntityOfPage\":{\"@id\":\"https:\\\/\\\/transamerica93.com.br\\\/home\\\/supersalarios-no-judiciario-crescem-493-em-2024-mostra-estudo\\\/\"},\"wordCount\":730,\"publisher\":{\"@id\":\"https:\\\/\\\/transamerica93.com.br\\\/home\\\/#organization\"},\"image\":{\"@id\":\"https:\\\/\\\/transamerica93.com.br\\\/home\\\/supersalarios-no-judiciario-crescem-493-em-2024-mostra-estudo\\\/#primaryimage\"},\"thumbnailUrl\":\"https:\\\/\\\/transamerica93.com.br\\\/home\\\/wp-content\\\/uploads\\\/2025\\\/07\\\/Sem-titulo-4.png\",\"articleSection\":[\"Geral\"],\"inLanguage\":\"pt-BR\"},{\"@type\":\"WebPage\",\"@id\":\"https:\\\/\\\/transamerica93.com.br\\\/home\\\/supersalarios-no-judiciario-crescem-493-em-2024-mostra-estudo\\\/\",\"url\":\"https:\\\/\\\/transamerica93.com.br\\\/home\\\/supersalarios-no-judiciario-crescem-493-em-2024-mostra-estudo\\\/\",\"name\":\"Supersal\u00e1rios no Judici\u00e1rio crescem 49,3% em 2024, mostra estudo - Transam\u00e9rica Mococa 93,3\",\"isPartOf\":{\"@id\":\"https:\\\/\\\/transamerica93.com.br\\\/home\\\/#website\"},\"primaryImageOfPage\":{\"@id\":\"https:\\\/\\\/transamerica93.com.br\\\/home\\\/supersalarios-no-judiciario-crescem-493-em-2024-mostra-estudo\\\/#primaryimage\"},\"image\":{\"@id\":\"https:\\\/\\\/transamerica93.com.br\\\/home\\\/supersalarios-no-judiciario-crescem-493-em-2024-mostra-estudo\\\/#primaryimage\"},\"thumbnailUrl\":\"https:\\\/\\\/transamerica93.com.br\\\/home\\\/wp-content\\\/uploads\\\/2025\\\/07\\\/Sem-titulo-4.png\",\"datePublished\":\"2025-08-01T12:00:20+00:00\",\"breadcrumb\":{\"@id\":\"https:\\\/\\\/transamerica93.com.br\\\/home\\\/supersalarios-no-judiciario-crescem-493-em-2024-mostra-estudo\\\/#breadcrumb\"},\"inLanguage\":\"pt-BR\",\"potentialAction\":[{\"@type\":\"ReadAction\",\"target\":[\"https:\\\/\\\/transamerica93.com.br\\\/home\\\/supersalarios-no-judiciario-crescem-493-em-2024-mostra-estudo\\\/\"]}]},{\"@type\":\"ImageObject\",\"inLanguage\":\"pt-BR\",\"@id\":\"https:\\\/\\\/transamerica93.com.br\\\/home\\\/supersalarios-no-judiciario-crescem-493-em-2024-mostra-estudo\\\/#primaryimage\",\"url\":\"https:\\\/\\\/transamerica93.com.br\\\/home\\\/wp-content\\\/uploads\\\/2025\\\/07\\\/Sem-titulo-4.png\",\"contentUrl\":\"https:\\\/\\\/transamerica93.com.br\\\/home\\\/wp-content\\\/uploads\\\/2025\\\/07\\\/Sem-titulo-4.png\",\"width\":1170,\"height\":700},{\"@type\":\"BreadcrumbList\",\"@id\":\"https:\\\/\\\/transamerica93.com.br\\\/home\\\/supersalarios-no-judiciario-crescem-493-em-2024-mostra-estudo\\\/#breadcrumb\",\"itemListElement\":[{\"@type\":\"ListItem\",\"position\":1,\"name\":\"In\u00edcio\",\"item\":\"https:\\\/\\\/transamerica93.com.br\\\/home\\\/\"},{\"@type\":\"ListItem\",\"position\":2,\"name\":\"Supersal\u00e1rios no Judici\u00e1rio crescem 49,3% em 2024, mostra estudo\"}]},{\"@type\":\"WebSite\",\"@id\":\"https:\\\/\\\/transamerica93.com.br\\\/home\\\/#website\",\"url\":\"https:\\\/\\\/transamerica93.com.br\\\/home\\\/\",\"name\":\"Transam\u00e9rica Mococa 93,3\",\"description\":\"\",\"publisher\":{\"@id\":\"https:\\\/\\\/transamerica93.com.br\\\/home\\\/#organization\"},\"potentialAction\":[{\"@type\":\"SearchAction\",\"target\":{\"@type\":\"EntryPoint\",\"urlTemplate\":\"https:\\\/\\\/transamerica93.com.br\\\/home\\\/?s={search_term_string}\"},\"query-input\":{\"@type\":\"PropertyValueSpecification\",\"valueRequired\":true,\"valueName\":\"search_term_string\"}}],\"inLanguage\":\"pt-BR\"},{\"@type\":\"Organization\",\"@id\":\"https:\\\/\\\/transamerica93.com.br\\\/home\\\/#organization\",\"name\":\"Transam\u00e9rica Mococa 93,3\",\"url\":\"https:\\\/\\\/transamerica93.com.br\\\/home\\\/\",\"logo\":{\"@type\":\"ImageObject\",\"inLanguage\":\"pt-BR\",\"@id\":\"https:\\\/\\\/transamerica93.com.br\\\/home\\\/#\\\/schema\\\/logo\\\/image\\\/\",\"url\":\"https:\\\/\\\/transamerica93.com.br\\\/home\\\/wp-content\\\/uploads\\\/2023\\\/10\\\/logo2.png\",\"contentUrl\":\"https:\\\/\\\/transamerica93.com.br\\\/home\\\/wp-content\\\/uploads\\\/2023\\\/10\\\/logo2.png\",\"width\":800,\"height\":500,\"caption\":\"Transam\u00e9rica Mococa 93,3\"},\"image\":{\"@id\":\"https:\\\/\\\/transamerica93.com.br\\\/home\\\/#\\\/schema\\\/logo\\\/image\\\/\"},\"sameAs\":[\"https:\\\/\\\/www.facebook.com\\\/transamericamococa\",\"https:\\\/\\\/x.com\\\/transamerica933\",\"https:\\\/\\\/www.instagram.com\\\/transamericamococa\"]},{\"@type\":\"Person\",\"@id\":\"https:\\\/\\\/transamerica93.com.br\\\/home\\\/#\\\/schema\\\/person\\\/7fed7c99c0d4562efa8561bc0f543172\",\"name\":\"Reda\u00e7\u00e3o\",\"image\":{\"@type\":\"ImageObject\",\"inLanguage\":\"pt-BR\",\"@id\":\"https:\\\/\\\/secure.gravatar.com\\\/avatar\\\/1072c6b775fb02ef8506ce967551d95926669a6b7d2c2147b42eea4d7c68395e?s=96&d=mm&r=g\",\"url\":\"https:\\\/\\\/secure.gravatar.com\\\/avatar\\\/1072c6b775fb02ef8506ce967551d95926669a6b7d2c2147b42eea4d7c68395e?s=96&d=mm&r=g\",\"contentUrl\":\"https:\\\/\\\/secure.gravatar.com\\\/avatar\\\/1072c6b775fb02ef8506ce967551d95926669a6b7d2c2147b42eea4d7c68395e?s=96&d=mm&r=g\",\"caption\":\"Reda\u00e7\u00e3o\"},\"sameAs\":[\"https:\\\/\\\/transamerica93.com.br\\\/home\"],\"url\":\"https:\\\/\\\/transamerica93.com.br\\\/home\\\/author\\\/william\\\/\"}]}<\/script>\n<!-- \/ Yoast SEO plugin. -->","yoast_head_json":{"title":"Supersal\u00e1rios no Judici\u00e1rio crescem 49,3% em 2024, mostra estudo - Transam\u00e9rica Mococa 93,3","robots":{"index":"index","follow":"follow","max-snippet":"max-snippet:-1","max-image-preview":"max-image-preview:large","max-video-preview":"max-video-preview:-1"},"canonical":"https:\/\/transamerica93.com.br\/home\/supersalarios-no-judiciario-crescem-493-em-2024-mostra-estudo\/","og_locale":"pt_BR","og_type":"article","og_title":"Supersal\u00e1rios no Judici\u00e1rio crescem 49,3% em 2024, mostra estudo - Transam\u00e9rica Mococa 93,3","og_description":"Os gastos do Judici\u00e1rio com sal\u00e1rios acima do limite constitucional aumentaram 49,3% entre 2023 e 2024. O valor extrateto saltou de R$ 7 bilh\u00f5es para R$ 10,5 bilh\u00f5es em apenas um ano, muito acima da infla\u00e7\u00e3o oficial do per\u00edodo, que atingiu 4,83%. Os valores constam de estudo in\u00e9dito do Movimento Pessoas \u00e0 Frente, organiza\u00e7\u00e3o suprapartid\u00e1ria &hellip;","og_url":"https:\/\/transamerica93.com.br\/home\/supersalarios-no-judiciario-crescem-493-em-2024-mostra-estudo\/","og_site_name":"Transam\u00e9rica Mococa 93,3","article_publisher":"https:\/\/www.facebook.com\/transamericamococa","article_published_time":"2025-08-01T12:00:20+00:00","og_image":[{"width":1170,"height":700,"url":"https:\/\/transamerica93.com.br\/home\/wp-content\/uploads\/2025\/07\/Sem-titulo-4.png","type":"image\/png"}],"author":"Reda\u00e7\u00e3o","twitter_card":"summary_large_image","twitter_creator":"@transamerica933","twitter_site":"@transamerica933","twitter_misc":{"Escrito por":"Reda\u00e7\u00e3o","Est. tempo de leitura":"5 minutos"},"schema":{"@context":"https:\/\/schema.org","@graph":[{"@type":"Article","@id":"https:\/\/transamerica93.com.br\/home\/supersalarios-no-judiciario-crescem-493-em-2024-mostra-estudo\/#article","isPartOf":{"@id":"https:\/\/transamerica93.com.br\/home\/supersalarios-no-judiciario-crescem-493-em-2024-mostra-estudo\/"},"author":{"name":"Reda\u00e7\u00e3o","@id":"https:\/\/transamerica93.com.br\/home\/#\/schema\/person\/7fed7c99c0d4562efa8561bc0f543172"},"headline":"Supersal\u00e1rios no Judici\u00e1rio crescem 49,3% em 2024, mostra estudo","datePublished":"2025-08-01T12:00:20+00:00","mainEntityOfPage":{"@id":"https:\/\/transamerica93.com.br\/home\/supersalarios-no-judiciario-crescem-493-em-2024-mostra-estudo\/"},"wordCount":730,"publisher":{"@id":"https:\/\/transamerica93.com.br\/home\/#organization"},"image":{"@id":"https:\/\/transamerica93.com.br\/home\/supersalarios-no-judiciario-crescem-493-em-2024-mostra-estudo\/#primaryimage"},"thumbnailUrl":"https:\/\/transamerica93.com.br\/home\/wp-content\/uploads\/2025\/07\/Sem-titulo-4.png","articleSection":["Geral"],"inLanguage":"pt-BR"},{"@type":"WebPage","@id":"https:\/\/transamerica93.com.br\/home\/supersalarios-no-judiciario-crescem-493-em-2024-mostra-estudo\/","url":"https:\/\/transamerica93.com.br\/home\/supersalarios-no-judiciario-crescem-493-em-2024-mostra-estudo\/","name":"Supersal\u00e1rios no Judici\u00e1rio crescem 49,3% em 2024, mostra estudo - Transam\u00e9rica Mococa 93,3","isPartOf":{"@id":"https:\/\/transamerica93.com.br\/home\/#website"},"primaryImageOfPage":{"@id":"https:\/\/transamerica93.com.br\/home\/supersalarios-no-judiciario-crescem-493-em-2024-mostra-estudo\/#primaryimage"},"image":{"@id":"https:\/\/transamerica93.com.br\/home\/supersalarios-no-judiciario-crescem-493-em-2024-mostra-estudo\/#primaryimage"},"thumbnailUrl":"https:\/\/transamerica93.com.br\/home\/wp-content\/uploads\/2025\/07\/Sem-titulo-4.png","datePublished":"2025-08-01T12:00:20+00:00","breadcrumb":{"@id":"https:\/\/transamerica93.com.br\/home\/supersalarios-no-judiciario-crescem-493-em-2024-mostra-estudo\/#breadcrumb"},"inLanguage":"pt-BR","potentialAction":[{"@type":"ReadAction","target":["https:\/\/transamerica93.com.br\/home\/supersalarios-no-judiciario-crescem-493-em-2024-mostra-estudo\/"]}]},{"@type":"ImageObject","inLanguage":"pt-BR","@id":"https:\/\/transamerica93.com.br\/home\/supersalarios-no-judiciario-crescem-493-em-2024-mostra-estudo\/#primaryimage","url":"https:\/\/transamerica93.com.br\/home\/wp-content\/uploads\/2025\/07\/Sem-titulo-4.png","contentUrl":"https:\/\/transamerica93.com.br\/home\/wp-content\/uploads\/2025\/07\/Sem-titulo-4.png","width":1170,"height":700},{"@type":"BreadcrumbList","@id":"https:\/\/transamerica93.com.br\/home\/supersalarios-no-judiciario-crescem-493-em-2024-mostra-estudo\/#breadcrumb","itemListElement":[{"@type":"ListItem","position":1,"name":"In\u00edcio","item":"https:\/\/transamerica93.com.br\/home\/"},{"@type":"ListItem","position":2,"name":"Supersal\u00e1rios no Judici\u00e1rio crescem 49,3% em 2024, mostra estudo"}]},{"@type":"WebSite","@id":"https:\/\/transamerica93.com.br\/home\/#website","url":"https:\/\/transamerica93.com.br\/home\/","name":"Transam\u00e9rica Mococa 93,3","description":"","publisher":{"@id":"https:\/\/transamerica93.com.br\/home\/#organization"},"potentialAction":[{"@type":"SearchAction","target":{"@type":"EntryPoint","urlTemplate":"https:\/\/transamerica93.com.br\/home\/?s={search_term_string}"},"query-input":{"@type":"PropertyValueSpecification","valueRequired":true,"valueName":"search_term_string"}}],"inLanguage":"pt-BR"},{"@type":"Organization","@id":"https:\/\/transamerica93.com.br\/home\/#organization","name":"Transam\u00e9rica Mococa 93,3","url":"https:\/\/transamerica93.com.br\/home\/","logo":{"@type":"ImageObject","inLanguage":"pt-BR","@id":"https:\/\/transamerica93.com.br\/home\/#\/schema\/logo\/image\/","url":"https:\/\/transamerica93.com.br\/home\/wp-content\/uploads\/2023\/10\/logo2.png","contentUrl":"https:\/\/transamerica93.com.br\/home\/wp-content\/uploads\/2023\/10\/logo2.png","width":800,"height":500,"caption":"Transam\u00e9rica Mococa 93,3"},"image":{"@id":"https:\/\/transamerica93.com.br\/home\/#\/schema\/logo\/image\/"},"sameAs":["https:\/\/www.facebook.com\/transamericamococa","https:\/\/x.com\/transamerica933","https:\/\/www.instagram.com\/transamericamococa"]},{"@type":"Person","@id":"https:\/\/transamerica93.com.br\/home\/#\/schema\/person\/7fed7c99c0d4562efa8561bc0f543172","name":"Reda\u00e7\u00e3o","image":{"@type":"ImageObject","inLanguage":"pt-BR","@id":"https:\/\/secure.gravatar.com\/avatar\/1072c6b775fb02ef8506ce967551d95926669a6b7d2c2147b42eea4d7c68395e?s=96&d=mm&r=g","url":"https:\/\/secure.gravatar.com\/avatar\/1072c6b775fb02ef8506ce967551d95926669a6b7d2c2147b42eea4d7c68395e?s=96&d=mm&r=g","contentUrl":"https:\/\/secure.gravatar.com\/avatar\/1072c6b775fb02ef8506ce967551d95926669a6b7d2c2147b42eea4d7c68395e?s=96&d=mm&r=g","caption":"Reda\u00e7\u00e3o"},"sameAs":["https:\/\/transamerica93.com.br\/home"],"url":"https:\/\/transamerica93.com.br\/home\/author\/william\/"}]}},"_links":{"self":[{"href":"https:\/\/transamerica93.com.br\/home\/wp-json\/wp\/v2\/posts\/6015","targetHints":{"allow":["GET"]}}],"collection":[{"href":"https:\/\/transamerica93.com.br\/home\/wp-json\/wp\/v2\/posts"}],"about":[{"href":"https:\/\/transamerica93.com.br\/home\/wp-json\/wp\/v2\/types\/post"}],"author":[{"embeddable":true,"href":"https:\/\/transamerica93.com.br\/home\/wp-json\/wp\/v2\/users\/1"}],"replies":[{"embeddable":true,"href":"https:\/\/transamerica93.com.br\/home\/wp-json\/wp\/v2\/comments?post=6015"}],"version-history":[{"count":1,"href":"https:\/\/transamerica93.com.br\/home\/wp-json\/wp\/v2\/posts\/6015\/revisions"}],"predecessor-version":[{"id":6017,"href":"https:\/\/transamerica93.com.br\/home\/wp-json\/wp\/v2\/posts\/6015\/revisions\/6017"}],"wp:featuredmedia":[{"embeddable":true,"href":"https:\/\/transamerica93.com.br\/home\/wp-json\/wp\/v2\/media\/6016"}],"wp:attachment":[{"href":"https:\/\/transamerica93.com.br\/home\/wp-json\/wp\/v2\/media?parent=6015"}],"wp:term":[{"taxonomy":"category","embeddable":true,"href":"https:\/\/transamerica93.com.br\/home\/wp-json\/wp\/v2\/categories?post=6015"},{"taxonomy":"post_tag","embeddable":true,"href":"https:\/\/transamerica93.com.br\/home\/wp-json\/wp\/v2\/tags?post=6015"}],"curies":[{"name":"wp","href":"https:\/\/api.w.org\/{rel}","templated":true}]}}