{"id":6021,"date":"2025-08-01T15:00:16","date_gmt":"2025-08-01T18:00:16","guid":{"rendered":"https:\/\/transamerica93.com.br\/home\/?p=6021"},"modified":"2025-07-02T12:45:30","modified_gmt":"2025-07-02T15:45:30","slug":"kanye-west-anuncia-show-unico-no-brasil-saiba-local-e-data","status":"publish","type":"post","link":"https:\/\/transamerica93.com.br\/home\/kanye-west-anuncia-show-unico-no-brasil-saiba-local-e-data\/","title":{"rendered":"Kanye West anuncia show \u00fanico no Brasil; saiba local e data"},"content":{"rendered":"<h6 class=\"Assina\">Por Reda\u00e7\u00e3o E+<\/h6>\n<p>A agenda de shows internacionais no Brasil segue movimentada em 2025. Agora, \u00e9 Kanye West, tamb\u00e9m conhecido como Ye, quem se junta \u00e0 lista de artistas que passar\u00e3o pelo Pa\u00eds neste ano. O rapper americano anunciou que far\u00e1 uma apresenta\u00e7\u00e3o \u00fanica em territ\u00f3rio brasileiro.<\/p>\n<p>O show est\u00e1 previsto para o dia 29 de novembro, em S\u00e3o Paulo, com realiza\u00e7\u00e3o da produtora Urban Movement. Ainda n\u00e3o foram divulgados o local exato da apresenta\u00e7\u00e3o, pre\u00e7os ou detalhes sobre a abertura das vendas.<\/p>\n<p>Nas redes sociais, o artista informou que o p\u00fablico j\u00e1 pode se cadastrar no site Ye No Brasil para receber atualiza\u00e7\u00f5es sobre o evento e participar da pr\u00e9-venda. Em poucas horas, o grupo j\u00e1 registrava menos de 150 vagas dispon\u00edveis. A reportagem tentou acessar o site novamente, mas, at\u00e9 a publica\u00e7\u00e3o desta nota, estava fora do ar.<\/p>\n<p>Al\u00e9m do Brasil, ele tamb\u00e9m confirmou apresenta\u00e7\u00f5es na Coreia do Sul, China e Eslov\u00e1quia, todas previstas ainda para este m\u00eas de julho.<\/p>\n<p><b>Pol\u00eamica de antissemitismo<\/b><\/p>\n<p>Em maio, duas semanas depois de lan\u00e7ar uma m\u00fasica em apologia a Hitler, Kanye West fez uma s\u00e9rie de publica\u00e7\u00f5es em seu perfil no X (antigo Twitter), em que parece rejeitar o antissemitismo e pede desculpas.<\/p>\n<p>&#8220;Estou farto do antissemitismo&#8221;, escreveu no primeiro de uma sequ\u00eancia de tu\u00edtes. &#8220;Eu amo todas as pessoas. Deus me perdoe pela dor que eu causei. Eu perdoo todos aqueles que me causaram dor. Obrigada, Deus&#8221;, disse o rapper nas outras postagens.<\/p>\n<p>Ele justificou: &#8220;Acabei de receber uma liga\u00e7\u00e3o dos meus filhos por v\u00eddeo e quero salvar o mundo novamente&#8221;. Para finalizar a sequ\u00eancia, o rapper escreveu que &#8220;Deus pede paz, compartilhe paz, compartilhe amor&#8221;.<\/p>\n<p>Nos \u00faltimos anos, o rapper fez in\u00fameras declara\u00e7\u00f5es antissemitas e elogios a Hitler. O artista tamb\u00e9m j\u00e1 vestiu publicamente camisetas com refer\u00eancias ao nazismo.<\/p>\n","protected":false},"excerpt":{"rendered":"<p>Por Reda\u00e7\u00e3o E+ A agenda de shows internacionais no Brasil segue movimentada em 2025. Agora, \u00e9 Kanye West, tamb\u00e9m conhecido como Ye, quem se junta \u00e0 lista de artistas que passar\u00e3o pelo Pa\u00eds neste ano. O rapper americano anunciou que far\u00e1 uma apresenta\u00e7\u00e3o \u00fanica em territ\u00f3rio brasileiro. O show est\u00e1 previsto para o dia 29 &hellip;<\/p>\n","protected":false},"author":1,"featured_media":6022,"comment_status":"closed","ping_status":"closed","sticky":false,"template":"","format":"standard","meta":{"footnotes":""},"categories":[25],"tags":[],"class_list":["post-6021","post","type-post","status-publish","format-standard","has-post-thumbnail","hentry","category-musica"],"yoast_head":"<!-- This site is optimized with the Yoast SEO plugin v27.4 - https:\/\/yoast.com\/product\/yoast-seo-wordpress\/ -->\n<title>Kanye West anuncia show \u00fanico no Brasil; saiba local e data - Transam\u00e9rica Mococa 93,3<\/title>\n<meta name=\"robots\" content=\"index, follow, max-snippet:-1, max-image-preview:large, max-video-preview:-1\" \/>\n<link rel=\"canonical\" href=\"https:\/\/transamerica93.com.br\/home\/kanye-west-anuncia-show-unico-no-brasil-saiba-local-e-data\/\" \/>\n<meta property=\"og:locale\" content=\"pt_BR\" \/>\n<meta property=\"og:type\" content=\"article\" \/>\n<meta property=\"og:title\" content=\"Kanye West anuncia show \u00fanico no Brasil; saiba local e data - Transam\u00e9rica Mococa 93,3\" \/>\n<meta property=\"og:description\" content=\"Por Reda\u00e7\u00e3o E+ A agenda de shows internacionais no Brasil segue movimentada em 2025. Agora, \u00e9 Kanye West, tamb\u00e9m conhecido como Ye, quem se junta \u00e0 lista de artistas que passar\u00e3o pelo Pa\u00eds neste ano. O rapper americano anunciou que far\u00e1 uma apresenta\u00e7\u00e3o \u00fanica em territ\u00f3rio brasileiro. O show est\u00e1 previsto para o dia 29 &hellip;\" \/>\n<meta property=\"og:url\" content=\"https:\/\/transamerica93.com.br\/home\/kanye-west-anuncia-show-unico-no-brasil-saiba-local-e-data\/\" \/>\n<meta property=\"og:site_name\" content=\"Transam\u00e9rica Mococa 93,3\" \/>\n<meta property=\"article:publisher\" content=\"https:\/\/www.facebook.com\/transamericamococa\" \/>\n<meta property=\"article:published_time\" content=\"2025-08-01T18:00:16+00:00\" \/>\n<meta property=\"og:image\" content=\"https:\/\/transamerica93.com.br\/home\/wp-content\/uploads\/2025\/07\/Sem-titulo-6.png\" \/>\n\t<meta property=\"og:image:width\" content=\"938\" \/>\n\t<meta property=\"og:image:height\" content=\"530\" \/>\n\t<meta property=\"og:image:type\" content=\"image\/png\" \/>\n<meta name=\"author\" content=\"Reda\u00e7\u00e3o\" \/>\n<meta name=\"twitter:card\" content=\"summary_large_image\" \/>\n<meta name=\"twitter:creator\" content=\"@transamerica933\" \/>\n<meta name=\"twitter:site\" content=\"@transamerica933\" \/>\n<meta name=\"twitter:label1\" content=\"Escrito por\" \/>\n\t<meta name=\"twitter:data1\" content=\"Reda\u00e7\u00e3o\" \/>\n\t<meta name=\"twitter:label2\" content=\"Est. tempo de leitura\" \/>\n\t<meta name=\"twitter:data2\" content=\"2 minutos\" \/>\n<script type=\"application\/ld+json\" class=\"yoast-schema-graph\">{\"@context\":\"https:\\\/\\\/schema.org\",\"@graph\":[{\"@type\":\"Article\",\"@id\":\"https:\\\/\\\/transamerica93.com.br\\\/home\\\/kanye-west-anuncia-show-unico-no-brasil-saiba-local-e-data\\\/#article\",\"isPartOf\":{\"@id\":\"https:\\\/\\\/transamerica93.com.br\\\/home\\\/kanye-west-anuncia-show-unico-no-brasil-saiba-local-e-data\\\/\"},\"author\":{\"name\":\"Reda\u00e7\u00e3o\",\"@id\":\"https:\\\/\\\/transamerica93.com.br\\\/home\\\/#\\\/schema\\\/person\\\/7fed7c99c0d4562efa8561bc0f543172\"},\"headline\":\"Kanye West anuncia show \u00fanico no Brasil; saiba local e data\",\"datePublished\":\"2025-08-01T18:00:16+00:00\",\"mainEntityOfPage\":{\"@id\":\"https:\\\/\\\/transamerica93.com.br\\\/home\\\/kanye-west-anuncia-show-unico-no-brasil-saiba-local-e-data\\\/\"},\"wordCount\":340,\"publisher\":{\"@id\":\"https:\\\/\\\/transamerica93.com.br\\\/home\\\/#organization\"},\"image\":{\"@id\":\"https:\\\/\\\/transamerica93.com.br\\\/home\\\/kanye-west-anuncia-show-unico-no-brasil-saiba-local-e-data\\\/#primaryimage\"},\"thumbnailUrl\":\"https:\\\/\\\/transamerica93.com.br\\\/home\\\/wp-content\\\/uploads\\\/2025\\\/07\\\/Sem-titulo-6.png\",\"articleSection\":[\"M\u00fasica\"],\"inLanguage\":\"pt-BR\"},{\"@type\":\"WebPage\",\"@id\":\"https:\\\/\\\/transamerica93.com.br\\\/home\\\/kanye-west-anuncia-show-unico-no-brasil-saiba-local-e-data\\\/\",\"url\":\"https:\\\/\\\/transamerica93.com.br\\\/home\\\/kanye-west-anuncia-show-unico-no-brasil-saiba-local-e-data\\\/\",\"name\":\"Kanye West anuncia show \u00fanico no Brasil; saiba local e data - Transam\u00e9rica Mococa 93,3\",\"isPartOf\":{\"@id\":\"https:\\\/\\\/transamerica93.com.br\\\/home\\\/#website\"},\"primaryImageOfPage\":{\"@id\":\"https:\\\/\\\/transamerica93.com.br\\\/home\\\/kanye-west-anuncia-show-unico-no-brasil-saiba-local-e-data\\\/#primaryimage\"},\"image\":{\"@id\":\"https:\\\/\\\/transamerica93.com.br\\\/home\\\/kanye-west-anuncia-show-unico-no-brasil-saiba-local-e-data\\\/#primaryimage\"},\"thumbnailUrl\":\"https:\\\/\\\/transamerica93.com.br\\\/home\\\/wp-content\\\/uploads\\\/2025\\\/07\\\/Sem-titulo-6.png\",\"datePublished\":\"2025-08-01T18:00:16+00:00\",\"breadcrumb\":{\"@id\":\"https:\\\/\\\/transamerica93.com.br\\\/home\\\/kanye-west-anuncia-show-unico-no-brasil-saiba-local-e-data\\\/#breadcrumb\"},\"inLanguage\":\"pt-BR\",\"potentialAction\":[{\"@type\":\"ReadAction\",\"target\":[\"https:\\\/\\\/transamerica93.com.br\\\/home\\\/kanye-west-anuncia-show-unico-no-brasil-saiba-local-e-data\\\/\"]}]},{\"@type\":\"ImageObject\",\"inLanguage\":\"pt-BR\",\"@id\":\"https:\\\/\\\/transamerica93.com.br\\\/home\\\/kanye-west-anuncia-show-unico-no-brasil-saiba-local-e-data\\\/#primaryimage\",\"url\":\"https:\\\/\\\/transamerica93.com.br\\\/home\\\/wp-content\\\/uploads\\\/2025\\\/07\\\/Sem-titulo-6.png\",\"contentUrl\":\"https:\\\/\\\/transamerica93.com.br\\\/home\\\/wp-content\\\/uploads\\\/2025\\\/07\\\/Sem-titulo-6.png\",\"width\":938,\"height\":530},{\"@type\":\"BreadcrumbList\",\"@id\":\"https:\\\/\\\/transamerica93.com.br\\\/home\\\/kanye-west-anuncia-show-unico-no-brasil-saiba-local-e-data\\\/#breadcrumb\",\"itemListElement\":[{\"@type\":\"ListItem\",\"position\":1,\"name\":\"In\u00edcio\",\"item\":\"https:\\\/\\\/transamerica93.com.br\\\/home\\\/\"},{\"@type\":\"ListItem\",\"position\":2,\"name\":\"Kanye West anuncia show \u00fanico no Brasil; saiba local e data\"}]},{\"@type\":\"WebSite\",\"@id\":\"https:\\\/\\\/transamerica93.com.br\\\/home\\\/#website\",\"url\":\"https:\\\/\\\/transamerica93.com.br\\\/home\\\/\",\"name\":\"Transam\u00e9rica Mococa 93,3\",\"description\":\"\",\"publisher\":{\"@id\":\"https:\\\/\\\/transamerica93.com.br\\\/home\\\/#organization\"},\"potentialAction\":[{\"@type\":\"SearchAction\",\"target\":{\"@type\":\"EntryPoint\",\"urlTemplate\":\"https:\\\/\\\/transamerica93.com.br\\\/home\\\/?s={search_term_string}\"},\"query-input\":{\"@type\":\"PropertyValueSpecification\",\"valueRequired\":true,\"valueName\":\"search_term_string\"}}],\"inLanguage\":\"pt-BR\"},{\"@type\":\"Organization\",\"@id\":\"https:\\\/\\\/transamerica93.com.br\\\/home\\\/#organization\",\"name\":\"Transam\u00e9rica Mococa 93,3\",\"url\":\"https:\\\/\\\/transamerica93.com.br\\\/home\\\/\",\"logo\":{\"@type\":\"ImageObject\",\"inLanguage\":\"pt-BR\",\"@id\":\"https:\\\/\\\/transamerica93.com.br\\\/home\\\/#\\\/schema\\\/logo\\\/image\\\/\",\"url\":\"https:\\\/\\\/transamerica93.com.br\\\/home\\\/wp-content\\\/uploads\\\/2023\\\/10\\\/logo2.png\",\"contentUrl\":\"https:\\\/\\\/transamerica93.com.br\\\/home\\\/wp-content\\\/uploads\\\/2023\\\/10\\\/logo2.png\",\"width\":800,\"height\":500,\"caption\":\"Transam\u00e9rica Mococa 93,3\"},\"image\":{\"@id\":\"https:\\\/\\\/transamerica93.com.br\\\/home\\\/#\\\/schema\\\/logo\\\/image\\\/\"},\"sameAs\":[\"https:\\\/\\\/www.facebook.com\\\/transamericamococa\",\"https:\\\/\\\/x.com\\\/transamerica933\",\"https:\\\/\\\/www.instagram.com\\\/transamericamococa\"]},{\"@type\":\"Person\",\"@id\":\"https:\\\/\\\/transamerica93.com.br\\\/home\\\/#\\\/schema\\\/person\\\/7fed7c99c0d4562efa8561bc0f543172\",\"name\":\"Reda\u00e7\u00e3o\",\"image\":{\"@type\":\"ImageObject\",\"inLanguage\":\"pt-BR\",\"@id\":\"https:\\\/\\\/secure.gravatar.com\\\/avatar\\\/1072c6b775fb02ef8506ce967551d95926669a6b7d2c2147b42eea4d7c68395e?s=96&d=mm&r=g\",\"url\":\"https:\\\/\\\/secure.gravatar.com\\\/avatar\\\/1072c6b775fb02ef8506ce967551d95926669a6b7d2c2147b42eea4d7c68395e?s=96&d=mm&r=g\",\"contentUrl\":\"https:\\\/\\\/secure.gravatar.com\\\/avatar\\\/1072c6b775fb02ef8506ce967551d95926669a6b7d2c2147b42eea4d7c68395e?s=96&d=mm&r=g\",\"caption\":\"Reda\u00e7\u00e3o\"},\"sameAs\":[\"https:\\\/\\\/transamerica93.com.br\\\/home\"],\"url\":\"https:\\\/\\\/transamerica93.com.br\\\/home\\\/author\\\/william\\\/\"}]}<\/script>\n<!-- \/ Yoast SEO plugin. -->","yoast_head_json":{"title":"Kanye West anuncia show \u00fanico no Brasil; saiba local e data - Transam\u00e9rica Mococa 93,3","robots":{"index":"index","follow":"follow","max-snippet":"max-snippet:-1","max-image-preview":"max-image-preview:large","max-video-preview":"max-video-preview:-1"},"canonical":"https:\/\/transamerica93.com.br\/home\/kanye-west-anuncia-show-unico-no-brasil-saiba-local-e-data\/","og_locale":"pt_BR","og_type":"article","og_title":"Kanye West anuncia show \u00fanico no Brasil; saiba local e data - Transam\u00e9rica Mococa 93,3","og_description":"Por Reda\u00e7\u00e3o E+ A agenda de shows internacionais no Brasil segue movimentada em 2025. Agora, \u00e9 Kanye West, tamb\u00e9m conhecido como Ye, quem se junta \u00e0 lista de artistas que passar\u00e3o pelo Pa\u00eds neste ano. O rapper americano anunciou que far\u00e1 uma apresenta\u00e7\u00e3o \u00fanica em territ\u00f3rio brasileiro. O show est\u00e1 previsto para o dia 29 &hellip;","og_url":"https:\/\/transamerica93.com.br\/home\/kanye-west-anuncia-show-unico-no-brasil-saiba-local-e-data\/","og_site_name":"Transam\u00e9rica Mococa 93,3","article_publisher":"https:\/\/www.facebook.com\/transamericamococa","article_published_time":"2025-08-01T18:00:16+00:00","og_image":[{"width":938,"height":530,"url":"https:\/\/transamerica93.com.br\/home\/wp-content\/uploads\/2025\/07\/Sem-titulo-6.png","type":"image\/png"}],"author":"Reda\u00e7\u00e3o","twitter_card":"summary_large_image","twitter_creator":"@transamerica933","twitter_site":"@transamerica933","twitter_misc":{"Escrito por":"Reda\u00e7\u00e3o","Est. tempo de leitura":"2 minutos"},"schema":{"@context":"https:\/\/schema.org","@graph":[{"@type":"Article","@id":"https:\/\/transamerica93.com.br\/home\/kanye-west-anuncia-show-unico-no-brasil-saiba-local-e-data\/#article","isPartOf":{"@id":"https:\/\/transamerica93.com.br\/home\/kanye-west-anuncia-show-unico-no-brasil-saiba-local-e-data\/"},"author":{"name":"Reda\u00e7\u00e3o","@id":"https:\/\/transamerica93.com.br\/home\/#\/schema\/person\/7fed7c99c0d4562efa8561bc0f543172"},"headline":"Kanye West anuncia show \u00fanico no Brasil; saiba local e data","datePublished":"2025-08-01T18:00:16+00:00","mainEntityOfPage":{"@id":"https:\/\/transamerica93.com.br\/home\/kanye-west-anuncia-show-unico-no-brasil-saiba-local-e-data\/"},"wordCount":340,"publisher":{"@id":"https:\/\/transamerica93.com.br\/home\/#organization"},"image":{"@id":"https:\/\/transamerica93.com.br\/home\/kanye-west-anuncia-show-unico-no-brasil-saiba-local-e-data\/#primaryimage"},"thumbnailUrl":"https:\/\/transamerica93.com.br\/home\/wp-content\/uploads\/2025\/07\/Sem-titulo-6.png","articleSection":["M\u00fasica"],"inLanguage":"pt-BR"},{"@type":"WebPage","@id":"https:\/\/transamerica93.com.br\/home\/kanye-west-anuncia-show-unico-no-brasil-saiba-local-e-data\/","url":"https:\/\/transamerica93.com.br\/home\/kanye-west-anuncia-show-unico-no-brasil-saiba-local-e-data\/","name":"Kanye West anuncia show \u00fanico no Brasil; saiba local e data - Transam\u00e9rica Mococa 93,3","isPartOf":{"@id":"https:\/\/transamerica93.com.br\/home\/#website"},"primaryImageOfPage":{"@id":"https:\/\/transamerica93.com.br\/home\/kanye-west-anuncia-show-unico-no-brasil-saiba-local-e-data\/#primaryimage"},"image":{"@id":"https:\/\/transamerica93.com.br\/home\/kanye-west-anuncia-show-unico-no-brasil-saiba-local-e-data\/#primaryimage"},"thumbnailUrl":"https:\/\/transamerica93.com.br\/home\/wp-content\/uploads\/2025\/07\/Sem-titulo-6.png","datePublished":"2025-08-01T18:00:16+00:00","breadcrumb":{"@id":"https:\/\/transamerica93.com.br\/home\/kanye-west-anuncia-show-unico-no-brasil-saiba-local-e-data\/#breadcrumb"},"inLanguage":"pt-BR","potentialAction":[{"@type":"ReadAction","target":["https:\/\/transamerica93.com.br\/home\/kanye-west-anuncia-show-unico-no-brasil-saiba-local-e-data\/"]}]},{"@type":"ImageObject","inLanguage":"pt-BR","@id":"https:\/\/transamerica93.com.br\/home\/kanye-west-anuncia-show-unico-no-brasil-saiba-local-e-data\/#primaryimage","url":"https:\/\/transamerica93.com.br\/home\/wp-content\/uploads\/2025\/07\/Sem-titulo-6.png","contentUrl":"https:\/\/transamerica93.com.br\/home\/wp-content\/uploads\/2025\/07\/Sem-titulo-6.png","width":938,"height":530},{"@type":"BreadcrumbList","@id":"https:\/\/transamerica93.com.br\/home\/kanye-west-anuncia-show-unico-no-brasil-saiba-local-e-data\/#breadcrumb","itemListElement":[{"@type":"ListItem","position":1,"name":"In\u00edcio","item":"https:\/\/transamerica93.com.br\/home\/"},{"@type":"ListItem","position":2,"name":"Kanye West anuncia show \u00fanico no Brasil; saiba local e data"}]},{"@type":"WebSite","@id":"https:\/\/transamerica93.com.br\/home\/#website","url":"https:\/\/transamerica93.com.br\/home\/","name":"Transam\u00e9rica Mococa 93,3","description":"","publisher":{"@id":"https:\/\/transamerica93.com.br\/home\/#organization"},"potentialAction":[{"@type":"SearchAction","target":{"@type":"EntryPoint","urlTemplate":"https:\/\/transamerica93.com.br\/home\/?s={search_term_string}"},"query-input":{"@type":"PropertyValueSpecification","valueRequired":true,"valueName":"search_term_string"}}],"inLanguage":"pt-BR"},{"@type":"Organization","@id":"https:\/\/transamerica93.com.br\/home\/#organization","name":"Transam\u00e9rica Mococa 93,3","url":"https:\/\/transamerica93.com.br\/home\/","logo":{"@type":"ImageObject","inLanguage":"pt-BR","@id":"https:\/\/transamerica93.com.br\/home\/#\/schema\/logo\/image\/","url":"https:\/\/transamerica93.com.br\/home\/wp-content\/uploads\/2023\/10\/logo2.png","contentUrl":"https:\/\/transamerica93.com.br\/home\/wp-content\/uploads\/2023\/10\/logo2.png","width":800,"height":500,"caption":"Transam\u00e9rica Mococa 93,3"},"image":{"@id":"https:\/\/transamerica93.com.br\/home\/#\/schema\/logo\/image\/"},"sameAs":["https:\/\/www.facebook.com\/transamericamococa","https:\/\/x.com\/transamerica933","https:\/\/www.instagram.com\/transamericamococa"]},{"@type":"Person","@id":"https:\/\/transamerica93.com.br\/home\/#\/schema\/person\/7fed7c99c0d4562efa8561bc0f543172","name":"Reda\u00e7\u00e3o","image":{"@type":"ImageObject","inLanguage":"pt-BR","@id":"https:\/\/secure.gravatar.com\/avatar\/1072c6b775fb02ef8506ce967551d95926669a6b7d2c2147b42eea4d7c68395e?s=96&d=mm&r=g","url":"https:\/\/secure.gravatar.com\/avatar\/1072c6b775fb02ef8506ce967551d95926669a6b7d2c2147b42eea4d7c68395e?s=96&d=mm&r=g","contentUrl":"https:\/\/secure.gravatar.com\/avatar\/1072c6b775fb02ef8506ce967551d95926669a6b7d2c2147b42eea4d7c68395e?s=96&d=mm&r=g","caption":"Reda\u00e7\u00e3o"},"sameAs":["https:\/\/transamerica93.com.br\/home"],"url":"https:\/\/transamerica93.com.br\/home\/author\/william\/"}]}},"_links":{"self":[{"href":"https:\/\/transamerica93.com.br\/home\/wp-json\/wp\/v2\/posts\/6021","targetHints":{"allow":["GET"]}}],"collection":[{"href":"https:\/\/transamerica93.com.br\/home\/wp-json\/wp\/v2\/posts"}],"about":[{"href":"https:\/\/transamerica93.com.br\/home\/wp-json\/wp\/v2\/types\/post"}],"author":[{"embeddable":true,"href":"https:\/\/transamerica93.com.br\/home\/wp-json\/wp\/v2\/users\/1"}],"replies":[{"embeddable":true,"href":"https:\/\/transamerica93.com.br\/home\/wp-json\/wp\/v2\/comments?post=6021"}],"version-history":[{"count":1,"href":"https:\/\/transamerica93.com.br\/home\/wp-json\/wp\/v2\/posts\/6021\/revisions"}],"predecessor-version":[{"id":6023,"href":"https:\/\/transamerica93.com.br\/home\/wp-json\/wp\/v2\/posts\/6021\/revisions\/6023"}],"wp:featuredmedia":[{"embeddable":true,"href":"https:\/\/transamerica93.com.br\/home\/wp-json\/wp\/v2\/media\/6022"}],"wp:attachment":[{"href":"https:\/\/transamerica93.com.br\/home\/wp-json\/wp\/v2\/media?parent=6021"}],"wp:term":[{"taxonomy":"category","embeddable":true,"href":"https:\/\/transamerica93.com.br\/home\/wp-json\/wp\/v2\/categories?post=6021"},{"taxonomy":"post_tag","embeddable":true,"href":"https:\/\/transamerica93.com.br\/home\/wp-json\/wp\/v2\/tags?post=6021"}],"curies":[{"name":"wp","href":"https:\/\/api.w.org\/{rel}","templated":true}]}}