{"id":6024,"date":"2025-08-01T18:00:46","date_gmt":"2025-08-01T21:00:46","guid":{"rendered":"https:\/\/transamerica93.com.br\/home\/?p=6024"},"modified":"2025-07-02T12:47:56","modified_gmt":"2025-07-02T15:47:56","slug":"filha-de-bruce-willis-e-demi-moore-revela-que-quase-morreu-por-causa-da-anorexia","status":"publish","type":"post","link":"https:\/\/transamerica93.com.br\/home\/filha-de-bruce-willis-e-demi-moore-revela-que-quase-morreu-por-causa-da-anorexia\/","title":{"rendered":"Filha de Bruce Willis e Demi Moore revela que &#8216;quase morreu&#8217; por causa da anorexia"},"content":{"rendered":"<h6 class=\"Assina\">Por Ingrid Rodrigues<\/h6>\n<p>A atriz Tallulah Willis, filha de Bruce Willis e Demi Moore, compartilhou um relato pessoal e comovente sobre o per\u00edodo em que viveu com anorexia. Aos 30 anos, ela publicou fotos antigas em seu perfil no Instagram e revelou as consequ\u00eancias f\u00edsicas e emocionais do transtorno alimentar.<\/p>\n<p>Nas imagens, feitas em 2022, Tallulah aparece com falhas no couro cabeludo e pouco cabelo, resultado da condi\u00e7\u00e3o severa. &#8220;Durante muito tempo, eu teria visto essas falhas de pele aparecendo entre os fios como um distintivo de honra. \u2018Eu estava doente o suficiente para chamar sua aten\u00e7\u00e3o\u2019&#8221;, escreveu.<\/p>\n<p>Segundo ela, enquanto passava por tratamento no Driftwood Recovery, no Texas, Estados Unidos, chegou a precisar temporariamente de uma cadeira de rodas porque os m\u00fasculos das pernas estavam atrofiados.<\/p>\n<p>&#8220;Ainda estou trabalhando para reconstruir os m\u00fasculos que foram destru\u00eddos durante todos esses anos&#8221;, afirmou.<\/p>\n<p>Com os fios fr\u00e1geis e finos, Tallulah contou que usava diversas presilhas para tentar mant\u00ea-los no lugar e, mesmo assim, elas escorregavam por n\u00e3o ter onde se fixar. &#8220;Escolhi cortar algumas das imagens porque essa fase n\u00e3o \u00e9 algo que eu queira exibir como quem quase morreu de fome publicamente, mas acho que essas fotos servem como uma ferramenta de aprendizado.&#8221;<\/p>\n<p>A atriz tamb\u00e9m aproveitou a publica\u00e7\u00e3o para celebrar o momento atual e compartilhou registros feitos na primavera deste ano, em que aparece com os cabelos mais cheios. &#8220;N\u00e3o sabia como podia ser reconfortante fazer um coque grande, como \u00e9 sexy sentir seu cabelo balan\u00e7ar um pouco quando voc\u00ea anda.&#8221;<\/p>\n<p>&#8220;Eu n\u00e3o valorizava a mim mesma ou minha sa\u00fade, mas sou uma das sortudas que chegaram do outro lado&#8221;, refletiu.<\/p>\n<p>Ela finalizou o desabafo com uma mensagem de apoio a quem ainda est\u00e1 enfrentando transtornos alimentares. &#8220;Tornei meu transtorno p\u00fablico e agora s\u00f3 faz sentido tornar minha recupera\u00e7\u00e3o tamb\u00e9m. Quero curar, abra\u00e7ar e acalmar cada mente agitada que ainda est\u00e1 sofrendo. Continuem. Amo voc\u00eas.&#8221;<\/p>\n","protected":false},"excerpt":{"rendered":"<p>Por Ingrid Rodrigues A atriz Tallulah Willis, filha de Bruce Willis e Demi Moore, compartilhou um relato pessoal e comovente sobre o per\u00edodo em que viveu com anorexia. Aos 30 anos, ela publicou fotos antigas em seu perfil no Instagram e revelou as consequ\u00eancias f\u00edsicas e emocionais do transtorno alimentar. Nas imagens, feitas em 2022, &hellip;<\/p>\n","protected":false},"author":1,"featured_media":6025,"comment_status":"closed","ping_status":"closed","sticky":false,"template":"","format":"standard","meta":{"footnotes":""},"categories":[24],"tags":[],"class_list":["post-6024","post","type-post","status-publish","format-standard","has-post-thumbnail","hentry","category-entretenimento"],"yoast_head":"<!-- This site is optimized with the Yoast SEO plugin v27.4 - https:\/\/yoast.com\/product\/yoast-seo-wordpress\/ -->\n<title>Filha de Bruce Willis e Demi Moore revela que &#039;quase morreu&#039; por causa da anorexia - Transam\u00e9rica Mococa 93,3<\/title>\n<meta name=\"robots\" content=\"index, follow, max-snippet:-1, max-image-preview:large, max-video-preview:-1\" \/>\n<link rel=\"canonical\" href=\"https:\/\/transamerica93.com.br\/home\/filha-de-bruce-willis-e-demi-moore-revela-que-quase-morreu-por-causa-da-anorexia\/\" \/>\n<meta property=\"og:locale\" content=\"pt_BR\" \/>\n<meta property=\"og:type\" content=\"article\" \/>\n<meta property=\"og:title\" content=\"Filha de Bruce Willis e Demi Moore revela que &#039;quase morreu&#039; por causa da anorexia - Transam\u00e9rica Mococa 93,3\" \/>\n<meta property=\"og:description\" content=\"Por Ingrid Rodrigues A atriz Tallulah Willis, filha de Bruce Willis e Demi Moore, compartilhou um relato pessoal e comovente sobre o per\u00edodo em que viveu com anorexia. Aos 30 anos, ela publicou fotos antigas em seu perfil no Instagram e revelou as consequ\u00eancias f\u00edsicas e emocionais do transtorno alimentar. Nas imagens, feitas em 2022, &hellip;\" \/>\n<meta property=\"og:url\" content=\"https:\/\/transamerica93.com.br\/home\/filha-de-bruce-willis-e-demi-moore-revela-que-quase-morreu-por-causa-da-anorexia\/\" \/>\n<meta property=\"og:site_name\" content=\"Transam\u00e9rica Mococa 93,3\" \/>\n<meta property=\"article:publisher\" content=\"https:\/\/www.facebook.com\/transamericamococa\" \/>\n<meta property=\"article:published_time\" content=\"2025-08-01T21:00:46+00:00\" \/>\n<meta property=\"og:image\" content=\"https:\/\/transamerica93.com.br\/home\/wp-content\/uploads\/2025\/07\/Sem-titulo-7.png\" \/>\n\t<meta property=\"og:image:width\" content=\"970\" \/>\n\t<meta property=\"og:image:height\" content=\"600\" \/>\n\t<meta property=\"og:image:type\" content=\"image\/png\" \/>\n<meta name=\"author\" content=\"Reda\u00e7\u00e3o\" \/>\n<meta name=\"twitter:card\" content=\"summary_large_image\" \/>\n<meta name=\"twitter:creator\" content=\"@transamerica933\" \/>\n<meta name=\"twitter:site\" content=\"@transamerica933\" \/>\n<meta name=\"twitter:label1\" content=\"Escrito por\" \/>\n\t<meta name=\"twitter:data1\" content=\"Reda\u00e7\u00e3o\" \/>\n\t<meta name=\"twitter:label2\" content=\"Est. tempo de leitura\" \/>\n\t<meta name=\"twitter:data2\" content=\"2 minutos\" \/>\n<script type=\"application\/ld+json\" class=\"yoast-schema-graph\">{\"@context\":\"https:\\\/\\\/schema.org\",\"@graph\":[{\"@type\":\"Article\",\"@id\":\"https:\\\/\\\/transamerica93.com.br\\\/home\\\/filha-de-bruce-willis-e-demi-moore-revela-que-quase-morreu-por-causa-da-anorexia\\\/#article\",\"isPartOf\":{\"@id\":\"https:\\\/\\\/transamerica93.com.br\\\/home\\\/filha-de-bruce-willis-e-demi-moore-revela-que-quase-morreu-por-causa-da-anorexia\\\/\"},\"author\":{\"name\":\"Reda\u00e7\u00e3o\",\"@id\":\"https:\\\/\\\/transamerica93.com.br\\\/home\\\/#\\\/schema\\\/person\\\/7fed7c99c0d4562efa8561bc0f543172\"},\"headline\":\"Filha de Bruce Willis e Demi Moore revela que &#8216;quase morreu&#8217; por causa da anorexia\",\"datePublished\":\"2025-08-01T21:00:46+00:00\",\"mainEntityOfPage\":{\"@id\":\"https:\\\/\\\/transamerica93.com.br\\\/home\\\/filha-de-bruce-willis-e-demi-moore-revela-que-quase-morreu-por-causa-da-anorexia\\\/\"},\"wordCount\":350,\"publisher\":{\"@id\":\"https:\\\/\\\/transamerica93.com.br\\\/home\\\/#organization\"},\"image\":{\"@id\":\"https:\\\/\\\/transamerica93.com.br\\\/home\\\/filha-de-bruce-willis-e-demi-moore-revela-que-quase-morreu-por-causa-da-anorexia\\\/#primaryimage\"},\"thumbnailUrl\":\"https:\\\/\\\/transamerica93.com.br\\\/home\\\/wp-content\\\/uploads\\\/2025\\\/07\\\/Sem-titulo-7.png\",\"articleSection\":[\"Entretenimento\"],\"inLanguage\":\"pt-BR\"},{\"@type\":\"WebPage\",\"@id\":\"https:\\\/\\\/transamerica93.com.br\\\/home\\\/filha-de-bruce-willis-e-demi-moore-revela-que-quase-morreu-por-causa-da-anorexia\\\/\",\"url\":\"https:\\\/\\\/transamerica93.com.br\\\/home\\\/filha-de-bruce-willis-e-demi-moore-revela-que-quase-morreu-por-causa-da-anorexia\\\/\",\"name\":\"Filha de Bruce Willis e Demi Moore revela que 'quase morreu' por causa da anorexia - Transam\u00e9rica Mococa 93,3\",\"isPartOf\":{\"@id\":\"https:\\\/\\\/transamerica93.com.br\\\/home\\\/#website\"},\"primaryImageOfPage\":{\"@id\":\"https:\\\/\\\/transamerica93.com.br\\\/home\\\/filha-de-bruce-willis-e-demi-moore-revela-que-quase-morreu-por-causa-da-anorexia\\\/#primaryimage\"},\"image\":{\"@id\":\"https:\\\/\\\/transamerica93.com.br\\\/home\\\/filha-de-bruce-willis-e-demi-moore-revela-que-quase-morreu-por-causa-da-anorexia\\\/#primaryimage\"},\"thumbnailUrl\":\"https:\\\/\\\/transamerica93.com.br\\\/home\\\/wp-content\\\/uploads\\\/2025\\\/07\\\/Sem-titulo-7.png\",\"datePublished\":\"2025-08-01T21:00:46+00:00\",\"breadcrumb\":{\"@id\":\"https:\\\/\\\/transamerica93.com.br\\\/home\\\/filha-de-bruce-willis-e-demi-moore-revela-que-quase-morreu-por-causa-da-anorexia\\\/#breadcrumb\"},\"inLanguage\":\"pt-BR\",\"potentialAction\":[{\"@type\":\"ReadAction\",\"target\":[\"https:\\\/\\\/transamerica93.com.br\\\/home\\\/filha-de-bruce-willis-e-demi-moore-revela-que-quase-morreu-por-causa-da-anorexia\\\/\"]}]},{\"@type\":\"ImageObject\",\"inLanguage\":\"pt-BR\",\"@id\":\"https:\\\/\\\/transamerica93.com.br\\\/home\\\/filha-de-bruce-willis-e-demi-moore-revela-que-quase-morreu-por-causa-da-anorexia\\\/#primaryimage\",\"url\":\"https:\\\/\\\/transamerica93.com.br\\\/home\\\/wp-content\\\/uploads\\\/2025\\\/07\\\/Sem-titulo-7.png\",\"contentUrl\":\"https:\\\/\\\/transamerica93.com.br\\\/home\\\/wp-content\\\/uploads\\\/2025\\\/07\\\/Sem-titulo-7.png\",\"width\":970,\"height\":600},{\"@type\":\"BreadcrumbList\",\"@id\":\"https:\\\/\\\/transamerica93.com.br\\\/home\\\/filha-de-bruce-willis-e-demi-moore-revela-que-quase-morreu-por-causa-da-anorexia\\\/#breadcrumb\",\"itemListElement\":[{\"@type\":\"ListItem\",\"position\":1,\"name\":\"In\u00edcio\",\"item\":\"https:\\\/\\\/transamerica93.com.br\\\/home\\\/\"},{\"@type\":\"ListItem\",\"position\":2,\"name\":\"Filha de Bruce Willis e Demi Moore revela que &#8216;quase morreu&#8217; por causa da anorexia\"}]},{\"@type\":\"WebSite\",\"@id\":\"https:\\\/\\\/transamerica93.com.br\\\/home\\\/#website\",\"url\":\"https:\\\/\\\/transamerica93.com.br\\\/home\\\/\",\"name\":\"Transam\u00e9rica Mococa 93,3\",\"description\":\"\",\"publisher\":{\"@id\":\"https:\\\/\\\/transamerica93.com.br\\\/home\\\/#organization\"},\"potentialAction\":[{\"@type\":\"SearchAction\",\"target\":{\"@type\":\"EntryPoint\",\"urlTemplate\":\"https:\\\/\\\/transamerica93.com.br\\\/home\\\/?s={search_term_string}\"},\"query-input\":{\"@type\":\"PropertyValueSpecification\",\"valueRequired\":true,\"valueName\":\"search_term_string\"}}],\"inLanguage\":\"pt-BR\"},{\"@type\":\"Organization\",\"@id\":\"https:\\\/\\\/transamerica93.com.br\\\/home\\\/#organization\",\"name\":\"Transam\u00e9rica Mococa 93,3\",\"url\":\"https:\\\/\\\/transamerica93.com.br\\\/home\\\/\",\"logo\":{\"@type\":\"ImageObject\",\"inLanguage\":\"pt-BR\",\"@id\":\"https:\\\/\\\/transamerica93.com.br\\\/home\\\/#\\\/schema\\\/logo\\\/image\\\/\",\"url\":\"https:\\\/\\\/transamerica93.com.br\\\/home\\\/wp-content\\\/uploads\\\/2023\\\/10\\\/logo2.png\",\"contentUrl\":\"https:\\\/\\\/transamerica93.com.br\\\/home\\\/wp-content\\\/uploads\\\/2023\\\/10\\\/logo2.png\",\"width\":800,\"height\":500,\"caption\":\"Transam\u00e9rica Mococa 93,3\"},\"image\":{\"@id\":\"https:\\\/\\\/transamerica93.com.br\\\/home\\\/#\\\/schema\\\/logo\\\/image\\\/\"},\"sameAs\":[\"https:\\\/\\\/www.facebook.com\\\/transamericamococa\",\"https:\\\/\\\/x.com\\\/transamerica933\",\"https:\\\/\\\/www.instagram.com\\\/transamericamococa\"]},{\"@type\":\"Person\",\"@id\":\"https:\\\/\\\/transamerica93.com.br\\\/home\\\/#\\\/schema\\\/person\\\/7fed7c99c0d4562efa8561bc0f543172\",\"name\":\"Reda\u00e7\u00e3o\",\"image\":{\"@type\":\"ImageObject\",\"inLanguage\":\"pt-BR\",\"@id\":\"https:\\\/\\\/secure.gravatar.com\\\/avatar\\\/1072c6b775fb02ef8506ce967551d95926669a6b7d2c2147b42eea4d7c68395e?s=96&d=mm&r=g\",\"url\":\"https:\\\/\\\/secure.gravatar.com\\\/avatar\\\/1072c6b775fb02ef8506ce967551d95926669a6b7d2c2147b42eea4d7c68395e?s=96&d=mm&r=g\",\"contentUrl\":\"https:\\\/\\\/secure.gravatar.com\\\/avatar\\\/1072c6b775fb02ef8506ce967551d95926669a6b7d2c2147b42eea4d7c68395e?s=96&d=mm&r=g\",\"caption\":\"Reda\u00e7\u00e3o\"},\"sameAs\":[\"https:\\\/\\\/transamerica93.com.br\\\/home\"],\"url\":\"https:\\\/\\\/transamerica93.com.br\\\/home\\\/author\\\/william\\\/\"}]}<\/script>\n<!-- \/ Yoast SEO plugin. -->","yoast_head_json":{"title":"Filha de Bruce Willis e Demi Moore revela que 'quase morreu' por causa da anorexia - Transam\u00e9rica Mococa 93,3","robots":{"index":"index","follow":"follow","max-snippet":"max-snippet:-1","max-image-preview":"max-image-preview:large","max-video-preview":"max-video-preview:-1"},"canonical":"https:\/\/transamerica93.com.br\/home\/filha-de-bruce-willis-e-demi-moore-revela-que-quase-morreu-por-causa-da-anorexia\/","og_locale":"pt_BR","og_type":"article","og_title":"Filha de Bruce Willis e Demi Moore revela que 'quase morreu' por causa da anorexia - Transam\u00e9rica Mococa 93,3","og_description":"Por Ingrid Rodrigues A atriz Tallulah Willis, filha de Bruce Willis e Demi Moore, compartilhou um relato pessoal e comovente sobre o per\u00edodo em que viveu com anorexia. Aos 30 anos, ela publicou fotos antigas em seu perfil no Instagram e revelou as consequ\u00eancias f\u00edsicas e emocionais do transtorno alimentar. Nas imagens, feitas em 2022, &hellip;","og_url":"https:\/\/transamerica93.com.br\/home\/filha-de-bruce-willis-e-demi-moore-revela-que-quase-morreu-por-causa-da-anorexia\/","og_site_name":"Transam\u00e9rica Mococa 93,3","article_publisher":"https:\/\/www.facebook.com\/transamericamococa","article_published_time":"2025-08-01T21:00:46+00:00","og_image":[{"width":970,"height":600,"url":"https:\/\/transamerica93.com.br\/home\/wp-content\/uploads\/2025\/07\/Sem-titulo-7.png","type":"image\/png"}],"author":"Reda\u00e7\u00e3o","twitter_card":"summary_large_image","twitter_creator":"@transamerica933","twitter_site":"@transamerica933","twitter_misc":{"Escrito por":"Reda\u00e7\u00e3o","Est. tempo de leitura":"2 minutos"},"schema":{"@context":"https:\/\/schema.org","@graph":[{"@type":"Article","@id":"https:\/\/transamerica93.com.br\/home\/filha-de-bruce-willis-e-demi-moore-revela-que-quase-morreu-por-causa-da-anorexia\/#article","isPartOf":{"@id":"https:\/\/transamerica93.com.br\/home\/filha-de-bruce-willis-e-demi-moore-revela-que-quase-morreu-por-causa-da-anorexia\/"},"author":{"name":"Reda\u00e7\u00e3o","@id":"https:\/\/transamerica93.com.br\/home\/#\/schema\/person\/7fed7c99c0d4562efa8561bc0f543172"},"headline":"Filha de Bruce Willis e Demi Moore revela que &#8216;quase morreu&#8217; por causa da anorexia","datePublished":"2025-08-01T21:00:46+00:00","mainEntityOfPage":{"@id":"https:\/\/transamerica93.com.br\/home\/filha-de-bruce-willis-e-demi-moore-revela-que-quase-morreu-por-causa-da-anorexia\/"},"wordCount":350,"publisher":{"@id":"https:\/\/transamerica93.com.br\/home\/#organization"},"image":{"@id":"https:\/\/transamerica93.com.br\/home\/filha-de-bruce-willis-e-demi-moore-revela-que-quase-morreu-por-causa-da-anorexia\/#primaryimage"},"thumbnailUrl":"https:\/\/transamerica93.com.br\/home\/wp-content\/uploads\/2025\/07\/Sem-titulo-7.png","articleSection":["Entretenimento"],"inLanguage":"pt-BR"},{"@type":"WebPage","@id":"https:\/\/transamerica93.com.br\/home\/filha-de-bruce-willis-e-demi-moore-revela-que-quase-morreu-por-causa-da-anorexia\/","url":"https:\/\/transamerica93.com.br\/home\/filha-de-bruce-willis-e-demi-moore-revela-que-quase-morreu-por-causa-da-anorexia\/","name":"Filha de Bruce Willis e Demi Moore revela que 'quase morreu' por causa da anorexia - Transam\u00e9rica Mococa 93,3","isPartOf":{"@id":"https:\/\/transamerica93.com.br\/home\/#website"},"primaryImageOfPage":{"@id":"https:\/\/transamerica93.com.br\/home\/filha-de-bruce-willis-e-demi-moore-revela-que-quase-morreu-por-causa-da-anorexia\/#primaryimage"},"image":{"@id":"https:\/\/transamerica93.com.br\/home\/filha-de-bruce-willis-e-demi-moore-revela-que-quase-morreu-por-causa-da-anorexia\/#primaryimage"},"thumbnailUrl":"https:\/\/transamerica93.com.br\/home\/wp-content\/uploads\/2025\/07\/Sem-titulo-7.png","datePublished":"2025-08-01T21:00:46+00:00","breadcrumb":{"@id":"https:\/\/transamerica93.com.br\/home\/filha-de-bruce-willis-e-demi-moore-revela-que-quase-morreu-por-causa-da-anorexia\/#breadcrumb"},"inLanguage":"pt-BR","potentialAction":[{"@type":"ReadAction","target":["https:\/\/transamerica93.com.br\/home\/filha-de-bruce-willis-e-demi-moore-revela-que-quase-morreu-por-causa-da-anorexia\/"]}]},{"@type":"ImageObject","inLanguage":"pt-BR","@id":"https:\/\/transamerica93.com.br\/home\/filha-de-bruce-willis-e-demi-moore-revela-que-quase-morreu-por-causa-da-anorexia\/#primaryimage","url":"https:\/\/transamerica93.com.br\/home\/wp-content\/uploads\/2025\/07\/Sem-titulo-7.png","contentUrl":"https:\/\/transamerica93.com.br\/home\/wp-content\/uploads\/2025\/07\/Sem-titulo-7.png","width":970,"height":600},{"@type":"BreadcrumbList","@id":"https:\/\/transamerica93.com.br\/home\/filha-de-bruce-willis-e-demi-moore-revela-que-quase-morreu-por-causa-da-anorexia\/#breadcrumb","itemListElement":[{"@type":"ListItem","position":1,"name":"In\u00edcio","item":"https:\/\/transamerica93.com.br\/home\/"},{"@type":"ListItem","position":2,"name":"Filha de Bruce Willis e Demi Moore revela que &#8216;quase morreu&#8217; por causa da anorexia"}]},{"@type":"WebSite","@id":"https:\/\/transamerica93.com.br\/home\/#website","url":"https:\/\/transamerica93.com.br\/home\/","name":"Transam\u00e9rica Mococa 93,3","description":"","publisher":{"@id":"https:\/\/transamerica93.com.br\/home\/#organization"},"potentialAction":[{"@type":"SearchAction","target":{"@type":"EntryPoint","urlTemplate":"https:\/\/transamerica93.com.br\/home\/?s={search_term_string}"},"query-input":{"@type":"PropertyValueSpecification","valueRequired":true,"valueName":"search_term_string"}}],"inLanguage":"pt-BR"},{"@type":"Organization","@id":"https:\/\/transamerica93.com.br\/home\/#organization","name":"Transam\u00e9rica Mococa 93,3","url":"https:\/\/transamerica93.com.br\/home\/","logo":{"@type":"ImageObject","inLanguage":"pt-BR","@id":"https:\/\/transamerica93.com.br\/home\/#\/schema\/logo\/image\/","url":"https:\/\/transamerica93.com.br\/home\/wp-content\/uploads\/2023\/10\/logo2.png","contentUrl":"https:\/\/transamerica93.com.br\/home\/wp-content\/uploads\/2023\/10\/logo2.png","width":800,"height":500,"caption":"Transam\u00e9rica Mococa 93,3"},"image":{"@id":"https:\/\/transamerica93.com.br\/home\/#\/schema\/logo\/image\/"},"sameAs":["https:\/\/www.facebook.com\/transamericamococa","https:\/\/x.com\/transamerica933","https:\/\/www.instagram.com\/transamericamococa"]},{"@type":"Person","@id":"https:\/\/transamerica93.com.br\/home\/#\/schema\/person\/7fed7c99c0d4562efa8561bc0f543172","name":"Reda\u00e7\u00e3o","image":{"@type":"ImageObject","inLanguage":"pt-BR","@id":"https:\/\/secure.gravatar.com\/avatar\/1072c6b775fb02ef8506ce967551d95926669a6b7d2c2147b42eea4d7c68395e?s=96&d=mm&r=g","url":"https:\/\/secure.gravatar.com\/avatar\/1072c6b775fb02ef8506ce967551d95926669a6b7d2c2147b42eea4d7c68395e?s=96&d=mm&r=g","contentUrl":"https:\/\/secure.gravatar.com\/avatar\/1072c6b775fb02ef8506ce967551d95926669a6b7d2c2147b42eea4d7c68395e?s=96&d=mm&r=g","caption":"Reda\u00e7\u00e3o"},"sameAs":["https:\/\/transamerica93.com.br\/home"],"url":"https:\/\/transamerica93.com.br\/home\/author\/william\/"}]}},"_links":{"self":[{"href":"https:\/\/transamerica93.com.br\/home\/wp-json\/wp\/v2\/posts\/6024","targetHints":{"allow":["GET"]}}],"collection":[{"href":"https:\/\/transamerica93.com.br\/home\/wp-json\/wp\/v2\/posts"}],"about":[{"href":"https:\/\/transamerica93.com.br\/home\/wp-json\/wp\/v2\/types\/post"}],"author":[{"embeddable":true,"href":"https:\/\/transamerica93.com.br\/home\/wp-json\/wp\/v2\/users\/1"}],"replies":[{"embeddable":true,"href":"https:\/\/transamerica93.com.br\/home\/wp-json\/wp\/v2\/comments?post=6024"}],"version-history":[{"count":1,"href":"https:\/\/transamerica93.com.br\/home\/wp-json\/wp\/v2\/posts\/6024\/revisions"}],"predecessor-version":[{"id":6026,"href":"https:\/\/transamerica93.com.br\/home\/wp-json\/wp\/v2\/posts\/6024\/revisions\/6026"}],"wp:featuredmedia":[{"embeddable":true,"href":"https:\/\/transamerica93.com.br\/home\/wp-json\/wp\/v2\/media\/6025"}],"wp:attachment":[{"href":"https:\/\/transamerica93.com.br\/home\/wp-json\/wp\/v2\/media?parent=6024"}],"wp:term":[{"taxonomy":"category","embeddable":true,"href":"https:\/\/transamerica93.com.br\/home\/wp-json\/wp\/v2\/categories?post=6024"},{"taxonomy":"post_tag","embeddable":true,"href":"https:\/\/transamerica93.com.br\/home\/wp-json\/wp\/v2\/tags?post=6024"}],"curies":[{"name":"wp","href":"https:\/\/api.w.org\/{rel}","templated":true}]}}