{"id":6033,"date":"2025-07-30T12:00:59","date_gmt":"2025-07-30T15:00:59","guid":{"rendered":"https:\/\/transamerica93.com.br\/home\/?p=6033"},"modified":"2025-07-02T14:39:04","modified_gmt":"2025-07-02T17:39:04","slug":"atacante-kerolin-celebra-fase-artilheira-na-selecao-mas-nao-se-acomoda-quero-evoluir-mais","status":"publish","type":"post","link":"https:\/\/transamerica93.com.br\/home\/atacante-kerolin-celebra-fase-artilheira-na-selecao-mas-nao-se-acomoda-quero-evoluir-mais\/","title":{"rendered":"Atacante Kerolin celebra fase artilheira na sele\u00e7\u00e3o, mas n\u00e3o se acomoda: &#8216;Quero evoluir mais&#8217;"},"content":{"rendered":"<div id=\"Corpo\">Kerolin vem sendo um dos destaques no processo de renova\u00e7\u00e3o da sele\u00e7\u00e3o brasileira de futebol. A atacante anotou gols nos amistosos contra Estados Unidos (2 a 1) e Jap\u00e3o (3 a 1) e vem cada dia mais caindo nas gra\u00e7as do t\u00e9cnico Arthur Elias. Antes da disputa da Copa Am\u00e9rica, a equipe nacional faz o \u00faltimo amistoso, nesta sexta-feira, diante da Fran\u00e7a, e a artilheira garante que seguir\u00e1 buscando aperfei\u00e7oamento e evolu\u00e7\u00e3o.<\/p>\n<p>Orgulhosa, a jogadora garante que n\u00e3o deixar\u00e1 os elogios subirem \u00e0 cabe\u00e7a. &#8220;Como atleta fico muito feliz de poder ajudar a sele\u00e7\u00e3o. Ent\u00e3o acho que o individual que se destaca vem do coletivo, da entrega de todo mundo dentro de campo, o entendimento das fun\u00e7\u00f5es, isso facilita&#8221;, comenta, dividindo os m\u00e9ritos com as companheiras.<\/p>\n<p>Aproveita para frisar que jamais deixar\u00e1 de buscar crescimento na sele\u00e7\u00e3o. &#8220;O jogo \u00e9 feito de detalhes, quem menos erra pode ganhar. Eu tento me atentar nesses detalhes para poder sair feliz da partida, com um sentimento gostoso de que fiz o meu melhor, dei o meu melhor para a sele\u00e7\u00e3o. E eu quero evoluir cada vez mais&#8221;, frisa.<\/p>\n<p>O jogo com as francesas nesta sexta-feira ser\u00e1 no Stade Del Alpes, em Grenoble (16h10 de Bras\u00edlia), e Arthur Elias deve dar pistas da equipe que come\u00e7ar\u00e1 a disputa da Copa Am\u00e9rica, a partir do dia 13 de julho, no Equador &#8211; estreia contra a Venezuela. A tabela na fase de classifica\u00e7\u00e3o ainda traz jogos com Bol\u00edvia (16\/7), Paraguai (22) e Col\u00f4mbia (25).<\/p>\n<p>Um dos diferenciais de Kerolin para se destacar \u00e9 sua versatilidade. Ela j\u00e1 jogou em diversas posi\u00e7\u00f5es, o que facilita &#8220;Eu j\u00e1 joguei como volante na carreira. No Manchester City eu jogo como extrema, \u00e0s vezes de falsa 9 e aqui na sele\u00e7\u00e3o uma 9, \u00e0s vezes 10. Eu acho que estou gostando muito dessa posi\u00e7\u00e3o, est\u00e1 encaixando&#8221;, comemora. &#8220;Cada vez mais eu me sinto confort\u00e1vel com o Arthur me dando muita liberdade. O time tamb\u00e9m entendeu tudo isso. A confian\u00e7a de todo o grupo, junto com o Arthur, de explorar minha caracter\u00edstica que \u00e9 o drible, que \u00e9 esse gingado brasileiro, eu fico muito feliz.&#8221;<\/p>\n<p>Por fim, ela espera dificuldades e ressalta a for\u00e7a das francesas, sobretudo em seus dom\u00ednios. &#8220;Sabemos que vem um advers\u00e1rio muito dif\u00edcil, mas existe muita dedica\u00e7\u00e3o para poder ter entendimento do plano de jogo, para poder sempre colocar o melhor dentro de campo&#8221;, avalia. &#8220;Tendo o grupo todo junto, \u00e9 melhor ainda, porque a gente consegue colocar em pr\u00e1tica a estrat\u00e9gia e tem mais conex\u00e3o nas movimenta\u00e7\u00f5es. O grupo vem se preparando muito bem, \u00e9 um momento muito bom da sele\u00e7\u00e3o, com confian\u00e7a&#8221;, completa.<\/p><\/div>\n","protected":false},"excerpt":{"rendered":"<p>Kerolin vem sendo um dos destaques no processo de renova\u00e7\u00e3o da sele\u00e7\u00e3o brasileira de futebol. A atacante anotou gols nos amistosos contra Estados Unidos (2 a 1) e Jap\u00e3o (3 a 1) e vem cada dia mais caindo nas gra\u00e7as do t\u00e9cnico Arthur Elias. Antes da disputa da Copa Am\u00e9rica, a equipe nacional faz o &hellip;<\/p>\n","protected":false},"author":1,"featured_media":6034,"comment_status":"closed","ping_status":"closed","sticky":false,"template":"","format":"standard","meta":{"footnotes":""},"categories":[31],"tags":[],"class_list":["post-6033","post","type-post","status-publish","format-standard","has-post-thumbnail","hentry","category-esportes"],"yoast_head":"<!-- This site is optimized with the Yoast SEO plugin v27.4 - https:\/\/yoast.com\/product\/yoast-seo-wordpress\/ -->\n<title>Atacante Kerolin celebra fase artilheira na sele\u00e7\u00e3o, mas n\u00e3o se acomoda: &#039;Quero evoluir mais&#039; - Transam\u00e9rica Mococa 93,3<\/title>\n<meta name=\"robots\" content=\"index, follow, max-snippet:-1, max-image-preview:large, max-video-preview:-1\" \/>\n<link rel=\"canonical\" href=\"https:\/\/transamerica93.com.br\/home\/atacante-kerolin-celebra-fase-artilheira-na-selecao-mas-nao-se-acomoda-quero-evoluir-mais\/\" \/>\n<meta property=\"og:locale\" content=\"pt_BR\" \/>\n<meta property=\"og:type\" content=\"article\" \/>\n<meta property=\"og:title\" content=\"Atacante Kerolin celebra fase artilheira na sele\u00e7\u00e3o, mas n\u00e3o se acomoda: &#039;Quero evoluir mais&#039; - Transam\u00e9rica Mococa 93,3\" \/>\n<meta property=\"og:description\" content=\"Kerolin vem sendo um dos destaques no processo de renova\u00e7\u00e3o da sele\u00e7\u00e3o brasileira de futebol. A atacante anotou gols nos amistosos contra Estados Unidos (2 a 1) e Jap\u00e3o (3 a 1) e vem cada dia mais caindo nas gra\u00e7as do t\u00e9cnico Arthur Elias. Antes da disputa da Copa Am\u00e9rica, a equipe nacional faz o &hellip;\" \/>\n<meta property=\"og:url\" content=\"https:\/\/transamerica93.com.br\/home\/atacante-kerolin-celebra-fase-artilheira-na-selecao-mas-nao-se-acomoda-quero-evoluir-mais\/\" \/>\n<meta property=\"og:site_name\" content=\"Transam\u00e9rica Mococa 93,3\" \/>\n<meta property=\"article:publisher\" content=\"https:\/\/www.facebook.com\/transamericamococa\" \/>\n<meta property=\"article:published_time\" content=\"2025-07-30T15:00:59+00:00\" \/>\n<meta property=\"og:image\" content=\"https:\/\/transamerica93.com.br\/home\/wp-content\/uploads\/2025\/07\/Sem-titulo-10.png\" \/>\n\t<meta property=\"og:image:width\" content=\"1000\" \/>\n\t<meta property=\"og:image:height\" content=\"750\" \/>\n\t<meta property=\"og:image:type\" content=\"image\/png\" \/>\n<meta name=\"author\" content=\"Reda\u00e7\u00e3o\" \/>\n<meta name=\"twitter:card\" content=\"summary_large_image\" \/>\n<meta name=\"twitter:creator\" content=\"@transamerica933\" \/>\n<meta name=\"twitter:site\" content=\"@transamerica933\" \/>\n<meta name=\"twitter:label1\" content=\"Escrito por\" \/>\n\t<meta name=\"twitter:data1\" content=\"Reda\u00e7\u00e3o\" \/>\n\t<meta name=\"twitter:label2\" content=\"Est. tempo de leitura\" \/>\n\t<meta name=\"twitter:data2\" content=\"3 minutos\" \/>\n<script type=\"application\/ld+json\" class=\"yoast-schema-graph\">{\"@context\":\"https:\\\/\\\/schema.org\",\"@graph\":[{\"@type\":\"Article\",\"@id\":\"https:\\\/\\\/transamerica93.com.br\\\/home\\\/atacante-kerolin-celebra-fase-artilheira-na-selecao-mas-nao-se-acomoda-quero-evoluir-mais\\\/#article\",\"isPartOf\":{\"@id\":\"https:\\\/\\\/transamerica93.com.br\\\/home\\\/atacante-kerolin-celebra-fase-artilheira-na-selecao-mas-nao-se-acomoda-quero-evoluir-mais\\\/\"},\"author\":{\"name\":\"Reda\u00e7\u00e3o\",\"@id\":\"https:\\\/\\\/transamerica93.com.br\\\/home\\\/#\\\/schema\\\/person\\\/7fed7c99c0d4562efa8561bc0f543172\"},\"headline\":\"Atacante Kerolin celebra fase artilheira na sele\u00e7\u00e3o, mas n\u00e3o se acomoda: &#8216;Quero evoluir mais&#8217;\",\"datePublished\":\"2025-07-30T15:00:59+00:00\",\"mainEntityOfPage\":{\"@id\":\"https:\\\/\\\/transamerica93.com.br\\\/home\\\/atacante-kerolin-celebra-fase-artilheira-na-selecao-mas-nao-se-acomoda-quero-evoluir-mais\\\/\"},\"wordCount\":477,\"publisher\":{\"@id\":\"https:\\\/\\\/transamerica93.com.br\\\/home\\\/#organization\"},\"image\":{\"@id\":\"https:\\\/\\\/transamerica93.com.br\\\/home\\\/atacante-kerolin-celebra-fase-artilheira-na-selecao-mas-nao-se-acomoda-quero-evoluir-mais\\\/#primaryimage\"},\"thumbnailUrl\":\"https:\\\/\\\/transamerica93.com.br\\\/home\\\/wp-content\\\/uploads\\\/2025\\\/07\\\/Sem-titulo-10.png\",\"articleSection\":[\"Esportes\"],\"inLanguage\":\"pt-BR\"},{\"@type\":\"WebPage\",\"@id\":\"https:\\\/\\\/transamerica93.com.br\\\/home\\\/atacante-kerolin-celebra-fase-artilheira-na-selecao-mas-nao-se-acomoda-quero-evoluir-mais\\\/\",\"url\":\"https:\\\/\\\/transamerica93.com.br\\\/home\\\/atacante-kerolin-celebra-fase-artilheira-na-selecao-mas-nao-se-acomoda-quero-evoluir-mais\\\/\",\"name\":\"Atacante Kerolin celebra fase artilheira na sele\u00e7\u00e3o, mas n\u00e3o se acomoda: 'Quero evoluir mais' - Transam\u00e9rica Mococa 93,3\",\"isPartOf\":{\"@id\":\"https:\\\/\\\/transamerica93.com.br\\\/home\\\/#website\"},\"primaryImageOfPage\":{\"@id\":\"https:\\\/\\\/transamerica93.com.br\\\/home\\\/atacante-kerolin-celebra-fase-artilheira-na-selecao-mas-nao-se-acomoda-quero-evoluir-mais\\\/#primaryimage\"},\"image\":{\"@id\":\"https:\\\/\\\/transamerica93.com.br\\\/home\\\/atacante-kerolin-celebra-fase-artilheira-na-selecao-mas-nao-se-acomoda-quero-evoluir-mais\\\/#primaryimage\"},\"thumbnailUrl\":\"https:\\\/\\\/transamerica93.com.br\\\/home\\\/wp-content\\\/uploads\\\/2025\\\/07\\\/Sem-titulo-10.png\",\"datePublished\":\"2025-07-30T15:00:59+00:00\",\"breadcrumb\":{\"@id\":\"https:\\\/\\\/transamerica93.com.br\\\/home\\\/atacante-kerolin-celebra-fase-artilheira-na-selecao-mas-nao-se-acomoda-quero-evoluir-mais\\\/#breadcrumb\"},\"inLanguage\":\"pt-BR\",\"potentialAction\":[{\"@type\":\"ReadAction\",\"target\":[\"https:\\\/\\\/transamerica93.com.br\\\/home\\\/atacante-kerolin-celebra-fase-artilheira-na-selecao-mas-nao-se-acomoda-quero-evoluir-mais\\\/\"]}]},{\"@type\":\"ImageObject\",\"inLanguage\":\"pt-BR\",\"@id\":\"https:\\\/\\\/transamerica93.com.br\\\/home\\\/atacante-kerolin-celebra-fase-artilheira-na-selecao-mas-nao-se-acomoda-quero-evoluir-mais\\\/#primaryimage\",\"url\":\"https:\\\/\\\/transamerica93.com.br\\\/home\\\/wp-content\\\/uploads\\\/2025\\\/07\\\/Sem-titulo-10.png\",\"contentUrl\":\"https:\\\/\\\/transamerica93.com.br\\\/home\\\/wp-content\\\/uploads\\\/2025\\\/07\\\/Sem-titulo-10.png\",\"width\":1000,\"height\":750},{\"@type\":\"BreadcrumbList\",\"@id\":\"https:\\\/\\\/transamerica93.com.br\\\/home\\\/atacante-kerolin-celebra-fase-artilheira-na-selecao-mas-nao-se-acomoda-quero-evoluir-mais\\\/#breadcrumb\",\"itemListElement\":[{\"@type\":\"ListItem\",\"position\":1,\"name\":\"In\u00edcio\",\"item\":\"https:\\\/\\\/transamerica93.com.br\\\/home\\\/\"},{\"@type\":\"ListItem\",\"position\":2,\"name\":\"Atacante Kerolin celebra fase artilheira na sele\u00e7\u00e3o, mas n\u00e3o se acomoda: &#8216;Quero evoluir mais&#8217;\"}]},{\"@type\":\"WebSite\",\"@id\":\"https:\\\/\\\/transamerica93.com.br\\\/home\\\/#website\",\"url\":\"https:\\\/\\\/transamerica93.com.br\\\/home\\\/\",\"name\":\"Transam\u00e9rica Mococa 93,3\",\"description\":\"\",\"publisher\":{\"@id\":\"https:\\\/\\\/transamerica93.com.br\\\/home\\\/#organization\"},\"potentialAction\":[{\"@type\":\"SearchAction\",\"target\":{\"@type\":\"EntryPoint\",\"urlTemplate\":\"https:\\\/\\\/transamerica93.com.br\\\/home\\\/?s={search_term_string}\"},\"query-input\":{\"@type\":\"PropertyValueSpecification\",\"valueRequired\":true,\"valueName\":\"search_term_string\"}}],\"inLanguage\":\"pt-BR\"},{\"@type\":\"Organization\",\"@id\":\"https:\\\/\\\/transamerica93.com.br\\\/home\\\/#organization\",\"name\":\"Transam\u00e9rica Mococa 93,3\",\"url\":\"https:\\\/\\\/transamerica93.com.br\\\/home\\\/\",\"logo\":{\"@type\":\"ImageObject\",\"inLanguage\":\"pt-BR\",\"@id\":\"https:\\\/\\\/transamerica93.com.br\\\/home\\\/#\\\/schema\\\/logo\\\/image\\\/\",\"url\":\"https:\\\/\\\/transamerica93.com.br\\\/home\\\/wp-content\\\/uploads\\\/2023\\\/10\\\/logo2.png\",\"contentUrl\":\"https:\\\/\\\/transamerica93.com.br\\\/home\\\/wp-content\\\/uploads\\\/2023\\\/10\\\/logo2.png\",\"width\":800,\"height\":500,\"caption\":\"Transam\u00e9rica Mococa 93,3\"},\"image\":{\"@id\":\"https:\\\/\\\/transamerica93.com.br\\\/home\\\/#\\\/schema\\\/logo\\\/image\\\/\"},\"sameAs\":[\"https:\\\/\\\/www.facebook.com\\\/transamericamococa\",\"https:\\\/\\\/x.com\\\/transamerica933\",\"https:\\\/\\\/www.instagram.com\\\/transamericamococa\"]},{\"@type\":\"Person\",\"@id\":\"https:\\\/\\\/transamerica93.com.br\\\/home\\\/#\\\/schema\\\/person\\\/7fed7c99c0d4562efa8561bc0f543172\",\"name\":\"Reda\u00e7\u00e3o\",\"image\":{\"@type\":\"ImageObject\",\"inLanguage\":\"pt-BR\",\"@id\":\"https:\\\/\\\/secure.gravatar.com\\\/avatar\\\/1072c6b775fb02ef8506ce967551d95926669a6b7d2c2147b42eea4d7c68395e?s=96&d=mm&r=g\",\"url\":\"https:\\\/\\\/secure.gravatar.com\\\/avatar\\\/1072c6b775fb02ef8506ce967551d95926669a6b7d2c2147b42eea4d7c68395e?s=96&d=mm&r=g\",\"contentUrl\":\"https:\\\/\\\/secure.gravatar.com\\\/avatar\\\/1072c6b775fb02ef8506ce967551d95926669a6b7d2c2147b42eea4d7c68395e?s=96&d=mm&r=g\",\"caption\":\"Reda\u00e7\u00e3o\"},\"sameAs\":[\"https:\\\/\\\/transamerica93.com.br\\\/home\"],\"url\":\"https:\\\/\\\/transamerica93.com.br\\\/home\\\/author\\\/william\\\/\"}]}<\/script>\n<!-- \/ Yoast SEO plugin. -->","yoast_head_json":{"title":"Atacante Kerolin celebra fase artilheira na sele\u00e7\u00e3o, mas n\u00e3o se acomoda: 'Quero evoluir mais' - Transam\u00e9rica Mococa 93,3","robots":{"index":"index","follow":"follow","max-snippet":"max-snippet:-1","max-image-preview":"max-image-preview:large","max-video-preview":"max-video-preview:-1"},"canonical":"https:\/\/transamerica93.com.br\/home\/atacante-kerolin-celebra-fase-artilheira-na-selecao-mas-nao-se-acomoda-quero-evoluir-mais\/","og_locale":"pt_BR","og_type":"article","og_title":"Atacante Kerolin celebra fase artilheira na sele\u00e7\u00e3o, mas n\u00e3o se acomoda: 'Quero evoluir mais' - Transam\u00e9rica Mococa 93,3","og_description":"Kerolin vem sendo um dos destaques no processo de renova\u00e7\u00e3o da sele\u00e7\u00e3o brasileira de futebol. A atacante anotou gols nos amistosos contra Estados Unidos (2 a 1) e Jap\u00e3o (3 a 1) e vem cada dia mais caindo nas gra\u00e7as do t\u00e9cnico Arthur Elias. Antes da disputa da Copa Am\u00e9rica, a equipe nacional faz o &hellip;","og_url":"https:\/\/transamerica93.com.br\/home\/atacante-kerolin-celebra-fase-artilheira-na-selecao-mas-nao-se-acomoda-quero-evoluir-mais\/","og_site_name":"Transam\u00e9rica Mococa 93,3","article_publisher":"https:\/\/www.facebook.com\/transamericamococa","article_published_time":"2025-07-30T15:00:59+00:00","og_image":[{"width":1000,"height":750,"url":"https:\/\/transamerica93.com.br\/home\/wp-content\/uploads\/2025\/07\/Sem-titulo-10.png","type":"image\/png"}],"author":"Reda\u00e7\u00e3o","twitter_card":"summary_large_image","twitter_creator":"@transamerica933","twitter_site":"@transamerica933","twitter_misc":{"Escrito por":"Reda\u00e7\u00e3o","Est. tempo de leitura":"3 minutos"},"schema":{"@context":"https:\/\/schema.org","@graph":[{"@type":"Article","@id":"https:\/\/transamerica93.com.br\/home\/atacante-kerolin-celebra-fase-artilheira-na-selecao-mas-nao-se-acomoda-quero-evoluir-mais\/#article","isPartOf":{"@id":"https:\/\/transamerica93.com.br\/home\/atacante-kerolin-celebra-fase-artilheira-na-selecao-mas-nao-se-acomoda-quero-evoluir-mais\/"},"author":{"name":"Reda\u00e7\u00e3o","@id":"https:\/\/transamerica93.com.br\/home\/#\/schema\/person\/7fed7c99c0d4562efa8561bc0f543172"},"headline":"Atacante Kerolin celebra fase artilheira na sele\u00e7\u00e3o, mas n\u00e3o se acomoda: &#8216;Quero evoluir mais&#8217;","datePublished":"2025-07-30T15:00:59+00:00","mainEntityOfPage":{"@id":"https:\/\/transamerica93.com.br\/home\/atacante-kerolin-celebra-fase-artilheira-na-selecao-mas-nao-se-acomoda-quero-evoluir-mais\/"},"wordCount":477,"publisher":{"@id":"https:\/\/transamerica93.com.br\/home\/#organization"},"image":{"@id":"https:\/\/transamerica93.com.br\/home\/atacante-kerolin-celebra-fase-artilheira-na-selecao-mas-nao-se-acomoda-quero-evoluir-mais\/#primaryimage"},"thumbnailUrl":"https:\/\/transamerica93.com.br\/home\/wp-content\/uploads\/2025\/07\/Sem-titulo-10.png","articleSection":["Esportes"],"inLanguage":"pt-BR"},{"@type":"WebPage","@id":"https:\/\/transamerica93.com.br\/home\/atacante-kerolin-celebra-fase-artilheira-na-selecao-mas-nao-se-acomoda-quero-evoluir-mais\/","url":"https:\/\/transamerica93.com.br\/home\/atacante-kerolin-celebra-fase-artilheira-na-selecao-mas-nao-se-acomoda-quero-evoluir-mais\/","name":"Atacante Kerolin celebra fase artilheira na sele\u00e7\u00e3o, mas n\u00e3o se acomoda: 'Quero evoluir mais' - Transam\u00e9rica Mococa 93,3","isPartOf":{"@id":"https:\/\/transamerica93.com.br\/home\/#website"},"primaryImageOfPage":{"@id":"https:\/\/transamerica93.com.br\/home\/atacante-kerolin-celebra-fase-artilheira-na-selecao-mas-nao-se-acomoda-quero-evoluir-mais\/#primaryimage"},"image":{"@id":"https:\/\/transamerica93.com.br\/home\/atacante-kerolin-celebra-fase-artilheira-na-selecao-mas-nao-se-acomoda-quero-evoluir-mais\/#primaryimage"},"thumbnailUrl":"https:\/\/transamerica93.com.br\/home\/wp-content\/uploads\/2025\/07\/Sem-titulo-10.png","datePublished":"2025-07-30T15:00:59+00:00","breadcrumb":{"@id":"https:\/\/transamerica93.com.br\/home\/atacante-kerolin-celebra-fase-artilheira-na-selecao-mas-nao-se-acomoda-quero-evoluir-mais\/#breadcrumb"},"inLanguage":"pt-BR","potentialAction":[{"@type":"ReadAction","target":["https:\/\/transamerica93.com.br\/home\/atacante-kerolin-celebra-fase-artilheira-na-selecao-mas-nao-se-acomoda-quero-evoluir-mais\/"]}]},{"@type":"ImageObject","inLanguage":"pt-BR","@id":"https:\/\/transamerica93.com.br\/home\/atacante-kerolin-celebra-fase-artilheira-na-selecao-mas-nao-se-acomoda-quero-evoluir-mais\/#primaryimage","url":"https:\/\/transamerica93.com.br\/home\/wp-content\/uploads\/2025\/07\/Sem-titulo-10.png","contentUrl":"https:\/\/transamerica93.com.br\/home\/wp-content\/uploads\/2025\/07\/Sem-titulo-10.png","width":1000,"height":750},{"@type":"BreadcrumbList","@id":"https:\/\/transamerica93.com.br\/home\/atacante-kerolin-celebra-fase-artilheira-na-selecao-mas-nao-se-acomoda-quero-evoluir-mais\/#breadcrumb","itemListElement":[{"@type":"ListItem","position":1,"name":"In\u00edcio","item":"https:\/\/transamerica93.com.br\/home\/"},{"@type":"ListItem","position":2,"name":"Atacante Kerolin celebra fase artilheira na sele\u00e7\u00e3o, mas n\u00e3o se acomoda: &#8216;Quero evoluir mais&#8217;"}]},{"@type":"WebSite","@id":"https:\/\/transamerica93.com.br\/home\/#website","url":"https:\/\/transamerica93.com.br\/home\/","name":"Transam\u00e9rica Mococa 93,3","description":"","publisher":{"@id":"https:\/\/transamerica93.com.br\/home\/#organization"},"potentialAction":[{"@type":"SearchAction","target":{"@type":"EntryPoint","urlTemplate":"https:\/\/transamerica93.com.br\/home\/?s={search_term_string}"},"query-input":{"@type":"PropertyValueSpecification","valueRequired":true,"valueName":"search_term_string"}}],"inLanguage":"pt-BR"},{"@type":"Organization","@id":"https:\/\/transamerica93.com.br\/home\/#organization","name":"Transam\u00e9rica Mococa 93,3","url":"https:\/\/transamerica93.com.br\/home\/","logo":{"@type":"ImageObject","inLanguage":"pt-BR","@id":"https:\/\/transamerica93.com.br\/home\/#\/schema\/logo\/image\/","url":"https:\/\/transamerica93.com.br\/home\/wp-content\/uploads\/2023\/10\/logo2.png","contentUrl":"https:\/\/transamerica93.com.br\/home\/wp-content\/uploads\/2023\/10\/logo2.png","width":800,"height":500,"caption":"Transam\u00e9rica Mococa 93,3"},"image":{"@id":"https:\/\/transamerica93.com.br\/home\/#\/schema\/logo\/image\/"},"sameAs":["https:\/\/www.facebook.com\/transamericamococa","https:\/\/x.com\/transamerica933","https:\/\/www.instagram.com\/transamericamococa"]},{"@type":"Person","@id":"https:\/\/transamerica93.com.br\/home\/#\/schema\/person\/7fed7c99c0d4562efa8561bc0f543172","name":"Reda\u00e7\u00e3o","image":{"@type":"ImageObject","inLanguage":"pt-BR","@id":"https:\/\/secure.gravatar.com\/avatar\/1072c6b775fb02ef8506ce967551d95926669a6b7d2c2147b42eea4d7c68395e?s=96&d=mm&r=g","url":"https:\/\/secure.gravatar.com\/avatar\/1072c6b775fb02ef8506ce967551d95926669a6b7d2c2147b42eea4d7c68395e?s=96&d=mm&r=g","contentUrl":"https:\/\/secure.gravatar.com\/avatar\/1072c6b775fb02ef8506ce967551d95926669a6b7d2c2147b42eea4d7c68395e?s=96&d=mm&r=g","caption":"Reda\u00e7\u00e3o"},"sameAs":["https:\/\/transamerica93.com.br\/home"],"url":"https:\/\/transamerica93.com.br\/home\/author\/william\/"}]}},"_links":{"self":[{"href":"https:\/\/transamerica93.com.br\/home\/wp-json\/wp\/v2\/posts\/6033","targetHints":{"allow":["GET"]}}],"collection":[{"href":"https:\/\/transamerica93.com.br\/home\/wp-json\/wp\/v2\/posts"}],"about":[{"href":"https:\/\/transamerica93.com.br\/home\/wp-json\/wp\/v2\/types\/post"}],"author":[{"embeddable":true,"href":"https:\/\/transamerica93.com.br\/home\/wp-json\/wp\/v2\/users\/1"}],"replies":[{"embeddable":true,"href":"https:\/\/transamerica93.com.br\/home\/wp-json\/wp\/v2\/comments?post=6033"}],"version-history":[{"count":1,"href":"https:\/\/transamerica93.com.br\/home\/wp-json\/wp\/v2\/posts\/6033\/revisions"}],"predecessor-version":[{"id":6035,"href":"https:\/\/transamerica93.com.br\/home\/wp-json\/wp\/v2\/posts\/6033\/revisions\/6035"}],"wp:featuredmedia":[{"embeddable":true,"href":"https:\/\/transamerica93.com.br\/home\/wp-json\/wp\/v2\/media\/6034"}],"wp:attachment":[{"href":"https:\/\/transamerica93.com.br\/home\/wp-json\/wp\/v2\/media?parent=6033"}],"wp:term":[{"taxonomy":"category","embeddable":true,"href":"https:\/\/transamerica93.com.br\/home\/wp-json\/wp\/v2\/categories?post=6033"},{"taxonomy":"post_tag","embeddable":true,"href":"https:\/\/transamerica93.com.br\/home\/wp-json\/wp\/v2\/tags?post=6033"}],"curies":[{"name":"wp","href":"https:\/\/api.w.org\/{rel}","templated":true}]}}