{"id":6039,"date":"2025-07-28T15:00:04","date_gmt":"2025-07-28T18:00:04","guid":{"rendered":"https:\/\/transamerica93.com.br\/home\/?p=6039"},"modified":"2025-07-02T14:43:09","modified_gmt":"2025-07-02T17:43:09","slug":"videos-ineditos-mostram-incomodo-de-joao-gilberto-ao-ser-gravado-supostamente-sem-aviso","status":"publish","type":"post","link":"https:\/\/transamerica93.com.br\/home\/videos-ineditos-mostram-incomodo-de-joao-gilberto-ao-ser-gravado-supostamente-sem-aviso\/","title":{"rendered":"V\u00eddeos in\u00e9ditos mostram inc\u00f4modo de Jo\u00e3o Gilberto Ao ser gravado supostamente Sem aviso"},"content":{"rendered":"<p>Por Danilo Casaletti<\/p>\n<p>O m\u00fasico e produtor Jo\u00e3o Marcelo de Oliveira, filho mais velho do cantor Jo\u00e3o Gilberto (1931-2019), postou quatro v\u00eddeos in\u00e9ditos do mestre da bossa nova. Sem identifica\u00e7\u00e3o de data, os registros mostram Jo\u00e3o Gilberto mais velho, na sala de seu apartamento, no Rio de Janeiro.<\/p>\n<p>Jo\u00e3o Gilberto aparece bastante \u00e0 vontade. Ele fuma, afina o viol\u00e3o, toca e canta uma m\u00fasica infantil. Muda acordes, transforma-a em valsa. Depois, o filho Jo\u00e3o Marcelo se levanta e vai at\u00e9 o pai para afinar o viol\u00e3o.<\/p>\n<p>Em outro v\u00eddeo, Jo\u00e3o canta o samba\u00a0<i>Cuidado com o Andor<\/i>, do conjunto Os Anjos do Inferno, que ele mesmo nunca gravou.<\/p>\n<p>No entanto, em determinado momento, o cantor, que at\u00e9 o momento aparentava estar bastante descontra\u00eddo, percebe que est\u00e1 sendo filmado por algu\u00e9m. Ele olha para a c\u00e2mera, fecha a cara e diz: &#8220;Ah, voc\u00ea est\u00e1 filmando. \u00c9 imposs\u00edvel!&#8221;. A pessoa interrompe o registro.<\/p>\n<p>Segundo Jo\u00e3o Marcelo, os v\u00eddeos que s\u00e3o vistos como ouro pelos f\u00e3s do cantor, foram feitos escondidos de Jo\u00e3o pela produtora Adriana Magalh\u00e3es Hoineff, ex-esposa de Jo\u00e3o Marcelo. Os dois est\u00e3o em lit\u00edgio na Justi\u00e7a.<\/p>\n<p>&#8220;Alguns momentos desprotegidos com o meu pai&#8221;, escreveu. &#8220;Acabei de encontrar alguns cart\u00f5es de mem\u00f3ria que usamos no Brasil&#8221;, escreve Jo\u00e3o Marcelo, que mora nos Estados Unidos.<\/p>\n<p>Um seguidor escreve que Jo\u00e3o Gilberto parece &#8220;bem incomodado ap\u00f3s descobrir que estava sendo gravado. Procede?&#8221;. Jo\u00e3o Marcelo responde. &#8220;Meu pai odiava ser gravado. \u00c9 por isso que h\u00e1 t\u00e3o poucas fotos ou v\u00eddeos nossos juntos&#8221;.<\/p>\n<p>Procurada pelo Estad\u00e3o, Adriana reconheceu os registros acimas como sendo de 2014, mas afirma n\u00e3o foram feitos por ela e que nunca gravou Jo\u00e3o Gilberto escondida. Ela diz ainda que quem est\u00e1 tornando as imagens p\u00fablicas \u00e9 o pr\u00f3prio Jo\u00e3o Marcelo, e n\u00e3o ela.<\/p>\n<p>Nos v\u00eddeo, quando Jo\u00e3o Gilberto percebe a grava\u00e7\u00e3o e Jo\u00e3o Marcelo retorna para o local em que estava sentado, \u00e9 poss\u00edvel ouvir a voz de uma mulher perguntar &#8220;\u00c9 para continuar?&#8221;<\/p>\n<p>Adriana tamb\u00e9m enviou \u00e0 reportagem fotos que ela afirma terem sido feitas na mesma noite. Nelas, Jo\u00e3o Gilberto est\u00e1 ao lado de Alice, filha mais velha de Adriana. Jo\u00e3o est\u00e1 com um viol\u00e3o na m\u00e3o, que segundo Adriana, seria de Alice &#8211; o cantor teria indicado \u00e0 ela qual modelo de instrumento comprar.<\/p>\n<p>Jo\u00e3o Marcelo e Adriana s\u00e3o pais de Sofia Gilberto, de 9 anos. Ela j\u00e1 gravou um \u00e1lbum, Garota Bossa Nova, e iria fazer uma apresenta\u00e7\u00e3o no Rio de Janeiro no dia 13 de junho, mas o show foi cancelado por &#8220;motivos m\u00e9dicos&#8221;.<\/p>\n<p>&#8220;Tenho s\u00f3 boas recorda\u00e7\u00f5es do Jo\u00e3o Gilberto e Sofia tem uma admira\u00e7\u00e3o enorme, escuta o av\u00f4 todos os dias&#8221;, diz Adriana.<\/p>\n","protected":false},"excerpt":{"rendered":"<p>Por Danilo Casaletti O m\u00fasico e produtor Jo\u00e3o Marcelo de Oliveira, filho mais velho do cantor Jo\u00e3o Gilberto (1931-2019), postou quatro v\u00eddeos in\u00e9ditos do mestre da bossa nova. Sem identifica\u00e7\u00e3o de data, os registros mostram Jo\u00e3o Gilberto mais velho, na sala de seu apartamento, no Rio de Janeiro. Jo\u00e3o Gilberto aparece bastante \u00e0 vontade. Ele &hellip;<\/p>\n","protected":false},"author":1,"featured_media":6040,"comment_status":"closed","ping_status":"closed","sticky":false,"template":"","format":"standard","meta":{"footnotes":""},"categories":[25],"tags":[],"class_list":["post-6039","post","type-post","status-publish","format-standard","has-post-thumbnail","hentry","category-musica"],"yoast_head":"<!-- This site is optimized with the Yoast SEO plugin v27.4 - https:\/\/yoast.com\/product\/yoast-seo-wordpress\/ -->\n<title>V\u00eddeos in\u00e9ditos mostram inc\u00f4modo de Jo\u00e3o Gilberto Ao ser gravado supostamente Sem aviso - Transam\u00e9rica Mococa 93,3<\/title>\n<meta name=\"robots\" content=\"index, follow, max-snippet:-1, max-image-preview:large, max-video-preview:-1\" \/>\n<link rel=\"canonical\" href=\"https:\/\/transamerica93.com.br\/home\/videos-ineditos-mostram-incomodo-de-joao-gilberto-ao-ser-gravado-supostamente-sem-aviso\/\" \/>\n<meta property=\"og:locale\" content=\"pt_BR\" \/>\n<meta property=\"og:type\" content=\"article\" \/>\n<meta property=\"og:title\" content=\"V\u00eddeos in\u00e9ditos mostram inc\u00f4modo de Jo\u00e3o Gilberto Ao ser gravado supostamente Sem aviso - Transam\u00e9rica Mococa 93,3\" \/>\n<meta property=\"og:description\" content=\"Por Danilo Casaletti O m\u00fasico e produtor Jo\u00e3o Marcelo de Oliveira, filho mais velho do cantor Jo\u00e3o Gilberto (1931-2019), postou quatro v\u00eddeos in\u00e9ditos do mestre da bossa nova. Sem identifica\u00e7\u00e3o de data, os registros mostram Jo\u00e3o Gilberto mais velho, na sala de seu apartamento, no Rio de Janeiro. Jo\u00e3o Gilberto aparece bastante \u00e0 vontade. Ele &hellip;\" \/>\n<meta property=\"og:url\" content=\"https:\/\/transamerica93.com.br\/home\/videos-ineditos-mostram-incomodo-de-joao-gilberto-ao-ser-gravado-supostamente-sem-aviso\/\" \/>\n<meta property=\"og:site_name\" content=\"Transam\u00e9rica Mococa 93,3\" \/>\n<meta property=\"article:publisher\" content=\"https:\/\/www.facebook.com\/transamericamococa\" \/>\n<meta property=\"article:published_time\" content=\"2025-07-28T18:00:04+00:00\" \/>\n<meta property=\"og:image\" content=\"https:\/\/transamerica93.com.br\/home\/wp-content\/uploads\/2025\/07\/Sem-titulo-12.png\" \/>\n\t<meta property=\"og:image:width\" content=\"839\" \/>\n\t<meta property=\"og:image:height\" content=\"518\" \/>\n\t<meta property=\"og:image:type\" content=\"image\/png\" \/>\n<meta name=\"author\" content=\"Reda\u00e7\u00e3o\" \/>\n<meta name=\"twitter:card\" content=\"summary_large_image\" \/>\n<meta name=\"twitter:creator\" content=\"@transamerica933\" \/>\n<meta name=\"twitter:site\" content=\"@transamerica933\" \/>\n<meta name=\"twitter:label1\" content=\"Escrito por\" \/>\n\t<meta name=\"twitter:data1\" content=\"Reda\u00e7\u00e3o\" \/>\n\t<meta name=\"twitter:label2\" content=\"Est. tempo de leitura\" \/>\n\t<meta name=\"twitter:data2\" content=\"3 minutos\" \/>\n<script type=\"application\/ld+json\" class=\"yoast-schema-graph\">{\"@context\":\"https:\\\/\\\/schema.org\",\"@graph\":[{\"@type\":\"Article\",\"@id\":\"https:\\\/\\\/transamerica93.com.br\\\/home\\\/videos-ineditos-mostram-incomodo-de-joao-gilberto-ao-ser-gravado-supostamente-sem-aviso\\\/#article\",\"isPartOf\":{\"@id\":\"https:\\\/\\\/transamerica93.com.br\\\/home\\\/videos-ineditos-mostram-incomodo-de-joao-gilberto-ao-ser-gravado-supostamente-sem-aviso\\\/\"},\"author\":{\"name\":\"Reda\u00e7\u00e3o\",\"@id\":\"https:\\\/\\\/transamerica93.com.br\\\/home\\\/#\\\/schema\\\/person\\\/7fed7c99c0d4562efa8561bc0f543172\"},\"headline\":\"V\u00eddeos in\u00e9ditos mostram inc\u00f4modo de Jo\u00e3o Gilberto Ao ser gravado supostamente Sem aviso\",\"datePublished\":\"2025-07-28T18:00:04+00:00\",\"mainEntityOfPage\":{\"@id\":\"https:\\\/\\\/transamerica93.com.br\\\/home\\\/videos-ineditos-mostram-incomodo-de-joao-gilberto-ao-ser-gravado-supostamente-sem-aviso\\\/\"},\"wordCount\":506,\"publisher\":{\"@id\":\"https:\\\/\\\/transamerica93.com.br\\\/home\\\/#organization\"},\"image\":{\"@id\":\"https:\\\/\\\/transamerica93.com.br\\\/home\\\/videos-ineditos-mostram-incomodo-de-joao-gilberto-ao-ser-gravado-supostamente-sem-aviso\\\/#primaryimage\"},\"thumbnailUrl\":\"https:\\\/\\\/transamerica93.com.br\\\/home\\\/wp-content\\\/uploads\\\/2025\\\/07\\\/Sem-titulo-12.png\",\"articleSection\":[\"M\u00fasica\"],\"inLanguage\":\"pt-BR\"},{\"@type\":\"WebPage\",\"@id\":\"https:\\\/\\\/transamerica93.com.br\\\/home\\\/videos-ineditos-mostram-incomodo-de-joao-gilberto-ao-ser-gravado-supostamente-sem-aviso\\\/\",\"url\":\"https:\\\/\\\/transamerica93.com.br\\\/home\\\/videos-ineditos-mostram-incomodo-de-joao-gilberto-ao-ser-gravado-supostamente-sem-aviso\\\/\",\"name\":\"V\u00eddeos in\u00e9ditos mostram inc\u00f4modo de Jo\u00e3o Gilberto Ao ser gravado supostamente Sem aviso - Transam\u00e9rica Mococa 93,3\",\"isPartOf\":{\"@id\":\"https:\\\/\\\/transamerica93.com.br\\\/home\\\/#website\"},\"primaryImageOfPage\":{\"@id\":\"https:\\\/\\\/transamerica93.com.br\\\/home\\\/videos-ineditos-mostram-incomodo-de-joao-gilberto-ao-ser-gravado-supostamente-sem-aviso\\\/#primaryimage\"},\"image\":{\"@id\":\"https:\\\/\\\/transamerica93.com.br\\\/home\\\/videos-ineditos-mostram-incomodo-de-joao-gilberto-ao-ser-gravado-supostamente-sem-aviso\\\/#primaryimage\"},\"thumbnailUrl\":\"https:\\\/\\\/transamerica93.com.br\\\/home\\\/wp-content\\\/uploads\\\/2025\\\/07\\\/Sem-titulo-12.png\",\"datePublished\":\"2025-07-28T18:00:04+00:00\",\"breadcrumb\":{\"@id\":\"https:\\\/\\\/transamerica93.com.br\\\/home\\\/videos-ineditos-mostram-incomodo-de-joao-gilberto-ao-ser-gravado-supostamente-sem-aviso\\\/#breadcrumb\"},\"inLanguage\":\"pt-BR\",\"potentialAction\":[{\"@type\":\"ReadAction\",\"target\":[\"https:\\\/\\\/transamerica93.com.br\\\/home\\\/videos-ineditos-mostram-incomodo-de-joao-gilberto-ao-ser-gravado-supostamente-sem-aviso\\\/\"]}]},{\"@type\":\"ImageObject\",\"inLanguage\":\"pt-BR\",\"@id\":\"https:\\\/\\\/transamerica93.com.br\\\/home\\\/videos-ineditos-mostram-incomodo-de-joao-gilberto-ao-ser-gravado-supostamente-sem-aviso\\\/#primaryimage\",\"url\":\"https:\\\/\\\/transamerica93.com.br\\\/home\\\/wp-content\\\/uploads\\\/2025\\\/07\\\/Sem-titulo-12.png\",\"contentUrl\":\"https:\\\/\\\/transamerica93.com.br\\\/home\\\/wp-content\\\/uploads\\\/2025\\\/07\\\/Sem-titulo-12.png\",\"width\":839,\"height\":518},{\"@type\":\"BreadcrumbList\",\"@id\":\"https:\\\/\\\/transamerica93.com.br\\\/home\\\/videos-ineditos-mostram-incomodo-de-joao-gilberto-ao-ser-gravado-supostamente-sem-aviso\\\/#breadcrumb\",\"itemListElement\":[{\"@type\":\"ListItem\",\"position\":1,\"name\":\"In\u00edcio\",\"item\":\"https:\\\/\\\/transamerica93.com.br\\\/home\\\/\"},{\"@type\":\"ListItem\",\"position\":2,\"name\":\"V\u00eddeos in\u00e9ditos mostram inc\u00f4modo de Jo\u00e3o Gilberto Ao ser gravado supostamente Sem aviso\"}]},{\"@type\":\"WebSite\",\"@id\":\"https:\\\/\\\/transamerica93.com.br\\\/home\\\/#website\",\"url\":\"https:\\\/\\\/transamerica93.com.br\\\/home\\\/\",\"name\":\"Transam\u00e9rica Mococa 93,3\",\"description\":\"\",\"publisher\":{\"@id\":\"https:\\\/\\\/transamerica93.com.br\\\/home\\\/#organization\"},\"potentialAction\":[{\"@type\":\"SearchAction\",\"target\":{\"@type\":\"EntryPoint\",\"urlTemplate\":\"https:\\\/\\\/transamerica93.com.br\\\/home\\\/?s={search_term_string}\"},\"query-input\":{\"@type\":\"PropertyValueSpecification\",\"valueRequired\":true,\"valueName\":\"search_term_string\"}}],\"inLanguage\":\"pt-BR\"},{\"@type\":\"Organization\",\"@id\":\"https:\\\/\\\/transamerica93.com.br\\\/home\\\/#organization\",\"name\":\"Transam\u00e9rica Mococa 93,3\",\"url\":\"https:\\\/\\\/transamerica93.com.br\\\/home\\\/\",\"logo\":{\"@type\":\"ImageObject\",\"inLanguage\":\"pt-BR\",\"@id\":\"https:\\\/\\\/transamerica93.com.br\\\/home\\\/#\\\/schema\\\/logo\\\/image\\\/\",\"url\":\"https:\\\/\\\/transamerica93.com.br\\\/home\\\/wp-content\\\/uploads\\\/2023\\\/10\\\/logo2.png\",\"contentUrl\":\"https:\\\/\\\/transamerica93.com.br\\\/home\\\/wp-content\\\/uploads\\\/2023\\\/10\\\/logo2.png\",\"width\":800,\"height\":500,\"caption\":\"Transam\u00e9rica Mococa 93,3\"},\"image\":{\"@id\":\"https:\\\/\\\/transamerica93.com.br\\\/home\\\/#\\\/schema\\\/logo\\\/image\\\/\"},\"sameAs\":[\"https:\\\/\\\/www.facebook.com\\\/transamericamococa\",\"https:\\\/\\\/x.com\\\/transamerica933\",\"https:\\\/\\\/www.instagram.com\\\/transamericamococa\"]},{\"@type\":\"Person\",\"@id\":\"https:\\\/\\\/transamerica93.com.br\\\/home\\\/#\\\/schema\\\/person\\\/7fed7c99c0d4562efa8561bc0f543172\",\"name\":\"Reda\u00e7\u00e3o\",\"image\":{\"@type\":\"ImageObject\",\"inLanguage\":\"pt-BR\",\"@id\":\"https:\\\/\\\/secure.gravatar.com\\\/avatar\\\/1072c6b775fb02ef8506ce967551d95926669a6b7d2c2147b42eea4d7c68395e?s=96&d=mm&r=g\",\"url\":\"https:\\\/\\\/secure.gravatar.com\\\/avatar\\\/1072c6b775fb02ef8506ce967551d95926669a6b7d2c2147b42eea4d7c68395e?s=96&d=mm&r=g\",\"contentUrl\":\"https:\\\/\\\/secure.gravatar.com\\\/avatar\\\/1072c6b775fb02ef8506ce967551d95926669a6b7d2c2147b42eea4d7c68395e?s=96&d=mm&r=g\",\"caption\":\"Reda\u00e7\u00e3o\"},\"sameAs\":[\"https:\\\/\\\/transamerica93.com.br\\\/home\"],\"url\":\"https:\\\/\\\/transamerica93.com.br\\\/home\\\/author\\\/william\\\/\"}]}<\/script>\n<!-- \/ Yoast SEO plugin. -->","yoast_head_json":{"title":"V\u00eddeos in\u00e9ditos mostram inc\u00f4modo de Jo\u00e3o Gilberto Ao ser gravado supostamente Sem aviso - Transam\u00e9rica Mococa 93,3","robots":{"index":"index","follow":"follow","max-snippet":"max-snippet:-1","max-image-preview":"max-image-preview:large","max-video-preview":"max-video-preview:-1"},"canonical":"https:\/\/transamerica93.com.br\/home\/videos-ineditos-mostram-incomodo-de-joao-gilberto-ao-ser-gravado-supostamente-sem-aviso\/","og_locale":"pt_BR","og_type":"article","og_title":"V\u00eddeos in\u00e9ditos mostram inc\u00f4modo de Jo\u00e3o Gilberto Ao ser gravado supostamente Sem aviso - Transam\u00e9rica Mococa 93,3","og_description":"Por Danilo Casaletti O m\u00fasico e produtor Jo\u00e3o Marcelo de Oliveira, filho mais velho do cantor Jo\u00e3o Gilberto (1931-2019), postou quatro v\u00eddeos in\u00e9ditos do mestre da bossa nova. Sem identifica\u00e7\u00e3o de data, os registros mostram Jo\u00e3o Gilberto mais velho, na sala de seu apartamento, no Rio de Janeiro. Jo\u00e3o Gilberto aparece bastante \u00e0 vontade. Ele &hellip;","og_url":"https:\/\/transamerica93.com.br\/home\/videos-ineditos-mostram-incomodo-de-joao-gilberto-ao-ser-gravado-supostamente-sem-aviso\/","og_site_name":"Transam\u00e9rica Mococa 93,3","article_publisher":"https:\/\/www.facebook.com\/transamericamococa","article_published_time":"2025-07-28T18:00:04+00:00","og_image":[{"width":839,"height":518,"url":"https:\/\/transamerica93.com.br\/home\/wp-content\/uploads\/2025\/07\/Sem-titulo-12.png","type":"image\/png"}],"author":"Reda\u00e7\u00e3o","twitter_card":"summary_large_image","twitter_creator":"@transamerica933","twitter_site":"@transamerica933","twitter_misc":{"Escrito por":"Reda\u00e7\u00e3o","Est. tempo de leitura":"3 minutos"},"schema":{"@context":"https:\/\/schema.org","@graph":[{"@type":"Article","@id":"https:\/\/transamerica93.com.br\/home\/videos-ineditos-mostram-incomodo-de-joao-gilberto-ao-ser-gravado-supostamente-sem-aviso\/#article","isPartOf":{"@id":"https:\/\/transamerica93.com.br\/home\/videos-ineditos-mostram-incomodo-de-joao-gilberto-ao-ser-gravado-supostamente-sem-aviso\/"},"author":{"name":"Reda\u00e7\u00e3o","@id":"https:\/\/transamerica93.com.br\/home\/#\/schema\/person\/7fed7c99c0d4562efa8561bc0f543172"},"headline":"V\u00eddeos in\u00e9ditos mostram inc\u00f4modo de Jo\u00e3o Gilberto Ao ser gravado supostamente Sem aviso","datePublished":"2025-07-28T18:00:04+00:00","mainEntityOfPage":{"@id":"https:\/\/transamerica93.com.br\/home\/videos-ineditos-mostram-incomodo-de-joao-gilberto-ao-ser-gravado-supostamente-sem-aviso\/"},"wordCount":506,"publisher":{"@id":"https:\/\/transamerica93.com.br\/home\/#organization"},"image":{"@id":"https:\/\/transamerica93.com.br\/home\/videos-ineditos-mostram-incomodo-de-joao-gilberto-ao-ser-gravado-supostamente-sem-aviso\/#primaryimage"},"thumbnailUrl":"https:\/\/transamerica93.com.br\/home\/wp-content\/uploads\/2025\/07\/Sem-titulo-12.png","articleSection":["M\u00fasica"],"inLanguage":"pt-BR"},{"@type":"WebPage","@id":"https:\/\/transamerica93.com.br\/home\/videos-ineditos-mostram-incomodo-de-joao-gilberto-ao-ser-gravado-supostamente-sem-aviso\/","url":"https:\/\/transamerica93.com.br\/home\/videos-ineditos-mostram-incomodo-de-joao-gilberto-ao-ser-gravado-supostamente-sem-aviso\/","name":"V\u00eddeos in\u00e9ditos mostram inc\u00f4modo de Jo\u00e3o Gilberto Ao ser gravado supostamente Sem aviso - Transam\u00e9rica Mococa 93,3","isPartOf":{"@id":"https:\/\/transamerica93.com.br\/home\/#website"},"primaryImageOfPage":{"@id":"https:\/\/transamerica93.com.br\/home\/videos-ineditos-mostram-incomodo-de-joao-gilberto-ao-ser-gravado-supostamente-sem-aviso\/#primaryimage"},"image":{"@id":"https:\/\/transamerica93.com.br\/home\/videos-ineditos-mostram-incomodo-de-joao-gilberto-ao-ser-gravado-supostamente-sem-aviso\/#primaryimage"},"thumbnailUrl":"https:\/\/transamerica93.com.br\/home\/wp-content\/uploads\/2025\/07\/Sem-titulo-12.png","datePublished":"2025-07-28T18:00:04+00:00","breadcrumb":{"@id":"https:\/\/transamerica93.com.br\/home\/videos-ineditos-mostram-incomodo-de-joao-gilberto-ao-ser-gravado-supostamente-sem-aviso\/#breadcrumb"},"inLanguage":"pt-BR","potentialAction":[{"@type":"ReadAction","target":["https:\/\/transamerica93.com.br\/home\/videos-ineditos-mostram-incomodo-de-joao-gilberto-ao-ser-gravado-supostamente-sem-aviso\/"]}]},{"@type":"ImageObject","inLanguage":"pt-BR","@id":"https:\/\/transamerica93.com.br\/home\/videos-ineditos-mostram-incomodo-de-joao-gilberto-ao-ser-gravado-supostamente-sem-aviso\/#primaryimage","url":"https:\/\/transamerica93.com.br\/home\/wp-content\/uploads\/2025\/07\/Sem-titulo-12.png","contentUrl":"https:\/\/transamerica93.com.br\/home\/wp-content\/uploads\/2025\/07\/Sem-titulo-12.png","width":839,"height":518},{"@type":"BreadcrumbList","@id":"https:\/\/transamerica93.com.br\/home\/videos-ineditos-mostram-incomodo-de-joao-gilberto-ao-ser-gravado-supostamente-sem-aviso\/#breadcrumb","itemListElement":[{"@type":"ListItem","position":1,"name":"In\u00edcio","item":"https:\/\/transamerica93.com.br\/home\/"},{"@type":"ListItem","position":2,"name":"V\u00eddeos in\u00e9ditos mostram inc\u00f4modo de Jo\u00e3o Gilberto Ao ser gravado supostamente Sem aviso"}]},{"@type":"WebSite","@id":"https:\/\/transamerica93.com.br\/home\/#website","url":"https:\/\/transamerica93.com.br\/home\/","name":"Transam\u00e9rica Mococa 93,3","description":"","publisher":{"@id":"https:\/\/transamerica93.com.br\/home\/#organization"},"potentialAction":[{"@type":"SearchAction","target":{"@type":"EntryPoint","urlTemplate":"https:\/\/transamerica93.com.br\/home\/?s={search_term_string}"},"query-input":{"@type":"PropertyValueSpecification","valueRequired":true,"valueName":"search_term_string"}}],"inLanguage":"pt-BR"},{"@type":"Organization","@id":"https:\/\/transamerica93.com.br\/home\/#organization","name":"Transam\u00e9rica Mococa 93,3","url":"https:\/\/transamerica93.com.br\/home\/","logo":{"@type":"ImageObject","inLanguage":"pt-BR","@id":"https:\/\/transamerica93.com.br\/home\/#\/schema\/logo\/image\/","url":"https:\/\/transamerica93.com.br\/home\/wp-content\/uploads\/2023\/10\/logo2.png","contentUrl":"https:\/\/transamerica93.com.br\/home\/wp-content\/uploads\/2023\/10\/logo2.png","width":800,"height":500,"caption":"Transam\u00e9rica Mococa 93,3"},"image":{"@id":"https:\/\/transamerica93.com.br\/home\/#\/schema\/logo\/image\/"},"sameAs":["https:\/\/www.facebook.com\/transamericamococa","https:\/\/x.com\/transamerica933","https:\/\/www.instagram.com\/transamericamococa"]},{"@type":"Person","@id":"https:\/\/transamerica93.com.br\/home\/#\/schema\/person\/7fed7c99c0d4562efa8561bc0f543172","name":"Reda\u00e7\u00e3o","image":{"@type":"ImageObject","inLanguage":"pt-BR","@id":"https:\/\/secure.gravatar.com\/avatar\/1072c6b775fb02ef8506ce967551d95926669a6b7d2c2147b42eea4d7c68395e?s=96&d=mm&r=g","url":"https:\/\/secure.gravatar.com\/avatar\/1072c6b775fb02ef8506ce967551d95926669a6b7d2c2147b42eea4d7c68395e?s=96&d=mm&r=g","contentUrl":"https:\/\/secure.gravatar.com\/avatar\/1072c6b775fb02ef8506ce967551d95926669a6b7d2c2147b42eea4d7c68395e?s=96&d=mm&r=g","caption":"Reda\u00e7\u00e3o"},"sameAs":["https:\/\/transamerica93.com.br\/home"],"url":"https:\/\/transamerica93.com.br\/home\/author\/william\/"}]}},"_links":{"self":[{"href":"https:\/\/transamerica93.com.br\/home\/wp-json\/wp\/v2\/posts\/6039","targetHints":{"allow":["GET"]}}],"collection":[{"href":"https:\/\/transamerica93.com.br\/home\/wp-json\/wp\/v2\/posts"}],"about":[{"href":"https:\/\/transamerica93.com.br\/home\/wp-json\/wp\/v2\/types\/post"}],"author":[{"embeddable":true,"href":"https:\/\/transamerica93.com.br\/home\/wp-json\/wp\/v2\/users\/1"}],"replies":[{"embeddable":true,"href":"https:\/\/transamerica93.com.br\/home\/wp-json\/wp\/v2\/comments?post=6039"}],"version-history":[{"count":1,"href":"https:\/\/transamerica93.com.br\/home\/wp-json\/wp\/v2\/posts\/6039\/revisions"}],"predecessor-version":[{"id":6041,"href":"https:\/\/transamerica93.com.br\/home\/wp-json\/wp\/v2\/posts\/6039\/revisions\/6041"}],"wp:featuredmedia":[{"embeddable":true,"href":"https:\/\/transamerica93.com.br\/home\/wp-json\/wp\/v2\/media\/6040"}],"wp:attachment":[{"href":"https:\/\/transamerica93.com.br\/home\/wp-json\/wp\/v2\/media?parent=6039"}],"wp:term":[{"taxonomy":"category","embeddable":true,"href":"https:\/\/transamerica93.com.br\/home\/wp-json\/wp\/v2\/categories?post=6039"},{"taxonomy":"post_tag","embeddable":true,"href":"https:\/\/transamerica93.com.br\/home\/wp-json\/wp\/v2\/tags?post=6039"}],"curies":[{"name":"wp","href":"https:\/\/api.w.org\/{rel}","templated":true}]}}