{"id":6055,"date":"2025-07-29T18:00:00","date_gmt":"2025-07-29T21:00:00","guid":{"rendered":"https:\/\/transamerica93.com.br\/home\/?p=6055"},"modified":"2025-07-02T14:52:08","modified_gmt":"2025-07-02T17:52:08","slug":"anitta-reaparece-apos-procedimento-estetico-e-web-comenta-nova-aparencia-outra-pessoa","status":"publish","type":"post","link":"https:\/\/transamerica93.com.br\/home\/anitta-reaparece-apos-procedimento-estetico-e-web-comenta-nova-aparencia-outra-pessoa\/","title":{"rendered":"Anitta reaparece ap\u00f3s procedimento est\u00e9tico e web comenta nova apar\u00eancia: &#8216;outra pessoa&#8217;"},"content":{"rendered":"<p>Por Reda\u00e7\u00e3o O Estado de S. Paulo<\/p>\n<p>Anitta reapareceu nas redes sociais, ap\u00f3s um per\u00edodo afastada por conta de uma infec\u00e7\u00e3o bacteriana. Ela surpreendeu por sua apar\u00eancia, resultado de um procedimento est\u00e9tico, que repercutiu na web.<\/p>\n<p>No Instagram, Anitta posou em Roma, na It\u00e1lia, ao lado da supermodelo Naomi Campbell e da atriz Sof\u00eda Vergara &#8211; que tamb\u00e9m compartilhou uma foto com a brasileira. J\u00e1 na manh\u00e3 deste domingo, publicou um v\u00eddeo dan\u00e7ando nos stories, intensificando os coment\u00e1rios nas redes. \u00c9 a primeira vez que Anitta registra o visual.<\/p>\n<p>No \u00faltimo dia 16, a cantora cancelou o show que faria no S\u00e3o Jo\u00e3o de Campina Grande, na Para\u00edba, em 18 de junho. Em \u00e1udio enviado ao seu grupo de f\u00e3s no Instagram, ela lamentou a decis\u00e3o e explicou que enfrentava &#8220;uma infec\u00e7\u00e3o bacteriana severa, bem complicada&#8221;, mas que j\u00e1 estava em tratamento.<\/p>\n<p>No dia 20, a assessoria da artista publicou comunicado que confirmava um procedimento est\u00e9tico nos Estados Unidos, mas negava que a infec\u00e7\u00e3o estivesse relacionada com complica\u00e7\u00f5es cir\u00fargicas.<\/p>\n<p>&#8220;A cantora realizou um procedimento est\u00e9tico (como \u00e9 de seu costume), sem qualquer intercorr\u00eancia ou necessidades especiais. Anitta teve alta m\u00e9dica normalmente e retornou ao Brasil dentro do prazo estipulado por sua equipe m\u00e9dica&#8221;, diz o texto.<\/p>\n<p>Nas redes sociais, f\u00e3s brincam que Anitta &#8220;debutou um novo rosto&#8221;. &#8220;Parece outra pessoa&#8221;, escreveu um usu\u00e1rio no X (antigo Twitter). &#8220;Meu Deus, substituiriam a atriz que faz a Anitta&#8221;, ironizou uma internauta. Outros compararam a apar\u00eancia da artista com \u00e0 da ex-BBB Juliette.<\/p>\n","protected":false},"excerpt":{"rendered":"<p>Por Reda\u00e7\u00e3o O Estado de S. Paulo Anitta reapareceu nas redes sociais, ap\u00f3s um per\u00edodo afastada por conta de uma infec\u00e7\u00e3o bacteriana. Ela surpreendeu por sua apar\u00eancia, resultado de um procedimento est\u00e9tico, que repercutiu na web. No Instagram, Anitta posou em Roma, na It\u00e1lia, ao lado da supermodelo Naomi Campbell e da atriz Sof\u00eda Vergara &hellip;<\/p>\n","protected":false},"author":1,"featured_media":6056,"comment_status":"closed","ping_status":"closed","sticky":false,"template":"","format":"standard","meta":{"footnotes":""},"categories":[30],"tags":[],"class_list":["post-6055","post","type-post","status-publish","format-standard","has-post-thumbnail","hentry","category-geral"],"yoast_head":"<!-- This site is optimized with the Yoast SEO plugin v27.4 - https:\/\/yoast.com\/product\/yoast-seo-wordpress\/ -->\n<title>Anitta reaparece ap\u00f3s procedimento est\u00e9tico e web comenta nova apar\u00eancia: &#039;outra pessoa&#039; - Transam\u00e9rica Mococa 93,3<\/title>\n<meta name=\"robots\" content=\"index, follow, max-snippet:-1, max-image-preview:large, max-video-preview:-1\" \/>\n<link rel=\"canonical\" href=\"https:\/\/transamerica93.com.br\/home\/anitta-reaparece-apos-procedimento-estetico-e-web-comenta-nova-aparencia-outra-pessoa\/\" \/>\n<meta property=\"og:locale\" content=\"pt_BR\" \/>\n<meta property=\"og:type\" content=\"article\" \/>\n<meta property=\"og:title\" content=\"Anitta reaparece ap\u00f3s procedimento est\u00e9tico e web comenta nova apar\u00eancia: &#039;outra pessoa&#039; - Transam\u00e9rica Mococa 93,3\" \/>\n<meta property=\"og:description\" content=\"Por Reda\u00e7\u00e3o O Estado de S. Paulo Anitta reapareceu nas redes sociais, ap\u00f3s um per\u00edodo afastada por conta de uma infec\u00e7\u00e3o bacteriana. Ela surpreendeu por sua apar\u00eancia, resultado de um procedimento est\u00e9tico, que repercutiu na web. No Instagram, Anitta posou em Roma, na It\u00e1lia, ao lado da supermodelo Naomi Campbell e da atriz Sof\u00eda Vergara &hellip;\" \/>\n<meta property=\"og:url\" content=\"https:\/\/transamerica93.com.br\/home\/anitta-reaparece-apos-procedimento-estetico-e-web-comenta-nova-aparencia-outra-pessoa\/\" \/>\n<meta property=\"og:site_name\" content=\"Transam\u00e9rica Mococa 93,3\" \/>\n<meta property=\"article:publisher\" content=\"https:\/\/www.facebook.com\/transamericamococa\" \/>\n<meta property=\"article:published_time\" content=\"2025-07-29T21:00:00+00:00\" \/>\n<meta property=\"og:image\" content=\"https:\/\/transamerica93.com.br\/home\/wp-content\/uploads\/2025\/07\/Sem-titulo-17.png\" \/>\n\t<meta property=\"og:image:width\" content=\"1020\" \/>\n\t<meta property=\"og:image:height\" content=\"590\" \/>\n\t<meta property=\"og:image:type\" content=\"image\/png\" \/>\n<meta name=\"author\" content=\"Reda\u00e7\u00e3o\" \/>\n<meta name=\"twitter:card\" content=\"summary_large_image\" \/>\n<meta name=\"twitter:creator\" content=\"@transamerica933\" \/>\n<meta name=\"twitter:site\" content=\"@transamerica933\" \/>\n<meta name=\"twitter:label1\" content=\"Escrito por\" \/>\n\t<meta name=\"twitter:data1\" content=\"Reda\u00e7\u00e3o\" \/>\n\t<meta name=\"twitter:label2\" content=\"Est. tempo de leitura\" \/>\n\t<meta name=\"twitter:data2\" content=\"2 minutos\" \/>\n<script type=\"application\/ld+json\" class=\"yoast-schema-graph\">{\"@context\":\"https:\\\/\\\/schema.org\",\"@graph\":[{\"@type\":\"Article\",\"@id\":\"https:\\\/\\\/transamerica93.com.br\\\/home\\\/anitta-reaparece-apos-procedimento-estetico-e-web-comenta-nova-aparencia-outra-pessoa\\\/#article\",\"isPartOf\":{\"@id\":\"https:\\\/\\\/transamerica93.com.br\\\/home\\\/anitta-reaparece-apos-procedimento-estetico-e-web-comenta-nova-aparencia-outra-pessoa\\\/\"},\"author\":{\"name\":\"Reda\u00e7\u00e3o\",\"@id\":\"https:\\\/\\\/transamerica93.com.br\\\/home\\\/#\\\/schema\\\/person\\\/7fed7c99c0d4562efa8561bc0f543172\"},\"headline\":\"Anitta reaparece ap\u00f3s procedimento est\u00e9tico e web comenta nova apar\u00eancia: &#8216;outra pessoa&#8217;\",\"datePublished\":\"2025-07-29T21:00:00+00:00\",\"mainEntityOfPage\":{\"@id\":\"https:\\\/\\\/transamerica93.com.br\\\/home\\\/anitta-reaparece-apos-procedimento-estetico-e-web-comenta-nova-aparencia-outra-pessoa\\\/\"},\"wordCount\":288,\"publisher\":{\"@id\":\"https:\\\/\\\/transamerica93.com.br\\\/home\\\/#organization\"},\"image\":{\"@id\":\"https:\\\/\\\/transamerica93.com.br\\\/home\\\/anitta-reaparece-apos-procedimento-estetico-e-web-comenta-nova-aparencia-outra-pessoa\\\/#primaryimage\"},\"thumbnailUrl\":\"https:\\\/\\\/transamerica93.com.br\\\/home\\\/wp-content\\\/uploads\\\/2025\\\/07\\\/Sem-titulo-17.png\",\"articleSection\":[\"Geral\"],\"inLanguage\":\"pt-BR\"},{\"@type\":\"WebPage\",\"@id\":\"https:\\\/\\\/transamerica93.com.br\\\/home\\\/anitta-reaparece-apos-procedimento-estetico-e-web-comenta-nova-aparencia-outra-pessoa\\\/\",\"url\":\"https:\\\/\\\/transamerica93.com.br\\\/home\\\/anitta-reaparece-apos-procedimento-estetico-e-web-comenta-nova-aparencia-outra-pessoa\\\/\",\"name\":\"Anitta reaparece ap\u00f3s procedimento est\u00e9tico e web comenta nova apar\u00eancia: 'outra pessoa' - Transam\u00e9rica Mococa 93,3\",\"isPartOf\":{\"@id\":\"https:\\\/\\\/transamerica93.com.br\\\/home\\\/#website\"},\"primaryImageOfPage\":{\"@id\":\"https:\\\/\\\/transamerica93.com.br\\\/home\\\/anitta-reaparece-apos-procedimento-estetico-e-web-comenta-nova-aparencia-outra-pessoa\\\/#primaryimage\"},\"image\":{\"@id\":\"https:\\\/\\\/transamerica93.com.br\\\/home\\\/anitta-reaparece-apos-procedimento-estetico-e-web-comenta-nova-aparencia-outra-pessoa\\\/#primaryimage\"},\"thumbnailUrl\":\"https:\\\/\\\/transamerica93.com.br\\\/home\\\/wp-content\\\/uploads\\\/2025\\\/07\\\/Sem-titulo-17.png\",\"datePublished\":\"2025-07-29T21:00:00+00:00\",\"breadcrumb\":{\"@id\":\"https:\\\/\\\/transamerica93.com.br\\\/home\\\/anitta-reaparece-apos-procedimento-estetico-e-web-comenta-nova-aparencia-outra-pessoa\\\/#breadcrumb\"},\"inLanguage\":\"pt-BR\",\"potentialAction\":[{\"@type\":\"ReadAction\",\"target\":[\"https:\\\/\\\/transamerica93.com.br\\\/home\\\/anitta-reaparece-apos-procedimento-estetico-e-web-comenta-nova-aparencia-outra-pessoa\\\/\"]}]},{\"@type\":\"ImageObject\",\"inLanguage\":\"pt-BR\",\"@id\":\"https:\\\/\\\/transamerica93.com.br\\\/home\\\/anitta-reaparece-apos-procedimento-estetico-e-web-comenta-nova-aparencia-outra-pessoa\\\/#primaryimage\",\"url\":\"https:\\\/\\\/transamerica93.com.br\\\/home\\\/wp-content\\\/uploads\\\/2025\\\/07\\\/Sem-titulo-17.png\",\"contentUrl\":\"https:\\\/\\\/transamerica93.com.br\\\/home\\\/wp-content\\\/uploads\\\/2025\\\/07\\\/Sem-titulo-17.png\",\"width\":1020,\"height\":590},{\"@type\":\"BreadcrumbList\",\"@id\":\"https:\\\/\\\/transamerica93.com.br\\\/home\\\/anitta-reaparece-apos-procedimento-estetico-e-web-comenta-nova-aparencia-outra-pessoa\\\/#breadcrumb\",\"itemListElement\":[{\"@type\":\"ListItem\",\"position\":1,\"name\":\"In\u00edcio\",\"item\":\"https:\\\/\\\/transamerica93.com.br\\\/home\\\/\"},{\"@type\":\"ListItem\",\"position\":2,\"name\":\"Anitta reaparece ap\u00f3s procedimento est\u00e9tico e web comenta nova apar\u00eancia: &#8216;outra pessoa&#8217;\"}]},{\"@type\":\"WebSite\",\"@id\":\"https:\\\/\\\/transamerica93.com.br\\\/home\\\/#website\",\"url\":\"https:\\\/\\\/transamerica93.com.br\\\/home\\\/\",\"name\":\"Transam\u00e9rica Mococa 93,3\",\"description\":\"\",\"publisher\":{\"@id\":\"https:\\\/\\\/transamerica93.com.br\\\/home\\\/#organization\"},\"potentialAction\":[{\"@type\":\"SearchAction\",\"target\":{\"@type\":\"EntryPoint\",\"urlTemplate\":\"https:\\\/\\\/transamerica93.com.br\\\/home\\\/?s={search_term_string}\"},\"query-input\":{\"@type\":\"PropertyValueSpecification\",\"valueRequired\":true,\"valueName\":\"search_term_string\"}}],\"inLanguage\":\"pt-BR\"},{\"@type\":\"Organization\",\"@id\":\"https:\\\/\\\/transamerica93.com.br\\\/home\\\/#organization\",\"name\":\"Transam\u00e9rica Mococa 93,3\",\"url\":\"https:\\\/\\\/transamerica93.com.br\\\/home\\\/\",\"logo\":{\"@type\":\"ImageObject\",\"inLanguage\":\"pt-BR\",\"@id\":\"https:\\\/\\\/transamerica93.com.br\\\/home\\\/#\\\/schema\\\/logo\\\/image\\\/\",\"url\":\"https:\\\/\\\/transamerica93.com.br\\\/home\\\/wp-content\\\/uploads\\\/2023\\\/10\\\/logo2.png\",\"contentUrl\":\"https:\\\/\\\/transamerica93.com.br\\\/home\\\/wp-content\\\/uploads\\\/2023\\\/10\\\/logo2.png\",\"width\":800,\"height\":500,\"caption\":\"Transam\u00e9rica Mococa 93,3\"},\"image\":{\"@id\":\"https:\\\/\\\/transamerica93.com.br\\\/home\\\/#\\\/schema\\\/logo\\\/image\\\/\"},\"sameAs\":[\"https:\\\/\\\/www.facebook.com\\\/transamericamococa\",\"https:\\\/\\\/x.com\\\/transamerica933\",\"https:\\\/\\\/www.instagram.com\\\/transamericamococa\"]},{\"@type\":\"Person\",\"@id\":\"https:\\\/\\\/transamerica93.com.br\\\/home\\\/#\\\/schema\\\/person\\\/7fed7c99c0d4562efa8561bc0f543172\",\"name\":\"Reda\u00e7\u00e3o\",\"image\":{\"@type\":\"ImageObject\",\"inLanguage\":\"pt-BR\",\"@id\":\"https:\\\/\\\/secure.gravatar.com\\\/avatar\\\/1072c6b775fb02ef8506ce967551d95926669a6b7d2c2147b42eea4d7c68395e?s=96&d=mm&r=g\",\"url\":\"https:\\\/\\\/secure.gravatar.com\\\/avatar\\\/1072c6b775fb02ef8506ce967551d95926669a6b7d2c2147b42eea4d7c68395e?s=96&d=mm&r=g\",\"contentUrl\":\"https:\\\/\\\/secure.gravatar.com\\\/avatar\\\/1072c6b775fb02ef8506ce967551d95926669a6b7d2c2147b42eea4d7c68395e?s=96&d=mm&r=g\",\"caption\":\"Reda\u00e7\u00e3o\"},\"sameAs\":[\"https:\\\/\\\/transamerica93.com.br\\\/home\"],\"url\":\"https:\\\/\\\/transamerica93.com.br\\\/home\\\/author\\\/william\\\/\"}]}<\/script>\n<!-- \/ Yoast SEO plugin. -->","yoast_head_json":{"title":"Anitta reaparece ap\u00f3s procedimento est\u00e9tico e web comenta nova apar\u00eancia: 'outra pessoa' - Transam\u00e9rica Mococa 93,3","robots":{"index":"index","follow":"follow","max-snippet":"max-snippet:-1","max-image-preview":"max-image-preview:large","max-video-preview":"max-video-preview:-1"},"canonical":"https:\/\/transamerica93.com.br\/home\/anitta-reaparece-apos-procedimento-estetico-e-web-comenta-nova-aparencia-outra-pessoa\/","og_locale":"pt_BR","og_type":"article","og_title":"Anitta reaparece ap\u00f3s procedimento est\u00e9tico e web comenta nova apar\u00eancia: 'outra pessoa' - Transam\u00e9rica Mococa 93,3","og_description":"Por Reda\u00e7\u00e3o O Estado de S. Paulo Anitta reapareceu nas redes sociais, ap\u00f3s um per\u00edodo afastada por conta de uma infec\u00e7\u00e3o bacteriana. Ela surpreendeu por sua apar\u00eancia, resultado de um procedimento est\u00e9tico, que repercutiu na web. No Instagram, Anitta posou em Roma, na It\u00e1lia, ao lado da supermodelo Naomi Campbell e da atriz Sof\u00eda Vergara &hellip;","og_url":"https:\/\/transamerica93.com.br\/home\/anitta-reaparece-apos-procedimento-estetico-e-web-comenta-nova-aparencia-outra-pessoa\/","og_site_name":"Transam\u00e9rica Mococa 93,3","article_publisher":"https:\/\/www.facebook.com\/transamericamococa","article_published_time":"2025-07-29T21:00:00+00:00","og_image":[{"width":1020,"height":590,"url":"https:\/\/transamerica93.com.br\/home\/wp-content\/uploads\/2025\/07\/Sem-titulo-17.png","type":"image\/png"}],"author":"Reda\u00e7\u00e3o","twitter_card":"summary_large_image","twitter_creator":"@transamerica933","twitter_site":"@transamerica933","twitter_misc":{"Escrito por":"Reda\u00e7\u00e3o","Est. tempo de leitura":"2 minutos"},"schema":{"@context":"https:\/\/schema.org","@graph":[{"@type":"Article","@id":"https:\/\/transamerica93.com.br\/home\/anitta-reaparece-apos-procedimento-estetico-e-web-comenta-nova-aparencia-outra-pessoa\/#article","isPartOf":{"@id":"https:\/\/transamerica93.com.br\/home\/anitta-reaparece-apos-procedimento-estetico-e-web-comenta-nova-aparencia-outra-pessoa\/"},"author":{"name":"Reda\u00e7\u00e3o","@id":"https:\/\/transamerica93.com.br\/home\/#\/schema\/person\/7fed7c99c0d4562efa8561bc0f543172"},"headline":"Anitta reaparece ap\u00f3s procedimento est\u00e9tico e web comenta nova apar\u00eancia: &#8216;outra pessoa&#8217;","datePublished":"2025-07-29T21:00:00+00:00","mainEntityOfPage":{"@id":"https:\/\/transamerica93.com.br\/home\/anitta-reaparece-apos-procedimento-estetico-e-web-comenta-nova-aparencia-outra-pessoa\/"},"wordCount":288,"publisher":{"@id":"https:\/\/transamerica93.com.br\/home\/#organization"},"image":{"@id":"https:\/\/transamerica93.com.br\/home\/anitta-reaparece-apos-procedimento-estetico-e-web-comenta-nova-aparencia-outra-pessoa\/#primaryimage"},"thumbnailUrl":"https:\/\/transamerica93.com.br\/home\/wp-content\/uploads\/2025\/07\/Sem-titulo-17.png","articleSection":["Geral"],"inLanguage":"pt-BR"},{"@type":"WebPage","@id":"https:\/\/transamerica93.com.br\/home\/anitta-reaparece-apos-procedimento-estetico-e-web-comenta-nova-aparencia-outra-pessoa\/","url":"https:\/\/transamerica93.com.br\/home\/anitta-reaparece-apos-procedimento-estetico-e-web-comenta-nova-aparencia-outra-pessoa\/","name":"Anitta reaparece ap\u00f3s procedimento est\u00e9tico e web comenta nova apar\u00eancia: 'outra pessoa' - Transam\u00e9rica Mococa 93,3","isPartOf":{"@id":"https:\/\/transamerica93.com.br\/home\/#website"},"primaryImageOfPage":{"@id":"https:\/\/transamerica93.com.br\/home\/anitta-reaparece-apos-procedimento-estetico-e-web-comenta-nova-aparencia-outra-pessoa\/#primaryimage"},"image":{"@id":"https:\/\/transamerica93.com.br\/home\/anitta-reaparece-apos-procedimento-estetico-e-web-comenta-nova-aparencia-outra-pessoa\/#primaryimage"},"thumbnailUrl":"https:\/\/transamerica93.com.br\/home\/wp-content\/uploads\/2025\/07\/Sem-titulo-17.png","datePublished":"2025-07-29T21:00:00+00:00","breadcrumb":{"@id":"https:\/\/transamerica93.com.br\/home\/anitta-reaparece-apos-procedimento-estetico-e-web-comenta-nova-aparencia-outra-pessoa\/#breadcrumb"},"inLanguage":"pt-BR","potentialAction":[{"@type":"ReadAction","target":["https:\/\/transamerica93.com.br\/home\/anitta-reaparece-apos-procedimento-estetico-e-web-comenta-nova-aparencia-outra-pessoa\/"]}]},{"@type":"ImageObject","inLanguage":"pt-BR","@id":"https:\/\/transamerica93.com.br\/home\/anitta-reaparece-apos-procedimento-estetico-e-web-comenta-nova-aparencia-outra-pessoa\/#primaryimage","url":"https:\/\/transamerica93.com.br\/home\/wp-content\/uploads\/2025\/07\/Sem-titulo-17.png","contentUrl":"https:\/\/transamerica93.com.br\/home\/wp-content\/uploads\/2025\/07\/Sem-titulo-17.png","width":1020,"height":590},{"@type":"BreadcrumbList","@id":"https:\/\/transamerica93.com.br\/home\/anitta-reaparece-apos-procedimento-estetico-e-web-comenta-nova-aparencia-outra-pessoa\/#breadcrumb","itemListElement":[{"@type":"ListItem","position":1,"name":"In\u00edcio","item":"https:\/\/transamerica93.com.br\/home\/"},{"@type":"ListItem","position":2,"name":"Anitta reaparece ap\u00f3s procedimento est\u00e9tico e web comenta nova apar\u00eancia: &#8216;outra pessoa&#8217;"}]},{"@type":"WebSite","@id":"https:\/\/transamerica93.com.br\/home\/#website","url":"https:\/\/transamerica93.com.br\/home\/","name":"Transam\u00e9rica Mococa 93,3","description":"","publisher":{"@id":"https:\/\/transamerica93.com.br\/home\/#organization"},"potentialAction":[{"@type":"SearchAction","target":{"@type":"EntryPoint","urlTemplate":"https:\/\/transamerica93.com.br\/home\/?s={search_term_string}"},"query-input":{"@type":"PropertyValueSpecification","valueRequired":true,"valueName":"search_term_string"}}],"inLanguage":"pt-BR"},{"@type":"Organization","@id":"https:\/\/transamerica93.com.br\/home\/#organization","name":"Transam\u00e9rica Mococa 93,3","url":"https:\/\/transamerica93.com.br\/home\/","logo":{"@type":"ImageObject","inLanguage":"pt-BR","@id":"https:\/\/transamerica93.com.br\/home\/#\/schema\/logo\/image\/","url":"https:\/\/transamerica93.com.br\/home\/wp-content\/uploads\/2023\/10\/logo2.png","contentUrl":"https:\/\/transamerica93.com.br\/home\/wp-content\/uploads\/2023\/10\/logo2.png","width":800,"height":500,"caption":"Transam\u00e9rica Mococa 93,3"},"image":{"@id":"https:\/\/transamerica93.com.br\/home\/#\/schema\/logo\/image\/"},"sameAs":["https:\/\/www.facebook.com\/transamericamococa","https:\/\/x.com\/transamerica933","https:\/\/www.instagram.com\/transamericamococa"]},{"@type":"Person","@id":"https:\/\/transamerica93.com.br\/home\/#\/schema\/person\/7fed7c99c0d4562efa8561bc0f543172","name":"Reda\u00e7\u00e3o","image":{"@type":"ImageObject","inLanguage":"pt-BR","@id":"https:\/\/secure.gravatar.com\/avatar\/1072c6b775fb02ef8506ce967551d95926669a6b7d2c2147b42eea4d7c68395e?s=96&d=mm&r=g","url":"https:\/\/secure.gravatar.com\/avatar\/1072c6b775fb02ef8506ce967551d95926669a6b7d2c2147b42eea4d7c68395e?s=96&d=mm&r=g","contentUrl":"https:\/\/secure.gravatar.com\/avatar\/1072c6b775fb02ef8506ce967551d95926669a6b7d2c2147b42eea4d7c68395e?s=96&d=mm&r=g","caption":"Reda\u00e7\u00e3o"},"sameAs":["https:\/\/transamerica93.com.br\/home"],"url":"https:\/\/transamerica93.com.br\/home\/author\/william\/"}]}},"_links":{"self":[{"href":"https:\/\/transamerica93.com.br\/home\/wp-json\/wp\/v2\/posts\/6055","targetHints":{"allow":["GET"]}}],"collection":[{"href":"https:\/\/transamerica93.com.br\/home\/wp-json\/wp\/v2\/posts"}],"about":[{"href":"https:\/\/transamerica93.com.br\/home\/wp-json\/wp\/v2\/types\/post"}],"author":[{"embeddable":true,"href":"https:\/\/transamerica93.com.br\/home\/wp-json\/wp\/v2\/users\/1"}],"replies":[{"embeddable":true,"href":"https:\/\/transamerica93.com.br\/home\/wp-json\/wp\/v2\/comments?post=6055"}],"version-history":[{"count":1,"href":"https:\/\/transamerica93.com.br\/home\/wp-json\/wp\/v2\/posts\/6055\/revisions"}],"predecessor-version":[{"id":6057,"href":"https:\/\/transamerica93.com.br\/home\/wp-json\/wp\/v2\/posts\/6055\/revisions\/6057"}],"wp:featuredmedia":[{"embeddable":true,"href":"https:\/\/transamerica93.com.br\/home\/wp-json\/wp\/v2\/media\/6056"}],"wp:attachment":[{"href":"https:\/\/transamerica93.com.br\/home\/wp-json\/wp\/v2\/media?parent=6055"}],"wp:term":[{"taxonomy":"category","embeddable":true,"href":"https:\/\/transamerica93.com.br\/home\/wp-json\/wp\/v2\/categories?post=6055"},{"taxonomy":"post_tag","embeddable":true,"href":"https:\/\/transamerica93.com.br\/home\/wp-json\/wp\/v2\/tags?post=6055"}],"curies":[{"name":"wp","href":"https:\/\/api.w.org\/{rel}","templated":true}]}}