{"id":6058,"date":"2025-07-30T18:00:27","date_gmt":"2025-07-30T21:00:27","guid":{"rendered":"https:\/\/transamerica93.com.br\/home\/?p=6058"},"modified":"2025-07-02T14:54:29","modified_gmt":"2025-07-02T17:54:29","slug":"fernanda-montenegro-anuncia-turne-teatral-pelo-brasil-aos-95-anos","status":"publish","type":"post","link":"https:\/\/transamerica93.com.br\/home\/fernanda-montenegro-anuncia-turne-teatral-pelo-brasil-aos-95-anos\/","title":{"rendered":"Fernanda Montenegro anuncia turn\u00ea teatral pelo Brasil aos 95 anos"},"content":{"rendered":"<div id=\"Corpo\">\n<h6 class=\"Assina\">Por Reda\u00e7\u00e3o O Estado de S. Paulo<\/h6>\n<p>Fernanda Montenegro anunciou que far\u00e1 uma turn\u00ea de teatro pelo Brasil. Atualmente, ela est\u00e1 em cartaz com\u00a0<i>Nelson Rodrigues por Ele Mesmo<\/i>\u00a0e\u00a0<i>Fernanda Montenegro l\u00ea Simone de Beauvoir<\/i>, no Rio de Janeiro. Ainda n\u00e3o foi confirmado se haver\u00e1 apresenta\u00e7\u00e3o na cidade de S\u00e3o Paulo.<\/p>\n<p>O an\u00fancio foi feito em seu perfil oficial de Instagram e no da produtora Trignonos. Num v\u00eddeo, uma voz pergunta \u00e0 atriz: &#8220;Fernanda. Ouvi dizer que ap\u00f3s a temporada no Rio de Janeiro voc\u00ea vai fazer turn\u00ea&#8230;&#8221;. &#8220;\u00c9 isso mesmo! Estou aqui para dizer o seguinte: do Rio de Janeiro para o Brasil. L\u00e1 vou eu!&#8221;, responde a veterana.<\/p>\n<p>O di\u00e1logo segue: &#8220;Mas aos 96 anos [anivers\u00e1rio em 16 de outubro], fazendo turn\u00ea de teatro?&#8221; &#8220;\u00c9 isso mesmo! Com coragem!&#8221; Ainda n\u00e3o foram divulgados mais detalhes sobre a turn\u00ea, como datas ou locais. &#8220;Adivinhem quais ser\u00e3o as pr\u00f3ximas cidades&#8221;, sugere a legenda da postagem.<\/p>\n<p><b>Confira mais detalhes sobre os espet\u00e1culos anunciados at\u00e9 o momento.<\/p>\n<p>Fernanda Montenegro em &#8216;Nelson Rodrigues por Ele Mesmo&#8217;<\/b><\/p>\n<p>&#8211; Rio de Janeiro &#8211; s\u00e1bados, 12, 19 e 26 de julho, \u00e0s 20h30.<\/p>\n<p>&#8211; Teatro Multiplan, Village Mall.<\/p>\n<p>&#8211; Ingressos entre R$ 130 e R$ 380 + taxas.<\/p>\n<p><b>&#8216;Fernanda Monenetro l\u00ea Simone de Beauvoir&#8217;<\/b><\/p>\n<p>&#8211; Rio de Janeiro &#8211; domingos, 13, 20 e 27 de julho, \u00e0s 19h30<\/p>\n<p>&#8211; Teatro Multiplan, Village Mall<\/p>\n<p>&#8211; Ingressos entre R$ 130 e R$ 380 + taxas<\/p>\n<p>Mais informa\u00e7\u00f5es sobre ingressos no site Sympla.<\/p><\/div>\n","protected":false},"excerpt":{"rendered":"<p>Por Reda\u00e7\u00e3o O Estado de S. Paulo Fernanda Montenegro anunciou que far\u00e1 uma turn\u00ea de teatro pelo Brasil. Atualmente, ela est\u00e1 em cartaz com\u00a0Nelson Rodrigues por Ele Mesmo\u00a0e\u00a0Fernanda Montenegro l\u00ea Simone de Beauvoir, no Rio de Janeiro. Ainda n\u00e3o foi confirmado se haver\u00e1 apresenta\u00e7\u00e3o na cidade de S\u00e3o Paulo. O an\u00fancio foi feito em seu &hellip;<\/p>\n","protected":false},"author":1,"featured_media":6059,"comment_status":"closed","ping_status":"closed","sticky":false,"template":"","format":"standard","meta":{"footnotes":""},"categories":[24],"tags":[],"class_list":["post-6058","post","type-post","status-publish","format-standard","has-post-thumbnail","hentry","category-entretenimento"],"yoast_head":"<!-- This site is optimized with the Yoast SEO plugin v27.4 - https:\/\/yoast.com\/product\/yoast-seo-wordpress\/ -->\n<title>Fernanda Montenegro anuncia turn\u00ea teatral pelo Brasil aos 95 anos - Transam\u00e9rica Mococa 93,3<\/title>\n<meta name=\"robots\" content=\"index, follow, max-snippet:-1, max-image-preview:large, max-video-preview:-1\" \/>\n<link rel=\"canonical\" href=\"https:\/\/transamerica93.com.br\/home\/fernanda-montenegro-anuncia-turne-teatral-pelo-brasil-aos-95-anos\/\" \/>\n<meta property=\"og:locale\" content=\"pt_BR\" \/>\n<meta property=\"og:type\" content=\"article\" \/>\n<meta property=\"og:title\" content=\"Fernanda Montenegro anuncia turn\u00ea teatral pelo Brasil aos 95 anos - Transam\u00e9rica Mococa 93,3\" \/>\n<meta property=\"og:description\" content=\"Por Reda\u00e7\u00e3o O Estado de S. Paulo Fernanda Montenegro anunciou que far\u00e1 uma turn\u00ea de teatro pelo Brasil. Atualmente, ela est\u00e1 em cartaz com\u00a0Nelson Rodrigues por Ele Mesmo\u00a0e\u00a0Fernanda Montenegro l\u00ea Simone de Beauvoir, no Rio de Janeiro. Ainda n\u00e3o foi confirmado se haver\u00e1 apresenta\u00e7\u00e3o na cidade de S\u00e3o Paulo. O an\u00fancio foi feito em seu &hellip;\" \/>\n<meta property=\"og:url\" content=\"https:\/\/transamerica93.com.br\/home\/fernanda-montenegro-anuncia-turne-teatral-pelo-brasil-aos-95-anos\/\" \/>\n<meta property=\"og:site_name\" content=\"Transam\u00e9rica Mococa 93,3\" \/>\n<meta property=\"article:publisher\" content=\"https:\/\/www.facebook.com\/transamericamococa\" \/>\n<meta property=\"article:published_time\" content=\"2025-07-30T21:00:27+00:00\" \/>\n<meta property=\"og:image\" content=\"https:\/\/transamerica93.com.br\/home\/wp-content\/uploads\/2025\/07\/Sem-titulo-18.png\" \/>\n\t<meta property=\"og:image:width\" content=\"1920\" \/>\n\t<meta property=\"og:image:height\" content=\"1080\" \/>\n\t<meta property=\"og:image:type\" content=\"image\/png\" \/>\n<meta name=\"author\" content=\"Reda\u00e7\u00e3o\" \/>\n<meta name=\"twitter:card\" content=\"summary_large_image\" \/>\n<meta name=\"twitter:creator\" content=\"@transamerica933\" \/>\n<meta name=\"twitter:site\" content=\"@transamerica933\" \/>\n<meta name=\"twitter:label1\" content=\"Escrito por\" \/>\n\t<meta name=\"twitter:data1\" content=\"Reda\u00e7\u00e3o\" \/>\n\t<meta name=\"twitter:label2\" content=\"Est. tempo de leitura\" \/>\n\t<meta name=\"twitter:data2\" content=\"2 minutos\" \/>\n<script type=\"application\/ld+json\" class=\"yoast-schema-graph\">{\"@context\":\"https:\\\/\\\/schema.org\",\"@graph\":[{\"@type\":\"Article\",\"@id\":\"https:\\\/\\\/transamerica93.com.br\\\/home\\\/fernanda-montenegro-anuncia-turne-teatral-pelo-brasil-aos-95-anos\\\/#article\",\"isPartOf\":{\"@id\":\"https:\\\/\\\/transamerica93.com.br\\\/home\\\/fernanda-montenegro-anuncia-turne-teatral-pelo-brasil-aos-95-anos\\\/\"},\"author\":{\"name\":\"Reda\u00e7\u00e3o\",\"@id\":\"https:\\\/\\\/transamerica93.com.br\\\/home\\\/#\\\/schema\\\/person\\\/7fed7c99c0d4562efa8561bc0f543172\"},\"headline\":\"Fernanda Montenegro anuncia turn\u00ea teatral pelo Brasil aos 95 anos\",\"datePublished\":\"2025-07-30T21:00:27+00:00\",\"mainEntityOfPage\":{\"@id\":\"https:\\\/\\\/transamerica93.com.br\\\/home\\\/fernanda-montenegro-anuncia-turne-teatral-pelo-brasil-aos-95-anos\\\/\"},\"wordCount\":252,\"publisher\":{\"@id\":\"https:\\\/\\\/transamerica93.com.br\\\/home\\\/#organization\"},\"image\":{\"@id\":\"https:\\\/\\\/transamerica93.com.br\\\/home\\\/fernanda-montenegro-anuncia-turne-teatral-pelo-brasil-aos-95-anos\\\/#primaryimage\"},\"thumbnailUrl\":\"https:\\\/\\\/transamerica93.com.br\\\/home\\\/wp-content\\\/uploads\\\/2025\\\/07\\\/Sem-titulo-18.png\",\"articleSection\":[\"Entretenimento\"],\"inLanguage\":\"pt-BR\"},{\"@type\":\"WebPage\",\"@id\":\"https:\\\/\\\/transamerica93.com.br\\\/home\\\/fernanda-montenegro-anuncia-turne-teatral-pelo-brasil-aos-95-anos\\\/\",\"url\":\"https:\\\/\\\/transamerica93.com.br\\\/home\\\/fernanda-montenegro-anuncia-turne-teatral-pelo-brasil-aos-95-anos\\\/\",\"name\":\"Fernanda Montenegro anuncia turn\u00ea teatral pelo Brasil aos 95 anos - Transam\u00e9rica Mococa 93,3\",\"isPartOf\":{\"@id\":\"https:\\\/\\\/transamerica93.com.br\\\/home\\\/#website\"},\"primaryImageOfPage\":{\"@id\":\"https:\\\/\\\/transamerica93.com.br\\\/home\\\/fernanda-montenegro-anuncia-turne-teatral-pelo-brasil-aos-95-anos\\\/#primaryimage\"},\"image\":{\"@id\":\"https:\\\/\\\/transamerica93.com.br\\\/home\\\/fernanda-montenegro-anuncia-turne-teatral-pelo-brasil-aos-95-anos\\\/#primaryimage\"},\"thumbnailUrl\":\"https:\\\/\\\/transamerica93.com.br\\\/home\\\/wp-content\\\/uploads\\\/2025\\\/07\\\/Sem-titulo-18.png\",\"datePublished\":\"2025-07-30T21:00:27+00:00\",\"breadcrumb\":{\"@id\":\"https:\\\/\\\/transamerica93.com.br\\\/home\\\/fernanda-montenegro-anuncia-turne-teatral-pelo-brasil-aos-95-anos\\\/#breadcrumb\"},\"inLanguage\":\"pt-BR\",\"potentialAction\":[{\"@type\":\"ReadAction\",\"target\":[\"https:\\\/\\\/transamerica93.com.br\\\/home\\\/fernanda-montenegro-anuncia-turne-teatral-pelo-brasil-aos-95-anos\\\/\"]}]},{\"@type\":\"ImageObject\",\"inLanguage\":\"pt-BR\",\"@id\":\"https:\\\/\\\/transamerica93.com.br\\\/home\\\/fernanda-montenegro-anuncia-turne-teatral-pelo-brasil-aos-95-anos\\\/#primaryimage\",\"url\":\"https:\\\/\\\/transamerica93.com.br\\\/home\\\/wp-content\\\/uploads\\\/2025\\\/07\\\/Sem-titulo-18.png\",\"contentUrl\":\"https:\\\/\\\/transamerica93.com.br\\\/home\\\/wp-content\\\/uploads\\\/2025\\\/07\\\/Sem-titulo-18.png\",\"width\":1920,\"height\":1080},{\"@type\":\"BreadcrumbList\",\"@id\":\"https:\\\/\\\/transamerica93.com.br\\\/home\\\/fernanda-montenegro-anuncia-turne-teatral-pelo-brasil-aos-95-anos\\\/#breadcrumb\",\"itemListElement\":[{\"@type\":\"ListItem\",\"position\":1,\"name\":\"In\u00edcio\",\"item\":\"https:\\\/\\\/transamerica93.com.br\\\/home\\\/\"},{\"@type\":\"ListItem\",\"position\":2,\"name\":\"Fernanda Montenegro anuncia turn\u00ea teatral pelo Brasil aos 95 anos\"}]},{\"@type\":\"WebSite\",\"@id\":\"https:\\\/\\\/transamerica93.com.br\\\/home\\\/#website\",\"url\":\"https:\\\/\\\/transamerica93.com.br\\\/home\\\/\",\"name\":\"Transam\u00e9rica Mococa 93,3\",\"description\":\"\",\"publisher\":{\"@id\":\"https:\\\/\\\/transamerica93.com.br\\\/home\\\/#organization\"},\"potentialAction\":[{\"@type\":\"SearchAction\",\"target\":{\"@type\":\"EntryPoint\",\"urlTemplate\":\"https:\\\/\\\/transamerica93.com.br\\\/home\\\/?s={search_term_string}\"},\"query-input\":{\"@type\":\"PropertyValueSpecification\",\"valueRequired\":true,\"valueName\":\"search_term_string\"}}],\"inLanguage\":\"pt-BR\"},{\"@type\":\"Organization\",\"@id\":\"https:\\\/\\\/transamerica93.com.br\\\/home\\\/#organization\",\"name\":\"Transam\u00e9rica Mococa 93,3\",\"url\":\"https:\\\/\\\/transamerica93.com.br\\\/home\\\/\",\"logo\":{\"@type\":\"ImageObject\",\"inLanguage\":\"pt-BR\",\"@id\":\"https:\\\/\\\/transamerica93.com.br\\\/home\\\/#\\\/schema\\\/logo\\\/image\\\/\",\"url\":\"https:\\\/\\\/transamerica93.com.br\\\/home\\\/wp-content\\\/uploads\\\/2023\\\/10\\\/logo2.png\",\"contentUrl\":\"https:\\\/\\\/transamerica93.com.br\\\/home\\\/wp-content\\\/uploads\\\/2023\\\/10\\\/logo2.png\",\"width\":800,\"height\":500,\"caption\":\"Transam\u00e9rica Mococa 93,3\"},\"image\":{\"@id\":\"https:\\\/\\\/transamerica93.com.br\\\/home\\\/#\\\/schema\\\/logo\\\/image\\\/\"},\"sameAs\":[\"https:\\\/\\\/www.facebook.com\\\/transamericamococa\",\"https:\\\/\\\/x.com\\\/transamerica933\",\"https:\\\/\\\/www.instagram.com\\\/transamericamococa\"]},{\"@type\":\"Person\",\"@id\":\"https:\\\/\\\/transamerica93.com.br\\\/home\\\/#\\\/schema\\\/person\\\/7fed7c99c0d4562efa8561bc0f543172\",\"name\":\"Reda\u00e7\u00e3o\",\"image\":{\"@type\":\"ImageObject\",\"inLanguage\":\"pt-BR\",\"@id\":\"https:\\\/\\\/secure.gravatar.com\\\/avatar\\\/1072c6b775fb02ef8506ce967551d95926669a6b7d2c2147b42eea4d7c68395e?s=96&d=mm&r=g\",\"url\":\"https:\\\/\\\/secure.gravatar.com\\\/avatar\\\/1072c6b775fb02ef8506ce967551d95926669a6b7d2c2147b42eea4d7c68395e?s=96&d=mm&r=g\",\"contentUrl\":\"https:\\\/\\\/secure.gravatar.com\\\/avatar\\\/1072c6b775fb02ef8506ce967551d95926669a6b7d2c2147b42eea4d7c68395e?s=96&d=mm&r=g\",\"caption\":\"Reda\u00e7\u00e3o\"},\"sameAs\":[\"https:\\\/\\\/transamerica93.com.br\\\/home\"],\"url\":\"https:\\\/\\\/transamerica93.com.br\\\/home\\\/author\\\/william\\\/\"}]}<\/script>\n<!-- \/ Yoast SEO plugin. -->","yoast_head_json":{"title":"Fernanda Montenegro anuncia turn\u00ea teatral pelo Brasil aos 95 anos - Transam\u00e9rica Mococa 93,3","robots":{"index":"index","follow":"follow","max-snippet":"max-snippet:-1","max-image-preview":"max-image-preview:large","max-video-preview":"max-video-preview:-1"},"canonical":"https:\/\/transamerica93.com.br\/home\/fernanda-montenegro-anuncia-turne-teatral-pelo-brasil-aos-95-anos\/","og_locale":"pt_BR","og_type":"article","og_title":"Fernanda Montenegro anuncia turn\u00ea teatral pelo Brasil aos 95 anos - Transam\u00e9rica Mococa 93,3","og_description":"Por Reda\u00e7\u00e3o O Estado de S. Paulo Fernanda Montenegro anunciou que far\u00e1 uma turn\u00ea de teatro pelo Brasil. Atualmente, ela est\u00e1 em cartaz com\u00a0Nelson Rodrigues por Ele Mesmo\u00a0e\u00a0Fernanda Montenegro l\u00ea Simone de Beauvoir, no Rio de Janeiro. Ainda n\u00e3o foi confirmado se haver\u00e1 apresenta\u00e7\u00e3o na cidade de S\u00e3o Paulo. O an\u00fancio foi feito em seu &hellip;","og_url":"https:\/\/transamerica93.com.br\/home\/fernanda-montenegro-anuncia-turne-teatral-pelo-brasil-aos-95-anos\/","og_site_name":"Transam\u00e9rica Mococa 93,3","article_publisher":"https:\/\/www.facebook.com\/transamericamococa","article_published_time":"2025-07-30T21:00:27+00:00","og_image":[{"width":1920,"height":1080,"url":"https:\/\/transamerica93.com.br\/home\/wp-content\/uploads\/2025\/07\/Sem-titulo-18.png","type":"image\/png"}],"author":"Reda\u00e7\u00e3o","twitter_card":"summary_large_image","twitter_creator":"@transamerica933","twitter_site":"@transamerica933","twitter_misc":{"Escrito por":"Reda\u00e7\u00e3o","Est. tempo de leitura":"2 minutos"},"schema":{"@context":"https:\/\/schema.org","@graph":[{"@type":"Article","@id":"https:\/\/transamerica93.com.br\/home\/fernanda-montenegro-anuncia-turne-teatral-pelo-brasil-aos-95-anos\/#article","isPartOf":{"@id":"https:\/\/transamerica93.com.br\/home\/fernanda-montenegro-anuncia-turne-teatral-pelo-brasil-aos-95-anos\/"},"author":{"name":"Reda\u00e7\u00e3o","@id":"https:\/\/transamerica93.com.br\/home\/#\/schema\/person\/7fed7c99c0d4562efa8561bc0f543172"},"headline":"Fernanda Montenegro anuncia turn\u00ea teatral pelo Brasil aos 95 anos","datePublished":"2025-07-30T21:00:27+00:00","mainEntityOfPage":{"@id":"https:\/\/transamerica93.com.br\/home\/fernanda-montenegro-anuncia-turne-teatral-pelo-brasil-aos-95-anos\/"},"wordCount":252,"publisher":{"@id":"https:\/\/transamerica93.com.br\/home\/#organization"},"image":{"@id":"https:\/\/transamerica93.com.br\/home\/fernanda-montenegro-anuncia-turne-teatral-pelo-brasil-aos-95-anos\/#primaryimage"},"thumbnailUrl":"https:\/\/transamerica93.com.br\/home\/wp-content\/uploads\/2025\/07\/Sem-titulo-18.png","articleSection":["Entretenimento"],"inLanguage":"pt-BR"},{"@type":"WebPage","@id":"https:\/\/transamerica93.com.br\/home\/fernanda-montenegro-anuncia-turne-teatral-pelo-brasil-aos-95-anos\/","url":"https:\/\/transamerica93.com.br\/home\/fernanda-montenegro-anuncia-turne-teatral-pelo-brasil-aos-95-anos\/","name":"Fernanda Montenegro anuncia turn\u00ea teatral pelo Brasil aos 95 anos - Transam\u00e9rica Mococa 93,3","isPartOf":{"@id":"https:\/\/transamerica93.com.br\/home\/#website"},"primaryImageOfPage":{"@id":"https:\/\/transamerica93.com.br\/home\/fernanda-montenegro-anuncia-turne-teatral-pelo-brasil-aos-95-anos\/#primaryimage"},"image":{"@id":"https:\/\/transamerica93.com.br\/home\/fernanda-montenegro-anuncia-turne-teatral-pelo-brasil-aos-95-anos\/#primaryimage"},"thumbnailUrl":"https:\/\/transamerica93.com.br\/home\/wp-content\/uploads\/2025\/07\/Sem-titulo-18.png","datePublished":"2025-07-30T21:00:27+00:00","breadcrumb":{"@id":"https:\/\/transamerica93.com.br\/home\/fernanda-montenegro-anuncia-turne-teatral-pelo-brasil-aos-95-anos\/#breadcrumb"},"inLanguage":"pt-BR","potentialAction":[{"@type":"ReadAction","target":["https:\/\/transamerica93.com.br\/home\/fernanda-montenegro-anuncia-turne-teatral-pelo-brasil-aos-95-anos\/"]}]},{"@type":"ImageObject","inLanguage":"pt-BR","@id":"https:\/\/transamerica93.com.br\/home\/fernanda-montenegro-anuncia-turne-teatral-pelo-brasil-aos-95-anos\/#primaryimage","url":"https:\/\/transamerica93.com.br\/home\/wp-content\/uploads\/2025\/07\/Sem-titulo-18.png","contentUrl":"https:\/\/transamerica93.com.br\/home\/wp-content\/uploads\/2025\/07\/Sem-titulo-18.png","width":1920,"height":1080},{"@type":"BreadcrumbList","@id":"https:\/\/transamerica93.com.br\/home\/fernanda-montenegro-anuncia-turne-teatral-pelo-brasil-aos-95-anos\/#breadcrumb","itemListElement":[{"@type":"ListItem","position":1,"name":"In\u00edcio","item":"https:\/\/transamerica93.com.br\/home\/"},{"@type":"ListItem","position":2,"name":"Fernanda Montenegro anuncia turn\u00ea teatral pelo Brasil aos 95 anos"}]},{"@type":"WebSite","@id":"https:\/\/transamerica93.com.br\/home\/#website","url":"https:\/\/transamerica93.com.br\/home\/","name":"Transam\u00e9rica Mococa 93,3","description":"","publisher":{"@id":"https:\/\/transamerica93.com.br\/home\/#organization"},"potentialAction":[{"@type":"SearchAction","target":{"@type":"EntryPoint","urlTemplate":"https:\/\/transamerica93.com.br\/home\/?s={search_term_string}"},"query-input":{"@type":"PropertyValueSpecification","valueRequired":true,"valueName":"search_term_string"}}],"inLanguage":"pt-BR"},{"@type":"Organization","@id":"https:\/\/transamerica93.com.br\/home\/#organization","name":"Transam\u00e9rica Mococa 93,3","url":"https:\/\/transamerica93.com.br\/home\/","logo":{"@type":"ImageObject","inLanguage":"pt-BR","@id":"https:\/\/transamerica93.com.br\/home\/#\/schema\/logo\/image\/","url":"https:\/\/transamerica93.com.br\/home\/wp-content\/uploads\/2023\/10\/logo2.png","contentUrl":"https:\/\/transamerica93.com.br\/home\/wp-content\/uploads\/2023\/10\/logo2.png","width":800,"height":500,"caption":"Transam\u00e9rica Mococa 93,3"},"image":{"@id":"https:\/\/transamerica93.com.br\/home\/#\/schema\/logo\/image\/"},"sameAs":["https:\/\/www.facebook.com\/transamericamococa","https:\/\/x.com\/transamerica933","https:\/\/www.instagram.com\/transamericamococa"]},{"@type":"Person","@id":"https:\/\/transamerica93.com.br\/home\/#\/schema\/person\/7fed7c99c0d4562efa8561bc0f543172","name":"Reda\u00e7\u00e3o","image":{"@type":"ImageObject","inLanguage":"pt-BR","@id":"https:\/\/secure.gravatar.com\/avatar\/1072c6b775fb02ef8506ce967551d95926669a6b7d2c2147b42eea4d7c68395e?s=96&d=mm&r=g","url":"https:\/\/secure.gravatar.com\/avatar\/1072c6b775fb02ef8506ce967551d95926669a6b7d2c2147b42eea4d7c68395e?s=96&d=mm&r=g","contentUrl":"https:\/\/secure.gravatar.com\/avatar\/1072c6b775fb02ef8506ce967551d95926669a6b7d2c2147b42eea4d7c68395e?s=96&d=mm&r=g","caption":"Reda\u00e7\u00e3o"},"sameAs":["https:\/\/transamerica93.com.br\/home"],"url":"https:\/\/transamerica93.com.br\/home\/author\/william\/"}]}},"_links":{"self":[{"href":"https:\/\/transamerica93.com.br\/home\/wp-json\/wp\/v2\/posts\/6058","targetHints":{"allow":["GET"]}}],"collection":[{"href":"https:\/\/transamerica93.com.br\/home\/wp-json\/wp\/v2\/posts"}],"about":[{"href":"https:\/\/transamerica93.com.br\/home\/wp-json\/wp\/v2\/types\/post"}],"author":[{"embeddable":true,"href":"https:\/\/transamerica93.com.br\/home\/wp-json\/wp\/v2\/users\/1"}],"replies":[{"embeddable":true,"href":"https:\/\/transamerica93.com.br\/home\/wp-json\/wp\/v2\/comments?post=6058"}],"version-history":[{"count":1,"href":"https:\/\/transamerica93.com.br\/home\/wp-json\/wp\/v2\/posts\/6058\/revisions"}],"predecessor-version":[{"id":6060,"href":"https:\/\/transamerica93.com.br\/home\/wp-json\/wp\/v2\/posts\/6058\/revisions\/6060"}],"wp:featuredmedia":[{"embeddable":true,"href":"https:\/\/transamerica93.com.br\/home\/wp-json\/wp\/v2\/media\/6059"}],"wp:attachment":[{"href":"https:\/\/transamerica93.com.br\/home\/wp-json\/wp\/v2\/media?parent=6058"}],"wp:term":[{"taxonomy":"category","embeddable":true,"href":"https:\/\/transamerica93.com.br\/home\/wp-json\/wp\/v2\/categories?post=6058"},{"taxonomy":"post_tag","embeddable":true,"href":"https:\/\/transamerica93.com.br\/home\/wp-json\/wp\/v2\/tags?post=6058"}],"curies":[{"name":"wp","href":"https:\/\/api.w.org\/{rel}","templated":true}]}}