{"id":6061,"date":"2025-07-31T18:00:29","date_gmt":"2025-07-31T21:00:29","guid":{"rendered":"https:\/\/transamerica93.com.br\/home\/?p=6061"},"modified":"2025-07-02T14:56:39","modified_gmt":"2025-07-02T17:56:39","slug":"preta-gil-mostra-momentos-de-confraternizacao-ao-lado-dos-amigos-durante-tratamento","status":"publish","type":"post","link":"https:\/\/transamerica93.com.br\/home\/preta-gil-mostra-momentos-de-confraternizacao-ao-lado-dos-amigos-durante-tratamento\/","title":{"rendered":"Preta Gil mostra momentos de confraterniza\u00e7\u00e3o ao lado dos amigos durante tratamento"},"content":{"rendered":"<p>Por Renata Nogueira<\/p>\n<p>Em tratamento experimental nos Estados Unidos contra o c\u00e2ncer, Preta Gil mostrou parte de sua rede de apoio no pa\u00eds em alguns stories de seu perfil no Instagram. A cantora e empres\u00e1ria compartilhou os momentos de intimidade ao lado de Gominho, Malu Barbosa, Ju de Paulla e Duh Marinho.<\/p>\n<p>Gominho \u00e9 um dos amigos que est\u00e1 acompanhando o tratamento de Preta Gil contra o c\u00e2ncer desde o primeiro diagn\u00f3stico, no in\u00edcio de 2023. Em um dos v\u00eddeos postados pela cantora, ele conta que viajou do Brasil at\u00e9 os EUA s\u00f3 para ver a amiga e pretende voltar no final do m\u00eas.<\/p>\n<p>Preta Gil foi para os Estados Unidos no dia 13 de maio para iniciar o novo tratamento contra o c\u00e2ncer. H\u00e1 um m\u00eas, a cantora trocou Nova York por Washington, onde foi aprovada para testar um medicamento em tratamento experimental.<\/p>\n<p>Durante a estadia nos EUA, Preta tem recebido visitas de familiares e amigos do meio art\u00edstico. J\u00e1 estiveram com a cantora na capital nova-iorquina a madrasta Flora Gil, as irm\u00e3s Bela Gil e Maria Gil, al\u00e9m de amigos como a atriz Claudia Raia, o ex-diretor da Globo, Boni, a apresentadora Sabrina Sato e a cantora Ivete Sangalo.<\/p>\n","protected":false},"excerpt":{"rendered":"<p>Por Renata Nogueira Em tratamento experimental nos Estados Unidos contra o c\u00e2ncer, Preta Gil mostrou parte de sua rede de apoio no pa\u00eds em alguns stories de seu perfil no Instagram. A cantora e empres\u00e1ria compartilhou os momentos de intimidade ao lado de Gominho, Malu Barbosa, Ju de Paulla e Duh Marinho. Gominho \u00e9 um &hellip;<\/p>\n","protected":false},"author":1,"featured_media":6062,"comment_status":"closed","ping_status":"closed","sticky":false,"template":"","format":"standard","meta":{"footnotes":""},"categories":[24],"tags":[],"class_list":["post-6061","post","type-post","status-publish","format-standard","has-post-thumbnail","hentry","category-entretenimento"],"yoast_head":"<!-- This site is optimized with the Yoast SEO plugin v27.4 - https:\/\/yoast.com\/product\/yoast-seo-wordpress\/ -->\n<title>Preta Gil mostra momentos de confraterniza\u00e7\u00e3o ao lado dos amigos durante tratamento - Transam\u00e9rica Mococa 93,3<\/title>\n<meta name=\"robots\" content=\"index, follow, max-snippet:-1, max-image-preview:large, max-video-preview:-1\" \/>\n<link rel=\"canonical\" href=\"https:\/\/transamerica93.com.br\/home\/preta-gil-mostra-momentos-de-confraternizacao-ao-lado-dos-amigos-durante-tratamento\/\" \/>\n<meta property=\"og:locale\" content=\"pt_BR\" \/>\n<meta property=\"og:type\" content=\"article\" \/>\n<meta property=\"og:title\" content=\"Preta Gil mostra momentos de confraterniza\u00e7\u00e3o ao lado dos amigos durante tratamento - Transam\u00e9rica Mococa 93,3\" \/>\n<meta property=\"og:description\" content=\"Por Renata Nogueira Em tratamento experimental nos Estados Unidos contra o c\u00e2ncer, Preta Gil mostrou parte de sua rede de apoio no pa\u00eds em alguns stories de seu perfil no Instagram. A cantora e empres\u00e1ria compartilhou os momentos de intimidade ao lado de Gominho, Malu Barbosa, Ju de Paulla e Duh Marinho. Gominho \u00e9 um &hellip;\" \/>\n<meta property=\"og:url\" content=\"https:\/\/transamerica93.com.br\/home\/preta-gil-mostra-momentos-de-confraternizacao-ao-lado-dos-amigos-durante-tratamento\/\" \/>\n<meta property=\"og:site_name\" content=\"Transam\u00e9rica Mococa 93,3\" \/>\n<meta property=\"article:publisher\" content=\"https:\/\/www.facebook.com\/transamericamococa\" \/>\n<meta property=\"article:published_time\" content=\"2025-07-31T21:00:29+00:00\" \/>\n<meta property=\"og:image\" content=\"https:\/\/transamerica93.com.br\/home\/wp-content\/uploads\/2025\/07\/Sem-titulo-19-1024x576.png\" \/>\n\t<meta property=\"og:image:width\" content=\"1024\" \/>\n\t<meta property=\"og:image:height\" content=\"576\" \/>\n\t<meta property=\"og:image:type\" content=\"image\/png\" \/>\n<meta name=\"author\" content=\"Reda\u00e7\u00e3o\" \/>\n<meta name=\"twitter:card\" content=\"summary_large_image\" \/>\n<meta name=\"twitter:creator\" content=\"@transamerica933\" \/>\n<meta name=\"twitter:site\" content=\"@transamerica933\" \/>\n<meta name=\"twitter:label1\" content=\"Escrito por\" \/>\n\t<meta name=\"twitter:data1\" content=\"Reda\u00e7\u00e3o\" \/>\n\t<meta name=\"twitter:label2\" content=\"Est. tempo de leitura\" \/>\n\t<meta name=\"twitter:data2\" content=\"2 minutos\" \/>\n<script type=\"application\/ld+json\" class=\"yoast-schema-graph\">{\"@context\":\"https:\\\/\\\/schema.org\",\"@graph\":[{\"@type\":\"Article\",\"@id\":\"https:\\\/\\\/transamerica93.com.br\\\/home\\\/preta-gil-mostra-momentos-de-confraternizacao-ao-lado-dos-amigos-durante-tratamento\\\/#article\",\"isPartOf\":{\"@id\":\"https:\\\/\\\/transamerica93.com.br\\\/home\\\/preta-gil-mostra-momentos-de-confraternizacao-ao-lado-dos-amigos-durante-tratamento\\\/\"},\"author\":{\"name\":\"Reda\u00e7\u00e3o\",\"@id\":\"https:\\\/\\\/transamerica93.com.br\\\/home\\\/#\\\/schema\\\/person\\\/7fed7c99c0d4562efa8561bc0f543172\"},\"headline\":\"Preta Gil mostra momentos de confraterniza\u00e7\u00e3o ao lado dos amigos durante tratamento\",\"datePublished\":\"2025-07-31T21:00:29+00:00\",\"mainEntityOfPage\":{\"@id\":\"https:\\\/\\\/transamerica93.com.br\\\/home\\\/preta-gil-mostra-momentos-de-confraternizacao-ao-lado-dos-amigos-durante-tratamento\\\/\"},\"wordCount\":224,\"publisher\":{\"@id\":\"https:\\\/\\\/transamerica93.com.br\\\/home\\\/#organization\"},\"image\":{\"@id\":\"https:\\\/\\\/transamerica93.com.br\\\/home\\\/preta-gil-mostra-momentos-de-confraternizacao-ao-lado-dos-amigos-durante-tratamento\\\/#primaryimage\"},\"thumbnailUrl\":\"https:\\\/\\\/transamerica93.com.br\\\/home\\\/wp-content\\\/uploads\\\/2025\\\/07\\\/Sem-titulo-19.png\",\"articleSection\":[\"Entretenimento\"],\"inLanguage\":\"pt-BR\"},{\"@type\":\"WebPage\",\"@id\":\"https:\\\/\\\/transamerica93.com.br\\\/home\\\/preta-gil-mostra-momentos-de-confraternizacao-ao-lado-dos-amigos-durante-tratamento\\\/\",\"url\":\"https:\\\/\\\/transamerica93.com.br\\\/home\\\/preta-gil-mostra-momentos-de-confraternizacao-ao-lado-dos-amigos-durante-tratamento\\\/\",\"name\":\"Preta Gil mostra momentos de confraterniza\u00e7\u00e3o ao lado dos amigos durante tratamento - Transam\u00e9rica Mococa 93,3\",\"isPartOf\":{\"@id\":\"https:\\\/\\\/transamerica93.com.br\\\/home\\\/#website\"},\"primaryImageOfPage\":{\"@id\":\"https:\\\/\\\/transamerica93.com.br\\\/home\\\/preta-gil-mostra-momentos-de-confraternizacao-ao-lado-dos-amigos-durante-tratamento\\\/#primaryimage\"},\"image\":{\"@id\":\"https:\\\/\\\/transamerica93.com.br\\\/home\\\/preta-gil-mostra-momentos-de-confraternizacao-ao-lado-dos-amigos-durante-tratamento\\\/#primaryimage\"},\"thumbnailUrl\":\"https:\\\/\\\/transamerica93.com.br\\\/home\\\/wp-content\\\/uploads\\\/2025\\\/07\\\/Sem-titulo-19.png\",\"datePublished\":\"2025-07-31T21:00:29+00:00\",\"breadcrumb\":{\"@id\":\"https:\\\/\\\/transamerica93.com.br\\\/home\\\/preta-gil-mostra-momentos-de-confraternizacao-ao-lado-dos-amigos-durante-tratamento\\\/#breadcrumb\"},\"inLanguage\":\"pt-BR\",\"potentialAction\":[{\"@type\":\"ReadAction\",\"target\":[\"https:\\\/\\\/transamerica93.com.br\\\/home\\\/preta-gil-mostra-momentos-de-confraternizacao-ao-lado-dos-amigos-durante-tratamento\\\/\"]}]},{\"@type\":\"ImageObject\",\"inLanguage\":\"pt-BR\",\"@id\":\"https:\\\/\\\/transamerica93.com.br\\\/home\\\/preta-gil-mostra-momentos-de-confraternizacao-ao-lado-dos-amigos-durante-tratamento\\\/#primaryimage\",\"url\":\"https:\\\/\\\/transamerica93.com.br\\\/home\\\/wp-content\\\/uploads\\\/2025\\\/07\\\/Sem-titulo-19.png\",\"contentUrl\":\"https:\\\/\\\/transamerica93.com.br\\\/home\\\/wp-content\\\/uploads\\\/2025\\\/07\\\/Sem-titulo-19.png\",\"width\":1920,\"height\":1080},{\"@type\":\"BreadcrumbList\",\"@id\":\"https:\\\/\\\/transamerica93.com.br\\\/home\\\/preta-gil-mostra-momentos-de-confraternizacao-ao-lado-dos-amigos-durante-tratamento\\\/#breadcrumb\",\"itemListElement\":[{\"@type\":\"ListItem\",\"position\":1,\"name\":\"In\u00edcio\",\"item\":\"https:\\\/\\\/transamerica93.com.br\\\/home\\\/\"},{\"@type\":\"ListItem\",\"position\":2,\"name\":\"Preta Gil mostra momentos de confraterniza\u00e7\u00e3o ao lado dos amigos durante tratamento\"}]},{\"@type\":\"WebSite\",\"@id\":\"https:\\\/\\\/transamerica93.com.br\\\/home\\\/#website\",\"url\":\"https:\\\/\\\/transamerica93.com.br\\\/home\\\/\",\"name\":\"Transam\u00e9rica Mococa 93,3\",\"description\":\"\",\"publisher\":{\"@id\":\"https:\\\/\\\/transamerica93.com.br\\\/home\\\/#organization\"},\"potentialAction\":[{\"@type\":\"SearchAction\",\"target\":{\"@type\":\"EntryPoint\",\"urlTemplate\":\"https:\\\/\\\/transamerica93.com.br\\\/home\\\/?s={search_term_string}\"},\"query-input\":{\"@type\":\"PropertyValueSpecification\",\"valueRequired\":true,\"valueName\":\"search_term_string\"}}],\"inLanguage\":\"pt-BR\"},{\"@type\":\"Organization\",\"@id\":\"https:\\\/\\\/transamerica93.com.br\\\/home\\\/#organization\",\"name\":\"Transam\u00e9rica Mococa 93,3\",\"url\":\"https:\\\/\\\/transamerica93.com.br\\\/home\\\/\",\"logo\":{\"@type\":\"ImageObject\",\"inLanguage\":\"pt-BR\",\"@id\":\"https:\\\/\\\/transamerica93.com.br\\\/home\\\/#\\\/schema\\\/logo\\\/image\\\/\",\"url\":\"https:\\\/\\\/transamerica93.com.br\\\/home\\\/wp-content\\\/uploads\\\/2023\\\/10\\\/logo2.png\",\"contentUrl\":\"https:\\\/\\\/transamerica93.com.br\\\/home\\\/wp-content\\\/uploads\\\/2023\\\/10\\\/logo2.png\",\"width\":800,\"height\":500,\"caption\":\"Transam\u00e9rica Mococa 93,3\"},\"image\":{\"@id\":\"https:\\\/\\\/transamerica93.com.br\\\/home\\\/#\\\/schema\\\/logo\\\/image\\\/\"},\"sameAs\":[\"https:\\\/\\\/www.facebook.com\\\/transamericamococa\",\"https:\\\/\\\/x.com\\\/transamerica933\",\"https:\\\/\\\/www.instagram.com\\\/transamericamococa\"]},{\"@type\":\"Person\",\"@id\":\"https:\\\/\\\/transamerica93.com.br\\\/home\\\/#\\\/schema\\\/person\\\/7fed7c99c0d4562efa8561bc0f543172\",\"name\":\"Reda\u00e7\u00e3o\",\"image\":{\"@type\":\"ImageObject\",\"inLanguage\":\"pt-BR\",\"@id\":\"https:\\\/\\\/secure.gravatar.com\\\/avatar\\\/1072c6b775fb02ef8506ce967551d95926669a6b7d2c2147b42eea4d7c68395e?s=96&d=mm&r=g\",\"url\":\"https:\\\/\\\/secure.gravatar.com\\\/avatar\\\/1072c6b775fb02ef8506ce967551d95926669a6b7d2c2147b42eea4d7c68395e?s=96&d=mm&r=g\",\"contentUrl\":\"https:\\\/\\\/secure.gravatar.com\\\/avatar\\\/1072c6b775fb02ef8506ce967551d95926669a6b7d2c2147b42eea4d7c68395e?s=96&d=mm&r=g\",\"caption\":\"Reda\u00e7\u00e3o\"},\"sameAs\":[\"https:\\\/\\\/transamerica93.com.br\\\/home\"],\"url\":\"https:\\\/\\\/transamerica93.com.br\\\/home\\\/author\\\/william\\\/\"}]}<\/script>\n<!-- \/ Yoast SEO plugin. -->","yoast_head_json":{"title":"Preta Gil mostra momentos de confraterniza\u00e7\u00e3o ao lado dos amigos durante tratamento - Transam\u00e9rica Mococa 93,3","robots":{"index":"index","follow":"follow","max-snippet":"max-snippet:-1","max-image-preview":"max-image-preview:large","max-video-preview":"max-video-preview:-1"},"canonical":"https:\/\/transamerica93.com.br\/home\/preta-gil-mostra-momentos-de-confraternizacao-ao-lado-dos-amigos-durante-tratamento\/","og_locale":"pt_BR","og_type":"article","og_title":"Preta Gil mostra momentos de confraterniza\u00e7\u00e3o ao lado dos amigos durante tratamento - Transam\u00e9rica Mococa 93,3","og_description":"Por Renata Nogueira Em tratamento experimental nos Estados Unidos contra o c\u00e2ncer, Preta Gil mostrou parte de sua rede de apoio no pa\u00eds em alguns stories de seu perfil no Instagram. A cantora e empres\u00e1ria compartilhou os momentos de intimidade ao lado de Gominho, Malu Barbosa, Ju de Paulla e Duh Marinho. Gominho \u00e9 um &hellip;","og_url":"https:\/\/transamerica93.com.br\/home\/preta-gil-mostra-momentos-de-confraternizacao-ao-lado-dos-amigos-durante-tratamento\/","og_site_name":"Transam\u00e9rica Mococa 93,3","article_publisher":"https:\/\/www.facebook.com\/transamericamococa","article_published_time":"2025-07-31T21:00:29+00:00","og_image":[{"width":1024,"height":576,"url":"https:\/\/transamerica93.com.br\/home\/wp-content\/uploads\/2025\/07\/Sem-titulo-19-1024x576.png","type":"image\/png"}],"author":"Reda\u00e7\u00e3o","twitter_card":"summary_large_image","twitter_creator":"@transamerica933","twitter_site":"@transamerica933","twitter_misc":{"Escrito por":"Reda\u00e7\u00e3o","Est. tempo de leitura":"2 minutos"},"schema":{"@context":"https:\/\/schema.org","@graph":[{"@type":"Article","@id":"https:\/\/transamerica93.com.br\/home\/preta-gil-mostra-momentos-de-confraternizacao-ao-lado-dos-amigos-durante-tratamento\/#article","isPartOf":{"@id":"https:\/\/transamerica93.com.br\/home\/preta-gil-mostra-momentos-de-confraternizacao-ao-lado-dos-amigos-durante-tratamento\/"},"author":{"name":"Reda\u00e7\u00e3o","@id":"https:\/\/transamerica93.com.br\/home\/#\/schema\/person\/7fed7c99c0d4562efa8561bc0f543172"},"headline":"Preta Gil mostra momentos de confraterniza\u00e7\u00e3o ao lado dos amigos durante tratamento","datePublished":"2025-07-31T21:00:29+00:00","mainEntityOfPage":{"@id":"https:\/\/transamerica93.com.br\/home\/preta-gil-mostra-momentos-de-confraternizacao-ao-lado-dos-amigos-durante-tratamento\/"},"wordCount":224,"publisher":{"@id":"https:\/\/transamerica93.com.br\/home\/#organization"},"image":{"@id":"https:\/\/transamerica93.com.br\/home\/preta-gil-mostra-momentos-de-confraternizacao-ao-lado-dos-amigos-durante-tratamento\/#primaryimage"},"thumbnailUrl":"https:\/\/transamerica93.com.br\/home\/wp-content\/uploads\/2025\/07\/Sem-titulo-19.png","articleSection":["Entretenimento"],"inLanguage":"pt-BR"},{"@type":"WebPage","@id":"https:\/\/transamerica93.com.br\/home\/preta-gil-mostra-momentos-de-confraternizacao-ao-lado-dos-amigos-durante-tratamento\/","url":"https:\/\/transamerica93.com.br\/home\/preta-gil-mostra-momentos-de-confraternizacao-ao-lado-dos-amigos-durante-tratamento\/","name":"Preta Gil mostra momentos de confraterniza\u00e7\u00e3o ao lado dos amigos durante tratamento - Transam\u00e9rica Mococa 93,3","isPartOf":{"@id":"https:\/\/transamerica93.com.br\/home\/#website"},"primaryImageOfPage":{"@id":"https:\/\/transamerica93.com.br\/home\/preta-gil-mostra-momentos-de-confraternizacao-ao-lado-dos-amigos-durante-tratamento\/#primaryimage"},"image":{"@id":"https:\/\/transamerica93.com.br\/home\/preta-gil-mostra-momentos-de-confraternizacao-ao-lado-dos-amigos-durante-tratamento\/#primaryimage"},"thumbnailUrl":"https:\/\/transamerica93.com.br\/home\/wp-content\/uploads\/2025\/07\/Sem-titulo-19.png","datePublished":"2025-07-31T21:00:29+00:00","breadcrumb":{"@id":"https:\/\/transamerica93.com.br\/home\/preta-gil-mostra-momentos-de-confraternizacao-ao-lado-dos-amigos-durante-tratamento\/#breadcrumb"},"inLanguage":"pt-BR","potentialAction":[{"@type":"ReadAction","target":["https:\/\/transamerica93.com.br\/home\/preta-gil-mostra-momentos-de-confraternizacao-ao-lado-dos-amigos-durante-tratamento\/"]}]},{"@type":"ImageObject","inLanguage":"pt-BR","@id":"https:\/\/transamerica93.com.br\/home\/preta-gil-mostra-momentos-de-confraternizacao-ao-lado-dos-amigos-durante-tratamento\/#primaryimage","url":"https:\/\/transamerica93.com.br\/home\/wp-content\/uploads\/2025\/07\/Sem-titulo-19.png","contentUrl":"https:\/\/transamerica93.com.br\/home\/wp-content\/uploads\/2025\/07\/Sem-titulo-19.png","width":1920,"height":1080},{"@type":"BreadcrumbList","@id":"https:\/\/transamerica93.com.br\/home\/preta-gil-mostra-momentos-de-confraternizacao-ao-lado-dos-amigos-durante-tratamento\/#breadcrumb","itemListElement":[{"@type":"ListItem","position":1,"name":"In\u00edcio","item":"https:\/\/transamerica93.com.br\/home\/"},{"@type":"ListItem","position":2,"name":"Preta Gil mostra momentos de confraterniza\u00e7\u00e3o ao lado dos amigos durante tratamento"}]},{"@type":"WebSite","@id":"https:\/\/transamerica93.com.br\/home\/#website","url":"https:\/\/transamerica93.com.br\/home\/","name":"Transam\u00e9rica Mococa 93,3","description":"","publisher":{"@id":"https:\/\/transamerica93.com.br\/home\/#organization"},"potentialAction":[{"@type":"SearchAction","target":{"@type":"EntryPoint","urlTemplate":"https:\/\/transamerica93.com.br\/home\/?s={search_term_string}"},"query-input":{"@type":"PropertyValueSpecification","valueRequired":true,"valueName":"search_term_string"}}],"inLanguage":"pt-BR"},{"@type":"Organization","@id":"https:\/\/transamerica93.com.br\/home\/#organization","name":"Transam\u00e9rica Mococa 93,3","url":"https:\/\/transamerica93.com.br\/home\/","logo":{"@type":"ImageObject","inLanguage":"pt-BR","@id":"https:\/\/transamerica93.com.br\/home\/#\/schema\/logo\/image\/","url":"https:\/\/transamerica93.com.br\/home\/wp-content\/uploads\/2023\/10\/logo2.png","contentUrl":"https:\/\/transamerica93.com.br\/home\/wp-content\/uploads\/2023\/10\/logo2.png","width":800,"height":500,"caption":"Transam\u00e9rica Mococa 93,3"},"image":{"@id":"https:\/\/transamerica93.com.br\/home\/#\/schema\/logo\/image\/"},"sameAs":["https:\/\/www.facebook.com\/transamericamococa","https:\/\/x.com\/transamerica933","https:\/\/www.instagram.com\/transamericamococa"]},{"@type":"Person","@id":"https:\/\/transamerica93.com.br\/home\/#\/schema\/person\/7fed7c99c0d4562efa8561bc0f543172","name":"Reda\u00e7\u00e3o","image":{"@type":"ImageObject","inLanguage":"pt-BR","@id":"https:\/\/secure.gravatar.com\/avatar\/1072c6b775fb02ef8506ce967551d95926669a6b7d2c2147b42eea4d7c68395e?s=96&d=mm&r=g","url":"https:\/\/secure.gravatar.com\/avatar\/1072c6b775fb02ef8506ce967551d95926669a6b7d2c2147b42eea4d7c68395e?s=96&d=mm&r=g","contentUrl":"https:\/\/secure.gravatar.com\/avatar\/1072c6b775fb02ef8506ce967551d95926669a6b7d2c2147b42eea4d7c68395e?s=96&d=mm&r=g","caption":"Reda\u00e7\u00e3o"},"sameAs":["https:\/\/transamerica93.com.br\/home"],"url":"https:\/\/transamerica93.com.br\/home\/author\/william\/"}]}},"_links":{"self":[{"href":"https:\/\/transamerica93.com.br\/home\/wp-json\/wp\/v2\/posts\/6061","targetHints":{"allow":["GET"]}}],"collection":[{"href":"https:\/\/transamerica93.com.br\/home\/wp-json\/wp\/v2\/posts"}],"about":[{"href":"https:\/\/transamerica93.com.br\/home\/wp-json\/wp\/v2\/types\/post"}],"author":[{"embeddable":true,"href":"https:\/\/transamerica93.com.br\/home\/wp-json\/wp\/v2\/users\/1"}],"replies":[{"embeddable":true,"href":"https:\/\/transamerica93.com.br\/home\/wp-json\/wp\/v2\/comments?post=6061"}],"version-history":[{"count":2,"href":"https:\/\/transamerica93.com.br\/home\/wp-json\/wp\/v2\/posts\/6061\/revisions"}],"predecessor-version":[{"id":6064,"href":"https:\/\/transamerica93.com.br\/home\/wp-json\/wp\/v2\/posts\/6061\/revisions\/6064"}],"wp:featuredmedia":[{"embeddable":true,"href":"https:\/\/transamerica93.com.br\/home\/wp-json\/wp\/v2\/media\/6062"}],"wp:attachment":[{"href":"https:\/\/transamerica93.com.br\/home\/wp-json\/wp\/v2\/media?parent=6061"}],"wp:term":[{"taxonomy":"category","embeddable":true,"href":"https:\/\/transamerica93.com.br\/home\/wp-json\/wp\/v2\/categories?post=6061"},{"taxonomy":"post_tag","embeddable":true,"href":"https:\/\/transamerica93.com.br\/home\/wp-json\/wp\/v2\/tags?post=6061"}],"curies":[{"name":"wp","href":"https:\/\/api.w.org\/{rel}","templated":true}]}}