{"id":6067,"date":"2025-07-24T00:32:57","date_gmt":"2025-07-24T03:32:57","guid":{"rendered":"https:\/\/transamerica93.com.br\/home\/?p=6067"},"modified":"2025-07-24T00:33:30","modified_gmt":"2025-07-24T03:33:30","slug":"ozzy-osbourne-revelou-qual-frase-gostaria-de-ter-em-sua-lapide","status":"publish","type":"post","link":"https:\/\/transamerica93.com.br\/home\/ozzy-osbourne-revelou-qual-frase-gostaria-de-ter-em-sua-lapide\/","title":{"rendered":"Ozzy Osbourne revelou qual frase gostaria de ter em sua l\u00e1pide"},"content":{"rendered":"\n<h6 class=\"wp-block-heading\">Por Reda\u00e7\u00e3o E+<\/h6>\n\n\n\n<p>Ozzy Osbourne, um dos nomes mais marcantes da hist\u00f3ria do rock, morreu aos 76 anos, nesta ter\u00e7a-feira, 22, segundo comunicado divulgado por sua fam\u00edlia. A nota informou que o cantor faleceu &#8220;cercado de amor&#8221;. Diagnosticado com Parkinson em 2020, ele vinha enfrentando complica\u00e7\u00f5es de sa\u00fade nos \u00faltimos anos.<\/p>\n\n\n\n<p>Mesmo j\u00e1 debilitado, o artista seguia refletindo sobre sua trajet\u00f3ria. Em entrevista \u00e0 revista&nbsp;<em>Rolling Stone<\/em>, em 2022, lembrada pelo portal&nbsp;<em>Whiplash<\/em>, ele revelou como gostaria de ser lembrado e o que gostaria que fosse escrito em sua l\u00e1pide.<\/p>\n\n\n\n<p>&#8220;Simplesmente &#8216;Ozzy Osbourne, nascido em 1948, morreu assim e assim.&#8217; Fiz muita coisa para um simples cara da classe trabalhadora. Fiz muita gente sorrir. Tamb\u00e9m fiz muita gente falar: &#8216;Quem diabos esse cara pensa que \u00e9?'&#8221;<\/p>\n\n\n\n<p>&#8220;Garanto que, se morresse hoje \u00e0 noite, amanh\u00e3 seria: &#8216;Ozzy Osbourne, o homem que arrancou a cabe\u00e7a de um morcego com os dentes, morreu em seu quarto de hotel\u2026&#8217;. Sei que isso acontecer\u00e1 Mas n\u00e3o tenho do que reclamar. Ao menos serei lembrado.&#8221;<\/p>\n\n\n\n<p>A fam\u00edlia de Ozzy Osbourne ainda n\u00e3o divulgou informa\u00e7\u00f5es sobre o vel\u00f3rio ou enterro. No entanto, segundo a imprensa internacional, o cantor ser\u00e1 enterrado em uma cerim\u00f4nia privada no interior da Inglaterra.<\/p>\n","protected":false},"excerpt":{"rendered":"<p>Por Reda\u00e7\u00e3o E+ Ozzy Osbourne, um dos nomes mais marcantes da hist\u00f3ria do rock, morreu aos 76 anos, nesta ter\u00e7a-feira, 22, segundo comunicado divulgado por sua fam\u00edlia. A nota informou que o cantor faleceu &#8220;cercado de amor&#8221;. Diagnosticado com Parkinson em 2020, ele vinha enfrentando complica\u00e7\u00f5es de sa\u00fade nos \u00faltimos anos. Mesmo j\u00e1 debilitado, o &hellip;<\/p>\n","protected":false},"author":1,"featured_media":6068,"comment_status":"open","ping_status":"open","sticky":false,"template":"","format":"standard","meta":{"footnotes":""},"categories":[25],"tags":[],"class_list":["post-6067","post","type-post","status-publish","format-standard","has-post-thumbnail","hentry","category-musica"],"yoast_head":"<!-- This site is optimized with the Yoast SEO plugin v27.4 - https:\/\/yoast.com\/product\/yoast-seo-wordpress\/ -->\n<title>Ozzy Osbourne revelou qual frase gostaria de ter em sua l\u00e1pide - Transam\u00e9rica Mococa 93,3<\/title>\n<meta name=\"robots\" content=\"index, follow, max-snippet:-1, max-image-preview:large, max-video-preview:-1\" \/>\n<link rel=\"canonical\" href=\"https:\/\/transamerica93.com.br\/home\/ozzy-osbourne-revelou-qual-frase-gostaria-de-ter-em-sua-lapide\/\" \/>\n<meta property=\"og:locale\" content=\"pt_BR\" \/>\n<meta property=\"og:type\" content=\"article\" \/>\n<meta property=\"og:title\" content=\"Ozzy Osbourne revelou qual frase gostaria de ter em sua l\u00e1pide - Transam\u00e9rica Mococa 93,3\" \/>\n<meta property=\"og:description\" content=\"Por Reda\u00e7\u00e3o E+ Ozzy Osbourne, um dos nomes mais marcantes da hist\u00f3ria do rock, morreu aos 76 anos, nesta ter\u00e7a-feira, 22, segundo comunicado divulgado por sua fam\u00edlia. A nota informou que o cantor faleceu &#8220;cercado de amor&#8221;. Diagnosticado com Parkinson em 2020, ele vinha enfrentando complica\u00e7\u00f5es de sa\u00fade nos \u00faltimos anos. Mesmo j\u00e1 debilitado, o &hellip;\" \/>\n<meta property=\"og:url\" content=\"https:\/\/transamerica93.com.br\/home\/ozzy-osbourne-revelou-qual-frase-gostaria-de-ter-em-sua-lapide\/\" \/>\n<meta property=\"og:site_name\" content=\"Transam\u00e9rica Mococa 93,3\" \/>\n<meta property=\"article:publisher\" content=\"https:\/\/www.facebook.com\/transamericamococa\" \/>\n<meta property=\"article:published_time\" content=\"2025-07-24T03:32:57+00:00\" \/>\n<meta property=\"article:modified_time\" content=\"2025-07-24T03:33:30+00:00\" \/>\n<meta property=\"og:image\" content=\"https:\/\/transamerica93.com.br\/home\/wp-content\/uploads\/2025\/07\/ozzy.jpg\" \/>\n\t<meta property=\"og:image:width\" content=\"800\" \/>\n\t<meta property=\"og:image:height\" content=\"500\" \/>\n\t<meta property=\"og:image:type\" content=\"image\/jpeg\" \/>\n<meta name=\"author\" content=\"Reda\u00e7\u00e3o\" \/>\n<meta name=\"twitter:card\" content=\"summary_large_image\" \/>\n<meta name=\"twitter:creator\" content=\"@transamerica933\" \/>\n<meta name=\"twitter:site\" content=\"@transamerica933\" \/>\n<meta name=\"twitter:label1\" content=\"Escrito por\" \/>\n\t<meta name=\"twitter:data1\" content=\"Reda\u00e7\u00e3o\" \/>\n\t<meta name=\"twitter:label2\" content=\"Est. tempo de leitura\" \/>\n\t<meta name=\"twitter:data2\" content=\"1 minuto\" \/>\n<script type=\"application\/ld+json\" class=\"yoast-schema-graph\">{\"@context\":\"https:\\\/\\\/schema.org\",\"@graph\":[{\"@type\":\"Article\",\"@id\":\"https:\\\/\\\/transamerica93.com.br\\\/home\\\/ozzy-osbourne-revelou-qual-frase-gostaria-de-ter-em-sua-lapide\\\/#article\",\"isPartOf\":{\"@id\":\"https:\\\/\\\/transamerica93.com.br\\\/home\\\/ozzy-osbourne-revelou-qual-frase-gostaria-de-ter-em-sua-lapide\\\/\"},\"author\":{\"name\":\"Reda\u00e7\u00e3o\",\"@id\":\"https:\\\/\\\/transamerica93.com.br\\\/home\\\/#\\\/schema\\\/person\\\/7fed7c99c0d4562efa8561bc0f543172\"},\"headline\":\"Ozzy Osbourne revelou qual frase gostaria de ter em sua l\u00e1pide\",\"datePublished\":\"2025-07-24T03:32:57+00:00\",\"dateModified\":\"2025-07-24T03:33:30+00:00\",\"mainEntityOfPage\":{\"@id\":\"https:\\\/\\\/transamerica93.com.br\\\/home\\\/ozzy-osbourne-revelou-qual-frase-gostaria-de-ter-em-sua-lapide\\\/\"},\"wordCount\":223,\"commentCount\":0,\"publisher\":{\"@id\":\"https:\\\/\\\/transamerica93.com.br\\\/home\\\/#organization\"},\"image\":{\"@id\":\"https:\\\/\\\/transamerica93.com.br\\\/home\\\/ozzy-osbourne-revelou-qual-frase-gostaria-de-ter-em-sua-lapide\\\/#primaryimage\"},\"thumbnailUrl\":\"https:\\\/\\\/transamerica93.com.br\\\/home\\\/wp-content\\\/uploads\\\/2025\\\/07\\\/ozzy.jpg\",\"articleSection\":[\"M\u00fasica\"],\"inLanguage\":\"pt-BR\"},{\"@type\":\"WebPage\",\"@id\":\"https:\\\/\\\/transamerica93.com.br\\\/home\\\/ozzy-osbourne-revelou-qual-frase-gostaria-de-ter-em-sua-lapide\\\/\",\"url\":\"https:\\\/\\\/transamerica93.com.br\\\/home\\\/ozzy-osbourne-revelou-qual-frase-gostaria-de-ter-em-sua-lapide\\\/\",\"name\":\"Ozzy Osbourne revelou qual frase gostaria de ter em sua l\u00e1pide - Transam\u00e9rica Mococa 93,3\",\"isPartOf\":{\"@id\":\"https:\\\/\\\/transamerica93.com.br\\\/home\\\/#website\"},\"primaryImageOfPage\":{\"@id\":\"https:\\\/\\\/transamerica93.com.br\\\/home\\\/ozzy-osbourne-revelou-qual-frase-gostaria-de-ter-em-sua-lapide\\\/#primaryimage\"},\"image\":{\"@id\":\"https:\\\/\\\/transamerica93.com.br\\\/home\\\/ozzy-osbourne-revelou-qual-frase-gostaria-de-ter-em-sua-lapide\\\/#primaryimage\"},\"thumbnailUrl\":\"https:\\\/\\\/transamerica93.com.br\\\/home\\\/wp-content\\\/uploads\\\/2025\\\/07\\\/ozzy.jpg\",\"datePublished\":\"2025-07-24T03:32:57+00:00\",\"dateModified\":\"2025-07-24T03:33:30+00:00\",\"breadcrumb\":{\"@id\":\"https:\\\/\\\/transamerica93.com.br\\\/home\\\/ozzy-osbourne-revelou-qual-frase-gostaria-de-ter-em-sua-lapide\\\/#breadcrumb\"},\"inLanguage\":\"pt-BR\",\"potentialAction\":[{\"@type\":\"ReadAction\",\"target\":[\"https:\\\/\\\/transamerica93.com.br\\\/home\\\/ozzy-osbourne-revelou-qual-frase-gostaria-de-ter-em-sua-lapide\\\/\"]}]},{\"@type\":\"ImageObject\",\"inLanguage\":\"pt-BR\",\"@id\":\"https:\\\/\\\/transamerica93.com.br\\\/home\\\/ozzy-osbourne-revelou-qual-frase-gostaria-de-ter-em-sua-lapide\\\/#primaryimage\",\"url\":\"https:\\\/\\\/transamerica93.com.br\\\/home\\\/wp-content\\\/uploads\\\/2025\\\/07\\\/ozzy.jpg\",\"contentUrl\":\"https:\\\/\\\/transamerica93.com.br\\\/home\\\/wp-content\\\/uploads\\\/2025\\\/07\\\/ozzy.jpg\",\"width\":800,\"height\":500,\"caption\":\"Foto: Getty Images\"},{\"@type\":\"BreadcrumbList\",\"@id\":\"https:\\\/\\\/transamerica93.com.br\\\/home\\\/ozzy-osbourne-revelou-qual-frase-gostaria-de-ter-em-sua-lapide\\\/#breadcrumb\",\"itemListElement\":[{\"@type\":\"ListItem\",\"position\":1,\"name\":\"In\u00edcio\",\"item\":\"https:\\\/\\\/transamerica93.com.br\\\/home\\\/\"},{\"@type\":\"ListItem\",\"position\":2,\"name\":\"Ozzy Osbourne revelou qual frase gostaria de ter em sua l\u00e1pide\"}]},{\"@type\":\"WebSite\",\"@id\":\"https:\\\/\\\/transamerica93.com.br\\\/home\\\/#website\",\"url\":\"https:\\\/\\\/transamerica93.com.br\\\/home\\\/\",\"name\":\"Transam\u00e9rica Mococa 93,3\",\"description\":\"\",\"publisher\":{\"@id\":\"https:\\\/\\\/transamerica93.com.br\\\/home\\\/#organization\"},\"potentialAction\":[{\"@type\":\"SearchAction\",\"target\":{\"@type\":\"EntryPoint\",\"urlTemplate\":\"https:\\\/\\\/transamerica93.com.br\\\/home\\\/?s={search_term_string}\"},\"query-input\":{\"@type\":\"PropertyValueSpecification\",\"valueRequired\":true,\"valueName\":\"search_term_string\"}}],\"inLanguage\":\"pt-BR\"},{\"@type\":\"Organization\",\"@id\":\"https:\\\/\\\/transamerica93.com.br\\\/home\\\/#organization\",\"name\":\"Transam\u00e9rica Mococa 93,3\",\"url\":\"https:\\\/\\\/transamerica93.com.br\\\/home\\\/\",\"logo\":{\"@type\":\"ImageObject\",\"inLanguage\":\"pt-BR\",\"@id\":\"https:\\\/\\\/transamerica93.com.br\\\/home\\\/#\\\/schema\\\/logo\\\/image\\\/\",\"url\":\"https:\\\/\\\/transamerica93.com.br\\\/home\\\/wp-content\\\/uploads\\\/2023\\\/10\\\/logo2.png\",\"contentUrl\":\"https:\\\/\\\/transamerica93.com.br\\\/home\\\/wp-content\\\/uploads\\\/2023\\\/10\\\/logo2.png\",\"width\":800,\"height\":500,\"caption\":\"Transam\u00e9rica Mococa 93,3\"},\"image\":{\"@id\":\"https:\\\/\\\/transamerica93.com.br\\\/home\\\/#\\\/schema\\\/logo\\\/image\\\/\"},\"sameAs\":[\"https:\\\/\\\/www.facebook.com\\\/transamericamococa\",\"https:\\\/\\\/x.com\\\/transamerica933\",\"https:\\\/\\\/www.instagram.com\\\/transamericamococa\"]},{\"@type\":\"Person\",\"@id\":\"https:\\\/\\\/transamerica93.com.br\\\/home\\\/#\\\/schema\\\/person\\\/7fed7c99c0d4562efa8561bc0f543172\",\"name\":\"Reda\u00e7\u00e3o\",\"image\":{\"@type\":\"ImageObject\",\"inLanguage\":\"pt-BR\",\"@id\":\"https:\\\/\\\/secure.gravatar.com\\\/avatar\\\/1072c6b775fb02ef8506ce967551d95926669a6b7d2c2147b42eea4d7c68395e?s=96&d=mm&r=g\",\"url\":\"https:\\\/\\\/secure.gravatar.com\\\/avatar\\\/1072c6b775fb02ef8506ce967551d95926669a6b7d2c2147b42eea4d7c68395e?s=96&d=mm&r=g\",\"contentUrl\":\"https:\\\/\\\/secure.gravatar.com\\\/avatar\\\/1072c6b775fb02ef8506ce967551d95926669a6b7d2c2147b42eea4d7c68395e?s=96&d=mm&r=g\",\"caption\":\"Reda\u00e7\u00e3o\"},\"sameAs\":[\"https:\\\/\\\/transamerica93.com.br\\\/home\"],\"url\":\"https:\\\/\\\/transamerica93.com.br\\\/home\\\/author\\\/william\\\/\"}]}<\/script>\n<!-- \/ Yoast SEO plugin. -->","yoast_head_json":{"title":"Ozzy Osbourne revelou qual frase gostaria de ter em sua l\u00e1pide - Transam\u00e9rica Mococa 93,3","robots":{"index":"index","follow":"follow","max-snippet":"max-snippet:-1","max-image-preview":"max-image-preview:large","max-video-preview":"max-video-preview:-1"},"canonical":"https:\/\/transamerica93.com.br\/home\/ozzy-osbourne-revelou-qual-frase-gostaria-de-ter-em-sua-lapide\/","og_locale":"pt_BR","og_type":"article","og_title":"Ozzy Osbourne revelou qual frase gostaria de ter em sua l\u00e1pide - Transam\u00e9rica Mococa 93,3","og_description":"Por Reda\u00e7\u00e3o E+ Ozzy Osbourne, um dos nomes mais marcantes da hist\u00f3ria do rock, morreu aos 76 anos, nesta ter\u00e7a-feira, 22, segundo comunicado divulgado por sua fam\u00edlia. A nota informou que o cantor faleceu &#8220;cercado de amor&#8221;. Diagnosticado com Parkinson em 2020, ele vinha enfrentando complica\u00e7\u00f5es de sa\u00fade nos \u00faltimos anos. Mesmo j\u00e1 debilitado, o &hellip;","og_url":"https:\/\/transamerica93.com.br\/home\/ozzy-osbourne-revelou-qual-frase-gostaria-de-ter-em-sua-lapide\/","og_site_name":"Transam\u00e9rica Mococa 93,3","article_publisher":"https:\/\/www.facebook.com\/transamericamococa","article_published_time":"2025-07-24T03:32:57+00:00","article_modified_time":"2025-07-24T03:33:30+00:00","og_image":[{"width":800,"height":500,"url":"https:\/\/transamerica93.com.br\/home\/wp-content\/uploads\/2025\/07\/ozzy.jpg","type":"image\/jpeg"}],"author":"Reda\u00e7\u00e3o","twitter_card":"summary_large_image","twitter_creator":"@transamerica933","twitter_site":"@transamerica933","twitter_misc":{"Escrito por":"Reda\u00e7\u00e3o","Est. tempo de leitura":"1 minuto"},"schema":{"@context":"https:\/\/schema.org","@graph":[{"@type":"Article","@id":"https:\/\/transamerica93.com.br\/home\/ozzy-osbourne-revelou-qual-frase-gostaria-de-ter-em-sua-lapide\/#article","isPartOf":{"@id":"https:\/\/transamerica93.com.br\/home\/ozzy-osbourne-revelou-qual-frase-gostaria-de-ter-em-sua-lapide\/"},"author":{"name":"Reda\u00e7\u00e3o","@id":"https:\/\/transamerica93.com.br\/home\/#\/schema\/person\/7fed7c99c0d4562efa8561bc0f543172"},"headline":"Ozzy Osbourne revelou qual frase gostaria de ter em sua l\u00e1pide","datePublished":"2025-07-24T03:32:57+00:00","dateModified":"2025-07-24T03:33:30+00:00","mainEntityOfPage":{"@id":"https:\/\/transamerica93.com.br\/home\/ozzy-osbourne-revelou-qual-frase-gostaria-de-ter-em-sua-lapide\/"},"wordCount":223,"commentCount":0,"publisher":{"@id":"https:\/\/transamerica93.com.br\/home\/#organization"},"image":{"@id":"https:\/\/transamerica93.com.br\/home\/ozzy-osbourne-revelou-qual-frase-gostaria-de-ter-em-sua-lapide\/#primaryimage"},"thumbnailUrl":"https:\/\/transamerica93.com.br\/home\/wp-content\/uploads\/2025\/07\/ozzy.jpg","articleSection":["M\u00fasica"],"inLanguage":"pt-BR"},{"@type":"WebPage","@id":"https:\/\/transamerica93.com.br\/home\/ozzy-osbourne-revelou-qual-frase-gostaria-de-ter-em-sua-lapide\/","url":"https:\/\/transamerica93.com.br\/home\/ozzy-osbourne-revelou-qual-frase-gostaria-de-ter-em-sua-lapide\/","name":"Ozzy Osbourne revelou qual frase gostaria de ter em sua l\u00e1pide - Transam\u00e9rica Mococa 93,3","isPartOf":{"@id":"https:\/\/transamerica93.com.br\/home\/#website"},"primaryImageOfPage":{"@id":"https:\/\/transamerica93.com.br\/home\/ozzy-osbourne-revelou-qual-frase-gostaria-de-ter-em-sua-lapide\/#primaryimage"},"image":{"@id":"https:\/\/transamerica93.com.br\/home\/ozzy-osbourne-revelou-qual-frase-gostaria-de-ter-em-sua-lapide\/#primaryimage"},"thumbnailUrl":"https:\/\/transamerica93.com.br\/home\/wp-content\/uploads\/2025\/07\/ozzy.jpg","datePublished":"2025-07-24T03:32:57+00:00","dateModified":"2025-07-24T03:33:30+00:00","breadcrumb":{"@id":"https:\/\/transamerica93.com.br\/home\/ozzy-osbourne-revelou-qual-frase-gostaria-de-ter-em-sua-lapide\/#breadcrumb"},"inLanguage":"pt-BR","potentialAction":[{"@type":"ReadAction","target":["https:\/\/transamerica93.com.br\/home\/ozzy-osbourne-revelou-qual-frase-gostaria-de-ter-em-sua-lapide\/"]}]},{"@type":"ImageObject","inLanguage":"pt-BR","@id":"https:\/\/transamerica93.com.br\/home\/ozzy-osbourne-revelou-qual-frase-gostaria-de-ter-em-sua-lapide\/#primaryimage","url":"https:\/\/transamerica93.com.br\/home\/wp-content\/uploads\/2025\/07\/ozzy.jpg","contentUrl":"https:\/\/transamerica93.com.br\/home\/wp-content\/uploads\/2025\/07\/ozzy.jpg","width":800,"height":500,"caption":"Foto: Getty Images"},{"@type":"BreadcrumbList","@id":"https:\/\/transamerica93.com.br\/home\/ozzy-osbourne-revelou-qual-frase-gostaria-de-ter-em-sua-lapide\/#breadcrumb","itemListElement":[{"@type":"ListItem","position":1,"name":"In\u00edcio","item":"https:\/\/transamerica93.com.br\/home\/"},{"@type":"ListItem","position":2,"name":"Ozzy Osbourne revelou qual frase gostaria de ter em sua l\u00e1pide"}]},{"@type":"WebSite","@id":"https:\/\/transamerica93.com.br\/home\/#website","url":"https:\/\/transamerica93.com.br\/home\/","name":"Transam\u00e9rica Mococa 93,3","description":"","publisher":{"@id":"https:\/\/transamerica93.com.br\/home\/#organization"},"potentialAction":[{"@type":"SearchAction","target":{"@type":"EntryPoint","urlTemplate":"https:\/\/transamerica93.com.br\/home\/?s={search_term_string}"},"query-input":{"@type":"PropertyValueSpecification","valueRequired":true,"valueName":"search_term_string"}}],"inLanguage":"pt-BR"},{"@type":"Organization","@id":"https:\/\/transamerica93.com.br\/home\/#organization","name":"Transam\u00e9rica Mococa 93,3","url":"https:\/\/transamerica93.com.br\/home\/","logo":{"@type":"ImageObject","inLanguage":"pt-BR","@id":"https:\/\/transamerica93.com.br\/home\/#\/schema\/logo\/image\/","url":"https:\/\/transamerica93.com.br\/home\/wp-content\/uploads\/2023\/10\/logo2.png","contentUrl":"https:\/\/transamerica93.com.br\/home\/wp-content\/uploads\/2023\/10\/logo2.png","width":800,"height":500,"caption":"Transam\u00e9rica Mococa 93,3"},"image":{"@id":"https:\/\/transamerica93.com.br\/home\/#\/schema\/logo\/image\/"},"sameAs":["https:\/\/www.facebook.com\/transamericamococa","https:\/\/x.com\/transamerica933","https:\/\/www.instagram.com\/transamericamococa"]},{"@type":"Person","@id":"https:\/\/transamerica93.com.br\/home\/#\/schema\/person\/7fed7c99c0d4562efa8561bc0f543172","name":"Reda\u00e7\u00e3o","image":{"@type":"ImageObject","inLanguage":"pt-BR","@id":"https:\/\/secure.gravatar.com\/avatar\/1072c6b775fb02ef8506ce967551d95926669a6b7d2c2147b42eea4d7c68395e?s=96&d=mm&r=g","url":"https:\/\/secure.gravatar.com\/avatar\/1072c6b775fb02ef8506ce967551d95926669a6b7d2c2147b42eea4d7c68395e?s=96&d=mm&r=g","contentUrl":"https:\/\/secure.gravatar.com\/avatar\/1072c6b775fb02ef8506ce967551d95926669a6b7d2c2147b42eea4d7c68395e?s=96&d=mm&r=g","caption":"Reda\u00e7\u00e3o"},"sameAs":["https:\/\/transamerica93.com.br\/home"],"url":"https:\/\/transamerica93.com.br\/home\/author\/william\/"}]}},"_links":{"self":[{"href":"https:\/\/transamerica93.com.br\/home\/wp-json\/wp\/v2\/posts\/6067","targetHints":{"allow":["GET"]}}],"collection":[{"href":"https:\/\/transamerica93.com.br\/home\/wp-json\/wp\/v2\/posts"}],"about":[{"href":"https:\/\/transamerica93.com.br\/home\/wp-json\/wp\/v2\/types\/post"}],"author":[{"embeddable":true,"href":"https:\/\/transamerica93.com.br\/home\/wp-json\/wp\/v2\/users\/1"}],"replies":[{"embeddable":true,"href":"https:\/\/transamerica93.com.br\/home\/wp-json\/wp\/v2\/comments?post=6067"}],"version-history":[{"count":1,"href":"https:\/\/transamerica93.com.br\/home\/wp-json\/wp\/v2\/posts\/6067\/revisions"}],"predecessor-version":[{"id":6069,"href":"https:\/\/transamerica93.com.br\/home\/wp-json\/wp\/v2\/posts\/6067\/revisions\/6069"}],"wp:featuredmedia":[{"embeddable":true,"href":"https:\/\/transamerica93.com.br\/home\/wp-json\/wp\/v2\/media\/6068"}],"wp:attachment":[{"href":"https:\/\/transamerica93.com.br\/home\/wp-json\/wp\/v2\/media?parent=6067"}],"wp:term":[{"taxonomy":"category","embeddable":true,"href":"https:\/\/transamerica93.com.br\/home\/wp-json\/wp\/v2\/categories?post=6067"},{"taxonomy":"post_tag","embeddable":true,"href":"https:\/\/transamerica93.com.br\/home\/wp-json\/wp\/v2\/tags?post=6067"}],"curies":[{"name":"wp","href":"https:\/\/api.w.org\/{rel}","templated":true}]}}