{"id":6081,"date":"2025-08-05T09:00:08","date_gmt":"2025-08-05T12:00:08","guid":{"rendered":"https:\/\/transamerica93.com.br\/home\/?p=6081"},"modified":"2025-08-02T10:26:11","modified_gmt":"2025-08-02T13:26:11","slug":"mortes-intencionais-caem-54-no-pais-em-2024-feminicidios-sobem-19","status":"publish","type":"post","link":"https:\/\/transamerica93.com.br\/home\/mortes-intencionais-caem-54-no-pais-em-2024-feminicidios-sobem-19\/","title":{"rendered":"Mortes intencionais caem 5,4% no pa\u00eds em 2024; feminic\u00eddios sobem 19%"},"content":{"rendered":"<div class=\"conteudo-noticia\">\n<p>A\u00a0<strong>19\u00aa Edi\u00e7\u00e3o do Anu\u00e1rio Brasileiro de Seguran\u00e7a P\u00fablica, mostra que o n\u00famero de Mortes Violentas Intencionais (MVI) no Brasil em 2024 chegou a 44.127, quantidade 5,4% inferior ao registrado no ano anterior. <\/strong><img decoding=\"async\" data-src=\"https:\/\/agenciabrasil.ebc.com.br\/ebc.png?id=1651825&amp;o=node\" src=\"data:image\/svg+xml;base64,PHN2ZyB3aWR0aD0iMSIgaGVpZ2h0PSIxIiB4bWxucz0iaHR0cDovL3d3dy53My5vcmcvMjAwMC9zdmciPjwvc3ZnPg==\" class=\"lazyload\" \/><img decoding=\"async\" data-src=\"https:\/\/agenciabrasil.ebc.com.br\/ebc.gif?id=1651825&amp;o=node\" src=\"data:image\/svg+xml;base64,PHN2ZyB3aWR0aD0iMSIgaGVpZ2h0PSIxIiB4bWxucz0iaHR0cDovL3d3dy53My5vcmcvMjAwMC9zdmciPjwvc3ZnPg==\" class=\"lazyload\" \/><\/p>\n<p>O MVI inclui v\u00edtimas de homic\u00eddio doloso (incluindo feminic\u00eddios), roubos seguidos de morte (latroc\u00ednio), les\u00e3o corporal seguida de morte, mortes decorrentes de interven\u00e7\u00f5es policiais e mortes de policiais em servi\u00e7o e fora do hor\u00e1rio de trabalho.<\/p>\n<p>O\u00a0<strong>anu\u00e1rio, elaborado por pesquisadores do F\u00f3rum Brasileiro de Seguran\u00e7a P\u00fablica (FBSP), \u00e9 baseado em informa\u00e7\u00f5es fornecidas pelos governos estaduais, pelo Tesouro Nacional, pelas pol\u00edcias civil, militar e federal e fontes oficiais da Seguran\u00e7a P\u00fablica.<\/strong><\/p>\n<p>De acordo com a diretora executiva do F\u00f3rum Brasileiro de Seguran\u00e7a P\u00fablica, Samira Bueno, os dados referentes a mortes violentas intencionais revelam que o Brasil vivencia, desde 2018, uma tend\u00eancia consistente de queda no \u00edndice.<\/p>\n<blockquote><p>\u201cEssa trajet\u00f3ria positiva \u00e9 reflexo de m\u00faltiplos fatores, entre eles a implementa\u00e7\u00e3o de pol\u00edticas p\u00fablicas baseadas em evid\u00eancias, programas de preven\u00e7\u00e3o \u00e0 viol\u00eancia, transforma\u00e7\u00f5es demogr\u00e1ficas e altera\u00e7\u00f5es nas din\u00e2micas do crime organizado. No entanto, persistem bols\u00f5es de extrema viol\u00eancia, sobretudo em cidades do Nordeste, onde disputas entre fac\u00e7\u00f5es criminosas continuam produzindo taxas alarmantes de homic\u00eddios\u201d, disse.<\/p><\/blockquote>\n<p><a href=\"https:\/\/www.instagram.com\/agencia.brasil\" target=\"_blank\" rel=\"noopener\">&gt;&gt; Siga o perfil da\u00a0<strong>Ag\u00eancia Brasil n<\/strong>o Instagram<\/a><\/p>\n<p>O perfil predominante das v\u00edtimas n\u00e3o se alterou em rela\u00e7\u00e3o aos anos anteriores.\u00a0<strong>Em 2024, a maioria das pessoas assassinadas era constitu\u00edda por homens (91,1% das ocorr\u00eancias), negros (79%), pessoas de at\u00e9 29 anos (48,5%), v\u00edtimas de armas de fogo (73,8%) em via p\u00fablica (57,6%).<\/strong><\/p>\n<p>Segundo o anu\u00e1rio, as dez cidades do pa\u00eds \u2013 com mais de 100 mil habitandates \u2013 mais violentas est\u00e3o concentradas na regi\u00e3o Nordeste, principalmente nos estados da Bahia, Cear\u00e1 e Pernambuco.<\/p>\n<p>Maranguape (CE) ocupa o topo do\u00a0<em>ranking<\/em>, com taxa de 79,9 mortes violentas intencionais por 100 mil habitantes, seguida por Jequi\u00e9 (BA), com 77,6; Juazeiro (BA), com 76,2; Cama\u00e7ari (BA), com 74,8; Cabo de Santo Agostinho (PE), com 73,3; S\u00e3o Louren\u00e7o da Mata (PE), com 73; Sim\u00f5es Filho (BA), com 71,4; Caucaia (CE), com 68,7; Maracana\u00fa (CE), com 68,5 e Feira de Santana (BA), com 65,2.<\/p>\n<p><strong>Por estados, as maiores taxas de MVI est\u00e3o no Amap\u00e1 (45,1), Bahia (40,6) e Cear\u00e1 (37,5)<\/strong>. As menores s\u00e3o de S\u00e3o Paulo (8,2), Santa Catarina (8,5) e Distrito Federal (8,9).\u00a0<strong>No recorte por regi\u00f5es, despontam o Norte (27,7) e o Nordeste (33,8) com taxas de MVI bem superiores \u00e0 m\u00e9dia nacional<\/strong>, enquanto o Sudeste aparece com 13,3; o Sul tem 14,6, e o Centro-Oeste figura com 19,5 mortes violentas para cada grupo de 100 mil habitantes.<\/p>\n<h2>Viol\u00eancia contra as Mulheres<\/h2>\n<p>Mesmo com a diminui\u00e7\u00e3o na taxa global de mortes violentas intencionais no Brasil, as estat\u00edsticas de feminic\u00eddio bateram, novamente, o recorde da s\u00e9rie hist\u00f3rica, iniciada pelo anu\u00e1rio em 2015, com aumento de 0,7% de casos no ano de 2024 em compara\u00e7\u00e3o com 2023.\u00a0<strong>No total, 1.492 mulheres foram assassinadas por sua condi\u00e7\u00e3o de g\u00eanero no per\u00edodo, o que mant\u00e9m consistente o crescimento dos \u00faltimos anos.\u00a0<\/strong><\/p>\n<p>O\u00a0<strong>perfil das ocorr\u00eancias mostra que 63,6% das v\u00edtimas eram negras<\/strong>;\u00a0<strong>70,5% tinham entre 18 e 44 anos; oito em cada dez foram mortas por companheiros ou ex-companheiros, e 64,3% dos crimes ocorreram dentro de casa.\u00a0<\/strong><\/p>\n<p>Segundo o levantamento,\u00a0<strong>quase a totalidade das v\u00edtimas (97%) foi assassinada por homens.<\/strong>\u00a0O estudo ainda aponta que,\u00a0<strong>dentre os 18 estados que registram essa informa\u00e7\u00e3o, cerca de 9% dos feminic\u00eddios foram seguidos de suic\u00eddio do autor.\u00a0<\/strong>No caso das tentativas de feminic\u00eddio, as ocorr\u00eancias aumentaram em 19%, com 3.870 casos.\u00a0<strong>Outras condutas criminosas contra as mulheres tamb\u00e9m cresceram em 2024, como\u00a0<em>stalking<\/em>\u00a0(18,2%) e viol\u00eancia psicol\u00f3gica (6,3%).<\/strong><\/p>\n<h2>Viol\u00eancia contra crian\u00e7as e adolescentes<\/h2>\n<p><strong>Apesar da redu\u00e7\u00e3o na taxa global de mortes violentas intencionais no Brasil, a viol\u00eancia contra crian\u00e7as e adolescentes tamb\u00e9m continuou crescendo.<\/strong>\u00a0As\u00a0<strong>taxas de mortes violentas intencionais tiveram aumento de 3,7% no grupo de zero a 17 anos, com 2.356 v\u00edtimas no total.\u00a0<\/strong><\/p>\n<p>Tamb\u00e9m houve crescimento de 14,1% dos crimes relacionados \u00e0 produ\u00e7\u00e3o de material de abuso sexual infantil; de 9,4% de ocorr\u00eancias de abandono de incapaz; de 8,1% da pr\u00e1tica de maus-tratos; e de 7,8% nas taxas de agress\u00e3o decorrente de viol\u00eancia dom\u00e9stica.<\/p>\n<h2>Crimes Sexuais<\/h2>\n<p>Entre os 11 indicadores relacionados \u00e0 viol\u00eancia sexual monitorados nesta edi\u00e7\u00e3o do anu\u00e1rio, sete apresentaram crescimento nas taxas de registro em rela\u00e7\u00e3o a 2023: estupro (ambos os sexos), estupro de vulner\u00e1vel (ambos os sexos), estupro total (incluindo o estupro de vulner\u00e1vel) (ambos os sexos), estupro de mulheres, ass\u00e9dio sexual, importuna\u00e7\u00e3o sexual, pornografia, sendo este \u00faltimo o de crescimento mais expressivo, de 13,1%.<\/p>\n<p><strong>Em 2024, o Brasil registrou o maior n\u00famero de estupros e estupros de vulner\u00e1vel da s\u00e9rie hist\u00f3rica, com 87.545 ocorr\u00eancias no per\u00edodo. Os n\u00fameros indicam ainda que, a cada seis minutos, uma mulher foi estuprada no pa\u00eds.\u00a0<\/strong><\/p>\n<p>Do total de ocorr\u00eancias, 76,8% correspondem ao crime de estupro de vulner\u00e1vel, 55,6% foram contra mulheres negras e 65% ocorreram dentro de casa.\u00a0<strong>Quase metade dos agressores (45,5%) era formada por familiares das v\u00edtimas, e 20,3% eram parceiros ou ex-parceiros \u00edntimos.<\/strong><\/p>\n<h2>Letalidade policial<\/h2>\n<p><strong>Em 2024, 6.243 pessoas foram mortas pelas pol\u00edcias brasileiras, o que representa 14,1% do total geral de mortes violentas Intencionais do pa\u00eds no per\u00edodo.<\/strong>\u00a0Considerando o per\u00edodo de 2014 e 2024, esse n\u00famero chega a 60.394 v\u00edtimas.<\/p>\n<p><strong>Os casos de letalidade policial no estado de S\u00e3o Paulo tiveram um aumento de 61% no \u00faltimo ano<\/strong>. Segundo o anu\u00e1rio, a eleva\u00e7\u00e3o foi causada principalmente pela Opera\u00e7\u00e3o Escudo na Baixada Santista e pelo desmantelamento do programa de c\u00e2meras corporais institu\u00eddo na gest\u00e3o anterior.<\/p>\n<p><strong>Santos e S\u00e3o Vicente est\u00e3o na lista das dez cidades com as maiores propor\u00e7\u00f5es de letalidade policial em rela\u00e7\u00e3o ao total de MVI do Brasil. Em 2024, a cada 10 mortes registradas nessas cidades, mais de 6 (ou 66,1%) foram de autoria de policiais.<\/strong><\/p>\n<p><strong>No caso dos estados, as tr\u00eas pol\u00edcias militares mais letais em 2024 foram as do Amap\u00e1 (17,1 mortes por 100 mil), Bahia (10,5) e Par\u00e1 (7,0).<\/strong><\/p>\n<\/div>\n<div class=\"footer-noticia\">\n<div class=\"editor rowflex\">Edi\u00e7\u00e3o: Val\u00e9ria Aguiar<\/div>\n<\/div>\n","protected":false},"excerpt":{"rendered":"<p>A\u00a019\u00aa Edi\u00e7\u00e3o do Anu\u00e1rio Brasileiro de Seguran\u00e7a P\u00fablica, mostra que o n\u00famero de Mortes Violentas Intencionais (MVI) no Brasil em 2024 chegou a 44.127, quantidade 5,4% inferior ao registrado no ano anterior. O MVI inclui v\u00edtimas de homic\u00eddio doloso (incluindo feminic\u00eddios), roubos seguidos de morte (latroc\u00ednio), les\u00e3o corporal seguida de morte, mortes decorrentes de interven\u00e7\u00f5es &hellip;<\/p>\n","protected":false},"author":1,"featured_media":6082,"comment_status":"closed","ping_status":"closed","sticky":false,"template":"","format":"standard","meta":{"footnotes":""},"categories":[30],"tags":[],"class_list":["post-6081","post","type-post","status-publish","format-standard","has-post-thumbnail","hentry","category-geral"],"yoast_head":"<!-- This site is optimized with the Yoast SEO plugin v27.4 - https:\/\/yoast.com\/product\/yoast-seo-wordpress\/ -->\n<title>Mortes intencionais caem 5,4% no pa\u00eds em 2024; feminic\u00eddios sobem 19% - Transam\u00e9rica Mococa 93,3<\/title>\n<meta name=\"robots\" content=\"index, follow, max-snippet:-1, max-image-preview:large, max-video-preview:-1\" \/>\n<link rel=\"canonical\" href=\"https:\/\/transamerica93.com.br\/home\/mortes-intencionais-caem-54-no-pais-em-2024-feminicidios-sobem-19\/\" \/>\n<meta property=\"og:locale\" content=\"pt_BR\" \/>\n<meta property=\"og:type\" content=\"article\" \/>\n<meta property=\"og:title\" content=\"Mortes intencionais caem 5,4% no pa\u00eds em 2024; feminic\u00eddios sobem 19% - Transam\u00e9rica Mococa 93,3\" \/>\n<meta property=\"og:description\" content=\"A\u00a019\u00aa Edi\u00e7\u00e3o do Anu\u00e1rio Brasileiro de Seguran\u00e7a P\u00fablica, mostra que o n\u00famero de Mortes Violentas Intencionais (MVI) no Brasil em 2024 chegou a 44.127, quantidade 5,4% inferior ao registrado no ano anterior. O MVI inclui v\u00edtimas de homic\u00eddio doloso (incluindo feminic\u00eddios), roubos seguidos de morte (latroc\u00ednio), les\u00e3o corporal seguida de morte, mortes decorrentes de interven\u00e7\u00f5es &hellip;\" \/>\n<meta property=\"og:url\" content=\"https:\/\/transamerica93.com.br\/home\/mortes-intencionais-caem-54-no-pais-em-2024-feminicidios-sobem-19\/\" \/>\n<meta property=\"og:site_name\" content=\"Transam\u00e9rica Mococa 93,3\" \/>\n<meta property=\"article:publisher\" content=\"https:\/\/www.facebook.com\/transamericamococa\" \/>\n<meta property=\"article:published_time\" content=\"2025-08-05T12:00:08+00:00\" \/>\n<meta property=\"og:image\" content=\"https:\/\/transamerica93.com.br\/home\/wp-content\/uploads\/2025\/08\/1-1.jpg\" \/>\n\t<meta property=\"og:image:width\" content=\"1170\" \/>\n\t<meta property=\"og:image:height\" content=\"700\" \/>\n\t<meta property=\"og:image:type\" content=\"image\/jpeg\" \/>\n<meta name=\"author\" content=\"Reda\u00e7\u00e3o\" \/>\n<meta name=\"twitter:card\" content=\"summary_large_image\" \/>\n<meta name=\"twitter:creator\" content=\"@transamerica933\" \/>\n<meta name=\"twitter:site\" content=\"@transamerica933\" \/>\n<meta name=\"twitter:label1\" content=\"Escrito por\" \/>\n\t<meta name=\"twitter:data1\" content=\"Reda\u00e7\u00e3o\" \/>\n\t<meta name=\"twitter:label2\" content=\"Est. tempo de leitura\" \/>\n\t<meta name=\"twitter:data2\" content=\"6 minutos\" \/>\n<script type=\"application\/ld+json\" class=\"yoast-schema-graph\">{\"@context\":\"https:\\\/\\\/schema.org\",\"@graph\":[{\"@type\":\"Article\",\"@id\":\"https:\\\/\\\/transamerica93.com.br\\\/home\\\/mortes-intencionais-caem-54-no-pais-em-2024-feminicidios-sobem-19\\\/#article\",\"isPartOf\":{\"@id\":\"https:\\\/\\\/transamerica93.com.br\\\/home\\\/mortes-intencionais-caem-54-no-pais-em-2024-feminicidios-sobem-19\\\/\"},\"author\":{\"name\":\"Reda\u00e7\u00e3o\",\"@id\":\"https:\\\/\\\/transamerica93.com.br\\\/home\\\/#\\\/schema\\\/person\\\/7fed7c99c0d4562efa8561bc0f543172\"},\"headline\":\"Mortes intencionais caem 5,4% no pa\u00eds em 2024; feminic\u00eddios sobem 19%\",\"datePublished\":\"2025-08-05T12:00:08+00:00\",\"mainEntityOfPage\":{\"@id\":\"https:\\\/\\\/transamerica93.com.br\\\/home\\\/mortes-intencionais-caem-54-no-pais-em-2024-feminicidios-sobem-19\\\/\"},\"wordCount\":1037,\"publisher\":{\"@id\":\"https:\\\/\\\/transamerica93.com.br\\\/home\\\/#organization\"},\"image\":{\"@id\":\"https:\\\/\\\/transamerica93.com.br\\\/home\\\/mortes-intencionais-caem-54-no-pais-em-2024-feminicidios-sobem-19\\\/#primaryimage\"},\"thumbnailUrl\":\"https:\\\/\\\/transamerica93.com.br\\\/home\\\/wp-content\\\/uploads\\\/2025\\\/08\\\/1-1.jpg\",\"articleSection\":[\"Geral\"],\"inLanguage\":\"pt-BR\"},{\"@type\":\"WebPage\",\"@id\":\"https:\\\/\\\/transamerica93.com.br\\\/home\\\/mortes-intencionais-caem-54-no-pais-em-2024-feminicidios-sobem-19\\\/\",\"url\":\"https:\\\/\\\/transamerica93.com.br\\\/home\\\/mortes-intencionais-caem-54-no-pais-em-2024-feminicidios-sobem-19\\\/\",\"name\":\"Mortes intencionais caem 5,4% no pa\u00eds em 2024; feminic\u00eddios sobem 19% - Transam\u00e9rica Mococa 93,3\",\"isPartOf\":{\"@id\":\"https:\\\/\\\/transamerica93.com.br\\\/home\\\/#website\"},\"primaryImageOfPage\":{\"@id\":\"https:\\\/\\\/transamerica93.com.br\\\/home\\\/mortes-intencionais-caem-54-no-pais-em-2024-feminicidios-sobem-19\\\/#primaryimage\"},\"image\":{\"@id\":\"https:\\\/\\\/transamerica93.com.br\\\/home\\\/mortes-intencionais-caem-54-no-pais-em-2024-feminicidios-sobem-19\\\/#primaryimage\"},\"thumbnailUrl\":\"https:\\\/\\\/transamerica93.com.br\\\/home\\\/wp-content\\\/uploads\\\/2025\\\/08\\\/1-1.jpg\",\"datePublished\":\"2025-08-05T12:00:08+00:00\",\"breadcrumb\":{\"@id\":\"https:\\\/\\\/transamerica93.com.br\\\/home\\\/mortes-intencionais-caem-54-no-pais-em-2024-feminicidios-sobem-19\\\/#breadcrumb\"},\"inLanguage\":\"pt-BR\",\"potentialAction\":[{\"@type\":\"ReadAction\",\"target\":[\"https:\\\/\\\/transamerica93.com.br\\\/home\\\/mortes-intencionais-caem-54-no-pais-em-2024-feminicidios-sobem-19\\\/\"]}]},{\"@type\":\"ImageObject\",\"inLanguage\":\"pt-BR\",\"@id\":\"https:\\\/\\\/transamerica93.com.br\\\/home\\\/mortes-intencionais-caem-54-no-pais-em-2024-feminicidios-sobem-19\\\/#primaryimage\",\"url\":\"https:\\\/\\\/transamerica93.com.br\\\/home\\\/wp-content\\\/uploads\\\/2025\\\/08\\\/1-1.jpg\",\"contentUrl\":\"https:\\\/\\\/transamerica93.com.br\\\/home\\\/wp-content\\\/uploads\\\/2025\\\/08\\\/1-1.jpg\",\"width\":1170,\"height\":700,\"caption\":\"\u00a9 Jo\u00e9dson Alves\\\/Ag\u00eancia Brasil\"},{\"@type\":\"BreadcrumbList\",\"@id\":\"https:\\\/\\\/transamerica93.com.br\\\/home\\\/mortes-intencionais-caem-54-no-pais-em-2024-feminicidios-sobem-19\\\/#breadcrumb\",\"itemListElement\":[{\"@type\":\"ListItem\",\"position\":1,\"name\":\"In\u00edcio\",\"item\":\"https:\\\/\\\/transamerica93.com.br\\\/home\\\/\"},{\"@type\":\"ListItem\",\"position\":2,\"name\":\"Mortes intencionais caem 5,4% no pa\u00eds em 2024; feminic\u00eddios sobem 19%\"}]},{\"@type\":\"WebSite\",\"@id\":\"https:\\\/\\\/transamerica93.com.br\\\/home\\\/#website\",\"url\":\"https:\\\/\\\/transamerica93.com.br\\\/home\\\/\",\"name\":\"Transam\u00e9rica Mococa 93,3\",\"description\":\"\",\"publisher\":{\"@id\":\"https:\\\/\\\/transamerica93.com.br\\\/home\\\/#organization\"},\"potentialAction\":[{\"@type\":\"SearchAction\",\"target\":{\"@type\":\"EntryPoint\",\"urlTemplate\":\"https:\\\/\\\/transamerica93.com.br\\\/home\\\/?s={search_term_string}\"},\"query-input\":{\"@type\":\"PropertyValueSpecification\",\"valueRequired\":true,\"valueName\":\"search_term_string\"}}],\"inLanguage\":\"pt-BR\"},{\"@type\":\"Organization\",\"@id\":\"https:\\\/\\\/transamerica93.com.br\\\/home\\\/#organization\",\"name\":\"Transam\u00e9rica Mococa 93,3\",\"url\":\"https:\\\/\\\/transamerica93.com.br\\\/home\\\/\",\"logo\":{\"@type\":\"ImageObject\",\"inLanguage\":\"pt-BR\",\"@id\":\"https:\\\/\\\/transamerica93.com.br\\\/home\\\/#\\\/schema\\\/logo\\\/image\\\/\",\"url\":\"https:\\\/\\\/transamerica93.com.br\\\/home\\\/wp-content\\\/uploads\\\/2023\\\/10\\\/logo2.png\",\"contentUrl\":\"https:\\\/\\\/transamerica93.com.br\\\/home\\\/wp-content\\\/uploads\\\/2023\\\/10\\\/logo2.png\",\"width\":800,\"height\":500,\"caption\":\"Transam\u00e9rica Mococa 93,3\"},\"image\":{\"@id\":\"https:\\\/\\\/transamerica93.com.br\\\/home\\\/#\\\/schema\\\/logo\\\/image\\\/\"},\"sameAs\":[\"https:\\\/\\\/www.facebook.com\\\/transamericamococa\",\"https:\\\/\\\/x.com\\\/transamerica933\",\"https:\\\/\\\/www.instagram.com\\\/transamericamococa\"]},{\"@type\":\"Person\",\"@id\":\"https:\\\/\\\/transamerica93.com.br\\\/home\\\/#\\\/schema\\\/person\\\/7fed7c99c0d4562efa8561bc0f543172\",\"name\":\"Reda\u00e7\u00e3o\",\"image\":{\"@type\":\"ImageObject\",\"inLanguage\":\"pt-BR\",\"@id\":\"https:\\\/\\\/secure.gravatar.com\\\/avatar\\\/1072c6b775fb02ef8506ce967551d95926669a6b7d2c2147b42eea4d7c68395e?s=96&d=mm&r=g\",\"url\":\"https:\\\/\\\/secure.gravatar.com\\\/avatar\\\/1072c6b775fb02ef8506ce967551d95926669a6b7d2c2147b42eea4d7c68395e?s=96&d=mm&r=g\",\"contentUrl\":\"https:\\\/\\\/secure.gravatar.com\\\/avatar\\\/1072c6b775fb02ef8506ce967551d95926669a6b7d2c2147b42eea4d7c68395e?s=96&d=mm&r=g\",\"caption\":\"Reda\u00e7\u00e3o\"},\"sameAs\":[\"https:\\\/\\\/transamerica93.com.br\\\/home\"],\"url\":\"https:\\\/\\\/transamerica93.com.br\\\/home\\\/author\\\/william\\\/\"}]}<\/script>\n<!-- \/ Yoast SEO plugin. -->","yoast_head_json":{"title":"Mortes intencionais caem 5,4% no pa\u00eds em 2024; feminic\u00eddios sobem 19% - Transam\u00e9rica Mococa 93,3","robots":{"index":"index","follow":"follow","max-snippet":"max-snippet:-1","max-image-preview":"max-image-preview:large","max-video-preview":"max-video-preview:-1"},"canonical":"https:\/\/transamerica93.com.br\/home\/mortes-intencionais-caem-54-no-pais-em-2024-feminicidios-sobem-19\/","og_locale":"pt_BR","og_type":"article","og_title":"Mortes intencionais caem 5,4% no pa\u00eds em 2024; feminic\u00eddios sobem 19% - Transam\u00e9rica Mococa 93,3","og_description":"A\u00a019\u00aa Edi\u00e7\u00e3o do Anu\u00e1rio Brasileiro de Seguran\u00e7a P\u00fablica, mostra que o n\u00famero de Mortes Violentas Intencionais (MVI) no Brasil em 2024 chegou a 44.127, quantidade 5,4% inferior ao registrado no ano anterior. O MVI inclui v\u00edtimas de homic\u00eddio doloso (incluindo feminic\u00eddios), roubos seguidos de morte (latroc\u00ednio), les\u00e3o corporal seguida de morte, mortes decorrentes de interven\u00e7\u00f5es &hellip;","og_url":"https:\/\/transamerica93.com.br\/home\/mortes-intencionais-caem-54-no-pais-em-2024-feminicidios-sobem-19\/","og_site_name":"Transam\u00e9rica Mococa 93,3","article_publisher":"https:\/\/www.facebook.com\/transamericamococa","article_published_time":"2025-08-05T12:00:08+00:00","og_image":[{"width":1170,"height":700,"url":"https:\/\/transamerica93.com.br\/home\/wp-content\/uploads\/2025\/08\/1-1.jpg","type":"image\/jpeg"}],"author":"Reda\u00e7\u00e3o","twitter_card":"summary_large_image","twitter_creator":"@transamerica933","twitter_site":"@transamerica933","twitter_misc":{"Escrito por":"Reda\u00e7\u00e3o","Est. tempo de leitura":"6 minutos"},"schema":{"@context":"https:\/\/schema.org","@graph":[{"@type":"Article","@id":"https:\/\/transamerica93.com.br\/home\/mortes-intencionais-caem-54-no-pais-em-2024-feminicidios-sobem-19\/#article","isPartOf":{"@id":"https:\/\/transamerica93.com.br\/home\/mortes-intencionais-caem-54-no-pais-em-2024-feminicidios-sobem-19\/"},"author":{"name":"Reda\u00e7\u00e3o","@id":"https:\/\/transamerica93.com.br\/home\/#\/schema\/person\/7fed7c99c0d4562efa8561bc0f543172"},"headline":"Mortes intencionais caem 5,4% no pa\u00eds em 2024; feminic\u00eddios sobem 19%","datePublished":"2025-08-05T12:00:08+00:00","mainEntityOfPage":{"@id":"https:\/\/transamerica93.com.br\/home\/mortes-intencionais-caem-54-no-pais-em-2024-feminicidios-sobem-19\/"},"wordCount":1037,"publisher":{"@id":"https:\/\/transamerica93.com.br\/home\/#organization"},"image":{"@id":"https:\/\/transamerica93.com.br\/home\/mortes-intencionais-caem-54-no-pais-em-2024-feminicidios-sobem-19\/#primaryimage"},"thumbnailUrl":"https:\/\/transamerica93.com.br\/home\/wp-content\/uploads\/2025\/08\/1-1.jpg","articleSection":["Geral"],"inLanguage":"pt-BR"},{"@type":"WebPage","@id":"https:\/\/transamerica93.com.br\/home\/mortes-intencionais-caem-54-no-pais-em-2024-feminicidios-sobem-19\/","url":"https:\/\/transamerica93.com.br\/home\/mortes-intencionais-caem-54-no-pais-em-2024-feminicidios-sobem-19\/","name":"Mortes intencionais caem 5,4% no pa\u00eds em 2024; feminic\u00eddios sobem 19% - Transam\u00e9rica Mococa 93,3","isPartOf":{"@id":"https:\/\/transamerica93.com.br\/home\/#website"},"primaryImageOfPage":{"@id":"https:\/\/transamerica93.com.br\/home\/mortes-intencionais-caem-54-no-pais-em-2024-feminicidios-sobem-19\/#primaryimage"},"image":{"@id":"https:\/\/transamerica93.com.br\/home\/mortes-intencionais-caem-54-no-pais-em-2024-feminicidios-sobem-19\/#primaryimage"},"thumbnailUrl":"https:\/\/transamerica93.com.br\/home\/wp-content\/uploads\/2025\/08\/1-1.jpg","datePublished":"2025-08-05T12:00:08+00:00","breadcrumb":{"@id":"https:\/\/transamerica93.com.br\/home\/mortes-intencionais-caem-54-no-pais-em-2024-feminicidios-sobem-19\/#breadcrumb"},"inLanguage":"pt-BR","potentialAction":[{"@type":"ReadAction","target":["https:\/\/transamerica93.com.br\/home\/mortes-intencionais-caem-54-no-pais-em-2024-feminicidios-sobem-19\/"]}]},{"@type":"ImageObject","inLanguage":"pt-BR","@id":"https:\/\/transamerica93.com.br\/home\/mortes-intencionais-caem-54-no-pais-em-2024-feminicidios-sobem-19\/#primaryimage","url":"https:\/\/transamerica93.com.br\/home\/wp-content\/uploads\/2025\/08\/1-1.jpg","contentUrl":"https:\/\/transamerica93.com.br\/home\/wp-content\/uploads\/2025\/08\/1-1.jpg","width":1170,"height":700,"caption":"\u00a9 Jo\u00e9dson Alves\/Ag\u00eancia Brasil"},{"@type":"BreadcrumbList","@id":"https:\/\/transamerica93.com.br\/home\/mortes-intencionais-caem-54-no-pais-em-2024-feminicidios-sobem-19\/#breadcrumb","itemListElement":[{"@type":"ListItem","position":1,"name":"In\u00edcio","item":"https:\/\/transamerica93.com.br\/home\/"},{"@type":"ListItem","position":2,"name":"Mortes intencionais caem 5,4% no pa\u00eds em 2024; feminic\u00eddios sobem 19%"}]},{"@type":"WebSite","@id":"https:\/\/transamerica93.com.br\/home\/#website","url":"https:\/\/transamerica93.com.br\/home\/","name":"Transam\u00e9rica Mococa 93,3","description":"","publisher":{"@id":"https:\/\/transamerica93.com.br\/home\/#organization"},"potentialAction":[{"@type":"SearchAction","target":{"@type":"EntryPoint","urlTemplate":"https:\/\/transamerica93.com.br\/home\/?s={search_term_string}"},"query-input":{"@type":"PropertyValueSpecification","valueRequired":true,"valueName":"search_term_string"}}],"inLanguage":"pt-BR"},{"@type":"Organization","@id":"https:\/\/transamerica93.com.br\/home\/#organization","name":"Transam\u00e9rica Mococa 93,3","url":"https:\/\/transamerica93.com.br\/home\/","logo":{"@type":"ImageObject","inLanguage":"pt-BR","@id":"https:\/\/transamerica93.com.br\/home\/#\/schema\/logo\/image\/","url":"https:\/\/transamerica93.com.br\/home\/wp-content\/uploads\/2023\/10\/logo2.png","contentUrl":"https:\/\/transamerica93.com.br\/home\/wp-content\/uploads\/2023\/10\/logo2.png","width":800,"height":500,"caption":"Transam\u00e9rica Mococa 93,3"},"image":{"@id":"https:\/\/transamerica93.com.br\/home\/#\/schema\/logo\/image\/"},"sameAs":["https:\/\/www.facebook.com\/transamericamococa","https:\/\/x.com\/transamerica933","https:\/\/www.instagram.com\/transamericamococa"]},{"@type":"Person","@id":"https:\/\/transamerica93.com.br\/home\/#\/schema\/person\/7fed7c99c0d4562efa8561bc0f543172","name":"Reda\u00e7\u00e3o","image":{"@type":"ImageObject","inLanguage":"pt-BR","@id":"https:\/\/secure.gravatar.com\/avatar\/1072c6b775fb02ef8506ce967551d95926669a6b7d2c2147b42eea4d7c68395e?s=96&d=mm&r=g","url":"https:\/\/secure.gravatar.com\/avatar\/1072c6b775fb02ef8506ce967551d95926669a6b7d2c2147b42eea4d7c68395e?s=96&d=mm&r=g","contentUrl":"https:\/\/secure.gravatar.com\/avatar\/1072c6b775fb02ef8506ce967551d95926669a6b7d2c2147b42eea4d7c68395e?s=96&d=mm&r=g","caption":"Reda\u00e7\u00e3o"},"sameAs":["https:\/\/transamerica93.com.br\/home"],"url":"https:\/\/transamerica93.com.br\/home\/author\/william\/"}]}},"_links":{"self":[{"href":"https:\/\/transamerica93.com.br\/home\/wp-json\/wp\/v2\/posts\/6081","targetHints":{"allow":["GET"]}}],"collection":[{"href":"https:\/\/transamerica93.com.br\/home\/wp-json\/wp\/v2\/posts"}],"about":[{"href":"https:\/\/transamerica93.com.br\/home\/wp-json\/wp\/v2\/types\/post"}],"author":[{"embeddable":true,"href":"https:\/\/transamerica93.com.br\/home\/wp-json\/wp\/v2\/users\/1"}],"replies":[{"embeddable":true,"href":"https:\/\/transamerica93.com.br\/home\/wp-json\/wp\/v2\/comments?post=6081"}],"version-history":[{"count":1,"href":"https:\/\/transamerica93.com.br\/home\/wp-json\/wp\/v2\/posts\/6081\/revisions"}],"predecessor-version":[{"id":6083,"href":"https:\/\/transamerica93.com.br\/home\/wp-json\/wp\/v2\/posts\/6081\/revisions\/6083"}],"wp:featuredmedia":[{"embeddable":true,"href":"https:\/\/transamerica93.com.br\/home\/wp-json\/wp\/v2\/media\/6082"}],"wp:attachment":[{"href":"https:\/\/transamerica93.com.br\/home\/wp-json\/wp\/v2\/media?parent=6081"}],"wp:term":[{"taxonomy":"category","embeddable":true,"href":"https:\/\/transamerica93.com.br\/home\/wp-json\/wp\/v2\/categories?post=6081"},{"taxonomy":"post_tag","embeddable":true,"href":"https:\/\/transamerica93.com.br\/home\/wp-json\/wp\/v2\/tags?post=6081"}],"curies":[{"name":"wp","href":"https:\/\/api.w.org\/{rel}","templated":true}]}}