{"id":6084,"date":"2025-08-06T09:00:26","date_gmt":"2025-08-06T12:00:26","guid":{"rendered":"https:\/\/transamerica93.com.br\/home\/?p=6084"},"modified":"2025-08-02T10:27:20","modified_gmt":"2025-08-02T13:27:20","slug":"inscricoes-para-olimpiada-de-eficiencia-energetica-comecam-em-agosto","status":"publish","type":"post","link":"https:\/\/transamerica93.com.br\/home\/inscricoes-para-olimpiada-de-eficiencia-energetica-comecam-em-agosto\/","title":{"rendered":"Inscri\u00e7\u00f5es para Olimp\u00edada de Efici\u00eancia Energ\u00e9tica come\u00e7am em agosto"},"content":{"rendered":"<div class=\"conteudo-noticia\">\n<p>A\u00a0<strong>partir de 1\u00ba de agosto teve in\u00edcio o per\u00edodo de inscri\u00e7\u00f5es para a Olimp\u00edada Nacional de Efici\u00eancia Energ\u00e9tica (Onee 2025), voltada a estudantes do 8\u00ba e 9\u00ba anos.<\/strong>\u00a0Os interessados em participar da competi\u00e7\u00e3o ter\u00e3o at\u00e9 o dia 30 de setembro para acessar o\u00a0<em>site<\/em>\u00a0<a href=\"http:\/\/www.onee.org.br.\/\" target=\"_blank\" rel=\"noopener\">www.onee.org.br.<\/a>\u00a0<strong>A inscri\u00e7\u00e3o \u00e9 gratuita<\/strong>.<img decoding=\"async\" data-src=\"https:\/\/agenciabrasil.ebc.com.br\/ebc.png?id=1651670&amp;o=node\" src=\"data:image\/svg+xml;base64,PHN2ZyB3aWR0aD0iMSIgaGVpZ2h0PSIxIiB4bWxucz0iaHR0cDovL3d3dy53My5vcmcvMjAwMC9zdmciPjwvc3ZnPg==\" class=\"lazyload\" \/><img decoding=\"async\" data-src=\"https:\/\/agenciabrasil.ebc.com.br\/ebc.gif?id=1651670&amp;o=node\" src=\"data:image\/svg+xml;base64,PHN2ZyB3aWR0aD0iMSIgaGVpZ2h0PSIxIiB4bWxucz0iaHR0cDovL3d3dy53My5vcmcvMjAwMC9zdmciPjwvc3ZnPg==\" class=\"lazyload\" \/><\/p>\n<p>A expectativa dos organizadores \u00e9 de que cerca de meio milh\u00e3o de alunos das redes p\u00fablica e privada de ensino participem desta\u00a0<strong>competi\u00e7\u00e3o que tem, como objetivo, despertar a conscientiza\u00e7\u00e3o sobre o consumo respons\u00e1vel de energia, sustentabilidade e os impactos sociais e econ\u00f4micos associados ao uso dos recursos naturais.<\/strong><\/p>\n<p><strong>Ser\u00e1 disponibilizado, tamb\u00e9m, um curso de forma\u00e7\u00e3o para docentes, nos meses de agosto e setembro.<\/strong><\/p>\n<p><a href=\"https:\/\/www.whatsapp.com\/channel\/0029VaoRTgrInlqYLSk59B2M\" target=\"_blank\" rel=\"noopener\">&gt;&gt; Siga o canal da<strong>\u00a0Ag\u00eancia Brasil<\/strong>\u00a0no WhatsApp<\/a><\/p>\n<h2>Etapas<\/h2>\n<p><strong>Em outubro ter\u00e1 in\u00edcio as primeiras fases da olimp\u00edada, com desafios e provas aplicados aos competidores. O resultado ser\u00e1 anunciado em outubro e o evento de premia\u00e7\u00e3o est\u00e1 agendado para o dia 6 de novembro em Bras\u00edlia.<\/strong><\/p>\n<blockquote><p>\u201cNa primeira fase, os alunos participam de desafios gamificados, aprendendo, de forma descontra\u00edda, sobre efici\u00eancia energ\u00e9tica. J\u00e1 na segunda etapa, realizam uma prova objetiva, dispon\u00edvel no\u00a0<em>site\u00a0<\/em>ou aplicativo da Onee\u201d, explicam os organizadores.<\/p><\/blockquote>\n<p>Ao final, ser\u00e3o distribu\u00eddas medalhas de ouro, prata e bronze, al\u00e9m de\u00a0<em>notebooks<\/em>\u00a0para o melhor aluno de cada estado.<\/p>\n<p>Al\u00e9m disso, os\u00a0<strong>medalhistas da edi\u00e7\u00e3o 2025 garantir\u00e3o de forma autom\u00e1tica vaga na 2\u00aa fase da Olimp\u00edada Nacional de Ci\u00eancias (ONC) 2026, sem a necessidade de passar pela etapa inicial.<\/strong><\/p>\n<p>A ONEE \u00e9 realizada pela Ag\u00eancia Nacional de Energia El\u00e9trica (Aneel), por meio do Programa de Efici\u00eancia Energ\u00e9tica. A coordena\u00e7\u00e3o ficou a cargo do Instituto Abradee, ligado \u00e0 Associa\u00e7\u00e3o Brasileira de Distribuidores de Energia El\u00e9trica.<\/p>\n<p>&nbsp;<\/p>\n<\/div>\n<div class=\"footer-noticia\">\n<div class=\"editor rowflex\">Edi\u00e7\u00e3o: Val\u00e9ria Aguiar<\/div>\n<\/div>\n","protected":false},"excerpt":{"rendered":"<p>A\u00a0partir de 1\u00ba de agosto teve in\u00edcio o per\u00edodo de inscri\u00e7\u00f5es para a Olimp\u00edada Nacional de Efici\u00eancia Energ\u00e9tica (Onee 2025), voltada a estudantes do 8\u00ba e 9\u00ba anos.\u00a0Os interessados em participar da competi\u00e7\u00e3o ter\u00e3o at\u00e9 o dia 30 de setembro para acessar o\u00a0site\u00a0www.onee.org.br.\u00a0A inscri\u00e7\u00e3o \u00e9 gratuita. A expectativa dos organizadores \u00e9 de que cerca de &hellip;<\/p>\n","protected":false},"author":1,"featured_media":6085,"comment_status":"closed","ping_status":"closed","sticky":false,"template":"","format":"standard","meta":{"footnotes":""},"categories":[30],"tags":[],"class_list":["post-6084","post","type-post","status-publish","format-standard","has-post-thumbnail","hentry","category-geral"],"yoast_head":"<!-- This site is optimized with the Yoast SEO plugin v27.4 - https:\/\/yoast.com\/product\/yoast-seo-wordpress\/ -->\n<title>Inscri\u00e7\u00f5es para Olimp\u00edada de Efici\u00eancia Energ\u00e9tica come\u00e7am em agosto - Transam\u00e9rica Mococa 93,3<\/title>\n<meta name=\"robots\" content=\"index, follow, max-snippet:-1, max-image-preview:large, max-video-preview:-1\" \/>\n<link rel=\"canonical\" href=\"https:\/\/transamerica93.com.br\/home\/inscricoes-para-olimpiada-de-eficiencia-energetica-comecam-em-agosto\/\" \/>\n<meta property=\"og:locale\" content=\"pt_BR\" \/>\n<meta property=\"og:type\" content=\"article\" \/>\n<meta property=\"og:title\" content=\"Inscri\u00e7\u00f5es para Olimp\u00edada de Efici\u00eancia Energ\u00e9tica come\u00e7am em agosto - Transam\u00e9rica Mococa 93,3\" \/>\n<meta property=\"og:description\" content=\"A\u00a0partir de 1\u00ba de agosto teve in\u00edcio o per\u00edodo de inscri\u00e7\u00f5es para a Olimp\u00edada Nacional de Efici\u00eancia Energ\u00e9tica (Onee 2025), voltada a estudantes do 8\u00ba e 9\u00ba anos.\u00a0Os interessados em participar da competi\u00e7\u00e3o ter\u00e3o at\u00e9 o dia 30 de setembro para acessar o\u00a0site\u00a0www.onee.org.br.\u00a0A inscri\u00e7\u00e3o \u00e9 gratuita. A expectativa dos organizadores \u00e9 de que cerca de &hellip;\" \/>\n<meta property=\"og:url\" content=\"https:\/\/transamerica93.com.br\/home\/inscricoes-para-olimpiada-de-eficiencia-energetica-comecam-em-agosto\/\" \/>\n<meta property=\"og:site_name\" content=\"Transam\u00e9rica Mococa 93,3\" \/>\n<meta property=\"article:publisher\" content=\"https:\/\/www.facebook.com\/transamericamococa\" \/>\n<meta property=\"article:published_time\" content=\"2025-08-06T12:00:26+00:00\" \/>\n<meta property=\"og:image\" content=\"https:\/\/transamerica93.com.br\/home\/wp-content\/uploads\/2025\/08\/1-2.jpg\" \/>\n\t<meta property=\"og:image:width\" content=\"1170\" \/>\n\t<meta property=\"og:image:height\" content=\"700\" \/>\n\t<meta property=\"og:image:type\" content=\"image\/jpeg\" \/>\n<meta name=\"author\" content=\"Reda\u00e7\u00e3o\" \/>\n<meta name=\"twitter:card\" content=\"summary_large_image\" \/>\n<meta name=\"twitter:creator\" content=\"@transamerica933\" \/>\n<meta name=\"twitter:site\" content=\"@transamerica933\" \/>\n<meta name=\"twitter:label1\" content=\"Escrito por\" \/>\n\t<meta name=\"twitter:data1\" content=\"Reda\u00e7\u00e3o\" \/>\n\t<meta name=\"twitter:label2\" content=\"Est. tempo de leitura\" \/>\n\t<meta name=\"twitter:data2\" content=\"2 minutos\" \/>\n<script type=\"application\/ld+json\" class=\"yoast-schema-graph\">{\"@context\":\"https:\\\/\\\/schema.org\",\"@graph\":[{\"@type\":\"Article\",\"@id\":\"https:\\\/\\\/transamerica93.com.br\\\/home\\\/inscricoes-para-olimpiada-de-eficiencia-energetica-comecam-em-agosto\\\/#article\",\"isPartOf\":{\"@id\":\"https:\\\/\\\/transamerica93.com.br\\\/home\\\/inscricoes-para-olimpiada-de-eficiencia-energetica-comecam-em-agosto\\\/\"},\"author\":{\"name\":\"Reda\u00e7\u00e3o\",\"@id\":\"https:\\\/\\\/transamerica93.com.br\\\/home\\\/#\\\/schema\\\/person\\\/7fed7c99c0d4562efa8561bc0f543172\"},\"headline\":\"Inscri\u00e7\u00f5es para Olimp\u00edada de Efici\u00eancia Energ\u00e9tica come\u00e7am em agosto\",\"datePublished\":\"2025-08-06T12:00:26+00:00\",\"mainEntityOfPage\":{\"@id\":\"https:\\\/\\\/transamerica93.com.br\\\/home\\\/inscricoes-para-olimpiada-de-eficiencia-energetica-comecam-em-agosto\\\/\"},\"wordCount\":334,\"publisher\":{\"@id\":\"https:\\\/\\\/transamerica93.com.br\\\/home\\\/#organization\"},\"image\":{\"@id\":\"https:\\\/\\\/transamerica93.com.br\\\/home\\\/inscricoes-para-olimpiada-de-eficiencia-energetica-comecam-em-agosto\\\/#primaryimage\"},\"thumbnailUrl\":\"https:\\\/\\\/transamerica93.com.br\\\/home\\\/wp-content\\\/uploads\\\/2025\\\/08\\\/1-2.jpg\",\"articleSection\":[\"Geral\"],\"inLanguage\":\"pt-BR\"},{\"@type\":\"WebPage\",\"@id\":\"https:\\\/\\\/transamerica93.com.br\\\/home\\\/inscricoes-para-olimpiada-de-eficiencia-energetica-comecam-em-agosto\\\/\",\"url\":\"https:\\\/\\\/transamerica93.com.br\\\/home\\\/inscricoes-para-olimpiada-de-eficiencia-energetica-comecam-em-agosto\\\/\",\"name\":\"Inscri\u00e7\u00f5es para Olimp\u00edada de Efici\u00eancia Energ\u00e9tica come\u00e7am em agosto - Transam\u00e9rica Mococa 93,3\",\"isPartOf\":{\"@id\":\"https:\\\/\\\/transamerica93.com.br\\\/home\\\/#website\"},\"primaryImageOfPage\":{\"@id\":\"https:\\\/\\\/transamerica93.com.br\\\/home\\\/inscricoes-para-olimpiada-de-eficiencia-energetica-comecam-em-agosto\\\/#primaryimage\"},\"image\":{\"@id\":\"https:\\\/\\\/transamerica93.com.br\\\/home\\\/inscricoes-para-olimpiada-de-eficiencia-energetica-comecam-em-agosto\\\/#primaryimage\"},\"thumbnailUrl\":\"https:\\\/\\\/transamerica93.com.br\\\/home\\\/wp-content\\\/uploads\\\/2025\\\/08\\\/1-2.jpg\",\"datePublished\":\"2025-08-06T12:00:26+00:00\",\"breadcrumb\":{\"@id\":\"https:\\\/\\\/transamerica93.com.br\\\/home\\\/inscricoes-para-olimpiada-de-eficiencia-energetica-comecam-em-agosto\\\/#breadcrumb\"},\"inLanguage\":\"pt-BR\",\"potentialAction\":[{\"@type\":\"ReadAction\",\"target\":[\"https:\\\/\\\/transamerica93.com.br\\\/home\\\/inscricoes-para-olimpiada-de-eficiencia-energetica-comecam-em-agosto\\\/\"]}]},{\"@type\":\"ImageObject\",\"inLanguage\":\"pt-BR\",\"@id\":\"https:\\\/\\\/transamerica93.com.br\\\/home\\\/inscricoes-para-olimpiada-de-eficiencia-energetica-comecam-em-agosto\\\/#primaryimage\",\"url\":\"https:\\\/\\\/transamerica93.com.br\\\/home\\\/wp-content\\\/uploads\\\/2025\\\/08\\\/1-2.jpg\",\"contentUrl\":\"https:\\\/\\\/transamerica93.com.br\\\/home\\\/wp-content\\\/uploads\\\/2025\\\/08\\\/1-2.jpg\",\"width\":1170,\"height\":700,\"caption\":\"\u00a9 ANEEL\\\/Divulga\u00e7\u00e3o\"},{\"@type\":\"BreadcrumbList\",\"@id\":\"https:\\\/\\\/transamerica93.com.br\\\/home\\\/inscricoes-para-olimpiada-de-eficiencia-energetica-comecam-em-agosto\\\/#breadcrumb\",\"itemListElement\":[{\"@type\":\"ListItem\",\"position\":1,\"name\":\"In\u00edcio\",\"item\":\"https:\\\/\\\/transamerica93.com.br\\\/home\\\/\"},{\"@type\":\"ListItem\",\"position\":2,\"name\":\"Inscri\u00e7\u00f5es para Olimp\u00edada de Efici\u00eancia Energ\u00e9tica come\u00e7am em agosto\"}]},{\"@type\":\"WebSite\",\"@id\":\"https:\\\/\\\/transamerica93.com.br\\\/home\\\/#website\",\"url\":\"https:\\\/\\\/transamerica93.com.br\\\/home\\\/\",\"name\":\"Transam\u00e9rica Mococa 93,3\",\"description\":\"\",\"publisher\":{\"@id\":\"https:\\\/\\\/transamerica93.com.br\\\/home\\\/#organization\"},\"potentialAction\":[{\"@type\":\"SearchAction\",\"target\":{\"@type\":\"EntryPoint\",\"urlTemplate\":\"https:\\\/\\\/transamerica93.com.br\\\/home\\\/?s={search_term_string}\"},\"query-input\":{\"@type\":\"PropertyValueSpecification\",\"valueRequired\":true,\"valueName\":\"search_term_string\"}}],\"inLanguage\":\"pt-BR\"},{\"@type\":\"Organization\",\"@id\":\"https:\\\/\\\/transamerica93.com.br\\\/home\\\/#organization\",\"name\":\"Transam\u00e9rica Mococa 93,3\",\"url\":\"https:\\\/\\\/transamerica93.com.br\\\/home\\\/\",\"logo\":{\"@type\":\"ImageObject\",\"inLanguage\":\"pt-BR\",\"@id\":\"https:\\\/\\\/transamerica93.com.br\\\/home\\\/#\\\/schema\\\/logo\\\/image\\\/\",\"url\":\"https:\\\/\\\/transamerica93.com.br\\\/home\\\/wp-content\\\/uploads\\\/2023\\\/10\\\/logo2.png\",\"contentUrl\":\"https:\\\/\\\/transamerica93.com.br\\\/home\\\/wp-content\\\/uploads\\\/2023\\\/10\\\/logo2.png\",\"width\":800,\"height\":500,\"caption\":\"Transam\u00e9rica Mococa 93,3\"},\"image\":{\"@id\":\"https:\\\/\\\/transamerica93.com.br\\\/home\\\/#\\\/schema\\\/logo\\\/image\\\/\"},\"sameAs\":[\"https:\\\/\\\/www.facebook.com\\\/transamericamococa\",\"https:\\\/\\\/x.com\\\/transamerica933\",\"https:\\\/\\\/www.instagram.com\\\/transamericamococa\"]},{\"@type\":\"Person\",\"@id\":\"https:\\\/\\\/transamerica93.com.br\\\/home\\\/#\\\/schema\\\/person\\\/7fed7c99c0d4562efa8561bc0f543172\",\"name\":\"Reda\u00e7\u00e3o\",\"image\":{\"@type\":\"ImageObject\",\"inLanguage\":\"pt-BR\",\"@id\":\"https:\\\/\\\/secure.gravatar.com\\\/avatar\\\/1072c6b775fb02ef8506ce967551d95926669a6b7d2c2147b42eea4d7c68395e?s=96&d=mm&r=g\",\"url\":\"https:\\\/\\\/secure.gravatar.com\\\/avatar\\\/1072c6b775fb02ef8506ce967551d95926669a6b7d2c2147b42eea4d7c68395e?s=96&d=mm&r=g\",\"contentUrl\":\"https:\\\/\\\/secure.gravatar.com\\\/avatar\\\/1072c6b775fb02ef8506ce967551d95926669a6b7d2c2147b42eea4d7c68395e?s=96&d=mm&r=g\",\"caption\":\"Reda\u00e7\u00e3o\"},\"sameAs\":[\"https:\\\/\\\/transamerica93.com.br\\\/home\"],\"url\":\"https:\\\/\\\/transamerica93.com.br\\\/home\\\/author\\\/william\\\/\"}]}<\/script>\n<!-- \/ Yoast SEO plugin. -->","yoast_head_json":{"title":"Inscri\u00e7\u00f5es para Olimp\u00edada de Efici\u00eancia Energ\u00e9tica come\u00e7am em agosto - Transam\u00e9rica Mococa 93,3","robots":{"index":"index","follow":"follow","max-snippet":"max-snippet:-1","max-image-preview":"max-image-preview:large","max-video-preview":"max-video-preview:-1"},"canonical":"https:\/\/transamerica93.com.br\/home\/inscricoes-para-olimpiada-de-eficiencia-energetica-comecam-em-agosto\/","og_locale":"pt_BR","og_type":"article","og_title":"Inscri\u00e7\u00f5es para Olimp\u00edada de Efici\u00eancia Energ\u00e9tica come\u00e7am em agosto - Transam\u00e9rica Mococa 93,3","og_description":"A\u00a0partir de 1\u00ba de agosto teve in\u00edcio o per\u00edodo de inscri\u00e7\u00f5es para a Olimp\u00edada Nacional de Efici\u00eancia Energ\u00e9tica (Onee 2025), voltada a estudantes do 8\u00ba e 9\u00ba anos.\u00a0Os interessados em participar da competi\u00e7\u00e3o ter\u00e3o at\u00e9 o dia 30 de setembro para acessar o\u00a0site\u00a0www.onee.org.br.\u00a0A inscri\u00e7\u00e3o \u00e9 gratuita. A expectativa dos organizadores \u00e9 de que cerca de &hellip;","og_url":"https:\/\/transamerica93.com.br\/home\/inscricoes-para-olimpiada-de-eficiencia-energetica-comecam-em-agosto\/","og_site_name":"Transam\u00e9rica Mococa 93,3","article_publisher":"https:\/\/www.facebook.com\/transamericamococa","article_published_time":"2025-08-06T12:00:26+00:00","og_image":[{"width":1170,"height":700,"url":"https:\/\/transamerica93.com.br\/home\/wp-content\/uploads\/2025\/08\/1-2.jpg","type":"image\/jpeg"}],"author":"Reda\u00e7\u00e3o","twitter_card":"summary_large_image","twitter_creator":"@transamerica933","twitter_site":"@transamerica933","twitter_misc":{"Escrito por":"Reda\u00e7\u00e3o","Est. tempo de leitura":"2 minutos"},"schema":{"@context":"https:\/\/schema.org","@graph":[{"@type":"Article","@id":"https:\/\/transamerica93.com.br\/home\/inscricoes-para-olimpiada-de-eficiencia-energetica-comecam-em-agosto\/#article","isPartOf":{"@id":"https:\/\/transamerica93.com.br\/home\/inscricoes-para-olimpiada-de-eficiencia-energetica-comecam-em-agosto\/"},"author":{"name":"Reda\u00e7\u00e3o","@id":"https:\/\/transamerica93.com.br\/home\/#\/schema\/person\/7fed7c99c0d4562efa8561bc0f543172"},"headline":"Inscri\u00e7\u00f5es para Olimp\u00edada de Efici\u00eancia Energ\u00e9tica come\u00e7am em agosto","datePublished":"2025-08-06T12:00:26+00:00","mainEntityOfPage":{"@id":"https:\/\/transamerica93.com.br\/home\/inscricoes-para-olimpiada-de-eficiencia-energetica-comecam-em-agosto\/"},"wordCount":334,"publisher":{"@id":"https:\/\/transamerica93.com.br\/home\/#organization"},"image":{"@id":"https:\/\/transamerica93.com.br\/home\/inscricoes-para-olimpiada-de-eficiencia-energetica-comecam-em-agosto\/#primaryimage"},"thumbnailUrl":"https:\/\/transamerica93.com.br\/home\/wp-content\/uploads\/2025\/08\/1-2.jpg","articleSection":["Geral"],"inLanguage":"pt-BR"},{"@type":"WebPage","@id":"https:\/\/transamerica93.com.br\/home\/inscricoes-para-olimpiada-de-eficiencia-energetica-comecam-em-agosto\/","url":"https:\/\/transamerica93.com.br\/home\/inscricoes-para-olimpiada-de-eficiencia-energetica-comecam-em-agosto\/","name":"Inscri\u00e7\u00f5es para Olimp\u00edada de Efici\u00eancia Energ\u00e9tica come\u00e7am em agosto - Transam\u00e9rica Mococa 93,3","isPartOf":{"@id":"https:\/\/transamerica93.com.br\/home\/#website"},"primaryImageOfPage":{"@id":"https:\/\/transamerica93.com.br\/home\/inscricoes-para-olimpiada-de-eficiencia-energetica-comecam-em-agosto\/#primaryimage"},"image":{"@id":"https:\/\/transamerica93.com.br\/home\/inscricoes-para-olimpiada-de-eficiencia-energetica-comecam-em-agosto\/#primaryimage"},"thumbnailUrl":"https:\/\/transamerica93.com.br\/home\/wp-content\/uploads\/2025\/08\/1-2.jpg","datePublished":"2025-08-06T12:00:26+00:00","breadcrumb":{"@id":"https:\/\/transamerica93.com.br\/home\/inscricoes-para-olimpiada-de-eficiencia-energetica-comecam-em-agosto\/#breadcrumb"},"inLanguage":"pt-BR","potentialAction":[{"@type":"ReadAction","target":["https:\/\/transamerica93.com.br\/home\/inscricoes-para-olimpiada-de-eficiencia-energetica-comecam-em-agosto\/"]}]},{"@type":"ImageObject","inLanguage":"pt-BR","@id":"https:\/\/transamerica93.com.br\/home\/inscricoes-para-olimpiada-de-eficiencia-energetica-comecam-em-agosto\/#primaryimage","url":"https:\/\/transamerica93.com.br\/home\/wp-content\/uploads\/2025\/08\/1-2.jpg","contentUrl":"https:\/\/transamerica93.com.br\/home\/wp-content\/uploads\/2025\/08\/1-2.jpg","width":1170,"height":700,"caption":"\u00a9 ANEEL\/Divulga\u00e7\u00e3o"},{"@type":"BreadcrumbList","@id":"https:\/\/transamerica93.com.br\/home\/inscricoes-para-olimpiada-de-eficiencia-energetica-comecam-em-agosto\/#breadcrumb","itemListElement":[{"@type":"ListItem","position":1,"name":"In\u00edcio","item":"https:\/\/transamerica93.com.br\/home\/"},{"@type":"ListItem","position":2,"name":"Inscri\u00e7\u00f5es para Olimp\u00edada de Efici\u00eancia Energ\u00e9tica come\u00e7am em agosto"}]},{"@type":"WebSite","@id":"https:\/\/transamerica93.com.br\/home\/#website","url":"https:\/\/transamerica93.com.br\/home\/","name":"Transam\u00e9rica Mococa 93,3","description":"","publisher":{"@id":"https:\/\/transamerica93.com.br\/home\/#organization"},"potentialAction":[{"@type":"SearchAction","target":{"@type":"EntryPoint","urlTemplate":"https:\/\/transamerica93.com.br\/home\/?s={search_term_string}"},"query-input":{"@type":"PropertyValueSpecification","valueRequired":true,"valueName":"search_term_string"}}],"inLanguage":"pt-BR"},{"@type":"Organization","@id":"https:\/\/transamerica93.com.br\/home\/#organization","name":"Transam\u00e9rica Mococa 93,3","url":"https:\/\/transamerica93.com.br\/home\/","logo":{"@type":"ImageObject","inLanguage":"pt-BR","@id":"https:\/\/transamerica93.com.br\/home\/#\/schema\/logo\/image\/","url":"https:\/\/transamerica93.com.br\/home\/wp-content\/uploads\/2023\/10\/logo2.png","contentUrl":"https:\/\/transamerica93.com.br\/home\/wp-content\/uploads\/2023\/10\/logo2.png","width":800,"height":500,"caption":"Transam\u00e9rica Mococa 93,3"},"image":{"@id":"https:\/\/transamerica93.com.br\/home\/#\/schema\/logo\/image\/"},"sameAs":["https:\/\/www.facebook.com\/transamericamococa","https:\/\/x.com\/transamerica933","https:\/\/www.instagram.com\/transamericamococa"]},{"@type":"Person","@id":"https:\/\/transamerica93.com.br\/home\/#\/schema\/person\/7fed7c99c0d4562efa8561bc0f543172","name":"Reda\u00e7\u00e3o","image":{"@type":"ImageObject","inLanguage":"pt-BR","@id":"https:\/\/secure.gravatar.com\/avatar\/1072c6b775fb02ef8506ce967551d95926669a6b7d2c2147b42eea4d7c68395e?s=96&d=mm&r=g","url":"https:\/\/secure.gravatar.com\/avatar\/1072c6b775fb02ef8506ce967551d95926669a6b7d2c2147b42eea4d7c68395e?s=96&d=mm&r=g","contentUrl":"https:\/\/secure.gravatar.com\/avatar\/1072c6b775fb02ef8506ce967551d95926669a6b7d2c2147b42eea4d7c68395e?s=96&d=mm&r=g","caption":"Reda\u00e7\u00e3o"},"sameAs":["https:\/\/transamerica93.com.br\/home"],"url":"https:\/\/transamerica93.com.br\/home\/author\/william\/"}]}},"_links":{"self":[{"href":"https:\/\/transamerica93.com.br\/home\/wp-json\/wp\/v2\/posts\/6084","targetHints":{"allow":["GET"]}}],"collection":[{"href":"https:\/\/transamerica93.com.br\/home\/wp-json\/wp\/v2\/posts"}],"about":[{"href":"https:\/\/transamerica93.com.br\/home\/wp-json\/wp\/v2\/types\/post"}],"author":[{"embeddable":true,"href":"https:\/\/transamerica93.com.br\/home\/wp-json\/wp\/v2\/users\/1"}],"replies":[{"embeddable":true,"href":"https:\/\/transamerica93.com.br\/home\/wp-json\/wp\/v2\/comments?post=6084"}],"version-history":[{"count":1,"href":"https:\/\/transamerica93.com.br\/home\/wp-json\/wp\/v2\/posts\/6084\/revisions"}],"predecessor-version":[{"id":6086,"href":"https:\/\/transamerica93.com.br\/home\/wp-json\/wp\/v2\/posts\/6084\/revisions\/6086"}],"wp:featuredmedia":[{"embeddable":true,"href":"https:\/\/transamerica93.com.br\/home\/wp-json\/wp\/v2\/media\/6085"}],"wp:attachment":[{"href":"https:\/\/transamerica93.com.br\/home\/wp-json\/wp\/v2\/media?parent=6084"}],"wp:term":[{"taxonomy":"category","embeddable":true,"href":"https:\/\/transamerica93.com.br\/home\/wp-json\/wp\/v2\/categories?post=6084"},{"taxonomy":"post_tag","embeddable":true,"href":"https:\/\/transamerica93.com.br\/home\/wp-json\/wp\/v2\/tags?post=6084"}],"curies":[{"name":"wp","href":"https:\/\/api.w.org\/{rel}","templated":true}]}}