{"id":6087,"date":"2025-08-07T09:00:37","date_gmt":"2025-08-07T12:00:37","guid":{"rendered":"https:\/\/transamerica93.com.br\/home\/?p=6087"},"modified":"2025-08-02T10:28:48","modified_gmt":"2025-08-02T13:28:48","slug":"hoje-e-dia-datas-fatos-e-feriados-de-agosto-de-2025","status":"publish","type":"post","link":"https:\/\/transamerica93.com.br\/home\/hoje-e-dia-datas-fatos-e-feriados-de-agosto-de-2025\/","title":{"rendered":"Hoje \u00e9 Dia: datas, fatos e feriados de agosto de 2025"},"content":{"rendered":"<div class=\"conteudo-noticia\">\n<p>Assim como julho, agosto de 2025 tamb\u00e9m n\u00e3o ter\u00e1 nenhum feriado. O oitavo m\u00eas do ano \u00e9 marcado, principalmente por datas comemorativas, como o Dia dos Pais, e dias para pensarmos na sa\u00fade (como o Dia Nacional de Combate ao Fumo) ou em quest\u00f5es da nossa sociedade (como o Dia Nacional da Visibilidade L\u00e9sbica).<img decoding=\"async\" data-src=\"https:\/\/agenciabrasil.ebc.com.br\/ebc.png?id=1649285&amp;o=node\" src=\"data:image\/svg+xml;base64,PHN2ZyB3aWR0aD0iMSIgaGVpZ2h0PSIxIiB4bWxucz0iaHR0cDovL3d3dy53My5vcmcvMjAwMC9zdmciPjwvc3ZnPg==\" class=\"lazyload\" \/><img decoding=\"async\" data-src=\"https:\/\/agenciabrasil.ebc.com.br\/ebc.gif?id=1649285&amp;o=node\" src=\"data:image\/svg+xml;base64,PHN2ZyB3aWR0aD0iMSIgaGVpZ2h0PSIxIiB4bWxucz0iaHR0cDovL3d3dy53My5vcmcvMjAwMC9zdmciPjwvc3ZnPg==\" class=\"lazyload\" \/><\/p>\n<p>Agosto \u00e9, desde 2023,\u00a0<a href=\"https:\/\/in.gov.br\/web\/dou\/-\/lei-n-14.617-de-10-de-julho-de-2023-495483219\" target=\"_blank\" rel=\"noopener\">oficialmente definido como o &#8220;M\u00eas da Primeira Inf\u00e2ncia&#8221;<\/a>. Chamada de &#8220;Agosto Verde&#8221;, a campanha visa chamar aten\u00e7\u00e3o para pol\u00edticas p\u00fablicas e a\u00e7\u00f5es de conscientiza\u00e7\u00e3o voltadas ao desenvolvimento integral de crian\u00e7as de zero a seis anos. Na \u00e9poca da promulga\u00e7\u00e3o da lei que criou o &#8220;Agosto Verde&#8221;, a\u00a0<a href=\"https:\/\/agenciabrasil.ebc.com.br\/geral\/noticia\/2023-07\/lei-define-agosto-como-mes-da-primeira-infancia\" target=\"_new\" rel=\"noopener\"><strong>Ag\u00eancia Brasil<\/strong>\u00a0fez uma mat\u00e9ria sobre o assunto.<\/a><\/p>\n<p>Dentre as celebra\u00e7\u00f5es do m\u00eas, a mais popular \u00e9 o Dia dos Pais. No Brasil, o Dia dos Pais \u00e9 celebrado no segundo domingo de agosto. A origem da comemora\u00e7\u00e3o remonta a 1953, criada com fins publicit\u00e1rios, mas rapidamente se popularizou como uma ocasi\u00e3o de homenagem \u00e0 paternidade. Em 2022, a\u00a0<a href=\"https:\/\/agenciabrasil.ebc.com.br\/geral\/noticia\/2022-08\/dia-dos-pais-entenda-origem-da-data-no-Brasil-e-no-mundo\" target=\"_new\" rel=\"noopener\"><strong>Ag\u00eancia Brasil<\/strong>\u00a0falou\u00a0sobre a hist\u00f3ria da data<\/a>, no ano passado a\u00a0<a href=\"https:\/\/agenciabrasil.ebc.com.br\/radioagencia-nacional\/geral\/audio\/2024-08\/dia-dos-pais-homens-se-reinventam-para-educar-filhos-sem-machismo\" target=\"_new\" rel=\"noopener\"><strong>Radioag\u00eancia Nacional<\/strong>\u00a0fez uma mat\u00e9ria sobre pais que visam educar sem machismo<\/a>\u00a0e, em 2015, o\u00a0<a href=\"https:\/\/www.youtube.com\/watch?v=9acbu4k5114\" target=\"_blank\" rel=\"noopener\">Programa Especial (<strong>TV Brasil<\/strong>)<\/a>\u00a0fez um epis\u00f3dio sobre a data.<\/p>\n<p><audio id=\"scald-audio-395594\" preload=\"none\" controls=\"controls\" data-mce-fragment=\"1\"><\/audio>\u00a0<iframe title=\"YouTube video player\" data-src=\"https:\/\/www.youtube.com\/embed\/9acbu4k5114?si=8pB4XfW2LhVMPWdx\" width=\"100%\" height=\"405\" frameborder=\"0\" allowfullscreen=\"allowfullscreen\" data-mce-fragment=\"1\" src=\"data:image\/svg+xml;base64,PHN2ZyB3aWR0aD0iMSIgaGVpZ2h0PSIxIiB4bWxucz0iaHR0cDovL3d3dy53My5vcmcvMjAwMC9zdmciPjwvc3ZnPg==\" class=\"lazyload\" data-load-mode=\"1\"><\/iframe><\/p>\n<h2>Sa\u00fade<\/h2>\n<p>No dia 5 de agosto \u00e9 celebrado o Dia Nacional da Sa\u00fade. Institu\u00edda em 1967, a data que promove a educa\u00e7\u00e3o sanit\u00e1ria e incentiva h\u00e1bitos saud\u00e1veis entre os brasileiros foi tema de mat\u00e9rias especiais no<a href=\"https:\/\/agenciabrasil.ebc.com.br\/radioagencia-nacional\/saude\/audio\/2020-08\/no-dia-nacional-da-saude-destaque-para-prevencao\" target=\"_blank\" rel=\"noopener\">\u00a0<em>Hist\u00f3ria Hoje,<\/em>\u00a0da\u00a0<strong>Radioag\u00eancia Nacional<\/strong>,<\/a>\u00a0em 2020, e no\u00a0<a href=\"https:\/\/www.youtube.com\/watch?v=0fy2cdOjKf4\" target=\"_blank\" rel=\"noopener\"><em>Rep\u00f3rter Brasil,\u00a0<\/em>em 2016.<\/a><\/p>\n<p><audio id=\"scald-audio-167734\" preload=\"none\" controls=\"controls\" data-mce-fragment=\"1\"><\/audio>\u00a0<iframe title=\"YouTube video player\" data-src=\"https:\/\/www.youtube.com\/embed\/0fy2cdOjKf4?si=80bC4GFlMZY9siRF\" width=\"100%\" height=\"405\" frameborder=\"0\" allowfullscreen=\"allowfullscreen\" data-mce-fragment=\"1\" src=\"data:image\/svg+xml;base64,PHN2ZyB3aWR0aD0iMSIgaGVpZ2h0PSIxIiB4bWxucz0iaHR0cDovL3d3dy53My5vcmcvMjAwMC9zdmciPjwvc3ZnPg==\" class=\"lazyload\" data-load-mode=\"1\"><\/iframe><\/p>\n<p>Outra data importante em rela\u00e7\u00e3o \u00e0 sa\u00fade no m\u00eas de agosto \u00e9 o Dia Nacional de Combate ao Fumo no dia 29. A data foi criada pela Lei n\u00ba 7.488\/86 e \u00e9 uma oportunidade de conscientizar sobre os males do tabagismo (inclusive dos cigarros eletr\u00f4nicos). A efem\u00e9ride foi tema da mat\u00e9rias na\u00a0<strong>Ag\u00eancia Brasil<\/strong>\u00a0em\u00a0<a href=\"https:\/\/agenciabrasil.ebc.com.br\/saude\/noticia\/2020-08\/dia-nacional-de-combate-ao-fumo-traz-alerta-sobre-tabagismo-e-covid-19\" target=\"_blank\" rel=\"noopener\">2020<\/a>\u00a0e\u00a0<a href=\"https:\/\/agenciabrasil.ebc.com.br\/saude\/noticia\/2024-08\/no-dia-de-combate-ao-fumo-entidades-alertam-sobre-cigarro-eletronico-0\" target=\"_blank\" rel=\"noopener\">2024\u00a0<\/a>e do\u00a0<em>Rep\u00f3rter Brasil<\/em>\u00a0em\u00a0<a href=\"https:\/\/www.youtube.com\/watch?v=fpm0jEAPuJw\" target=\"_blank\" rel=\"noopener\">2016<\/a>\u00a0e\u00a0<a href=\"https:\/\/www.youtube.com\/watch?v=pLPD5BcDQXA\" target=\"_blank\" rel=\"noopener\">2019<\/a>.<\/p>\n<p><iframe title=\"YouTube video player\" data-src=\"https:\/\/www.youtube.com\/embed\/fpm0jEAPuJw?si=QSM6TCJto7uunARo\" width=\"100%\" height=\"405\" frameborder=\"0\" allowfullscreen=\"allowfullscreen\" data-mce-fragment=\"1\" src=\"data:image\/svg+xml;base64,PHN2ZyB3aWR0aD0iMSIgaGVpZ2h0PSIxIiB4bWxucz0iaHR0cDovL3d3dy53My5vcmcvMjAwMC9zdmciPjwvc3ZnPg==\" class=\"lazyload\" data-load-mode=\"1\"><\/iframe><iframe title=\"YouTube video player\" data-src=\"https:\/\/www.youtube.com\/embed\/pLPD5BcDQXA?si=53RTjjwrpSwX0kQF\" width=\"100%\" height=\"405\" frameborder=\"0\" allowfullscreen=\"allowfullscreen\" data-mce-fragment=\"1\" src=\"data:image\/svg+xml;base64,PHN2ZyB3aWR0aD0iMSIgaGVpZ2h0PSIxIiB4bWxucz0iaHR0cDovL3d3dy53My5vcmcvMjAwMC9zdmciPjwvc3ZnPg==\" class=\"lazyload\" data-load-mode=\"1\"><\/iframe><\/p>\n<h2>Direitos Humanos<\/h2>\n<p>Uma das datas mais importantes do m\u00eas \u00e9 o Dia Nacional dos Direitos Humanos, em 12 de agosto. Ela rememora a luta por garantias fundamentais e homenageia figuras marcantes da resist\u00eancia, como a sindicalista Margarida Maria Alves, assassinada em 1983. No ano passado,\u00a0<a href=\"https:\/\/radios.ebc.com.br\/revista-brasil\/2024\/08\/dia-dos-direitos-humanos-lembra-sindicalista-assassinada-em-83\" target=\"_blank\" rel=\"noopener\">o\u00a0<em>Tarde Nacional<\/em>, da\u00a0<strong>R\u00e1dio Nacional<\/strong>, falou sobre a origem da data.<\/a><\/p>\n<p><audio id=\"scald-audio-133597\" controls=\"controls\" data-download=\"https:\/\/audios.ebc.com.br\/66\/66f215427bace36edeef72ec4f93be9e.mp3\" data-mce-fragment=\"1\"><\/audio><\/p>\n<p>Tamb\u00e9m no campo dos direitos humanos, h\u00e1 o Dia Internacional dos Povos Ind\u00edgenas em 9 de agosto. Trata-se de uma celebra\u00e7\u00e3o que existe desde 1994, foi criada pela Organiza\u00e7\u00e3o das Na\u00e7\u00f5es Unidas (ONU) e convida \u00e0 reflex\u00e3o sobre os desafios enfrentados pelas comunidades ind\u00edgenas (inclusive no Brasil). A efem\u00e9ride foi tema de uma reportagem especial da\u00a0<strong><a href=\"https:\/\/agenciabrasil.ebc.com.br\/radioagencia-nacional\/direitos-humanos\/audio\/2024-08\/onu-celebra-povos-indigenas-e-sua-contribuicao-para-o-meio-ambiente\" target=\"_new\" rel=\"noopener\">R\u00e1dio Nacional<\/a><\/strong>\u00a0e um v\u00eddeo da\u00a0<strong><a href=\"https:\/\/www.youtube.com\/watch?v=rTC_PiEQBTM\" target=\"_new\" rel=\"noopener\">TV Brasil<\/a><\/strong>.<\/p>\n<p><audio id=\"scald-audio-395439\" preload=\"none\" controls=\"controls\" data-mce-fragment=\"1\"><\/audio>\u00a0<iframe title=\"YouTube video player\" data-src=\"https:\/\/www.youtube.com\/embed\/rTC_PiEQBTM?si=GIFfsKuJQcuqhaZ9\" width=\"100%\" height=\"405\" frameborder=\"0\" allowfullscreen=\"allowfullscreen\" data-mce-fragment=\"1\" src=\"data:image\/svg+xml;base64,PHN2ZyB3aWR0aD0iMSIgaGVpZ2h0PSIxIiB4bWxucz0iaHR0cDovL3d3dy53My5vcmcvMjAwMC9zdmciPjwvc3ZnPg==\" class=\"lazyload\" data-load-mode=\"1\"><\/iframe><\/p>\n<p>Para fechar o m\u00eas, temos o Dia Nacional da Visibilidade L\u00e9sbica, em 29 de agosto. Institu\u00edda ap\u00f3s o 1\u00ba Semin\u00e1rio Nacional de L\u00e9sbicas (SENALE), realizado em 1996, a data fortalece o debate sobre direitos, representatividade e enfrentamento \u00e0 viol\u00eancia e \u00e0 lesbofobia e foi tema de mat\u00e9ria na\u00a0<a href=\"https:\/\/agenciabrasil.ebc.com.br\/radioagencia-nacional\/direitos-humanos\/audio\/2023-08\/dia-nacional-da-visibilidade-lesbica-luta-pela-garantia-de-direitos\" target=\"_blank\" rel=\"noopener\"><strong>Radioag\u00eancia Nacional,\u00a0<\/strong>em 2023<\/a>, e do\u00a0<em>Viva Maria<\/em>, da\u00a0<a href=\"https:\/\/radios.ebc.com.br\/viva-maria\/2024\/08\/visibilidade-lebica-viva-maria-comemora-data-com-reflexoes-sobre-o-cenario\" target=\"_blank\" rel=\"noopener\"><strong>Radio Nacional da Amaz\u00f4nia<\/strong>, em 2024.<\/a><\/p>\n<p><audio id=\"scald-audio-344563\" preload=\"none\" controls=\"controls\" data-mce-fragment=\"1\"><\/audio><\/p>\n<h2><strong>Confira a lista completa de efem\u00e9rides de Agosto de 2025<\/strong><\/h2>\n<div class=\"cmpTable tcols-2\">\n<div class=\"cmpTableTitle\">Agosto de 2025<\/div>\n<div class=\"cmpTableCell\">1<\/div>\n<div class=\"cmpTableCell cmpTopics\">\n<p>Nascimento do soci\u00f3logo franc\u00eas Pierre F\u00e9lix Bourdieu (95 anos)<\/p>\n<p>Agosto Verde &#8211; M\u00eas da Primeira Inf\u00e2ncia<\/p>\n<p>Dia do Poeta de Literatura de Cordel<\/p>\n<p>Dia Mundial da Amamenta\u00e7\u00e3o &#8211; comemora\u00e7\u00e3o internacional criada em 1992 pela Alian\u00e7a de A\u00e7\u00e3o Mundial pr\u00f3-amamenta\u00e7\u00e3o, para ser festejada na data da abertura da &#8220;Semana Mundial do Aleitamento Materno&#8221;. Promove o exerc\u00edcio da amamenta\u00e7\u00e3o natural para beb\u00eas de at\u00e9 2 anos de idade e combate a desnutri\u00e7\u00e3o infantil<\/p>\n<p>Dia Nacional do Selo &#8211; dia da emiss\u00e3o do primeiro selo postal brasileiro<\/p>\n<p>Dia Nacional do Maracatu<\/p>\n<p>Dia Internacional da Cerveja &#8211; comemorada na primeira sexta-feira de Agosto, a data foi lan\u00e7ada em 2007 na cidade norte-americana de Santa Cruz na Calif\u00f3rnia, como uma forma de homenagear um bar local, e se expandiu para outros pa\u00edses<\/p>\n<p>Primeira irradia\u00e7\u00e3o do Programa Calend\u00e1rio Kolynos, na R\u00e1dio Nacional (70 anos)<\/p>\n<\/div>\n<div class=\"cmpTableCell\">2<\/div>\n<div class=\"cmpTableCell cmpTopics\">\n<p>Morte do jornalista, cr\u00edtico liter\u00e1rio, ensa\u00edsta e romancista baiano Adonias Aguiar Filho (35 anos). Ele ocupou a Cadeira 21 da Academia Brasileira de Letras<\/p>\n<p>O Brasil estreia nos Jogos Ol\u00edmpicos da Antu\u00e9rpia, conquistando suas primeiras medalhas (105 anos)<\/p>\n<p>Lan\u00e7amento do jornal fluminense &#8220;Gazeta de Not\u00edcias&#8221; (150 anos). O peri\u00f3dico introduziu uma s\u00e9rie de inova\u00e7\u00f5es na imprensa brasileira, como o emprego do clich\u00ea, das caricaturas e da t\u00e9cnica de entrevistas, chegando a ser um dos principais jornais da capital federal durante a Rep\u00fablica Velha<\/p>\n<\/div>\n<div class=\"cmpTableCell\">3<\/div>\n<div class=\"cmpTableCell cmpTopics\">\n<p>Nascimento do poeta e letrista fluminense Arnoldo Medeiros (80 anos)<\/p>\n<p>Nascimento do instrumentista e compositor fluminense Dom Um Rom\u00e3o (100 anos) &#8211; ligado ao come\u00e7o da Bossa Nova<\/p>\n<p>O esportista Guilherme Paraense conquistou a primeira medalha de ouro para o Brasil em uma olimp\u00edada, nos Jogos Ol\u00edmpicos da Antu\u00e9rpia, na modalidade tiro (105 anos)<\/p>\n<p>Dia do Capoeirista &#8211; apesar de haver pol\u00eamicas sobre a defini\u00e7\u00e3o dessa data, ela \u00e9 referenciada em sites oficiais de \u00f3rg\u00e3os federais e v\u00e1rios estados a inclu\u00edram em seus calend\u00e1rios<\/p>\n<\/div>\n<div class=\"cmpTableCell\">4<\/div>\n<div class=\"cmpTableCell cmpTopics\">\n<p>Morte do ator hispano-brasileiro Oscar Lorenzo Jacinto de la Inmaculada Concepci\u00f3n Teresa D\u00edaz, o Oscarito (55 anos)<\/p>\n<p>Morte do escritor dinarmaqu\u00eas Hans Christian Andersen (150 anos) &#8211; escreveu pe\u00e7as de teatro, can\u00e7\u00f5es patri\u00f3ticas, contos, hist\u00f3rias e, principalmente, contos de fadas, pelos quais \u00e9 mundialmente conhecido<\/p>\n<p>Morte do instrumentista e compositor fluminense Jos\u00e9 Barbosa da Silva, o Sinh\u00f4 (95 anos) &#8211; considerado um dos mais talentosos compositores de samba, para muitos o maior da primeira fase do samba carioca<\/p>\n<p>Lan\u00e7amento do programa Caricaturas, na R\u00e1dio Nacional (78 anos) &#8211; veiculado entre o fim da d\u00e9cada de 40 e in\u00edcio da d\u00e9cada de 50, em cada epis\u00f3dio uma personalidade era homenageada com a dramatiza\u00e7\u00e3o de momentos marcantes de sua biografia<\/p>\n<\/div>\n<div class=\"cmpTableCell\">5<\/div>\n<div class=\"cmpTableCell cmpTopics\">\n<p>Nascimento da atriz e cantora fluminense Maria Jos\u00e9 Gonz\u00e1les, a Zez\u00e9 Fonseca (110 anos) &#8211; em 1939 come\u00e7ou a atuar na R\u00e1dio Nacional<\/p>\n<p>Morte da cantora e atriz luso-brasileira Carmen Miranda (70 anos)<\/p>\n<p>Nascimento do engenheiro aeroespacial e astronauta estadunidense Neil Armstrong (95 anos) &#8211; um dos participantes da primeira alunissagem tripulada da hist\u00f3ria<\/p>\n<p>Acidente na mina San Jos\u00e9 aprisiona 33 mineiros chilenos a aproximadamente 700 metros abaixo do solo por 69 dias (15 anos)<\/p>\n<p>Dia Nacional da Sa\u00fade &#8211; comemora\u00e7\u00e3o do Brasil, que foi institu\u00edda pela Lei N\u00ba 5.352 de 8 de novembro de 1967, com a finalidade de promover a educa\u00e7\u00e3o sanit\u00e1ria e despertar no povo a consci\u00eancia do valor da sa\u00fade<\/p>\n<p>Dia Nacional da Vigil\u00e2ncia Sanit\u00e1ria &#8211; comemora\u00e7\u00e3o do Brasil, que foi criada pela Lei N\u00ba 13.098 de 27 de janeiro de 2015. Durante a data dever\u00e3o ser realizadas atividades celebrativas envolvendo o Sistema \u00danico de Sa\u00fade (SUS) e o Sistema de Vigil\u00e2ncia Sanit\u00e1ria em todas as esferas de governo<\/p>\n<p>Inicia a primeira edi\u00e7\u00e3o do Free Jazz Festival (40 anos)<\/p>\n<p>Para\u00edba \u00e9 fundada como capitania, tendo in\u00edcio as constru\u00e7\u00f5es do Forte da Cidade e surgindo assim, dois anos depois, a Cidade Real de Nossa Senhora das Neves, primeiro nome dado \u00e0 cidade de Jo\u00e3o Pessoa (440 anos)<\/p>\n<\/div>\n<div class=\"cmpTableCell\">6<\/div>\n<div class=\"cmpTableCell cmpTopics\">\n<p>Nascimento do compositor, cantor, humorista e ator paulista Jo\u00e3o Rubinato, o Adoniran Barbosa (115 anos)<\/p>\n<p>Nascimento do compositor e letrista fluminense Paulo S\u00e9rgio Valle (85 anos)<\/p>\n<p>Morte do cantor e compositor cubano Ibrahim Ferrer (20 anos) &#8211; ele fez parte do Buena Vista Social Club<\/p>\n<p>A cidade japonesa de Hiroshima \u00e9 devastada pela bomba at\u00f4mica lan\u00e7ada pelos Estados Unidos durante a Segunda Guerra Mundial (80 anos)<\/p>\n<p>Inaugura\u00e7\u00e3o da primeira Delegacia da Mulher no Brasil, em S\u00e3o Paulo (40 anos)<\/p>\n<p>Dia Nacional dos Profissionais da Educa\u00e7\u00e3o<\/p>\n<p>Lan\u00e7amento do Programa Revista Brasil, na R\u00e1dio Nacional de Bras\u00edlia (39 anos)<\/p>\n<\/div>\n<div class=\"cmpTableCell\">8<\/div>\n<div class=\"cmpTableCell cmpTopics\">\n<p>Nascimento do multi-instrumentista e compositor paulista \u00c2ngelo Apol\u00f4nio, o Poli (105 anos)<\/p>\n<\/div>\n<div class=\"cmpTableCell\">9<\/div>\n<div class=\"cmpTableCell cmpTopics\">\n<p>Nascimento do compositor fluminense Roberto Roberti (110 anos) &#8211; em 20 de outubro de 1938, Roberti e v\u00e1rios outros autores deram o primeiro passo para a forma\u00e7\u00e3o da Associa\u00e7\u00e3o Brasileira de Compositores e Autores (ABCA). Em 22 de junho de 1942, fundaram finalmente a Uni\u00e3o Brasileira de Compositores (UBC)<\/p>\n<p>A cidade japonesa de Nagasaki \u00e9 devastada pela bomba at\u00f4mica lan\u00e7ada pelos Estados Unidos durante a Segunda Guerra Mundial (80 anos)<\/p>\n<p>Betty Boop estreia como desenho animado, espelhando-se nas divas da d\u00e9cada de 1930, ao som de muito jazz (95 anos)<\/p>\n<p>Dia Internacional dos Povos Ind\u00edgenas &#8211; comemora\u00e7\u00e3o mundial que foi institu\u00edda pela Assembleia Geral da ONU atrav\u00e9s da Resolu\u00e7\u00e3o 49\/214 de 23 de dezembro de 1994<\/p>\n<\/div>\n<div class=\"cmpTableCell\">10<\/div>\n<div class=\"cmpTableCell cmpTopics\">\n<p>Morte do soci\u00f3logo e pol\u00edtico paulista Florestan Fernandes (30 anos)<\/p>\n<p>Nascimento do pol\u00edtico mineiro Gustavo Capanema Filho (125 anos) &#8211; foi ministro da Educa\u00e7\u00e3o e fundador de dois \u00f3rg\u00e3os de destacada atua\u00e7\u00e3o ao longo do Estado Novo: o Servi\u00e7o do Patrim\u00f4nio Hist\u00f3rico e Art\u00edstico Nacional e o Instituto Nacional do Livro, fundados em novembro e dezembro de 1937, respectivamente.<\/p>\n<p>Dia dos Pais &#8211; comemora\u00e7\u00e3o m\u00f3vel extraoficial do Brasil, que teria sido criada em 1953 pelo publicit\u00e1rio brasileiro Sylvio Bhering, com o prop\u00f3sito de atrair an\u00fancios de produtos que poderiam ser dados de presente, cuja celebra\u00e7\u00e3o ocorre no segundo domingo de Agosto<\/p>\n<\/div>\n<div class=\"cmpTableCell\">11<\/div>\n<div class=\"cmpTableCell cmpTopics\">\n<p>Dia do Advogado \u2013 data comemorativa em mem\u00f3ria da cria\u00e7\u00e3o das duas primeiras faculdades de Direito do pa\u00eds, no ano de 1827. Nesse dia tamb\u00e9m ocorre o Dia do Pendura, comemorado por estudantes brasileiros de Direito, que v\u00e3o aos restaurantes, comem e bebem e, depois, mandam &#8220;pendurar&#8221; a conta<\/p>\n<p>Iniciada a constru\u00e7\u00e3o do Aeroporto Internacional de S\u00e3o Paulo-Guarulhos (45 anos)<\/p>\n<p>Funda\u00e7\u00e3o da Academia Maceioense de Letras (70 anos)<\/p>\n<\/div>\n<div class=\"cmpTableCell\">12<\/div>\n<div class=\"cmpTableCell cmpTopics\">\n<p>Foi encontrado o maior, mais extenso e mais bem preservado esp\u00e9cime de Tyrannosaurus rex, o FMNH PR 2081, apelidado de &#8220;Sue&#8221; (35 anos)<\/p>\n<p>Dia Internacional da Juventude &#8211; comemora\u00e7\u00e3o institu\u00edda pela ONU na sua resolu\u00e7\u00e3o N\u00ba 54\/120, de 17 de dezembro de 1999<\/p>\n<p>Dia Nacional dos Direitos Humanos<\/p>\n<p>Dia Nacional das Artes<\/p>\n<\/div>\n<div class=\"cmpTableCell\">13<\/div>\n<div class=\"cmpTableCell cmpTopics\">\n<p>Nascimento do compositor, maestro e instrumentista carioca\/fluminense Pedro da Cruz Salgado (135 anos) &#8211; considerado o &#8220;Rei das bandas musicais&#8221; e homenageado com uma Batuta de Prata, pr\u00eamio antes concedido apenas para os maestros Carlos Gomes e Villa-Lobos<\/p>\n<p>Morte do poeta e prosador mineiro Murilo Monteiro Mendes (50 anos) &#8211; expoente do surrealismo na literatura brasileira<\/p>\n<p>Cria\u00e7\u00e3o da Esta\u00e7\u00e3o Ecol\u00f3gica Angatuba, importante reserva natural do encontro do Cerrado com a Mata Atl\u00e2ntica (40 anos)<\/p>\n<\/div>\n<div class=\"cmpTableCell\">14<\/div>\n<div class=\"cmpTableCell cmpTopics\">\n<p>Funda\u00e7\u00e3o da Associa\u00e7\u00e3o Portuguesa de Desportos, clube de futebol de S\u00e3o Paulo (105 anos)<\/p>\n<p>Dia Nacional de Conscientiza\u00e7\u00e3o sobre a Paternidade Respons\u00e1vel<\/p>\n<\/div>\n<div class=\"cmpTableCell\">15<\/div>\n<div class=\"cmpTableCell cmpTopics\">\n<p>Jap\u00e3o aceita os termos aliados de rendi\u00e7\u00e3o na Segunda Guerra Mundial e o Imperador l\u00ea o discurso do Rescrito Imperial do T\u00e9rmino da Guerra (80 anos)<\/p>\n<\/div>\n<div class=\"cmpTableCell\">16<\/div>\n<div class=\"cmpTableCell cmpTopics\">\n<p>Morte do escritor portugu\u00eas E\u00e7a de Queiroz (125 anos)<\/p>\n<p>Dia do Profissional de Almoxarifado<\/p>\n<\/div>\n<div class=\"cmpTableCell\">17<\/div>\n<div class=\"cmpTableCell cmpTopics\">\n<p>Nascimento do sambista fluminense Ant\u00f4nio Candeia Filho, o Candeia (90 anos)<\/p>\n<p>Dia Nacional do Patrim\u00f4nio Cultural<\/p>\n<\/div>\n<div class=\"cmpTableCell\">18<\/div>\n<div class=\"cmpTableCell cmpTopics\">\n<p>Lan\u00e7amento da primeira p\u00edlula anticoncepcional, nos Estados Unidos (65 anos)<\/p>\n<\/div>\n<div class=\"cmpTableCell\">19<\/div>\n<div class=\"cmpTableCell cmpTopics\">\n<p>Dia Mundial da Fotografia &#8211; comemorado para marcar a data de 19 de agosto de 1849, em que o Daguerre\u00f3tipo, um invento do pesquisador franc\u00eas Louis Jacques Mand\u00e9 Daguerre, foi anunciado ao mundo na Academia de Ci\u00eancias da Fran\u00e7a em Paris<\/p>\n<p>Dia Nacional do Historiador &#8211; comemorado por brasileiros, conforme Lei N\u00ba 12.130 de 17 de dezembro de 2009, para marcar a data do nascimento do diplomata, pol\u00edtico, jornalista, historiador e literato brasileiro Joaquim Aur\u00e9lio Barreto Nabuco de Ara\u00fajo, que nasceu em 19 de agosto de 1849 e que, mesmo tendo sido educado por uma fam\u00edlia escravocrata, optou pela luta em favor dos escravos do Brasil<\/p>\n<p>Dia Nacional do Ciclista &#8211; comemorado extraoficialmente no Brasil para marcar a data da morte do ambientalista, bi\u00f3logo e ciclista brasileiro Pedro Davison no dia 19 de agosto de 2006, depois dele ser atropelado por um motorista alcoolizado enquanto pedalava em pleno Eixo Rodovi\u00e1rio da cidade brasileira de Bras\u00edlia-DF<\/p>\n<p>Dia Mundial Humanit\u00e1rio &#8211; comemora\u00e7\u00e3o institu\u00edda pela 63\u00aa Assembleia Geral da ONU na Resolu\u00e7\u00e3o A-63-L.49, de 11 de dezembro de 2008, em tributo dos cerca de 100 prestadores humanit\u00e1rios de servi\u00e7os que foram vitimados mortalmente em servi\u00e7o por ano na primeira d\u00e9cada do s\u00e9culo 21, e para marcar a data do atentado de 19 de agosto de 2003 contra a sede da ONU em Bagd\u00e1, no Iraque<\/p>\n<p>Anivers\u00e1rio de Planaltina, regi\u00e3o administrativa do Distrito Federal (166 anos)<\/p>\n<\/div>\n<div class=\"cmpTableCell\">20<\/div>\n<div class=\"cmpTableCell cmpTopics\">\n<p>Nascimento do escritor estadunidense Howard Phillips Lovecraft (135 anos) &#8211; mais conhecido por H. P. Lovecraft, \u00a0revolucionou o g\u00eanero de terror, atribuindo-lhe elementos fant\u00e1sticos t\u00edpicos dos g\u00eaneros de fantasia e fic\u00e7\u00e3o cient\u00edfica<\/p>\n<p>Programa Viking: a NASA lan\u00e7a a sonda Viking 1 em dire\u00e7\u00e3o a Marte (50 anos)<\/p>\n<p>Funda\u00e7\u00e3o do Museu Th\u00e9o Brand\u00e3o de Antropologia e Folclore em Macei\u00f3 (50 anos)<\/p>\n<\/div>\n<div class=\"cmpTableCell\">21<\/div>\n<div class=\"cmpTableCell cmpTopics\">\n<p>Morte do intelectual e revolucion\u00e1rio bolchevique ucraniano Leon Tr\u00f3tski (85 anos)<\/p>\n<p>In\u00edcio da Semana Nacional da Pessoa com Defici\u00eancia Intelectual e M\u00faltipla<\/p>\n<\/div>\n<div class=\"cmpTableCell\">22<\/div>\n<div class=\"cmpTableCell cmpTopics\">\n<p>Primeira apari\u00e7\u00e3o do movimento &#8220;Jovem Guarda&#8221;, pelo cantor e compositor Roberto Carlos, em companhia do tamb\u00e9m cantor e compositor Erasmo Carlos e da cantora Wanderl\u00e9a, na TV Record de S\u00e3o Paulo (60 anos)<\/p>\n<p>Dia do Folclore<\/p>\n<\/div>\n<div class=\"cmpTableCell\">23<\/div>\n<div class=\"cmpTableCell cmpTopics\">\n<p>Emiss\u00e3o do relat\u00f3rio sobre a forma\u00e7\u00e3o de depress\u00e3o tropical, dando in\u00edcio \u00e0 hist\u00f3ria meteorol\u00f3gica do devastador Furac\u00e3o Katrina (20 anos)<\/p>\n<\/div>\n<div class=\"cmpTableCell\">24<\/div>\n<div class=\"cmpTableCell cmpTopics\">\n<p>Eclos\u00e3o da Revolu\u00e7\u00e3o Liberal do Porto (205 anos) &#8211; o movimento resultou no retorno (1821) da Corte Portuguesa, que se transferira para o Brasil durante a Guerra Peninsular, e no fim do absolutismo em Portugal, com a ratifica\u00e7\u00e3o e implementa\u00e7\u00e3o da primeira Constitui\u00e7\u00e3o Portuguesa (1822)<\/p>\n<p>Lan\u00e7amento do Microsoft Windows 95 (30 anos) &#8211; sistema operacional que revolucionou o mercado e passou a vir instalado por padr\u00e3o com o MS-DOS 7.0 (e n\u00e3o mais separado, como era antes), sendo o principal lan\u00e7amento da empresa na d\u00e9cada de 1990<\/p>\n<\/div>\n<div class=\"cmpTableCell\">25<\/div>\n<div class=\"cmpTableCell cmpTopics\">\n<p>Morte do fil\u00f3sofo prussiano Friedrich Nietzsche (125 anos)<\/p>\n<p>Uruguai declara independ\u00eancia do Brasil (200 anos)<\/p>\n<p>Dia do Soldado &#8211; a data homenageia o dia do nascimento de Lu\u00eds Alves de Lima e Silva, o Duque de Caxias, em 25 de agosto de 1803, patrono do Ex\u00e9rcito Brasileiro que se tornou conhecido como &#8220;o pacificador&#8221;, ap\u00f3s sufocar muitas rebeli\u00f5es contra o Imp\u00e9rio<\/p>\n<\/div>\n<div class=\"cmpTableCell\">26<\/div>\n<div class=\"cmpTableCell cmpTopics\">\n<p>Nascimento da religiosa naturalizada indiana Anjez\u00eb Gonxhe Bojaxhiu, conhecida como Madre Teresa de Calcut\u00e1 (115 anos) &#8211; canonizada em 2016 pelo Papa Francisco<\/p>\n<p>Dia Internacional da Igualdade Feminina<\/p>\n<\/div>\n<div class=\"cmpTableCell\">27<\/div>\n<div class=\"cmpTableCell cmpTopics\">\n<p>Nascimento do fil\u00f3sofo alem\u00e3o Georg Wilhelm Friedrich Hegel (255 anos) &#8211; considerado um dos mais importantes e influentes fil\u00f3sofos da hist\u00f3ria, pode ser inclu\u00eddo naquilo que se chamou de Idealismo Alem\u00e3o<\/p>\n<p>Morte do jurista, pol\u00edtico, historiador, professor, ensa\u00edsta e cr\u00edtico mineiro Afonso Arinos de Melo Franco (35 anos) &#8211; destaca-se pela autoria da Lei Afonso Arinos contra a discrimina\u00e7\u00e3o racial, em 1951. Ocupou a Cadeira 25 da Academia Brasileira de Letras<\/p>\n<p>Institui\u00e7\u00e3o do C\u00f3digo Brasileiro de Telecomunica\u00e7\u00f5es (63 anos) &#8211; lei que garantiu a reserva do hor\u00e1rio das 19h \u00e0s 20h para a s\u00e9rie radiof\u00f4nica &#8220;A Voz do Brasil&#8221;, de veicula\u00e7\u00e3o obrigat\u00f3ria (exceto em fins de semana e feriados nacionais) em todas as emissoras de r\u00e1dio do Brasil<\/p>\n<\/div>\n<div class=\"cmpTableCell\">28<\/div>\n<div class=\"cmpTableCell cmpTopics\">\n<p>Primeira transmiss\u00e3o do extinto programa &#8220;Rep\u00f3rter Esso&#8221;, na R\u00e1dio Nacional do Rio de Janeiro (84 anos) &#8211; o primeiro radiojornal brasileiro<\/p>\n<p>Estreia do quadro R\u00e1dio Mem\u00f3ria, parceria da Ger\u00eancia de Acervo da EBC com a R\u00e1dio MEC (06 anos)<\/p>\n<\/div>\n<div class=\"cmpTableCell\">29<\/div>\n<div class=\"cmpTableCell cmpTopics\">\n<p>Nascimento (prov\u00e1vel) do escultor, entalhador e arquiteto mineiro Ant\u00f4nio Francisco Lisboa, o Aleijadinho (295 anos)<\/p>\n<p>Dia Nacional de Combate ao Fumo &#8211; comemora\u00e7\u00e3o do Brasil, institu\u00edda pela Lei N\u00ba 7.488 de 11 de junho de 1986<\/p>\n<p>Dia Nacional da Visibilidade L\u00e9sbica &#8211; foi institu\u00edda no Brasil pelo 1\u00ba SENALE (Semin\u00e1rio Nacional de L\u00e9sbicas), ocorrido em 1996 na cidade do Rio de Janeiro, com debates sobre sexualidade, sa\u00fade, viol\u00eancia, entre outras quest\u00f5es relacionadas com o direito inalien\u00e1vel de uma mulher amar outra mulher<\/p>\n<p>Dia Mundial Contra Testes Nucleares &#8211; data reconhecida pela ONU<\/p>\n<p>In\u00edcio do funcionamento da R\u00e1dio Nacional FM de Bras\u00edlia (49 anos) &#8211; a inaugura\u00e7\u00e3o oficial foi em 23 de junho de 1977<\/p>\n<\/div>\n<div class=\"cmpTableCell\">30<\/div>\n<div class=\"cmpTableCell cmpTopics\">\n<p>Nascimento do cantor cubano Bienvenido Rosendo Granda Aguillera (110 anos)<\/p>\n<p>Morte do cantor e compositor fluminense Ant\u00f4nio Gilson Porf\u00edrio, o Agep\u00ea (30 anos)<\/p>\n<p>Dia Internacional das Na\u00e7\u00f5es Unidas para as V\u00edtimas de Desaparecimentos For\u00e7ados &#8211; comemora\u00e7\u00e3o institu\u00edda pela Assembleia Geral das Na\u00e7\u00f5es Unidas na Resolu\u00e7\u00e3o N\u00ba 65\/209 de 21 de dezembro de 2010, que j\u00e1 era celebrada desde 1981 na Am\u00e9rica Latina e Caribe, contando tamb\u00e9m com o apoio de conceituadas entidades internacionais de ajuda humanit\u00e1ria em todo o mundo<\/p>\n<p>Dia Nacional da Conscientiza\u00e7\u00e3o sobre a Esclerose M\u00faltipla<\/p>\n<p>Anivers\u00e1rio do Lago Sul, regi\u00e3o administrativa do Distrito Federal (65 anos)<\/p>\n<p>Primeira transmiss\u00e3o do programa &#8220;Ao vivo entre amigos&#8221;, da R\u00e1dio MEC (33 anos)<\/p>\n<\/div>\n<div class=\"cmpTableCell\">31<\/div>\n<div class=\"cmpTableCell cmpTopics\">\n<p>Aprova\u00e7\u00e3o no Senado, por 61 votos a favor e 20 contr\u00e1rios, do impeachment da presidente Dilma Rousseff, em 2016. Com a perda do mandato, assumiu a presid\u00eancia o vice-presidente Michel Temer<\/p>\n<p>Morte de Diana Spencer, princesa de Gales, em 1997 (27 anos). Conhecida como \u201cprincesa do povo\u201d, Diana foi v\u00edtima de um acidente fatal quando o carro em que estava colidiu com uma pilastra do T\u00fanel d\u2019Alma, em Paris, na Fran\u00e7a, enquanto ela tentava fugir do ass\u00e9dio dos paparazzi<\/p>\n<\/div>\n<\/div>\n<p><em>*As datas s\u00e3o selecionadas pela equipe de pesquisadores do Projeto Efem\u00e9rides, da Ger\u00eancia de Acervo da\u00a0<a href=\"https:\/\/www.ebc.com.br\/\" target=\"_blank\" rel=\"noopener\">Empresa Brasil de Comunica\u00e7\u00e3o (EBC)<\/a>, que traz temas relacionados \u00e0 cultura, hist\u00f3ria, ci\u00eancia e personalidades, sempre ressaltando marcos nacionais e regionais. A Ger\u00eancia de Acervo tamb\u00e9m atende aos pedidos de pesquisa do p\u00fablico externo. Basta enviar um e-mail para\u00a0<a href=\"mailto:centraldepesquisas@ebc.com.br\">centraldepesquisas@ebc.com.br<\/a>.<\/em><\/p>\n<\/div>\n<div class=\"footer-noticia\">\n<div class=\"editor rowflex\">Edi\u00e7\u00e3o:<\/p>\n<div class=\"nome-editor\">Bruna Athayde<\/div>\n<\/div>\n<\/div>\n","protected":false},"excerpt":{"rendered":"<p>Assim como julho, agosto de 2025 tamb\u00e9m n\u00e3o ter\u00e1 nenhum feriado. O oitavo m\u00eas do ano \u00e9 marcado, principalmente por datas comemorativas, como o Dia dos Pais, e dias para pensarmos na sa\u00fade (como o Dia Nacional de Combate ao Fumo) ou em quest\u00f5es da nossa sociedade (como o Dia Nacional da Visibilidade L\u00e9sbica). Agosto &hellip;<\/p>\n","protected":false},"author":1,"featured_media":6088,"comment_status":"closed","ping_status":"closed","sticky":false,"template":"","format":"standard","meta":{"footnotes":""},"categories":[30],"tags":[],"class_list":["post-6087","post","type-post","status-publish","format-standard","has-post-thumbnail","hentry","category-geral"],"yoast_head":"<!-- This site is optimized with the Yoast SEO plugin v27.4 - https:\/\/yoast.com\/product\/yoast-seo-wordpress\/ -->\n<title>Hoje \u00e9 Dia: datas, fatos e feriados de agosto de 2025 - Transam\u00e9rica Mococa 93,3<\/title>\n<meta name=\"robots\" content=\"index, follow, max-snippet:-1, max-image-preview:large, max-video-preview:-1\" \/>\n<link rel=\"canonical\" href=\"https:\/\/transamerica93.com.br\/home\/hoje-e-dia-datas-fatos-e-feriados-de-agosto-de-2025\/\" \/>\n<meta property=\"og:locale\" content=\"pt_BR\" \/>\n<meta property=\"og:type\" content=\"article\" \/>\n<meta property=\"og:title\" content=\"Hoje \u00e9 Dia: datas, fatos e feriados de agosto de 2025 - Transam\u00e9rica Mococa 93,3\" \/>\n<meta property=\"og:description\" content=\"Assim como julho, agosto de 2025 tamb\u00e9m n\u00e3o ter\u00e1 nenhum feriado. O oitavo m\u00eas do ano \u00e9 marcado, principalmente por datas comemorativas, como o Dia dos Pais, e dias para pensarmos na sa\u00fade (como o Dia Nacional de Combate ao Fumo) ou em quest\u00f5es da nossa sociedade (como o Dia Nacional da Visibilidade L\u00e9sbica). Agosto &hellip;\" \/>\n<meta property=\"og:url\" content=\"https:\/\/transamerica93.com.br\/home\/hoje-e-dia-datas-fatos-e-feriados-de-agosto-de-2025\/\" \/>\n<meta property=\"og:site_name\" content=\"Transam\u00e9rica Mococa 93,3\" \/>\n<meta property=\"article:publisher\" content=\"https:\/\/www.facebook.com\/transamericamococa\" \/>\n<meta property=\"article:published_time\" content=\"2025-08-07T12:00:37+00:00\" \/>\n<meta property=\"og:image\" content=\"https:\/\/transamerica93.com.br\/home\/wp-content\/uploads\/2025\/08\/1-3.jpg\" \/>\n\t<meta property=\"og:image:width\" content=\"1170\" \/>\n\t<meta property=\"og:image:height\" content=\"700\" \/>\n\t<meta property=\"og:image:type\" content=\"image\/jpeg\" \/>\n<meta name=\"author\" content=\"Reda\u00e7\u00e3o\" \/>\n<meta name=\"twitter:card\" content=\"summary_large_image\" \/>\n<meta name=\"twitter:creator\" content=\"@transamerica933\" \/>\n<meta name=\"twitter:site\" content=\"@transamerica933\" \/>\n<meta name=\"twitter:label1\" content=\"Escrito por\" \/>\n\t<meta name=\"twitter:data1\" content=\"Reda\u00e7\u00e3o\" \/>\n\t<meta name=\"twitter:label2\" content=\"Est. tempo de leitura\" \/>\n\t<meta name=\"twitter:data2\" content=\"17 minutos\" \/>\n<script type=\"application\/ld+json\" class=\"yoast-schema-graph\">{\"@context\":\"https:\\\/\\\/schema.org\",\"@graph\":[{\"@type\":\"Article\",\"@id\":\"https:\\\/\\\/transamerica93.com.br\\\/home\\\/hoje-e-dia-datas-fatos-e-feriados-de-agosto-de-2025\\\/#article\",\"isPartOf\":{\"@id\":\"https:\\\/\\\/transamerica93.com.br\\\/home\\\/hoje-e-dia-datas-fatos-e-feriados-de-agosto-de-2025\\\/\"},\"author\":{\"name\":\"Reda\u00e7\u00e3o\",\"@id\":\"https:\\\/\\\/transamerica93.com.br\\\/home\\\/#\\\/schema\\\/person\\\/7fed7c99c0d4562efa8561bc0f543172\"},\"headline\":\"Hoje \u00e9 Dia: datas, fatos e feriados de agosto de 2025\",\"datePublished\":\"2025-08-07T12:00:37+00:00\",\"mainEntityOfPage\":{\"@id\":\"https:\\\/\\\/transamerica93.com.br\\\/home\\\/hoje-e-dia-datas-fatos-e-feriados-de-agosto-de-2025\\\/\"},\"wordCount\":3017,\"publisher\":{\"@id\":\"https:\\\/\\\/transamerica93.com.br\\\/home\\\/#organization\"},\"image\":{\"@id\":\"https:\\\/\\\/transamerica93.com.br\\\/home\\\/hoje-e-dia-datas-fatos-e-feriados-de-agosto-de-2025\\\/#primaryimage\"},\"thumbnailUrl\":\"https:\\\/\\\/transamerica93.com.br\\\/home\\\/wp-content\\\/uploads\\\/2025\\\/08\\\/1-3.jpg\",\"articleSection\":[\"Geral\"],\"inLanguage\":\"pt-BR\"},{\"@type\":\"WebPage\",\"@id\":\"https:\\\/\\\/transamerica93.com.br\\\/home\\\/hoje-e-dia-datas-fatos-e-feriados-de-agosto-de-2025\\\/\",\"url\":\"https:\\\/\\\/transamerica93.com.br\\\/home\\\/hoje-e-dia-datas-fatos-e-feriados-de-agosto-de-2025\\\/\",\"name\":\"Hoje \u00e9 Dia: datas, fatos e feriados de agosto de 2025 - Transam\u00e9rica Mococa 93,3\",\"isPartOf\":{\"@id\":\"https:\\\/\\\/transamerica93.com.br\\\/home\\\/#website\"},\"primaryImageOfPage\":{\"@id\":\"https:\\\/\\\/transamerica93.com.br\\\/home\\\/hoje-e-dia-datas-fatos-e-feriados-de-agosto-de-2025\\\/#primaryimage\"},\"image\":{\"@id\":\"https:\\\/\\\/transamerica93.com.br\\\/home\\\/hoje-e-dia-datas-fatos-e-feriados-de-agosto-de-2025\\\/#primaryimage\"},\"thumbnailUrl\":\"https:\\\/\\\/transamerica93.com.br\\\/home\\\/wp-content\\\/uploads\\\/2025\\\/08\\\/1-3.jpg\",\"datePublished\":\"2025-08-07T12:00:37+00:00\",\"breadcrumb\":{\"@id\":\"https:\\\/\\\/transamerica93.com.br\\\/home\\\/hoje-e-dia-datas-fatos-e-feriados-de-agosto-de-2025\\\/#breadcrumb\"},\"inLanguage\":\"pt-BR\",\"potentialAction\":[{\"@type\":\"ReadAction\",\"target\":[\"https:\\\/\\\/transamerica93.com.br\\\/home\\\/hoje-e-dia-datas-fatos-e-feriados-de-agosto-de-2025\\\/\"]}]},{\"@type\":\"ImageObject\",\"inLanguage\":\"pt-BR\",\"@id\":\"https:\\\/\\\/transamerica93.com.br\\\/home\\\/hoje-e-dia-datas-fatos-e-feriados-de-agosto-de-2025\\\/#primaryimage\",\"url\":\"https:\\\/\\\/transamerica93.com.br\\\/home\\\/wp-content\\\/uploads\\\/2025\\\/08\\\/1-3.jpg\",\"contentUrl\":\"https:\\\/\\\/transamerica93.com.br\\\/home\\\/wp-content\\\/uploads\\\/2025\\\/08\\\/1-3.jpg\",\"width\":1170,\"height\":700,\"caption\":\"\u00a9 Jon Nazca\\\/Reuters\\\/Direitos reservados\"},{\"@type\":\"BreadcrumbList\",\"@id\":\"https:\\\/\\\/transamerica93.com.br\\\/home\\\/hoje-e-dia-datas-fatos-e-feriados-de-agosto-de-2025\\\/#breadcrumb\",\"itemListElement\":[{\"@type\":\"ListItem\",\"position\":1,\"name\":\"In\u00edcio\",\"item\":\"https:\\\/\\\/transamerica93.com.br\\\/home\\\/\"},{\"@type\":\"ListItem\",\"position\":2,\"name\":\"Hoje \u00e9 Dia: datas, fatos e feriados de agosto de 2025\"}]},{\"@type\":\"WebSite\",\"@id\":\"https:\\\/\\\/transamerica93.com.br\\\/home\\\/#website\",\"url\":\"https:\\\/\\\/transamerica93.com.br\\\/home\\\/\",\"name\":\"Transam\u00e9rica Mococa 93,3\",\"description\":\"\",\"publisher\":{\"@id\":\"https:\\\/\\\/transamerica93.com.br\\\/home\\\/#organization\"},\"potentialAction\":[{\"@type\":\"SearchAction\",\"target\":{\"@type\":\"EntryPoint\",\"urlTemplate\":\"https:\\\/\\\/transamerica93.com.br\\\/home\\\/?s={search_term_string}\"},\"query-input\":{\"@type\":\"PropertyValueSpecification\",\"valueRequired\":true,\"valueName\":\"search_term_string\"}}],\"inLanguage\":\"pt-BR\"},{\"@type\":\"Organization\",\"@id\":\"https:\\\/\\\/transamerica93.com.br\\\/home\\\/#organization\",\"name\":\"Transam\u00e9rica Mococa 93,3\",\"url\":\"https:\\\/\\\/transamerica93.com.br\\\/home\\\/\",\"logo\":{\"@type\":\"ImageObject\",\"inLanguage\":\"pt-BR\",\"@id\":\"https:\\\/\\\/transamerica93.com.br\\\/home\\\/#\\\/schema\\\/logo\\\/image\\\/\",\"url\":\"https:\\\/\\\/transamerica93.com.br\\\/home\\\/wp-content\\\/uploads\\\/2023\\\/10\\\/logo2.png\",\"contentUrl\":\"https:\\\/\\\/transamerica93.com.br\\\/home\\\/wp-content\\\/uploads\\\/2023\\\/10\\\/logo2.png\",\"width\":800,\"height\":500,\"caption\":\"Transam\u00e9rica Mococa 93,3\"},\"image\":{\"@id\":\"https:\\\/\\\/transamerica93.com.br\\\/home\\\/#\\\/schema\\\/logo\\\/image\\\/\"},\"sameAs\":[\"https:\\\/\\\/www.facebook.com\\\/transamericamococa\",\"https:\\\/\\\/x.com\\\/transamerica933\",\"https:\\\/\\\/www.instagram.com\\\/transamericamococa\"]},{\"@type\":\"Person\",\"@id\":\"https:\\\/\\\/transamerica93.com.br\\\/home\\\/#\\\/schema\\\/person\\\/7fed7c99c0d4562efa8561bc0f543172\",\"name\":\"Reda\u00e7\u00e3o\",\"image\":{\"@type\":\"ImageObject\",\"inLanguage\":\"pt-BR\",\"@id\":\"https:\\\/\\\/secure.gravatar.com\\\/avatar\\\/1072c6b775fb02ef8506ce967551d95926669a6b7d2c2147b42eea4d7c68395e?s=96&d=mm&r=g\",\"url\":\"https:\\\/\\\/secure.gravatar.com\\\/avatar\\\/1072c6b775fb02ef8506ce967551d95926669a6b7d2c2147b42eea4d7c68395e?s=96&d=mm&r=g\",\"contentUrl\":\"https:\\\/\\\/secure.gravatar.com\\\/avatar\\\/1072c6b775fb02ef8506ce967551d95926669a6b7d2c2147b42eea4d7c68395e?s=96&d=mm&r=g\",\"caption\":\"Reda\u00e7\u00e3o\"},\"sameAs\":[\"https:\\\/\\\/transamerica93.com.br\\\/home\"],\"url\":\"https:\\\/\\\/transamerica93.com.br\\\/home\\\/author\\\/william\\\/\"}]}<\/script>\n<!-- \/ Yoast SEO plugin. -->","yoast_head_json":{"title":"Hoje \u00e9 Dia: datas, fatos e feriados de agosto de 2025 - Transam\u00e9rica Mococa 93,3","robots":{"index":"index","follow":"follow","max-snippet":"max-snippet:-1","max-image-preview":"max-image-preview:large","max-video-preview":"max-video-preview:-1"},"canonical":"https:\/\/transamerica93.com.br\/home\/hoje-e-dia-datas-fatos-e-feriados-de-agosto-de-2025\/","og_locale":"pt_BR","og_type":"article","og_title":"Hoje \u00e9 Dia: datas, fatos e feriados de agosto de 2025 - Transam\u00e9rica Mococa 93,3","og_description":"Assim como julho, agosto de 2025 tamb\u00e9m n\u00e3o ter\u00e1 nenhum feriado. O oitavo m\u00eas do ano \u00e9 marcado, principalmente por datas comemorativas, como o Dia dos Pais, e dias para pensarmos na sa\u00fade (como o Dia Nacional de Combate ao Fumo) ou em quest\u00f5es da nossa sociedade (como o Dia Nacional da Visibilidade L\u00e9sbica). Agosto &hellip;","og_url":"https:\/\/transamerica93.com.br\/home\/hoje-e-dia-datas-fatos-e-feriados-de-agosto-de-2025\/","og_site_name":"Transam\u00e9rica Mococa 93,3","article_publisher":"https:\/\/www.facebook.com\/transamericamococa","article_published_time":"2025-08-07T12:00:37+00:00","og_image":[{"width":1170,"height":700,"url":"https:\/\/transamerica93.com.br\/home\/wp-content\/uploads\/2025\/08\/1-3.jpg","type":"image\/jpeg"}],"author":"Reda\u00e7\u00e3o","twitter_card":"summary_large_image","twitter_creator":"@transamerica933","twitter_site":"@transamerica933","twitter_misc":{"Escrito por":"Reda\u00e7\u00e3o","Est. tempo de leitura":"17 minutos"},"schema":{"@context":"https:\/\/schema.org","@graph":[{"@type":"Article","@id":"https:\/\/transamerica93.com.br\/home\/hoje-e-dia-datas-fatos-e-feriados-de-agosto-de-2025\/#article","isPartOf":{"@id":"https:\/\/transamerica93.com.br\/home\/hoje-e-dia-datas-fatos-e-feriados-de-agosto-de-2025\/"},"author":{"name":"Reda\u00e7\u00e3o","@id":"https:\/\/transamerica93.com.br\/home\/#\/schema\/person\/7fed7c99c0d4562efa8561bc0f543172"},"headline":"Hoje \u00e9 Dia: datas, fatos e feriados de agosto de 2025","datePublished":"2025-08-07T12:00:37+00:00","mainEntityOfPage":{"@id":"https:\/\/transamerica93.com.br\/home\/hoje-e-dia-datas-fatos-e-feriados-de-agosto-de-2025\/"},"wordCount":3017,"publisher":{"@id":"https:\/\/transamerica93.com.br\/home\/#organization"},"image":{"@id":"https:\/\/transamerica93.com.br\/home\/hoje-e-dia-datas-fatos-e-feriados-de-agosto-de-2025\/#primaryimage"},"thumbnailUrl":"https:\/\/transamerica93.com.br\/home\/wp-content\/uploads\/2025\/08\/1-3.jpg","articleSection":["Geral"],"inLanguage":"pt-BR"},{"@type":"WebPage","@id":"https:\/\/transamerica93.com.br\/home\/hoje-e-dia-datas-fatos-e-feriados-de-agosto-de-2025\/","url":"https:\/\/transamerica93.com.br\/home\/hoje-e-dia-datas-fatos-e-feriados-de-agosto-de-2025\/","name":"Hoje \u00e9 Dia: datas, fatos e feriados de agosto de 2025 - Transam\u00e9rica Mococa 93,3","isPartOf":{"@id":"https:\/\/transamerica93.com.br\/home\/#website"},"primaryImageOfPage":{"@id":"https:\/\/transamerica93.com.br\/home\/hoje-e-dia-datas-fatos-e-feriados-de-agosto-de-2025\/#primaryimage"},"image":{"@id":"https:\/\/transamerica93.com.br\/home\/hoje-e-dia-datas-fatos-e-feriados-de-agosto-de-2025\/#primaryimage"},"thumbnailUrl":"https:\/\/transamerica93.com.br\/home\/wp-content\/uploads\/2025\/08\/1-3.jpg","datePublished":"2025-08-07T12:00:37+00:00","breadcrumb":{"@id":"https:\/\/transamerica93.com.br\/home\/hoje-e-dia-datas-fatos-e-feriados-de-agosto-de-2025\/#breadcrumb"},"inLanguage":"pt-BR","potentialAction":[{"@type":"ReadAction","target":["https:\/\/transamerica93.com.br\/home\/hoje-e-dia-datas-fatos-e-feriados-de-agosto-de-2025\/"]}]},{"@type":"ImageObject","inLanguage":"pt-BR","@id":"https:\/\/transamerica93.com.br\/home\/hoje-e-dia-datas-fatos-e-feriados-de-agosto-de-2025\/#primaryimage","url":"https:\/\/transamerica93.com.br\/home\/wp-content\/uploads\/2025\/08\/1-3.jpg","contentUrl":"https:\/\/transamerica93.com.br\/home\/wp-content\/uploads\/2025\/08\/1-3.jpg","width":1170,"height":700,"caption":"\u00a9 Jon Nazca\/Reuters\/Direitos reservados"},{"@type":"BreadcrumbList","@id":"https:\/\/transamerica93.com.br\/home\/hoje-e-dia-datas-fatos-e-feriados-de-agosto-de-2025\/#breadcrumb","itemListElement":[{"@type":"ListItem","position":1,"name":"In\u00edcio","item":"https:\/\/transamerica93.com.br\/home\/"},{"@type":"ListItem","position":2,"name":"Hoje \u00e9 Dia: datas, fatos e feriados de agosto de 2025"}]},{"@type":"WebSite","@id":"https:\/\/transamerica93.com.br\/home\/#website","url":"https:\/\/transamerica93.com.br\/home\/","name":"Transam\u00e9rica Mococa 93,3","description":"","publisher":{"@id":"https:\/\/transamerica93.com.br\/home\/#organization"},"potentialAction":[{"@type":"SearchAction","target":{"@type":"EntryPoint","urlTemplate":"https:\/\/transamerica93.com.br\/home\/?s={search_term_string}"},"query-input":{"@type":"PropertyValueSpecification","valueRequired":true,"valueName":"search_term_string"}}],"inLanguage":"pt-BR"},{"@type":"Organization","@id":"https:\/\/transamerica93.com.br\/home\/#organization","name":"Transam\u00e9rica Mococa 93,3","url":"https:\/\/transamerica93.com.br\/home\/","logo":{"@type":"ImageObject","inLanguage":"pt-BR","@id":"https:\/\/transamerica93.com.br\/home\/#\/schema\/logo\/image\/","url":"https:\/\/transamerica93.com.br\/home\/wp-content\/uploads\/2023\/10\/logo2.png","contentUrl":"https:\/\/transamerica93.com.br\/home\/wp-content\/uploads\/2023\/10\/logo2.png","width":800,"height":500,"caption":"Transam\u00e9rica Mococa 93,3"},"image":{"@id":"https:\/\/transamerica93.com.br\/home\/#\/schema\/logo\/image\/"},"sameAs":["https:\/\/www.facebook.com\/transamericamococa","https:\/\/x.com\/transamerica933","https:\/\/www.instagram.com\/transamericamococa"]},{"@type":"Person","@id":"https:\/\/transamerica93.com.br\/home\/#\/schema\/person\/7fed7c99c0d4562efa8561bc0f543172","name":"Reda\u00e7\u00e3o","image":{"@type":"ImageObject","inLanguage":"pt-BR","@id":"https:\/\/secure.gravatar.com\/avatar\/1072c6b775fb02ef8506ce967551d95926669a6b7d2c2147b42eea4d7c68395e?s=96&d=mm&r=g","url":"https:\/\/secure.gravatar.com\/avatar\/1072c6b775fb02ef8506ce967551d95926669a6b7d2c2147b42eea4d7c68395e?s=96&d=mm&r=g","contentUrl":"https:\/\/secure.gravatar.com\/avatar\/1072c6b775fb02ef8506ce967551d95926669a6b7d2c2147b42eea4d7c68395e?s=96&d=mm&r=g","caption":"Reda\u00e7\u00e3o"},"sameAs":["https:\/\/transamerica93.com.br\/home"],"url":"https:\/\/transamerica93.com.br\/home\/author\/william\/"}]}},"_links":{"self":[{"href":"https:\/\/transamerica93.com.br\/home\/wp-json\/wp\/v2\/posts\/6087","targetHints":{"allow":["GET"]}}],"collection":[{"href":"https:\/\/transamerica93.com.br\/home\/wp-json\/wp\/v2\/posts"}],"about":[{"href":"https:\/\/transamerica93.com.br\/home\/wp-json\/wp\/v2\/types\/post"}],"author":[{"embeddable":true,"href":"https:\/\/transamerica93.com.br\/home\/wp-json\/wp\/v2\/users\/1"}],"replies":[{"embeddable":true,"href":"https:\/\/transamerica93.com.br\/home\/wp-json\/wp\/v2\/comments?post=6087"}],"version-history":[{"count":1,"href":"https:\/\/transamerica93.com.br\/home\/wp-json\/wp\/v2\/posts\/6087\/revisions"}],"predecessor-version":[{"id":6089,"href":"https:\/\/transamerica93.com.br\/home\/wp-json\/wp\/v2\/posts\/6087\/revisions\/6089"}],"wp:featuredmedia":[{"embeddable":true,"href":"https:\/\/transamerica93.com.br\/home\/wp-json\/wp\/v2\/media\/6088"}],"wp:attachment":[{"href":"https:\/\/transamerica93.com.br\/home\/wp-json\/wp\/v2\/media?parent=6087"}],"wp:term":[{"taxonomy":"category","embeddable":true,"href":"https:\/\/transamerica93.com.br\/home\/wp-json\/wp\/v2\/categories?post=6087"},{"taxonomy":"post_tag","embeddable":true,"href":"https:\/\/transamerica93.com.br\/home\/wp-json\/wp\/v2\/tags?post=6087"}],"curies":[{"name":"wp","href":"https:\/\/api.w.org\/{rel}","templated":true}]}}