{"id":6090,"date":"2025-08-08T09:00:15","date_gmt":"2025-08-08T12:00:15","guid":{"rendered":"https:\/\/transamerica93.com.br\/home\/?p=6090"},"modified":"2025-08-02T10:30:12","modified_gmt":"2025-08-02T13:30:12","slug":"cnu-2025-registra-mais-de-760-mil-inscricoes-em-4-951-municipios","status":"publish","type":"post","link":"https:\/\/transamerica93.com.br\/home\/cnu-2025-registra-mais-de-760-mil-inscricoes-em-4-951-municipios\/","title":{"rendered":"CNU 2025 registra mais de 760 mil inscri\u00e7\u00f5es em 4.951 munic\u00edpios"},"content":{"rendered":"<div class=\"conteudo-noticia\">\n<p>A segunda edi\u00e7\u00e3o do\u00a0<a href=\"https:\/\/agenciabrasil.ebc.com.br\/geral\/noticia\/2024-05\/concurso-unificado-sera-em-18-de-agosto-confirma-ministerio-da-gestao\" target=\"_blank\" rel=\"noopener\">Concurso P\u00fablico Nacional Unificado (CPNU 2)<\/a>\u00a0registrou 761.528 inscri\u00e7\u00f5es confirmadas. A primeira edi\u00e7\u00e3o do concurso unificado, realizada em agosto de 2024, registrou um total de 2.114.145 candidatos inscritos confirmados.<img decoding=\"async\" data-src=\"https:\/\/agenciabrasil.ebc.com.br\/ebc.png?id=1652285&amp;o=node\" src=\"data:image\/svg+xml;base64,PHN2ZyB3aWR0aD0iMSIgaGVpZ2h0PSIxIiB4bWxucz0iaHR0cDovL3d3dy53My5vcmcvMjAwMC9zdmciPjwvc3ZnPg==\" class=\"lazyload\" \/><img decoding=\"async\" data-src=\"https:\/\/agenciabrasil.ebc.com.br\/ebc.gif?id=1652285&amp;o=node\" src=\"data:image\/svg+xml;base64,PHN2ZyB3aWR0aD0iMSIgaGVpZ2h0PSIxIiB4bWxucz0iaHR0cDovL3d3dy53My5vcmcvMjAwMC9zdmciPjwvc3ZnPg==\" class=\"lazyload\" \/><\/p>\n<p><strong>O CPNU 2 oferece 3.652 vagas em 32 \u00f3rg\u00e3os do governo federal. As vagas s\u00e3o para cargos distintos da primeira edi\u00e7\u00e3o do CNU.<\/strong><\/p>\n<h2>Abrang\u00eancia nacional<\/h2>\n<p>As provas ser\u00e3o aplicadas em 228 cidades de todas as unidades da federa\u00e7\u00e3o. As regi\u00f5es Sudeste (247.838) e Nordeste (229.436) tiveram o maior n\u00famero de inscritos, seguidas por Centro-Oeste (150.870), Norte (84.651) e Sul (48.733).<\/p>\n<p><strong>De acordo com o Minist\u00e9rio da Gest\u00e3o e da Inova\u00e7\u00e3o em Servi\u00e7os P\u00fablicos (MGI), o panorama \u201creflete a abrang\u00eancia do modelo unificado, que busca garantir igualdade de acesso ao servi\u00e7o p\u00fablico federal em todo o territ\u00f3rio nacional, valorizando a diversidade regional\u201d.<\/strong><\/p>\n<p>O estado do Rio de Janeiro lidera o n\u00famero de inscri\u00e7\u00f5es homologadas, com 108.838 candidatos, seguido pelo Distrito Federal, com 102.940 inscri\u00e7\u00f5es. Em terceiro lugar, S\u00e3o Paulo registrou 77.682 inscritos. Bahia e Minas Gerais se destacam com 65.602 e 51.142 inscri\u00e7\u00f5es homologadas, respectivamente.<\/p>\n<p><a href=\"https:\/\/www.whatsapp.com\/channel\/0029VaoRTgrInlqYLSk59B2M\" target=\"_blank\" rel=\"noopener\">&gt;&gt; Siga o canal da\u00a0<strong>Ag\u00eancia Brasil\u00a0<\/strong>no WhatsApp<\/a><\/p>\n<h2>Mulheres<\/h2>\n<p>No chamado Enem dos concursos, as mulheres representam 60% dos inscritos. Um aumento de 3,8%, em rela\u00e7\u00e3o \u00e0 edi\u00e7\u00e3o anterior, quando correspondiam a 56,2% do total de candidatos.<\/p>\n<p><strong>Para esta edi\u00e7\u00e3o, o governo federal anunciou a implementa\u00e7\u00e3o de medidas espec\u00edficas para incentivar a participa\u00e7\u00e3o feminina no certame.<\/strong><\/p>\n<p>A primeira prev\u00ea que, caso haja uma despropor\u00e7\u00e3o de mulheres classificadas na primeira fase, de provas objetivas, ser\u00e1 feita a equipara\u00e7\u00e3o de g\u00eanero. Na pr\u00e1tica, o\u00a0<a href=\"https:\/\/www.in.gov.br\/en\/web\/dou\/-\/edital-enap-n-114-de-30-de-junho-de-2025-638911305\" target=\"_blank\" rel=\"noopener\">edital do certame<\/a>\u00a0garante que, no m\u00ednimo, 50% das vagas da segunda etapa, de provas discursivas, sejam preenchidas por mulheres, desde que haja candidatas aprovadas nessa fase, com as notas m\u00ednimas necess\u00e1rias nas provas objetivas.<\/p>\n<p>Como em outros concursos do governo federal, o CPNU 2 tamb\u00e9m assegura condi\u00e7\u00f5es apropriadas para a participa\u00e7\u00e3o de gestantes e lactantes, incluindo tempo adicional para amamenta\u00e7\u00e3o. Para ter direito, a candidata interessada deve ter solicitado atendimentos especializados, no prazo correto \u00e0 Funda\u00e7\u00e3o Getulio Vargas (FGV), banca examinadora do concurso.<\/p>\n<p><strong>Tem o direito, a m\u00e3e de filho que tiver at\u00e9 6 meses de idade nas datas das provas.<\/strong><\/p>\n<h2>Inscritos por bloco<\/h2>\n<p>As vagas est\u00e3o organizadas em nove blocos tem\u00e1ticos, com oportunidades para os n\u00edveis superior e intermedi\u00e1rio.<\/p>\n<p><strong>Como na primeira edi\u00e7\u00e3o, o modelo unificado permitiu que, no momento da inscri\u00e7\u00e3o, o candidato optasse por um bloco e indicasse diferentes cargos e \u00f3rg\u00e3os, listados em ordem de prefer\u00eancia entre cargos, com base em seu desempenho.<\/strong><\/p>\n<p>Entre os blocos tem\u00e1ticos, o nono, com cargos de n\u00edvel intermedi\u00e1rio de escolaridade, registrou o maior n\u00famero de inscri\u00e7\u00f5es, com 177.598 homologadas.<\/p>\n<p><strong>Confira o total de inscritos por bloco:<\/strong><\/p>\n<ul>\n<li>bloco 1 &#8211; seguridade social: sa\u00fade e assist\u00eancia: 127.970;<\/li>\n<li>bloco 2 &#8211; cultura e educa\u00e7\u00e3o: 69.507;<\/li>\n<li>bloco 3 &#8211; ci\u00eancias, dados e tecnologia: 35.834;<\/li>\n<li>bloco 4 &#8211; engenharia e arquitetura: 41.245;<\/li>\n<li>bloco 5 \u2013 administra\u00e7\u00e3o: 173.829<\/li>\n<li>bloco 6 &#8211; desenvolvimento socioecon\u00f4mico: 44.441;<\/li>\n<li>bloco 7 &#8211; justi\u00e7a e defesa 54.029;<\/li>\n<li>bloco 8 &#8211; intermedi\u00e1rio &#8211; sa\u00fade 37.075;<\/li>\n<li>bloco 9 &#8211; intermedi\u00e1rio &#8211; regula\u00e7\u00e3o 177.598.<\/li>\n<\/ul>\n<h2>Vagas<\/h2>\n<p>Do total de vagas do CNU 2025, 3.144 s\u00e3o de n\u00edvel superior e 508 de n\u00edvel intermedi\u00e1rio. O MGI prev\u00ea a convoca\u00e7\u00e3o imediata dos aprovados em 2.480 vagas e outras 1.172 vagas s\u00e3o para preenchimento no curto prazo, ap\u00f3s a homologa\u00e7\u00e3o dos resultados\u200b.<\/p>\n<p><strong>O processo seletivo tamb\u00e9m reservou 25% das vagas para pessoas negras; 5% para pessoas com defici\u00eancia; 3% para ind\u00edgenas e 2% para pessoas quilombolas.<\/strong><\/p>\n<p>A edi\u00e7\u00e3o de 2025 do concurso unificado ter\u00e1 dois dias de aplica\u00e7\u00e3o de provas. A primeira fase ocorrer\u00e1 em 5 de outubro. Os candidatos habilitados nessa primeira etapa e convocados para fazer as discursivas far\u00e3o a segunda fase em 7 de dezembro.<\/p>\n<p><strong>A validade do concurso \u00e9 de 12 meses, contados da data de publica\u00e7\u00e3o da homologa\u00e7\u00e3o de seu resultado final, podendo ser prorrogado, uma \u00fanica vez, por igual per\u00edodo.<\/strong><\/p>\n<p>Em caso de d\u00favidas, os interessados devem acessar a\u00a0<a href=\"https:\/\/www.gov.br\/gestao\/pt-br\/concursonacional\" target=\"_blank\" rel=\"noopener\">p\u00e1gina oficial<\/a> do certame, criada pelo Minist\u00e9rio da Gest\u00e3o.<\/p>\n<\/div>\n<div class=\"footer-noticia\">\n<div class=\"editor rowflex\">Edi\u00e7\u00e3o: Fernando Fraga<\/div>\n<\/div>\n","protected":false},"excerpt":{"rendered":"<p>A segunda edi\u00e7\u00e3o do\u00a0Concurso P\u00fablico Nacional Unificado (CPNU 2)\u00a0registrou 761.528 inscri\u00e7\u00f5es confirmadas. A primeira edi\u00e7\u00e3o do concurso unificado, realizada em agosto de 2024, registrou um total de 2.114.145 candidatos inscritos confirmados. O CPNU 2 oferece 3.652 vagas em 32 \u00f3rg\u00e3os do governo federal. As vagas s\u00e3o para cargos distintos da primeira edi\u00e7\u00e3o do CNU. Abrang\u00eancia &hellip;<\/p>\n","protected":false},"author":1,"featured_media":6091,"comment_status":"closed","ping_status":"closed","sticky":false,"template":"","format":"standard","meta":{"footnotes":""},"categories":[30],"tags":[],"class_list":["post-6090","post","type-post","status-publish","format-standard","has-post-thumbnail","hentry","category-geral"],"yoast_head":"<!-- This site is optimized with the Yoast SEO plugin v27.4 - https:\/\/yoast.com\/product\/yoast-seo-wordpress\/ -->\n<title>CNU 2025 registra mais de 760 mil inscri\u00e7\u00f5es em 4.951 munic\u00edpios - Transam\u00e9rica Mococa 93,3<\/title>\n<meta name=\"robots\" content=\"index, follow, max-snippet:-1, max-image-preview:large, max-video-preview:-1\" \/>\n<link rel=\"canonical\" href=\"https:\/\/transamerica93.com.br\/home\/cnu-2025-registra-mais-de-760-mil-inscricoes-em-4-951-municipios\/\" \/>\n<meta property=\"og:locale\" content=\"pt_BR\" \/>\n<meta property=\"og:type\" content=\"article\" \/>\n<meta property=\"og:title\" content=\"CNU 2025 registra mais de 760 mil inscri\u00e7\u00f5es em 4.951 munic\u00edpios - Transam\u00e9rica Mococa 93,3\" \/>\n<meta property=\"og:description\" content=\"A segunda edi\u00e7\u00e3o do\u00a0Concurso P\u00fablico Nacional Unificado (CPNU 2)\u00a0registrou 761.528 inscri\u00e7\u00f5es confirmadas. A primeira edi\u00e7\u00e3o do concurso unificado, realizada em agosto de 2024, registrou um total de 2.114.145 candidatos inscritos confirmados. O CPNU 2 oferece 3.652 vagas em 32 \u00f3rg\u00e3os do governo federal. As vagas s\u00e3o para cargos distintos da primeira edi\u00e7\u00e3o do CNU. Abrang\u00eancia &hellip;\" \/>\n<meta property=\"og:url\" content=\"https:\/\/transamerica93.com.br\/home\/cnu-2025-registra-mais-de-760-mil-inscricoes-em-4-951-municipios\/\" \/>\n<meta property=\"og:site_name\" content=\"Transam\u00e9rica Mococa 93,3\" \/>\n<meta property=\"article:publisher\" content=\"https:\/\/www.facebook.com\/transamericamococa\" \/>\n<meta property=\"article:published_time\" content=\"2025-08-08T12:00:15+00:00\" \/>\n<meta property=\"og:image\" content=\"https:\/\/transamerica93.com.br\/home\/wp-content\/uploads\/2025\/08\/1-4.jpg\" \/>\n\t<meta property=\"og:image:width\" content=\"1170\" \/>\n\t<meta property=\"og:image:height\" content=\"700\" \/>\n\t<meta property=\"og:image:type\" content=\"image\/jpeg\" \/>\n<meta name=\"author\" content=\"Reda\u00e7\u00e3o\" \/>\n<meta name=\"twitter:card\" content=\"summary_large_image\" \/>\n<meta name=\"twitter:creator\" content=\"@transamerica933\" \/>\n<meta name=\"twitter:site\" content=\"@transamerica933\" \/>\n<meta name=\"twitter:label1\" content=\"Escrito por\" \/>\n\t<meta name=\"twitter:data1\" content=\"Reda\u00e7\u00e3o\" \/>\n\t<meta name=\"twitter:label2\" content=\"Est. tempo de leitura\" \/>\n\t<meta name=\"twitter:data2\" content=\"5 minutos\" \/>\n<script type=\"application\/ld+json\" class=\"yoast-schema-graph\">{\"@context\":\"https:\\\/\\\/schema.org\",\"@graph\":[{\"@type\":\"Article\",\"@id\":\"https:\\\/\\\/transamerica93.com.br\\\/home\\\/cnu-2025-registra-mais-de-760-mil-inscricoes-em-4-951-municipios\\\/#article\",\"isPartOf\":{\"@id\":\"https:\\\/\\\/transamerica93.com.br\\\/home\\\/cnu-2025-registra-mais-de-760-mil-inscricoes-em-4-951-municipios\\\/\"},\"author\":{\"name\":\"Reda\u00e7\u00e3o\",\"@id\":\"https:\\\/\\\/transamerica93.com.br\\\/home\\\/#\\\/schema\\\/person\\\/7fed7c99c0d4562efa8561bc0f543172\"},\"headline\":\"CNU 2025 registra mais de 760 mil inscri\u00e7\u00f5es em 4.951 munic\u00edpios\",\"datePublished\":\"2025-08-08T12:00:15+00:00\",\"mainEntityOfPage\":{\"@id\":\"https:\\\/\\\/transamerica93.com.br\\\/home\\\/cnu-2025-registra-mais-de-760-mil-inscricoes-em-4-951-municipios\\\/\"},\"wordCount\":712,\"publisher\":{\"@id\":\"https:\\\/\\\/transamerica93.com.br\\\/home\\\/#organization\"},\"image\":{\"@id\":\"https:\\\/\\\/transamerica93.com.br\\\/home\\\/cnu-2025-registra-mais-de-760-mil-inscricoes-em-4-951-municipios\\\/#primaryimage\"},\"thumbnailUrl\":\"https:\\\/\\\/transamerica93.com.br\\\/home\\\/wp-content\\\/uploads\\\/2025\\\/08\\\/1-4.jpg\",\"articleSection\":[\"Geral\"],\"inLanguage\":\"pt-BR\"},{\"@type\":\"WebPage\",\"@id\":\"https:\\\/\\\/transamerica93.com.br\\\/home\\\/cnu-2025-registra-mais-de-760-mil-inscricoes-em-4-951-municipios\\\/\",\"url\":\"https:\\\/\\\/transamerica93.com.br\\\/home\\\/cnu-2025-registra-mais-de-760-mil-inscricoes-em-4-951-municipios\\\/\",\"name\":\"CNU 2025 registra mais de 760 mil inscri\u00e7\u00f5es em 4.951 munic\u00edpios - Transam\u00e9rica Mococa 93,3\",\"isPartOf\":{\"@id\":\"https:\\\/\\\/transamerica93.com.br\\\/home\\\/#website\"},\"primaryImageOfPage\":{\"@id\":\"https:\\\/\\\/transamerica93.com.br\\\/home\\\/cnu-2025-registra-mais-de-760-mil-inscricoes-em-4-951-municipios\\\/#primaryimage\"},\"image\":{\"@id\":\"https:\\\/\\\/transamerica93.com.br\\\/home\\\/cnu-2025-registra-mais-de-760-mil-inscricoes-em-4-951-municipios\\\/#primaryimage\"},\"thumbnailUrl\":\"https:\\\/\\\/transamerica93.com.br\\\/home\\\/wp-content\\\/uploads\\\/2025\\\/08\\\/1-4.jpg\",\"datePublished\":\"2025-08-08T12:00:15+00:00\",\"breadcrumb\":{\"@id\":\"https:\\\/\\\/transamerica93.com.br\\\/home\\\/cnu-2025-registra-mais-de-760-mil-inscricoes-em-4-951-municipios\\\/#breadcrumb\"},\"inLanguage\":\"pt-BR\",\"potentialAction\":[{\"@type\":\"ReadAction\",\"target\":[\"https:\\\/\\\/transamerica93.com.br\\\/home\\\/cnu-2025-registra-mais-de-760-mil-inscricoes-em-4-951-municipios\\\/\"]}]},{\"@type\":\"ImageObject\",\"inLanguage\":\"pt-BR\",\"@id\":\"https:\\\/\\\/transamerica93.com.br\\\/home\\\/cnu-2025-registra-mais-de-760-mil-inscricoes-em-4-951-municipios\\\/#primaryimage\",\"url\":\"https:\\\/\\\/transamerica93.com.br\\\/home\\\/wp-content\\\/uploads\\\/2025\\\/08\\\/1-4.jpg\",\"contentUrl\":\"https:\\\/\\\/transamerica93.com.br\\\/home\\\/wp-content\\\/uploads\\\/2025\\\/08\\\/1-4.jpg\",\"width\":1170,\"height\":700},{\"@type\":\"BreadcrumbList\",\"@id\":\"https:\\\/\\\/transamerica93.com.br\\\/home\\\/cnu-2025-registra-mais-de-760-mil-inscricoes-em-4-951-municipios\\\/#breadcrumb\",\"itemListElement\":[{\"@type\":\"ListItem\",\"position\":1,\"name\":\"In\u00edcio\",\"item\":\"https:\\\/\\\/transamerica93.com.br\\\/home\\\/\"},{\"@type\":\"ListItem\",\"position\":2,\"name\":\"CNU 2025 registra mais de 760 mil inscri\u00e7\u00f5es em 4.951 munic\u00edpios\"}]},{\"@type\":\"WebSite\",\"@id\":\"https:\\\/\\\/transamerica93.com.br\\\/home\\\/#website\",\"url\":\"https:\\\/\\\/transamerica93.com.br\\\/home\\\/\",\"name\":\"Transam\u00e9rica Mococa 93,3\",\"description\":\"\",\"publisher\":{\"@id\":\"https:\\\/\\\/transamerica93.com.br\\\/home\\\/#organization\"},\"potentialAction\":[{\"@type\":\"SearchAction\",\"target\":{\"@type\":\"EntryPoint\",\"urlTemplate\":\"https:\\\/\\\/transamerica93.com.br\\\/home\\\/?s={search_term_string}\"},\"query-input\":{\"@type\":\"PropertyValueSpecification\",\"valueRequired\":true,\"valueName\":\"search_term_string\"}}],\"inLanguage\":\"pt-BR\"},{\"@type\":\"Organization\",\"@id\":\"https:\\\/\\\/transamerica93.com.br\\\/home\\\/#organization\",\"name\":\"Transam\u00e9rica Mococa 93,3\",\"url\":\"https:\\\/\\\/transamerica93.com.br\\\/home\\\/\",\"logo\":{\"@type\":\"ImageObject\",\"inLanguage\":\"pt-BR\",\"@id\":\"https:\\\/\\\/transamerica93.com.br\\\/home\\\/#\\\/schema\\\/logo\\\/image\\\/\",\"url\":\"https:\\\/\\\/transamerica93.com.br\\\/home\\\/wp-content\\\/uploads\\\/2023\\\/10\\\/logo2.png\",\"contentUrl\":\"https:\\\/\\\/transamerica93.com.br\\\/home\\\/wp-content\\\/uploads\\\/2023\\\/10\\\/logo2.png\",\"width\":800,\"height\":500,\"caption\":\"Transam\u00e9rica Mococa 93,3\"},\"image\":{\"@id\":\"https:\\\/\\\/transamerica93.com.br\\\/home\\\/#\\\/schema\\\/logo\\\/image\\\/\"},\"sameAs\":[\"https:\\\/\\\/www.facebook.com\\\/transamericamococa\",\"https:\\\/\\\/x.com\\\/transamerica933\",\"https:\\\/\\\/www.instagram.com\\\/transamericamococa\"]},{\"@type\":\"Person\",\"@id\":\"https:\\\/\\\/transamerica93.com.br\\\/home\\\/#\\\/schema\\\/person\\\/7fed7c99c0d4562efa8561bc0f543172\",\"name\":\"Reda\u00e7\u00e3o\",\"image\":{\"@type\":\"ImageObject\",\"inLanguage\":\"pt-BR\",\"@id\":\"https:\\\/\\\/secure.gravatar.com\\\/avatar\\\/1072c6b775fb02ef8506ce967551d95926669a6b7d2c2147b42eea4d7c68395e?s=96&d=mm&r=g\",\"url\":\"https:\\\/\\\/secure.gravatar.com\\\/avatar\\\/1072c6b775fb02ef8506ce967551d95926669a6b7d2c2147b42eea4d7c68395e?s=96&d=mm&r=g\",\"contentUrl\":\"https:\\\/\\\/secure.gravatar.com\\\/avatar\\\/1072c6b775fb02ef8506ce967551d95926669a6b7d2c2147b42eea4d7c68395e?s=96&d=mm&r=g\",\"caption\":\"Reda\u00e7\u00e3o\"},\"sameAs\":[\"https:\\\/\\\/transamerica93.com.br\\\/home\"],\"url\":\"https:\\\/\\\/transamerica93.com.br\\\/home\\\/author\\\/william\\\/\"}]}<\/script>\n<!-- \/ Yoast SEO plugin. -->","yoast_head_json":{"title":"CNU 2025 registra mais de 760 mil inscri\u00e7\u00f5es em 4.951 munic\u00edpios - Transam\u00e9rica Mococa 93,3","robots":{"index":"index","follow":"follow","max-snippet":"max-snippet:-1","max-image-preview":"max-image-preview:large","max-video-preview":"max-video-preview:-1"},"canonical":"https:\/\/transamerica93.com.br\/home\/cnu-2025-registra-mais-de-760-mil-inscricoes-em-4-951-municipios\/","og_locale":"pt_BR","og_type":"article","og_title":"CNU 2025 registra mais de 760 mil inscri\u00e7\u00f5es em 4.951 munic\u00edpios - Transam\u00e9rica Mococa 93,3","og_description":"A segunda edi\u00e7\u00e3o do\u00a0Concurso P\u00fablico Nacional Unificado (CPNU 2)\u00a0registrou 761.528 inscri\u00e7\u00f5es confirmadas. A primeira edi\u00e7\u00e3o do concurso unificado, realizada em agosto de 2024, registrou um total de 2.114.145 candidatos inscritos confirmados. O CPNU 2 oferece 3.652 vagas em 32 \u00f3rg\u00e3os do governo federal. As vagas s\u00e3o para cargos distintos da primeira edi\u00e7\u00e3o do CNU. Abrang\u00eancia &hellip;","og_url":"https:\/\/transamerica93.com.br\/home\/cnu-2025-registra-mais-de-760-mil-inscricoes-em-4-951-municipios\/","og_site_name":"Transam\u00e9rica Mococa 93,3","article_publisher":"https:\/\/www.facebook.com\/transamericamococa","article_published_time":"2025-08-08T12:00:15+00:00","og_image":[{"width":1170,"height":700,"url":"https:\/\/transamerica93.com.br\/home\/wp-content\/uploads\/2025\/08\/1-4.jpg","type":"image\/jpeg"}],"author":"Reda\u00e7\u00e3o","twitter_card":"summary_large_image","twitter_creator":"@transamerica933","twitter_site":"@transamerica933","twitter_misc":{"Escrito por":"Reda\u00e7\u00e3o","Est. tempo de leitura":"5 minutos"},"schema":{"@context":"https:\/\/schema.org","@graph":[{"@type":"Article","@id":"https:\/\/transamerica93.com.br\/home\/cnu-2025-registra-mais-de-760-mil-inscricoes-em-4-951-municipios\/#article","isPartOf":{"@id":"https:\/\/transamerica93.com.br\/home\/cnu-2025-registra-mais-de-760-mil-inscricoes-em-4-951-municipios\/"},"author":{"name":"Reda\u00e7\u00e3o","@id":"https:\/\/transamerica93.com.br\/home\/#\/schema\/person\/7fed7c99c0d4562efa8561bc0f543172"},"headline":"CNU 2025 registra mais de 760 mil inscri\u00e7\u00f5es em 4.951 munic\u00edpios","datePublished":"2025-08-08T12:00:15+00:00","mainEntityOfPage":{"@id":"https:\/\/transamerica93.com.br\/home\/cnu-2025-registra-mais-de-760-mil-inscricoes-em-4-951-municipios\/"},"wordCount":712,"publisher":{"@id":"https:\/\/transamerica93.com.br\/home\/#organization"},"image":{"@id":"https:\/\/transamerica93.com.br\/home\/cnu-2025-registra-mais-de-760-mil-inscricoes-em-4-951-municipios\/#primaryimage"},"thumbnailUrl":"https:\/\/transamerica93.com.br\/home\/wp-content\/uploads\/2025\/08\/1-4.jpg","articleSection":["Geral"],"inLanguage":"pt-BR"},{"@type":"WebPage","@id":"https:\/\/transamerica93.com.br\/home\/cnu-2025-registra-mais-de-760-mil-inscricoes-em-4-951-municipios\/","url":"https:\/\/transamerica93.com.br\/home\/cnu-2025-registra-mais-de-760-mil-inscricoes-em-4-951-municipios\/","name":"CNU 2025 registra mais de 760 mil inscri\u00e7\u00f5es em 4.951 munic\u00edpios - Transam\u00e9rica Mococa 93,3","isPartOf":{"@id":"https:\/\/transamerica93.com.br\/home\/#website"},"primaryImageOfPage":{"@id":"https:\/\/transamerica93.com.br\/home\/cnu-2025-registra-mais-de-760-mil-inscricoes-em-4-951-municipios\/#primaryimage"},"image":{"@id":"https:\/\/transamerica93.com.br\/home\/cnu-2025-registra-mais-de-760-mil-inscricoes-em-4-951-municipios\/#primaryimage"},"thumbnailUrl":"https:\/\/transamerica93.com.br\/home\/wp-content\/uploads\/2025\/08\/1-4.jpg","datePublished":"2025-08-08T12:00:15+00:00","breadcrumb":{"@id":"https:\/\/transamerica93.com.br\/home\/cnu-2025-registra-mais-de-760-mil-inscricoes-em-4-951-municipios\/#breadcrumb"},"inLanguage":"pt-BR","potentialAction":[{"@type":"ReadAction","target":["https:\/\/transamerica93.com.br\/home\/cnu-2025-registra-mais-de-760-mil-inscricoes-em-4-951-municipios\/"]}]},{"@type":"ImageObject","inLanguage":"pt-BR","@id":"https:\/\/transamerica93.com.br\/home\/cnu-2025-registra-mais-de-760-mil-inscricoes-em-4-951-municipios\/#primaryimage","url":"https:\/\/transamerica93.com.br\/home\/wp-content\/uploads\/2025\/08\/1-4.jpg","contentUrl":"https:\/\/transamerica93.com.br\/home\/wp-content\/uploads\/2025\/08\/1-4.jpg","width":1170,"height":700},{"@type":"BreadcrumbList","@id":"https:\/\/transamerica93.com.br\/home\/cnu-2025-registra-mais-de-760-mil-inscricoes-em-4-951-municipios\/#breadcrumb","itemListElement":[{"@type":"ListItem","position":1,"name":"In\u00edcio","item":"https:\/\/transamerica93.com.br\/home\/"},{"@type":"ListItem","position":2,"name":"CNU 2025 registra mais de 760 mil inscri\u00e7\u00f5es em 4.951 munic\u00edpios"}]},{"@type":"WebSite","@id":"https:\/\/transamerica93.com.br\/home\/#website","url":"https:\/\/transamerica93.com.br\/home\/","name":"Transam\u00e9rica Mococa 93,3","description":"","publisher":{"@id":"https:\/\/transamerica93.com.br\/home\/#organization"},"potentialAction":[{"@type":"SearchAction","target":{"@type":"EntryPoint","urlTemplate":"https:\/\/transamerica93.com.br\/home\/?s={search_term_string}"},"query-input":{"@type":"PropertyValueSpecification","valueRequired":true,"valueName":"search_term_string"}}],"inLanguage":"pt-BR"},{"@type":"Organization","@id":"https:\/\/transamerica93.com.br\/home\/#organization","name":"Transam\u00e9rica Mococa 93,3","url":"https:\/\/transamerica93.com.br\/home\/","logo":{"@type":"ImageObject","inLanguage":"pt-BR","@id":"https:\/\/transamerica93.com.br\/home\/#\/schema\/logo\/image\/","url":"https:\/\/transamerica93.com.br\/home\/wp-content\/uploads\/2023\/10\/logo2.png","contentUrl":"https:\/\/transamerica93.com.br\/home\/wp-content\/uploads\/2023\/10\/logo2.png","width":800,"height":500,"caption":"Transam\u00e9rica Mococa 93,3"},"image":{"@id":"https:\/\/transamerica93.com.br\/home\/#\/schema\/logo\/image\/"},"sameAs":["https:\/\/www.facebook.com\/transamericamococa","https:\/\/x.com\/transamerica933","https:\/\/www.instagram.com\/transamericamococa"]},{"@type":"Person","@id":"https:\/\/transamerica93.com.br\/home\/#\/schema\/person\/7fed7c99c0d4562efa8561bc0f543172","name":"Reda\u00e7\u00e3o","image":{"@type":"ImageObject","inLanguage":"pt-BR","@id":"https:\/\/secure.gravatar.com\/avatar\/1072c6b775fb02ef8506ce967551d95926669a6b7d2c2147b42eea4d7c68395e?s=96&d=mm&r=g","url":"https:\/\/secure.gravatar.com\/avatar\/1072c6b775fb02ef8506ce967551d95926669a6b7d2c2147b42eea4d7c68395e?s=96&d=mm&r=g","contentUrl":"https:\/\/secure.gravatar.com\/avatar\/1072c6b775fb02ef8506ce967551d95926669a6b7d2c2147b42eea4d7c68395e?s=96&d=mm&r=g","caption":"Reda\u00e7\u00e3o"},"sameAs":["https:\/\/transamerica93.com.br\/home"],"url":"https:\/\/transamerica93.com.br\/home\/author\/william\/"}]}},"_links":{"self":[{"href":"https:\/\/transamerica93.com.br\/home\/wp-json\/wp\/v2\/posts\/6090","targetHints":{"allow":["GET"]}}],"collection":[{"href":"https:\/\/transamerica93.com.br\/home\/wp-json\/wp\/v2\/posts"}],"about":[{"href":"https:\/\/transamerica93.com.br\/home\/wp-json\/wp\/v2\/types\/post"}],"author":[{"embeddable":true,"href":"https:\/\/transamerica93.com.br\/home\/wp-json\/wp\/v2\/users\/1"}],"replies":[{"embeddable":true,"href":"https:\/\/transamerica93.com.br\/home\/wp-json\/wp\/v2\/comments?post=6090"}],"version-history":[{"count":1,"href":"https:\/\/transamerica93.com.br\/home\/wp-json\/wp\/v2\/posts\/6090\/revisions"}],"predecessor-version":[{"id":6092,"href":"https:\/\/transamerica93.com.br\/home\/wp-json\/wp\/v2\/posts\/6090\/revisions\/6092"}],"wp:featuredmedia":[{"embeddable":true,"href":"https:\/\/transamerica93.com.br\/home\/wp-json\/wp\/v2\/media\/6091"}],"wp:attachment":[{"href":"https:\/\/transamerica93.com.br\/home\/wp-json\/wp\/v2\/media?parent=6090"}],"wp:term":[{"taxonomy":"category","embeddable":true,"href":"https:\/\/transamerica93.com.br\/home\/wp-json\/wp\/v2\/categories?post=6090"},{"taxonomy":"post_tag","embeddable":true,"href":"https:\/\/transamerica93.com.br\/home\/wp-json\/wp\/v2\/tags?post=6090"}],"curies":[{"name":"wp","href":"https:\/\/api.w.org\/{rel}","templated":true}]}}