{"id":6099,"date":"2025-08-13T09:00:58","date_gmt":"2025-08-13T12:00:58","guid":{"rendered":"https:\/\/transamerica93.com.br\/home\/?p=6099"},"modified":"2025-08-02T10:34:21","modified_gmt":"2025-08-02T13:34:21","slug":"ministra-destaca-papel-de-prefeitos-no-combate-a-violencia-de-genero","status":"publish","type":"post","link":"https:\/\/transamerica93.com.br\/home\/ministra-destaca-papel-de-prefeitos-no-combate-a-violencia-de-genero\/","title":{"rendered":"Ministra destaca papel de prefeitos no combate \u00e0 viol\u00eancia de g\u00eanero"},"content":{"rendered":"<div class=\"conteudo-noticia\">\n<p>A ministra das Mulheres, M\u00e1rcia Lopes, destacou o papel dos prefeitos no combate \u00e0 viol\u00eancia cometida contra mulheres.<img decoding=\"async\" data-src=\"https:\/\/agenciabrasil.ebc.com.br\/ebc.png?id=1652465&amp;o=node\" src=\"data:image\/svg+xml;base64,PHN2ZyB3aWR0aD0iMSIgaGVpZ2h0PSIxIiB4bWxucz0iaHR0cDovL3d3dy53My5vcmcvMjAwMC9zdmciPjwvc3ZnPg==\" class=\"lazyload\" \/><img decoding=\"async\" data-src=\"https:\/\/agenciabrasil.ebc.com.br\/ebc.gif?id=1652465&amp;o=node\" src=\"data:image\/svg+xml;base64,PHN2ZyB3aWR0aD0iMSIgaGVpZ2h0PSIxIiB4bWxucz0iaHR0cDovL3d3dy53My5vcmcvMjAwMC9zdmciPjwvc3ZnPg==\" class=\"lazyload\" \/><\/p>\n<blockquote><p>\u201cSe cada munic\u00edpio tiver compromisso com a mudan\u00e7a desses indicadores, com as suas equipes da sa\u00fade, da educa\u00e7\u00e3o, da cultura, da assist\u00eancia social, do trabalho, falando disso, n\u00f3s haveremos de mudar essa realidade\u201d, defendeu M\u00e1rcia Lopes.<\/p><\/blockquote>\n<p>A declara\u00e7\u00e3o da ministra foi dada durante participa\u00e7\u00e3o na abertura do 1\u00ba F\u00f3rum dos Conselhos Municipais dos Direitos das Mulheres do Paran\u00e1. O encontro reuniu representantes do poder p\u00fablico e da sociedade civil para debater propostas e fortalecer a constru\u00e7\u00e3o de pol\u00edticas p\u00fablicas voltadas \u00e0 igualdade de g\u00eanero no estado.<\/p>\n<p><a href=\"https:\/\/www.whatsapp.com\/channel\/0029VaoRTgrInlqYLSk59B2M\" target=\"_blank\" rel=\"noopener\">&gt;&gt; Siga o canal da\u00a0<strong>Ag\u00eancia Brasil\u00a0<\/strong>no WhatsApp<\/a><\/p>\n<h2>Participa\u00e7\u00e3o Social<\/h2>\n<p>A ministra participar\u00e1, na noite desta ter\u00e7a-feira, da V Confer\u00eancia Estadual de Pol\u00edticas para as Mulheres do estado, na cidade paranaense. O evento que ocorre at\u00e9 esta quinta-feira (31) ser\u00e1\u00a0<a href=\"https:\/\/www.youtube.com\/@semipi.parana\" target=\"_blank\" rel=\"noopener\">transmitido ao vivo<\/a>\u00a0no canal do Youtube da Secretaria da Mulher, Igualdade Racial e Pessoa Idosa do Paran\u00e1.<\/p>\n<p><strong>At\u00e9 o fim de agosto, em todo o pa\u00eds, as etapas estaduais da confer\u00eancia votam\u00a0propostas elaboradas nas confer\u00eancias municipais e regionais realizadas e, tamb\u00e9m, elegem as representantes de seus estados que participar\u00e3o da etapa nacional, que ocorrer\u00e1 em\u00a0Bras\u00edlia, entre os dias 29 de setembro e 1\u00ba de outubro<\/strong>.<\/p>\n<p><strong>M\u00e1rcia Lopes explica que as confer\u00eancias representam espa\u00e7os democr\u00e1ticos e deliberativos que buscam aproximar o Estado da sociedade civil.\u00a0<\/strong>O encontro produz um documento com os consensos e as prioridades eleitas na mobiliza\u00e7\u00e3o social.<\/p>\n<p>\u201cO relat\u00f3rio pode ser apresentado na Assembleia Legislativa para que os deputados e deputadas estaduais tamb\u00e9m assumam esse compromisso de chegar no governador. O pr\u00f3prio conselho estadual tem obriga\u00e7\u00e3o de monitorar essas delibera\u00e7\u00f5es e quais s\u00e3o as prioridades em termos de servi\u00e7os p\u00fablicos\u201d, detalhou a ministra<\/p>\n<p><strong><a href=\"https:\/\/www.gov.br\/mulheres\/pt-br\/central-de-conteudos\/noticias\/2025\/julho\/rumo-a-5a-cnpm-confira-as-datas-das-conferencias-estaduais-de-politicas-para-as-mulheres-em-todo-o-pais\" target=\"_blank\" rel=\"noopener\">&gt;&gt;Saiba as datas das\u00a0confer\u00eancias estaduais<\/a><\/strong><\/p>\n<h2>Casa da Mulher Brasileira<\/h2>\n<p>No in\u00edcio desta tarde, a ministra tamb\u00e9m visitou as obras da Casa da Mulher Brasileira\u00a0em constru\u00e7\u00e3o na cidade do\u00a0extremo oeste paranaense.<\/p>\n<div class=\"dnd-widget-wrapper context-medio_4colunas type-image atom-align-right\">\n<div class=\"dnd-atom-rendered\"><img decoding=\"async\" title=\"T\u00e2nia R\u00eago\/Ag\u00eancia Brasil\" data-src=\"https:\/\/imagens.ebc.com.br\/Twmqpr3LnsVMh4p6oUPvlswJNWw=\/365x0\/smart\/https:\/\/agenciabrasil.ebc.com.br\/sites\/default\/files\/thumbnails\/image\/2025\/07\/21\/_rbr3143.jpg?itok=DZuz_Zib\" alt=\"Foz do Igua\u00e7u (PR), 17\/07\/2025 - Enio Jos\u00e9 Verri, diretor-geral brasileiro da Itaipu Binacional, na sede da Usina hidrel\u00e9trica Itaipu Binacional. Foto: T\u00e2diretor-geral brasileiro da Itaipu Binacional.nia R\u00eago\/Ag\u00eancia Brasil\" width=\"868\" height=\"578\" src=\"data:image\/svg+xml;base64,PHN2ZyB3aWR0aD0iMSIgaGVpZ2h0PSIxIiB4bWxucz0iaHR0cDovL3d3dy53My5vcmcvMjAwMC9zdmciPjwvc3ZnPg==\" class=\"lazyload\" style=\"--smush-placeholder-width: 868px; --smush-placeholder-aspect-ratio: 868\/578;\" \/><\/div>\n<div class=\"dnd-caption-wrapper\">\n<h6 class=\"meta\">Diretor-geral brasileiro da Itaipu Binacional, Enio Verri\u00a0afirma que o investimento faz parte do compromisso socioambiental da estatal.\u00a0<strong>Foto:<\/strong>\u00a0<strong>T\u00e2nia R\u00eago\/Arquivo Ag\u00eancia Brasil<\/strong><\/h6>\n<\/div>\n<\/div>\n<p>A obra, iniciada em 1\u00ba de julho, \u00e9 resultado da parceria do minist\u00e9rio com a Itaipu Binacional, que investiu R$ 9,5 milh\u00f5es.<\/p>\n<p>O diretor-geral brasileiro da estatal, Enio Verri, relata que a iniciativa faz parte do compromisso socioambiental da estatal.<\/p>\n<p>\u201cInfelizmente, a viol\u00eancia contra as mulheres \u00e9 uma pauta que se imp\u00f5e. Ningu\u00e9m gostaria de discutir esse assunto, mas quando olhamos as estat\u00edsticas \u00e9 uma coisa t\u00e3o s\u00e9ria. E Foz do\u00a0Igua\u00e7u est\u00e1 muito presente na pauta do feminic\u00eddio e da viol\u00eancia contra as mulheres\u201d, admite o diretor-geral da Itaipu Binacional.<\/p>\n<p>At\u00e9 o fim do\u00a0ano, o Minist\u00e9rio das Mulheres prev\u00ea inaugurar outros dois Centros de Refer\u00eancia da Mulher Brasileira no Paran\u00e1, um em Francisco Beltr\u00e3o e o segundo em Guarapuava. H\u00e1 tamb\u00e9m uma Casa da Mulher Brasileira em funcionamento em Curitiba. Em nove anos de funcionamento, a unidade realizou mais de 132 mil atendimentos.<\/p>\n<p>A\u00a0Casa\u00a0da Mulher Brasileira \u00e9\u00a0parte do eixo do\u00a0Programa Mulher Viver sem Viol\u00eancia, retomado pelo governo federal em mar\u00e7o de 2023.<\/p>\n<p>Atualmente, h\u00e1 11 unidades especializadas deste tipo em funcionamento no pa\u00eds e outras 31 unidades est\u00e3o em fase de implementa\u00e7\u00e3o ou de obras. Desde 2023, o governo federal investiu cerca de R$ 389 milh\u00f5es em novas unidades. Em 2024, os servi\u00e7os existentes contabilizam mais de 440 mil atendimentos.<\/p>\n<p>\u201cO servi\u00e7o integra todo o acolhimento, o atendimento social da Defensoria do Minist\u00e9rio P\u00fablico, da Patrulha Maria da Penha, do Instituto M\u00e9dico-Legal e de todos os outros servi\u00e7os para que as mulheres saibam que, estando l\u00e1, ser\u00e3o acolhidas, orientadas e encaminhadas\u201d, explicou a ministra.<\/p>\n<\/div>\n<div class=\"footer-noticia\">\n<div class=\"editor rowflex\">Edi\u00e7\u00e3o: Aline Leal<\/div>\n<\/div>\n","protected":false},"excerpt":{"rendered":"<p>A ministra das Mulheres, M\u00e1rcia Lopes, destacou o papel dos prefeitos no combate \u00e0 viol\u00eancia cometida contra mulheres. \u201cSe cada munic\u00edpio tiver compromisso com a mudan\u00e7a desses indicadores, com as suas equipes da sa\u00fade, da educa\u00e7\u00e3o, da cultura, da assist\u00eancia social, do trabalho, falando disso, n\u00f3s haveremos de mudar essa realidade\u201d, defendeu M\u00e1rcia Lopes. A &hellip;<\/p>\n","protected":false},"author":1,"featured_media":6100,"comment_status":"closed","ping_status":"closed","sticky":false,"template":"","format":"standard","meta":{"footnotes":""},"categories":[30],"tags":[],"class_list":["post-6099","post","type-post","status-publish","format-standard","has-post-thumbnail","hentry","category-geral"],"yoast_head":"<!-- This site is optimized with the Yoast SEO plugin v27.4 - https:\/\/yoast.com\/product\/yoast-seo-wordpress\/ -->\n<title>Ministra destaca papel de prefeitos no combate \u00e0 viol\u00eancia de g\u00eanero - Transam\u00e9rica Mococa 93,3<\/title>\n<meta name=\"robots\" content=\"index, follow, max-snippet:-1, max-image-preview:large, max-video-preview:-1\" \/>\n<link rel=\"canonical\" href=\"https:\/\/transamerica93.com.br\/home\/ministra-destaca-papel-de-prefeitos-no-combate-a-violencia-de-genero\/\" \/>\n<meta property=\"og:locale\" content=\"pt_BR\" \/>\n<meta property=\"og:type\" content=\"article\" \/>\n<meta property=\"og:title\" content=\"Ministra destaca papel de prefeitos no combate \u00e0 viol\u00eancia de g\u00eanero - Transam\u00e9rica Mococa 93,3\" \/>\n<meta property=\"og:description\" content=\"A ministra das Mulheres, M\u00e1rcia Lopes, destacou o papel dos prefeitos no combate \u00e0 viol\u00eancia cometida contra mulheres. \u201cSe cada munic\u00edpio tiver compromisso com a mudan\u00e7a desses indicadores, com as suas equipes da sa\u00fade, da educa\u00e7\u00e3o, da cultura, da assist\u00eancia social, do trabalho, falando disso, n\u00f3s haveremos de mudar essa realidade\u201d, defendeu M\u00e1rcia Lopes. A &hellip;\" \/>\n<meta property=\"og:url\" content=\"https:\/\/transamerica93.com.br\/home\/ministra-destaca-papel-de-prefeitos-no-combate-a-violencia-de-genero\/\" \/>\n<meta property=\"og:site_name\" content=\"Transam\u00e9rica Mococa 93,3\" \/>\n<meta property=\"article:publisher\" content=\"https:\/\/www.facebook.com\/transamericamococa\" \/>\n<meta property=\"article:published_time\" content=\"2025-08-13T12:00:58+00:00\" \/>\n<meta property=\"og:image\" content=\"https:\/\/transamerica93.com.br\/home\/wp-content\/uploads\/2025\/08\/1-7.jpg\" \/>\n\t<meta property=\"og:image:width\" content=\"1170\" \/>\n\t<meta property=\"og:image:height\" content=\"700\" \/>\n\t<meta property=\"og:image:type\" content=\"image\/jpeg\" \/>\n<meta name=\"author\" content=\"Reda\u00e7\u00e3o\" \/>\n<meta name=\"twitter:card\" content=\"summary_large_image\" \/>\n<meta name=\"twitter:creator\" content=\"@transamerica933\" \/>\n<meta name=\"twitter:site\" content=\"@transamerica933\" \/>\n<meta name=\"twitter:label1\" content=\"Escrito por\" \/>\n\t<meta name=\"twitter:data1\" content=\"Reda\u00e7\u00e3o\" \/>\n\t<meta name=\"twitter:label2\" content=\"Est. tempo de leitura\" \/>\n\t<meta name=\"twitter:data2\" content=\"5 minutos\" \/>\n<script type=\"application\/ld+json\" class=\"yoast-schema-graph\">{\"@context\":\"https:\\\/\\\/schema.org\",\"@graph\":[{\"@type\":\"Article\",\"@id\":\"https:\\\/\\\/transamerica93.com.br\\\/home\\\/ministra-destaca-papel-de-prefeitos-no-combate-a-violencia-de-genero\\\/#article\",\"isPartOf\":{\"@id\":\"https:\\\/\\\/transamerica93.com.br\\\/home\\\/ministra-destaca-papel-de-prefeitos-no-combate-a-violencia-de-genero\\\/\"},\"author\":{\"name\":\"Reda\u00e7\u00e3o\",\"@id\":\"https:\\\/\\\/transamerica93.com.br\\\/home\\\/#\\\/schema\\\/person\\\/7fed7c99c0d4562efa8561bc0f543172\"},\"headline\":\"Ministra destaca papel de prefeitos no combate \u00e0 viol\u00eancia de g\u00eanero\",\"datePublished\":\"2025-08-13T12:00:58+00:00\",\"mainEntityOfPage\":{\"@id\":\"https:\\\/\\\/transamerica93.com.br\\\/home\\\/ministra-destaca-papel-de-prefeitos-no-combate-a-violencia-de-genero\\\/\"},\"wordCount\":685,\"publisher\":{\"@id\":\"https:\\\/\\\/transamerica93.com.br\\\/home\\\/#organization\"},\"image\":{\"@id\":\"https:\\\/\\\/transamerica93.com.br\\\/home\\\/ministra-destaca-papel-de-prefeitos-no-combate-a-violencia-de-genero\\\/#primaryimage\"},\"thumbnailUrl\":\"https:\\\/\\\/transamerica93.com.br\\\/home\\\/wp-content\\\/uploads\\\/2025\\\/08\\\/1-7.jpg\",\"articleSection\":[\"Geral\"],\"inLanguage\":\"pt-BR\"},{\"@type\":\"WebPage\",\"@id\":\"https:\\\/\\\/transamerica93.com.br\\\/home\\\/ministra-destaca-papel-de-prefeitos-no-combate-a-violencia-de-genero\\\/\",\"url\":\"https:\\\/\\\/transamerica93.com.br\\\/home\\\/ministra-destaca-papel-de-prefeitos-no-combate-a-violencia-de-genero\\\/\",\"name\":\"Ministra destaca papel de prefeitos no combate \u00e0 viol\u00eancia de g\u00eanero - Transam\u00e9rica Mococa 93,3\",\"isPartOf\":{\"@id\":\"https:\\\/\\\/transamerica93.com.br\\\/home\\\/#website\"},\"primaryImageOfPage\":{\"@id\":\"https:\\\/\\\/transamerica93.com.br\\\/home\\\/ministra-destaca-papel-de-prefeitos-no-combate-a-violencia-de-genero\\\/#primaryimage\"},\"image\":{\"@id\":\"https:\\\/\\\/transamerica93.com.br\\\/home\\\/ministra-destaca-papel-de-prefeitos-no-combate-a-violencia-de-genero\\\/#primaryimage\"},\"thumbnailUrl\":\"https:\\\/\\\/transamerica93.com.br\\\/home\\\/wp-content\\\/uploads\\\/2025\\\/08\\\/1-7.jpg\",\"datePublished\":\"2025-08-13T12:00:58+00:00\",\"breadcrumb\":{\"@id\":\"https:\\\/\\\/transamerica93.com.br\\\/home\\\/ministra-destaca-papel-de-prefeitos-no-combate-a-violencia-de-genero\\\/#breadcrumb\"},\"inLanguage\":\"pt-BR\",\"potentialAction\":[{\"@type\":\"ReadAction\",\"target\":[\"https:\\\/\\\/transamerica93.com.br\\\/home\\\/ministra-destaca-papel-de-prefeitos-no-combate-a-violencia-de-genero\\\/\"]}]},{\"@type\":\"ImageObject\",\"inLanguage\":\"pt-BR\",\"@id\":\"https:\\\/\\\/transamerica93.com.br\\\/home\\\/ministra-destaca-papel-de-prefeitos-no-combate-a-violencia-de-genero\\\/#primaryimage\",\"url\":\"https:\\\/\\\/transamerica93.com.br\\\/home\\\/wp-content\\\/uploads\\\/2025\\\/08\\\/1-7.jpg\",\"contentUrl\":\"https:\\\/\\\/transamerica93.com.br\\\/home\\\/wp-content\\\/uploads\\\/2025\\\/08\\\/1-7.jpg\",\"width\":1170,\"height\":700,\"caption\":\"\u00a9 Fabio Rodrigues-Pozzebom\\\/ Ag\u00eancia Brasil\"},{\"@type\":\"BreadcrumbList\",\"@id\":\"https:\\\/\\\/transamerica93.com.br\\\/home\\\/ministra-destaca-papel-de-prefeitos-no-combate-a-violencia-de-genero\\\/#breadcrumb\",\"itemListElement\":[{\"@type\":\"ListItem\",\"position\":1,\"name\":\"In\u00edcio\",\"item\":\"https:\\\/\\\/transamerica93.com.br\\\/home\\\/\"},{\"@type\":\"ListItem\",\"position\":2,\"name\":\"Ministra destaca papel de prefeitos no combate \u00e0 viol\u00eancia de g\u00eanero\"}]},{\"@type\":\"WebSite\",\"@id\":\"https:\\\/\\\/transamerica93.com.br\\\/home\\\/#website\",\"url\":\"https:\\\/\\\/transamerica93.com.br\\\/home\\\/\",\"name\":\"Transam\u00e9rica Mococa 93,3\",\"description\":\"\",\"publisher\":{\"@id\":\"https:\\\/\\\/transamerica93.com.br\\\/home\\\/#organization\"},\"potentialAction\":[{\"@type\":\"SearchAction\",\"target\":{\"@type\":\"EntryPoint\",\"urlTemplate\":\"https:\\\/\\\/transamerica93.com.br\\\/home\\\/?s={search_term_string}\"},\"query-input\":{\"@type\":\"PropertyValueSpecification\",\"valueRequired\":true,\"valueName\":\"search_term_string\"}}],\"inLanguage\":\"pt-BR\"},{\"@type\":\"Organization\",\"@id\":\"https:\\\/\\\/transamerica93.com.br\\\/home\\\/#organization\",\"name\":\"Transam\u00e9rica Mococa 93,3\",\"url\":\"https:\\\/\\\/transamerica93.com.br\\\/home\\\/\",\"logo\":{\"@type\":\"ImageObject\",\"inLanguage\":\"pt-BR\",\"@id\":\"https:\\\/\\\/transamerica93.com.br\\\/home\\\/#\\\/schema\\\/logo\\\/image\\\/\",\"url\":\"https:\\\/\\\/transamerica93.com.br\\\/home\\\/wp-content\\\/uploads\\\/2023\\\/10\\\/logo2.png\",\"contentUrl\":\"https:\\\/\\\/transamerica93.com.br\\\/home\\\/wp-content\\\/uploads\\\/2023\\\/10\\\/logo2.png\",\"width\":800,\"height\":500,\"caption\":\"Transam\u00e9rica Mococa 93,3\"},\"image\":{\"@id\":\"https:\\\/\\\/transamerica93.com.br\\\/home\\\/#\\\/schema\\\/logo\\\/image\\\/\"},\"sameAs\":[\"https:\\\/\\\/www.facebook.com\\\/transamericamococa\",\"https:\\\/\\\/x.com\\\/transamerica933\",\"https:\\\/\\\/www.instagram.com\\\/transamericamococa\"]},{\"@type\":\"Person\",\"@id\":\"https:\\\/\\\/transamerica93.com.br\\\/home\\\/#\\\/schema\\\/person\\\/7fed7c99c0d4562efa8561bc0f543172\",\"name\":\"Reda\u00e7\u00e3o\",\"image\":{\"@type\":\"ImageObject\",\"inLanguage\":\"pt-BR\",\"@id\":\"https:\\\/\\\/secure.gravatar.com\\\/avatar\\\/1072c6b775fb02ef8506ce967551d95926669a6b7d2c2147b42eea4d7c68395e?s=96&d=mm&r=g\",\"url\":\"https:\\\/\\\/secure.gravatar.com\\\/avatar\\\/1072c6b775fb02ef8506ce967551d95926669a6b7d2c2147b42eea4d7c68395e?s=96&d=mm&r=g\",\"contentUrl\":\"https:\\\/\\\/secure.gravatar.com\\\/avatar\\\/1072c6b775fb02ef8506ce967551d95926669a6b7d2c2147b42eea4d7c68395e?s=96&d=mm&r=g\",\"caption\":\"Reda\u00e7\u00e3o\"},\"sameAs\":[\"https:\\\/\\\/transamerica93.com.br\\\/home\"],\"url\":\"https:\\\/\\\/transamerica93.com.br\\\/home\\\/author\\\/william\\\/\"}]}<\/script>\n<!-- \/ Yoast SEO plugin. -->","yoast_head_json":{"title":"Ministra destaca papel de prefeitos no combate \u00e0 viol\u00eancia de g\u00eanero - Transam\u00e9rica Mococa 93,3","robots":{"index":"index","follow":"follow","max-snippet":"max-snippet:-1","max-image-preview":"max-image-preview:large","max-video-preview":"max-video-preview:-1"},"canonical":"https:\/\/transamerica93.com.br\/home\/ministra-destaca-papel-de-prefeitos-no-combate-a-violencia-de-genero\/","og_locale":"pt_BR","og_type":"article","og_title":"Ministra destaca papel de prefeitos no combate \u00e0 viol\u00eancia de g\u00eanero - Transam\u00e9rica Mococa 93,3","og_description":"A ministra das Mulheres, M\u00e1rcia Lopes, destacou o papel dos prefeitos no combate \u00e0 viol\u00eancia cometida contra mulheres. \u201cSe cada munic\u00edpio tiver compromisso com a mudan\u00e7a desses indicadores, com as suas equipes da sa\u00fade, da educa\u00e7\u00e3o, da cultura, da assist\u00eancia social, do trabalho, falando disso, n\u00f3s haveremos de mudar essa realidade\u201d, defendeu M\u00e1rcia Lopes. A &hellip;","og_url":"https:\/\/transamerica93.com.br\/home\/ministra-destaca-papel-de-prefeitos-no-combate-a-violencia-de-genero\/","og_site_name":"Transam\u00e9rica Mococa 93,3","article_publisher":"https:\/\/www.facebook.com\/transamericamococa","article_published_time":"2025-08-13T12:00:58+00:00","og_image":[{"width":1170,"height":700,"url":"https:\/\/transamerica93.com.br\/home\/wp-content\/uploads\/2025\/08\/1-7.jpg","type":"image\/jpeg"}],"author":"Reda\u00e7\u00e3o","twitter_card":"summary_large_image","twitter_creator":"@transamerica933","twitter_site":"@transamerica933","twitter_misc":{"Escrito por":"Reda\u00e7\u00e3o","Est. tempo de leitura":"5 minutos"},"schema":{"@context":"https:\/\/schema.org","@graph":[{"@type":"Article","@id":"https:\/\/transamerica93.com.br\/home\/ministra-destaca-papel-de-prefeitos-no-combate-a-violencia-de-genero\/#article","isPartOf":{"@id":"https:\/\/transamerica93.com.br\/home\/ministra-destaca-papel-de-prefeitos-no-combate-a-violencia-de-genero\/"},"author":{"name":"Reda\u00e7\u00e3o","@id":"https:\/\/transamerica93.com.br\/home\/#\/schema\/person\/7fed7c99c0d4562efa8561bc0f543172"},"headline":"Ministra destaca papel de prefeitos no combate \u00e0 viol\u00eancia de g\u00eanero","datePublished":"2025-08-13T12:00:58+00:00","mainEntityOfPage":{"@id":"https:\/\/transamerica93.com.br\/home\/ministra-destaca-papel-de-prefeitos-no-combate-a-violencia-de-genero\/"},"wordCount":685,"publisher":{"@id":"https:\/\/transamerica93.com.br\/home\/#organization"},"image":{"@id":"https:\/\/transamerica93.com.br\/home\/ministra-destaca-papel-de-prefeitos-no-combate-a-violencia-de-genero\/#primaryimage"},"thumbnailUrl":"https:\/\/transamerica93.com.br\/home\/wp-content\/uploads\/2025\/08\/1-7.jpg","articleSection":["Geral"],"inLanguage":"pt-BR"},{"@type":"WebPage","@id":"https:\/\/transamerica93.com.br\/home\/ministra-destaca-papel-de-prefeitos-no-combate-a-violencia-de-genero\/","url":"https:\/\/transamerica93.com.br\/home\/ministra-destaca-papel-de-prefeitos-no-combate-a-violencia-de-genero\/","name":"Ministra destaca papel de prefeitos no combate \u00e0 viol\u00eancia de g\u00eanero - Transam\u00e9rica Mococa 93,3","isPartOf":{"@id":"https:\/\/transamerica93.com.br\/home\/#website"},"primaryImageOfPage":{"@id":"https:\/\/transamerica93.com.br\/home\/ministra-destaca-papel-de-prefeitos-no-combate-a-violencia-de-genero\/#primaryimage"},"image":{"@id":"https:\/\/transamerica93.com.br\/home\/ministra-destaca-papel-de-prefeitos-no-combate-a-violencia-de-genero\/#primaryimage"},"thumbnailUrl":"https:\/\/transamerica93.com.br\/home\/wp-content\/uploads\/2025\/08\/1-7.jpg","datePublished":"2025-08-13T12:00:58+00:00","breadcrumb":{"@id":"https:\/\/transamerica93.com.br\/home\/ministra-destaca-papel-de-prefeitos-no-combate-a-violencia-de-genero\/#breadcrumb"},"inLanguage":"pt-BR","potentialAction":[{"@type":"ReadAction","target":["https:\/\/transamerica93.com.br\/home\/ministra-destaca-papel-de-prefeitos-no-combate-a-violencia-de-genero\/"]}]},{"@type":"ImageObject","inLanguage":"pt-BR","@id":"https:\/\/transamerica93.com.br\/home\/ministra-destaca-papel-de-prefeitos-no-combate-a-violencia-de-genero\/#primaryimage","url":"https:\/\/transamerica93.com.br\/home\/wp-content\/uploads\/2025\/08\/1-7.jpg","contentUrl":"https:\/\/transamerica93.com.br\/home\/wp-content\/uploads\/2025\/08\/1-7.jpg","width":1170,"height":700,"caption":"\u00a9 Fabio Rodrigues-Pozzebom\/ Ag\u00eancia Brasil"},{"@type":"BreadcrumbList","@id":"https:\/\/transamerica93.com.br\/home\/ministra-destaca-papel-de-prefeitos-no-combate-a-violencia-de-genero\/#breadcrumb","itemListElement":[{"@type":"ListItem","position":1,"name":"In\u00edcio","item":"https:\/\/transamerica93.com.br\/home\/"},{"@type":"ListItem","position":2,"name":"Ministra destaca papel de prefeitos no combate \u00e0 viol\u00eancia de g\u00eanero"}]},{"@type":"WebSite","@id":"https:\/\/transamerica93.com.br\/home\/#website","url":"https:\/\/transamerica93.com.br\/home\/","name":"Transam\u00e9rica Mococa 93,3","description":"","publisher":{"@id":"https:\/\/transamerica93.com.br\/home\/#organization"},"potentialAction":[{"@type":"SearchAction","target":{"@type":"EntryPoint","urlTemplate":"https:\/\/transamerica93.com.br\/home\/?s={search_term_string}"},"query-input":{"@type":"PropertyValueSpecification","valueRequired":true,"valueName":"search_term_string"}}],"inLanguage":"pt-BR"},{"@type":"Organization","@id":"https:\/\/transamerica93.com.br\/home\/#organization","name":"Transam\u00e9rica Mococa 93,3","url":"https:\/\/transamerica93.com.br\/home\/","logo":{"@type":"ImageObject","inLanguage":"pt-BR","@id":"https:\/\/transamerica93.com.br\/home\/#\/schema\/logo\/image\/","url":"https:\/\/transamerica93.com.br\/home\/wp-content\/uploads\/2023\/10\/logo2.png","contentUrl":"https:\/\/transamerica93.com.br\/home\/wp-content\/uploads\/2023\/10\/logo2.png","width":800,"height":500,"caption":"Transam\u00e9rica Mococa 93,3"},"image":{"@id":"https:\/\/transamerica93.com.br\/home\/#\/schema\/logo\/image\/"},"sameAs":["https:\/\/www.facebook.com\/transamericamococa","https:\/\/x.com\/transamerica933","https:\/\/www.instagram.com\/transamericamococa"]},{"@type":"Person","@id":"https:\/\/transamerica93.com.br\/home\/#\/schema\/person\/7fed7c99c0d4562efa8561bc0f543172","name":"Reda\u00e7\u00e3o","image":{"@type":"ImageObject","inLanguage":"pt-BR","@id":"https:\/\/secure.gravatar.com\/avatar\/1072c6b775fb02ef8506ce967551d95926669a6b7d2c2147b42eea4d7c68395e?s=96&d=mm&r=g","url":"https:\/\/secure.gravatar.com\/avatar\/1072c6b775fb02ef8506ce967551d95926669a6b7d2c2147b42eea4d7c68395e?s=96&d=mm&r=g","contentUrl":"https:\/\/secure.gravatar.com\/avatar\/1072c6b775fb02ef8506ce967551d95926669a6b7d2c2147b42eea4d7c68395e?s=96&d=mm&r=g","caption":"Reda\u00e7\u00e3o"},"sameAs":["https:\/\/transamerica93.com.br\/home"],"url":"https:\/\/transamerica93.com.br\/home\/author\/william\/"}]}},"_links":{"self":[{"href":"https:\/\/transamerica93.com.br\/home\/wp-json\/wp\/v2\/posts\/6099","targetHints":{"allow":["GET"]}}],"collection":[{"href":"https:\/\/transamerica93.com.br\/home\/wp-json\/wp\/v2\/posts"}],"about":[{"href":"https:\/\/transamerica93.com.br\/home\/wp-json\/wp\/v2\/types\/post"}],"author":[{"embeddable":true,"href":"https:\/\/transamerica93.com.br\/home\/wp-json\/wp\/v2\/users\/1"}],"replies":[{"embeddable":true,"href":"https:\/\/transamerica93.com.br\/home\/wp-json\/wp\/v2\/comments?post=6099"}],"version-history":[{"count":1,"href":"https:\/\/transamerica93.com.br\/home\/wp-json\/wp\/v2\/posts\/6099\/revisions"}],"predecessor-version":[{"id":6101,"href":"https:\/\/transamerica93.com.br\/home\/wp-json\/wp\/v2\/posts\/6099\/revisions\/6101"}],"wp:featuredmedia":[{"embeddable":true,"href":"https:\/\/transamerica93.com.br\/home\/wp-json\/wp\/v2\/media\/6100"}],"wp:attachment":[{"href":"https:\/\/transamerica93.com.br\/home\/wp-json\/wp\/v2\/media?parent=6099"}],"wp:term":[{"taxonomy":"category","embeddable":true,"href":"https:\/\/transamerica93.com.br\/home\/wp-json\/wp\/v2\/categories?post=6099"},{"taxonomy":"post_tag","embeddable":true,"href":"https:\/\/transamerica93.com.br\/home\/wp-json\/wp\/v2\/tags?post=6099"}],"curies":[{"name":"wp","href":"https:\/\/api.w.org\/{rel}","templated":true}]}}