{"id":6122,"date":"2025-08-08T12:00:48","date_gmt":"2025-08-08T15:00:48","guid":{"rendered":"https:\/\/transamerica93.com.br\/home\/?p=6122"},"modified":"2025-08-02T10:46:51","modified_gmt":"2025-08-02T13:46:51","slug":"samir-xaud-esta-entre-investigados-por-crime-eleitoral-diz-cbf","status":"publish","type":"post","link":"https:\/\/transamerica93.com.br\/home\/samir-xaud-esta-entre-investigados-por-crime-eleitoral-diz-cbf\/","title":{"rendered":"Samir Xaud est\u00e1 entre investigados por crime eleitoral, diz CBF"},"content":{"rendered":"<p>A\u00a0<strong>Confedera\u00e7\u00e3o Brasileira de Futebol (CBF) confirmou que seu presidente Samir Xaud est\u00e1 entre os investigados pela Justi\u00e7a Eleitoral de Roraima, no caso da Opera\u00e7\u00e3o Caixa Preta, motivo pelo qual agentes da Pol\u00edcia Federal teriam cumprido mandados na pr\u00f3pria sede da entidade, localizada no Rio de Janeiro.<\/strong><img decoding=\"async\" data-src=\"https:\/\/agenciabrasil.ebc.com.br\/ebc.png?id=1652674&amp;o=node\" src=\"data:image\/svg+xml;base64,PHN2ZyB3aWR0aD0iMSIgaGVpZ2h0PSIxIiB4bWxucz0iaHR0cDovL3d3dy53My5vcmcvMjAwMC9zdmciPjwvc3ZnPg==\" class=\"lazyload\" \/><img decoding=\"async\" data-src=\"https:\/\/agenciabrasil.ebc.com.br\/ebc.gif?id=1652674&amp;o=node\" src=\"data:image\/svg+xml;base64,PHN2ZyB3aWR0aD0iMSIgaGVpZ2h0PSIxIiB4bWxucz0iaHR0cDovL3d3dy53My5vcmcvMjAwMC9zdmciPjwvc3ZnPg==\" class=\"lazyload\" \/><\/p>\n<p>A CBF, no entanto, acrescenta que Xaud \u201cn\u00e3o \u00e9 o centro das apura\u00e7\u00f5es\u201d, e que \u201cnenhum equipamento ou material foi levado pelos agentes\u201d durante a a\u00e7\u00e3o.<\/p>\n<h2>Opera\u00e7\u00e3o Caixa Preta<\/h2>\n<p>A\u00a0<strong>Opera\u00e7\u00e3o Caixa Preta foi deflagrada pela Pol\u00edcia Federal com o objetivo de investigar supostos crimes eleitorais que teriam sido praticados em Roraima, estado onde Samir Xaud chegou a ser candidato a deputado federal pelo MDB em 2022.<\/strong><\/p>\n<p>Dez mandados de busca e apreens\u00e3o foram cumpridos em Roraima e no Rio de Janeiro.\u00a0<strong>De acordo com a PF, a investiga\u00e7\u00e3o teve in\u00edcio ap\u00f3s a apreens\u00e3o de R$ 500 mil, em setembro de 2024, \u00e0s v\u00e9speras das elei\u00e7\u00f5es municipais.<\/strong><\/p>\n<p><strong>Foi tamb\u00e9m determinado o bloqueio judicial de mais de R$ 10 milh\u00f5es nas contas dos investigados.<\/strong><\/p>\n<p><a href=\"https:\/\/www.whatsapp.com\/channel\/0029VaoRTgrInlqYLSk59B2M\" target=\"_blank\" rel=\"noopener\">&gt;&gt; Siga o canal da\u00a0<strong>Ag\u00eancia Brasil\u00a0<\/strong>no WhatsApp<\/a><\/p>\n<h2>Nota da CBF<\/h2>\n<p>Em nota divulgada a jornalistas, a\u00a0<strong>CBF confirmou que recebeu agentes da Pol\u00edcia Federal em sua sede entre 6h24 e 6h52 da quarta-feira, \u201cnum desdobramento de investiga\u00e7\u00e3o determinada pela Justi\u00e7a Eleitoral de Roraima\u201d.<\/strong><\/p>\n<blockquote><p>\u201c\u00c9 importante ressaltar que a opera\u00e7\u00e3o n\u00e3o tem qualquer rela\u00e7\u00e3o com a CBF ou futebol brasileiro e que o presidente da entidade, Samir Xaud, n\u00e3o \u00e9 o centro das apura\u00e7\u00f5es\u201d, acrescentou.<\/p><\/blockquote>\n<p>Segundo a entidade, Samir Xaud permanece tranquilo e \u00e0 disposi\u00e7\u00e3o das autoridades para quaisquer esclarecimentos que se fa\u00e7am necess\u00e1rios.<\/p>\n<p>A\u00a0<strong>Ag\u00eancia Brasil n\u00e3o conseguiu contatar Samir Xaud.<\/strong><\/p>\n","protected":false},"excerpt":{"rendered":"<p>A\u00a0Confedera\u00e7\u00e3o Brasileira de Futebol (CBF) confirmou que seu presidente Samir Xaud est\u00e1 entre os investigados pela Justi\u00e7a Eleitoral de Roraima, no caso da Opera\u00e7\u00e3o Caixa Preta, motivo pelo qual agentes da Pol\u00edcia Federal teriam cumprido mandados na pr\u00f3pria sede da entidade, localizada no Rio de Janeiro. A CBF, no entanto, acrescenta que Xaud \u201cn\u00e3o \u00e9 &hellip;<\/p>\n","protected":false},"author":1,"featured_media":6123,"comment_status":"closed","ping_status":"closed","sticky":false,"template":"","format":"standard","meta":{"footnotes":""},"categories":[31],"tags":[],"class_list":["post-6122","post","type-post","status-publish","format-standard","has-post-thumbnail","hentry","category-esportes"],"yoast_head":"<!-- This site is optimized with the Yoast SEO plugin v27.4 - https:\/\/yoast.com\/product\/yoast-seo-wordpress\/ -->\n<title>Samir Xaud est\u00e1 entre investigados por crime eleitoral, diz CBF - Transam\u00e9rica Mococa 93,3<\/title>\n<meta name=\"robots\" content=\"index, follow, max-snippet:-1, max-image-preview:large, max-video-preview:-1\" \/>\n<link rel=\"canonical\" href=\"https:\/\/transamerica93.com.br\/home\/samir-xaud-esta-entre-investigados-por-crime-eleitoral-diz-cbf\/\" \/>\n<meta property=\"og:locale\" content=\"pt_BR\" \/>\n<meta property=\"og:type\" content=\"article\" \/>\n<meta property=\"og:title\" content=\"Samir Xaud est\u00e1 entre investigados por crime eleitoral, diz CBF - Transam\u00e9rica Mococa 93,3\" \/>\n<meta property=\"og:description\" content=\"A\u00a0Confedera\u00e7\u00e3o Brasileira de Futebol (CBF) confirmou que seu presidente Samir Xaud est\u00e1 entre os investigados pela Justi\u00e7a Eleitoral de Roraima, no caso da Opera\u00e7\u00e3o Caixa Preta, motivo pelo qual agentes da Pol\u00edcia Federal teriam cumprido mandados na pr\u00f3pria sede da entidade, localizada no Rio de Janeiro. A CBF, no entanto, acrescenta que Xaud \u201cn\u00e3o \u00e9 &hellip;\" \/>\n<meta property=\"og:url\" content=\"https:\/\/transamerica93.com.br\/home\/samir-xaud-esta-entre-investigados-por-crime-eleitoral-diz-cbf\/\" \/>\n<meta property=\"og:site_name\" content=\"Transam\u00e9rica Mococa 93,3\" \/>\n<meta property=\"article:publisher\" content=\"https:\/\/www.facebook.com\/transamericamococa\" \/>\n<meta property=\"article:published_time\" content=\"2025-08-08T15:00:48+00:00\" \/>\n<meta property=\"og:image\" content=\"https:\/\/transamerica93.com.br\/home\/wp-content\/uploads\/2025\/08\/1-15.jpg\" \/>\n\t<meta property=\"og:image:width\" content=\"1170\" \/>\n\t<meta property=\"og:image:height\" content=\"700\" \/>\n\t<meta property=\"og:image:type\" content=\"image\/jpeg\" \/>\n<meta name=\"author\" content=\"Reda\u00e7\u00e3o\" \/>\n<meta name=\"twitter:card\" content=\"summary_large_image\" \/>\n<meta name=\"twitter:creator\" content=\"@transamerica933\" \/>\n<meta name=\"twitter:site\" content=\"@transamerica933\" \/>\n<meta name=\"twitter:label1\" content=\"Escrito por\" \/>\n\t<meta name=\"twitter:data1\" content=\"Reda\u00e7\u00e3o\" \/>\n\t<meta name=\"twitter:label2\" content=\"Est. tempo de leitura\" \/>\n\t<meta name=\"twitter:data2\" content=\"2 minutos\" \/>\n<script type=\"application\/ld+json\" class=\"yoast-schema-graph\">{\"@context\":\"https:\\\/\\\/schema.org\",\"@graph\":[{\"@type\":\"Article\",\"@id\":\"https:\\\/\\\/transamerica93.com.br\\\/home\\\/samir-xaud-esta-entre-investigados-por-crime-eleitoral-diz-cbf\\\/#article\",\"isPartOf\":{\"@id\":\"https:\\\/\\\/transamerica93.com.br\\\/home\\\/samir-xaud-esta-entre-investigados-por-crime-eleitoral-diz-cbf\\\/\"},\"author\":{\"name\":\"Reda\u00e7\u00e3o\",\"@id\":\"https:\\\/\\\/transamerica93.com.br\\\/home\\\/#\\\/schema\\\/person\\\/7fed7c99c0d4562efa8561bc0f543172\"},\"headline\":\"Samir Xaud est\u00e1 entre investigados por crime eleitoral, diz CBF\",\"datePublished\":\"2025-08-08T15:00:48+00:00\",\"mainEntityOfPage\":{\"@id\":\"https:\\\/\\\/transamerica93.com.br\\\/home\\\/samir-xaud-esta-entre-investigados-por-crime-eleitoral-diz-cbf\\\/\"},\"wordCount\":310,\"publisher\":{\"@id\":\"https:\\\/\\\/transamerica93.com.br\\\/home\\\/#organization\"},\"image\":{\"@id\":\"https:\\\/\\\/transamerica93.com.br\\\/home\\\/samir-xaud-esta-entre-investigados-por-crime-eleitoral-diz-cbf\\\/#primaryimage\"},\"thumbnailUrl\":\"https:\\\/\\\/transamerica93.com.br\\\/home\\\/wp-content\\\/uploads\\\/2025\\\/08\\\/1-15.jpg\",\"articleSection\":[\"Esportes\"],\"inLanguage\":\"pt-BR\"},{\"@type\":\"WebPage\",\"@id\":\"https:\\\/\\\/transamerica93.com.br\\\/home\\\/samir-xaud-esta-entre-investigados-por-crime-eleitoral-diz-cbf\\\/\",\"url\":\"https:\\\/\\\/transamerica93.com.br\\\/home\\\/samir-xaud-esta-entre-investigados-por-crime-eleitoral-diz-cbf\\\/\",\"name\":\"Samir Xaud est\u00e1 entre investigados por crime eleitoral, diz CBF - Transam\u00e9rica Mococa 93,3\",\"isPartOf\":{\"@id\":\"https:\\\/\\\/transamerica93.com.br\\\/home\\\/#website\"},\"primaryImageOfPage\":{\"@id\":\"https:\\\/\\\/transamerica93.com.br\\\/home\\\/samir-xaud-esta-entre-investigados-por-crime-eleitoral-diz-cbf\\\/#primaryimage\"},\"image\":{\"@id\":\"https:\\\/\\\/transamerica93.com.br\\\/home\\\/samir-xaud-esta-entre-investigados-por-crime-eleitoral-diz-cbf\\\/#primaryimage\"},\"thumbnailUrl\":\"https:\\\/\\\/transamerica93.com.br\\\/home\\\/wp-content\\\/uploads\\\/2025\\\/08\\\/1-15.jpg\",\"datePublished\":\"2025-08-08T15:00:48+00:00\",\"breadcrumb\":{\"@id\":\"https:\\\/\\\/transamerica93.com.br\\\/home\\\/samir-xaud-esta-entre-investigados-por-crime-eleitoral-diz-cbf\\\/#breadcrumb\"},\"inLanguage\":\"pt-BR\",\"potentialAction\":[{\"@type\":\"ReadAction\",\"target\":[\"https:\\\/\\\/transamerica93.com.br\\\/home\\\/samir-xaud-esta-entre-investigados-por-crime-eleitoral-diz-cbf\\\/\"]}]},{\"@type\":\"ImageObject\",\"inLanguage\":\"pt-BR\",\"@id\":\"https:\\\/\\\/transamerica93.com.br\\\/home\\\/samir-xaud-esta-entre-investigados-por-crime-eleitoral-diz-cbf\\\/#primaryimage\",\"url\":\"https:\\\/\\\/transamerica93.com.br\\\/home\\\/wp-content\\\/uploads\\\/2025\\\/08\\\/1-15.jpg\",\"contentUrl\":\"https:\\\/\\\/transamerica93.com.br\\\/home\\\/wp-content\\\/uploads\\\/2025\\\/08\\\/1-15.jpg\",\"width\":1170,\"height\":700,\"caption\":\"\u00a9 CBF\\\/Divulga\u00e7\u00e3o\"},{\"@type\":\"BreadcrumbList\",\"@id\":\"https:\\\/\\\/transamerica93.com.br\\\/home\\\/samir-xaud-esta-entre-investigados-por-crime-eleitoral-diz-cbf\\\/#breadcrumb\",\"itemListElement\":[{\"@type\":\"ListItem\",\"position\":1,\"name\":\"In\u00edcio\",\"item\":\"https:\\\/\\\/transamerica93.com.br\\\/home\\\/\"},{\"@type\":\"ListItem\",\"position\":2,\"name\":\"Samir Xaud est\u00e1 entre investigados por crime eleitoral, diz CBF\"}]},{\"@type\":\"WebSite\",\"@id\":\"https:\\\/\\\/transamerica93.com.br\\\/home\\\/#website\",\"url\":\"https:\\\/\\\/transamerica93.com.br\\\/home\\\/\",\"name\":\"Transam\u00e9rica Mococa 93,3\",\"description\":\"\",\"publisher\":{\"@id\":\"https:\\\/\\\/transamerica93.com.br\\\/home\\\/#organization\"},\"potentialAction\":[{\"@type\":\"SearchAction\",\"target\":{\"@type\":\"EntryPoint\",\"urlTemplate\":\"https:\\\/\\\/transamerica93.com.br\\\/home\\\/?s={search_term_string}\"},\"query-input\":{\"@type\":\"PropertyValueSpecification\",\"valueRequired\":true,\"valueName\":\"search_term_string\"}}],\"inLanguage\":\"pt-BR\"},{\"@type\":\"Organization\",\"@id\":\"https:\\\/\\\/transamerica93.com.br\\\/home\\\/#organization\",\"name\":\"Transam\u00e9rica Mococa 93,3\",\"url\":\"https:\\\/\\\/transamerica93.com.br\\\/home\\\/\",\"logo\":{\"@type\":\"ImageObject\",\"inLanguage\":\"pt-BR\",\"@id\":\"https:\\\/\\\/transamerica93.com.br\\\/home\\\/#\\\/schema\\\/logo\\\/image\\\/\",\"url\":\"https:\\\/\\\/transamerica93.com.br\\\/home\\\/wp-content\\\/uploads\\\/2023\\\/10\\\/logo2.png\",\"contentUrl\":\"https:\\\/\\\/transamerica93.com.br\\\/home\\\/wp-content\\\/uploads\\\/2023\\\/10\\\/logo2.png\",\"width\":800,\"height\":500,\"caption\":\"Transam\u00e9rica Mococa 93,3\"},\"image\":{\"@id\":\"https:\\\/\\\/transamerica93.com.br\\\/home\\\/#\\\/schema\\\/logo\\\/image\\\/\"},\"sameAs\":[\"https:\\\/\\\/www.facebook.com\\\/transamericamococa\",\"https:\\\/\\\/x.com\\\/transamerica933\",\"https:\\\/\\\/www.instagram.com\\\/transamericamococa\"]},{\"@type\":\"Person\",\"@id\":\"https:\\\/\\\/transamerica93.com.br\\\/home\\\/#\\\/schema\\\/person\\\/7fed7c99c0d4562efa8561bc0f543172\",\"name\":\"Reda\u00e7\u00e3o\",\"image\":{\"@type\":\"ImageObject\",\"inLanguage\":\"pt-BR\",\"@id\":\"https:\\\/\\\/secure.gravatar.com\\\/avatar\\\/1072c6b775fb02ef8506ce967551d95926669a6b7d2c2147b42eea4d7c68395e?s=96&d=mm&r=g\",\"url\":\"https:\\\/\\\/secure.gravatar.com\\\/avatar\\\/1072c6b775fb02ef8506ce967551d95926669a6b7d2c2147b42eea4d7c68395e?s=96&d=mm&r=g\",\"contentUrl\":\"https:\\\/\\\/secure.gravatar.com\\\/avatar\\\/1072c6b775fb02ef8506ce967551d95926669a6b7d2c2147b42eea4d7c68395e?s=96&d=mm&r=g\",\"caption\":\"Reda\u00e7\u00e3o\"},\"sameAs\":[\"https:\\\/\\\/transamerica93.com.br\\\/home\"],\"url\":\"https:\\\/\\\/transamerica93.com.br\\\/home\\\/author\\\/william\\\/\"}]}<\/script>\n<!-- \/ Yoast SEO plugin. -->","yoast_head_json":{"title":"Samir Xaud est\u00e1 entre investigados por crime eleitoral, diz CBF - Transam\u00e9rica Mococa 93,3","robots":{"index":"index","follow":"follow","max-snippet":"max-snippet:-1","max-image-preview":"max-image-preview:large","max-video-preview":"max-video-preview:-1"},"canonical":"https:\/\/transamerica93.com.br\/home\/samir-xaud-esta-entre-investigados-por-crime-eleitoral-diz-cbf\/","og_locale":"pt_BR","og_type":"article","og_title":"Samir Xaud est\u00e1 entre investigados por crime eleitoral, diz CBF - Transam\u00e9rica Mococa 93,3","og_description":"A\u00a0Confedera\u00e7\u00e3o Brasileira de Futebol (CBF) confirmou que seu presidente Samir Xaud est\u00e1 entre os investigados pela Justi\u00e7a Eleitoral de Roraima, no caso da Opera\u00e7\u00e3o Caixa Preta, motivo pelo qual agentes da Pol\u00edcia Federal teriam cumprido mandados na pr\u00f3pria sede da entidade, localizada no Rio de Janeiro. A CBF, no entanto, acrescenta que Xaud \u201cn\u00e3o \u00e9 &hellip;","og_url":"https:\/\/transamerica93.com.br\/home\/samir-xaud-esta-entre-investigados-por-crime-eleitoral-diz-cbf\/","og_site_name":"Transam\u00e9rica Mococa 93,3","article_publisher":"https:\/\/www.facebook.com\/transamericamococa","article_published_time":"2025-08-08T15:00:48+00:00","og_image":[{"width":1170,"height":700,"url":"https:\/\/transamerica93.com.br\/home\/wp-content\/uploads\/2025\/08\/1-15.jpg","type":"image\/jpeg"}],"author":"Reda\u00e7\u00e3o","twitter_card":"summary_large_image","twitter_creator":"@transamerica933","twitter_site":"@transamerica933","twitter_misc":{"Escrito por":"Reda\u00e7\u00e3o","Est. tempo de leitura":"2 minutos"},"schema":{"@context":"https:\/\/schema.org","@graph":[{"@type":"Article","@id":"https:\/\/transamerica93.com.br\/home\/samir-xaud-esta-entre-investigados-por-crime-eleitoral-diz-cbf\/#article","isPartOf":{"@id":"https:\/\/transamerica93.com.br\/home\/samir-xaud-esta-entre-investigados-por-crime-eleitoral-diz-cbf\/"},"author":{"name":"Reda\u00e7\u00e3o","@id":"https:\/\/transamerica93.com.br\/home\/#\/schema\/person\/7fed7c99c0d4562efa8561bc0f543172"},"headline":"Samir Xaud est\u00e1 entre investigados por crime eleitoral, diz CBF","datePublished":"2025-08-08T15:00:48+00:00","mainEntityOfPage":{"@id":"https:\/\/transamerica93.com.br\/home\/samir-xaud-esta-entre-investigados-por-crime-eleitoral-diz-cbf\/"},"wordCount":310,"publisher":{"@id":"https:\/\/transamerica93.com.br\/home\/#organization"},"image":{"@id":"https:\/\/transamerica93.com.br\/home\/samir-xaud-esta-entre-investigados-por-crime-eleitoral-diz-cbf\/#primaryimage"},"thumbnailUrl":"https:\/\/transamerica93.com.br\/home\/wp-content\/uploads\/2025\/08\/1-15.jpg","articleSection":["Esportes"],"inLanguage":"pt-BR"},{"@type":"WebPage","@id":"https:\/\/transamerica93.com.br\/home\/samir-xaud-esta-entre-investigados-por-crime-eleitoral-diz-cbf\/","url":"https:\/\/transamerica93.com.br\/home\/samir-xaud-esta-entre-investigados-por-crime-eleitoral-diz-cbf\/","name":"Samir Xaud est\u00e1 entre investigados por crime eleitoral, diz CBF - Transam\u00e9rica Mococa 93,3","isPartOf":{"@id":"https:\/\/transamerica93.com.br\/home\/#website"},"primaryImageOfPage":{"@id":"https:\/\/transamerica93.com.br\/home\/samir-xaud-esta-entre-investigados-por-crime-eleitoral-diz-cbf\/#primaryimage"},"image":{"@id":"https:\/\/transamerica93.com.br\/home\/samir-xaud-esta-entre-investigados-por-crime-eleitoral-diz-cbf\/#primaryimage"},"thumbnailUrl":"https:\/\/transamerica93.com.br\/home\/wp-content\/uploads\/2025\/08\/1-15.jpg","datePublished":"2025-08-08T15:00:48+00:00","breadcrumb":{"@id":"https:\/\/transamerica93.com.br\/home\/samir-xaud-esta-entre-investigados-por-crime-eleitoral-diz-cbf\/#breadcrumb"},"inLanguage":"pt-BR","potentialAction":[{"@type":"ReadAction","target":["https:\/\/transamerica93.com.br\/home\/samir-xaud-esta-entre-investigados-por-crime-eleitoral-diz-cbf\/"]}]},{"@type":"ImageObject","inLanguage":"pt-BR","@id":"https:\/\/transamerica93.com.br\/home\/samir-xaud-esta-entre-investigados-por-crime-eleitoral-diz-cbf\/#primaryimage","url":"https:\/\/transamerica93.com.br\/home\/wp-content\/uploads\/2025\/08\/1-15.jpg","contentUrl":"https:\/\/transamerica93.com.br\/home\/wp-content\/uploads\/2025\/08\/1-15.jpg","width":1170,"height":700,"caption":"\u00a9 CBF\/Divulga\u00e7\u00e3o"},{"@type":"BreadcrumbList","@id":"https:\/\/transamerica93.com.br\/home\/samir-xaud-esta-entre-investigados-por-crime-eleitoral-diz-cbf\/#breadcrumb","itemListElement":[{"@type":"ListItem","position":1,"name":"In\u00edcio","item":"https:\/\/transamerica93.com.br\/home\/"},{"@type":"ListItem","position":2,"name":"Samir Xaud est\u00e1 entre investigados por crime eleitoral, diz CBF"}]},{"@type":"WebSite","@id":"https:\/\/transamerica93.com.br\/home\/#website","url":"https:\/\/transamerica93.com.br\/home\/","name":"Transam\u00e9rica Mococa 93,3","description":"","publisher":{"@id":"https:\/\/transamerica93.com.br\/home\/#organization"},"potentialAction":[{"@type":"SearchAction","target":{"@type":"EntryPoint","urlTemplate":"https:\/\/transamerica93.com.br\/home\/?s={search_term_string}"},"query-input":{"@type":"PropertyValueSpecification","valueRequired":true,"valueName":"search_term_string"}}],"inLanguage":"pt-BR"},{"@type":"Organization","@id":"https:\/\/transamerica93.com.br\/home\/#organization","name":"Transam\u00e9rica Mococa 93,3","url":"https:\/\/transamerica93.com.br\/home\/","logo":{"@type":"ImageObject","inLanguage":"pt-BR","@id":"https:\/\/transamerica93.com.br\/home\/#\/schema\/logo\/image\/","url":"https:\/\/transamerica93.com.br\/home\/wp-content\/uploads\/2023\/10\/logo2.png","contentUrl":"https:\/\/transamerica93.com.br\/home\/wp-content\/uploads\/2023\/10\/logo2.png","width":800,"height":500,"caption":"Transam\u00e9rica Mococa 93,3"},"image":{"@id":"https:\/\/transamerica93.com.br\/home\/#\/schema\/logo\/image\/"},"sameAs":["https:\/\/www.facebook.com\/transamericamococa","https:\/\/x.com\/transamerica933","https:\/\/www.instagram.com\/transamericamococa"]},{"@type":"Person","@id":"https:\/\/transamerica93.com.br\/home\/#\/schema\/person\/7fed7c99c0d4562efa8561bc0f543172","name":"Reda\u00e7\u00e3o","image":{"@type":"ImageObject","inLanguage":"pt-BR","@id":"https:\/\/secure.gravatar.com\/avatar\/1072c6b775fb02ef8506ce967551d95926669a6b7d2c2147b42eea4d7c68395e?s=96&d=mm&r=g","url":"https:\/\/secure.gravatar.com\/avatar\/1072c6b775fb02ef8506ce967551d95926669a6b7d2c2147b42eea4d7c68395e?s=96&d=mm&r=g","contentUrl":"https:\/\/secure.gravatar.com\/avatar\/1072c6b775fb02ef8506ce967551d95926669a6b7d2c2147b42eea4d7c68395e?s=96&d=mm&r=g","caption":"Reda\u00e7\u00e3o"},"sameAs":["https:\/\/transamerica93.com.br\/home"],"url":"https:\/\/transamerica93.com.br\/home\/author\/william\/"}]}},"_links":{"self":[{"href":"https:\/\/transamerica93.com.br\/home\/wp-json\/wp\/v2\/posts\/6122","targetHints":{"allow":["GET"]}}],"collection":[{"href":"https:\/\/transamerica93.com.br\/home\/wp-json\/wp\/v2\/posts"}],"about":[{"href":"https:\/\/transamerica93.com.br\/home\/wp-json\/wp\/v2\/types\/post"}],"author":[{"embeddable":true,"href":"https:\/\/transamerica93.com.br\/home\/wp-json\/wp\/v2\/users\/1"}],"replies":[{"embeddable":true,"href":"https:\/\/transamerica93.com.br\/home\/wp-json\/wp\/v2\/comments?post=6122"}],"version-history":[{"count":1,"href":"https:\/\/transamerica93.com.br\/home\/wp-json\/wp\/v2\/posts\/6122\/revisions"}],"predecessor-version":[{"id":6124,"href":"https:\/\/transamerica93.com.br\/home\/wp-json\/wp\/v2\/posts\/6122\/revisions\/6124"}],"wp:featuredmedia":[{"embeddable":true,"href":"https:\/\/transamerica93.com.br\/home\/wp-json\/wp\/v2\/media\/6123"}],"wp:attachment":[{"href":"https:\/\/transamerica93.com.br\/home\/wp-json\/wp\/v2\/media?parent=6122"}],"wp:term":[{"taxonomy":"category","embeddable":true,"href":"https:\/\/transamerica93.com.br\/home\/wp-json\/wp\/v2\/categories?post=6122"},{"taxonomy":"post_tag","embeddable":true,"href":"https:\/\/transamerica93.com.br\/home\/wp-json\/wp\/v2\/tags?post=6122"}],"curies":[{"name":"wp","href":"https:\/\/api.w.org\/{rel}","templated":true}]}}