{"id":6128,"date":"2025-08-12T12:00:30","date_gmt":"2025-08-12T15:00:30","guid":{"rendered":"https:\/\/transamerica93.com.br\/home\/?p=6128"},"modified":"2025-08-02T10:49:29","modified_gmt":"2025-08-02T13:49:29","slug":"liga-mundial-de-surfe-tera-novo-formato-em-2026-e-final-no-havai","status":"publish","type":"post","link":"https:\/\/transamerica93.com.br\/home\/liga-mundial-de-surfe-tera-novo-formato-em-2026-e-final-no-havai\/","title":{"rendered":"Liga Mundial de Surfe ter\u00e1 novo formato em 2026 e final no Hava\u00ed"},"content":{"rendered":"<p>Os organizadores da Liga Mundial de Surfe (World Surfe League, em ingl\u00eas) divulgaram o calend\u00e1rio de 2026, ano em que se comemora os 50 anos do circuito profissional de surfe. A competi\u00e7\u00e3o ter\u00e1 12 etapas, com in\u00edcio em abril e t\u00e9rmino em dezembro. Diferentemente das edi\u00e7\u00f5es anteriores, o corte por notas ocorrer\u00e1 na nona etapa do Mundial, e a grande final em Pipeline (Hava\u00ed) reunir\u00e1 todos os competidores, incluindo os que n\u00e3o avan\u00e7aram ap\u00f3s a nota de corte. A etapa brasileira de Saquarema (RJ) ocorrer\u00e1 entre 12 a 20 de junho.<img decoding=\"async\" data-src=\"https:\/\/agenciabrasil.ebc.com.br\/ebc.png?id=1652329&amp;o=node\" src=\"data:image\/svg+xml;base64,PHN2ZyB3aWR0aD0iMSIgaGVpZ2h0PSIxIiB4bWxucz0iaHR0cDovL3d3dy53My5vcmcvMjAwMC9zdmciPjwvc3ZnPg==\" class=\"lazyload\" \/><img decoding=\"async\" data-src=\"https:\/\/agenciabrasil.ebc.com.br\/ebc.gif?id=1652329&amp;o=node\" src=\"data:image\/svg+xml;base64,PHN2ZyB3aWR0aD0iMSIgaGVpZ2h0PSIxIiB4bWxucz0iaHR0cDovL3d3dy53My5vcmcvMjAwMC9zdmciPjwvc3ZnPg==\" class=\"lazyload\" \/><\/p>\n<p>Outra novidade \u00e9 o aumento do n\u00famero de surfistas mulheres no in\u00edcio da temporada regular, que subir\u00e1\u00a0das atuais 18 para 24 participantes.\u00a0J\u00e1 o torneio masculino seguir\u00e1 come\u00e7ando com 36 homens. Ap\u00f3s a nona etapa (Lower Trestles), ser\u00e3o contabilizados os sete melhores resultados de cada competidor. Quem se classificar ap\u00f3s a\u00a0nota de corte, disputar\u00e1 a p\u00f3s-temporada, que inclui as etapas de Abu Dhabi (10\u00aa) e Peniche (11\u00aa). A 12\u00aa e \u00faltima etapa ser\u00e1 a de Pipeline (Hava\u00ed), mas n\u00e3o ser\u00e1 com o formato do\u00a0Finals, adotado nas\u00a0\u00faltimas edi\u00e7\u00f5es, inclusive a atual, com os cinco melhores da temporada na disputa do t\u00edtulo.<\/p>\n<p>A etapa de\u00a0Pipeline\u00a0ter\u00e1 a maior pontua\u00e7\u00e3o: 15 mil pontos no ranking. J\u00e1 as etapas anteriores distribuir\u00e3o 10 mil pontos. Para o c\u00e1lculo da nota final que definir\u00e1 os campe\u00f5es (masculino e feminino) de 2026 ser\u00e3o considerados os nove melhores resultados de cada surfista em 12 etapas.<\/p>\n<p>\u201cEssas mudan\u00e7as\u00a0refletem nosso compromisso em honrar o legado da modalidade e, ao mesmo tempo, moldar seu futuro. Com os formatos atualizados, veremos desafios maiores desde o primeiro dia, com cada bateria trazendo consequ\u00eancias reais ao longo da temporada. Combinando isso com locais ic\u00f4nicos, a disputa feminina expandida e Pipeline como o \u00e1pice, estamos construindo um tour que atende melhor aos nossos atletas e f\u00e3s e conduz o surfe para o seu pr\u00f3ximo cap\u00edtulo\u201d, justificou Ryan Crosby, diretor executivo da WSL.<\/p>\n<div class=\"twitter-tweet twitter-tweet-rendered\"><iframe id=\"twitter-widget-0\" title=\"X Post\" data-src=\"https:\/\/platform.twitter.com\/embed\/Tweet.html?creatorScreenName=agenciabrasil&amp;dnt=false&amp;embedId=twitter-widget-0&amp;features=eyJ0ZndfdGltZWxpbmVfbGlzdCI6eyJidWNrZXQiOltdLCJ2ZXJzaW9uIjpudWxsfSwidGZ3X2ZvbGxvd2VyX2NvdW50X3N1bnNldCI6eyJidWNrZXQiOnRydWUsInZlcnNpb24iOm51bGx9LCJ0ZndfdHdlZXRfZWRpdF9iYWNrZW5kIjp7ImJ1Y2tldCI6Im9uIiwidmVyc2lvbiI6bnVsbH0sInRmd19yZWZzcmNfc2Vzc2lvbiI6eyJidWNrZXQiOiJvbiIsInZlcnNpb24iOm51bGx9LCJ0ZndfZm9zbnJfc29mdF9pbnRlcnZlbnRpb25zX2VuYWJsZWQiOnsiYnVja2V0Ijoib24iLCJ2ZXJzaW9uIjpudWxsfSwidGZ3X21peGVkX21lZGlhXzE1ODk3Ijp7ImJ1Y2tldCI6InRyZWF0bWVudCIsInZlcnNpb24iOm51bGx9LCJ0ZndfZXhwZXJpbWVudHNfY29va2llX2V4cGlyYXRpb24iOnsiYnVja2V0IjoxMjA5NjAwLCJ2ZXJzaW9uIjpudWxsfSwidGZ3X3Nob3dfYmlyZHdhdGNoX3Bpdm90c19lbmFibGVkIjp7ImJ1Y2tldCI6Im9uIiwidmVyc2lvbiI6bnVsbH0sInRmd19kdXBsaWNhdGVfc2NyaWJlc190b19zZXR0aW5ncyI6eyJidWNrZXQiOiJvbiIsInZlcnNpb24iOm51bGx9LCJ0ZndfdXNlX3Byb2ZpbGVfaW1hZ2Vfc2hhcGVfZW5hYmxlZCI6eyJidWNrZXQiOiJvbiIsInZlcnNpb24iOm51bGx9LCJ0ZndfdmlkZW9faGxzX2R5bmFtaWNfbWFuaWZlc3RzXzE1MDgyIjp7ImJ1Y2tldCI6InRydWVfYml0cmF0ZSIsInZlcnNpb24iOm51bGx9LCJ0ZndfbGVnYWN5X3RpbWVsaW5lX3N1bnNldCI6eyJidWNrZXQiOnRydWUsInZlcnNpb24iOm51bGx9LCJ0ZndfdHdlZXRfZWRpdF9mcm9udGVuZCI6eyJidWNrZXQiOiJvbiIsInZlcnNpb24iOm51bGx9fQ%3D%3D&amp;frame=false&amp;hideCard=false&amp;hideThread=false&amp;id=1949854068127551677&amp;lang=pt&amp;origin=https%3A%2F%2Fagenciabrasil.ebc.com.br%2Fesportes%2Fnoticia%2F2025-07%2Fliga-mundial-de-surfe-tera-novo-formato-em-2026-e-final-no-havai&amp;sessionId=5e1825e0e9de6bf8c049fda08d5ae7e0553e0957&amp;siteScreenName=agenciabrasil&amp;theme=light&amp;widgetsVersion=2615f7e52b7e0%3A1702314776716&amp;width=550px\" frameborder=\"0\" scrolling=\"no\" allowfullscreen=\"allowfullscreen\" data-tweet-id=\"1949854068127551677\" data-mce-fragment=\"1\" src=\"data:image\/svg+xml;base64,PHN2ZyB3aWR0aD0iMSIgaGVpZ2h0PSIxIiB4bWxucz0iaHR0cDovL3d3dy53My5vcmcvMjAwMC9zdmciPjwvc3ZnPg==\" class=\"lazyload\" data-load-mode=\"1\"><\/iframe><\/div>\n<p><a href=\"https:\/\/www.instagram.com\/agencia.brasil\" target=\"_blank\" rel=\"noopener\">&gt;&gt; Siga o perfil da\u00a0<strong>Ag\u00eancia Brasil\u00a0<\/strong>no Instagram<\/a><\/p>\n<h2>Mudan\u00e7as no formato da disputa<\/h2>\n<p>Outra altera\u00e7\u00e3o relevante na temporada de 2026 da Liga Mundial de Surfe a exclus\u00e3o dos rounds n\u00e3o eliminat\u00f3rios e das repescagens. Na etapa regular (da 1\u00aa \u00e0 9\u00aa) os surfistas mais bem colocados no ranking (28 homens e oito mulheres) ficar\u00e3o de fora da primeira rodada e come\u00e7ar\u00e3o a competir na segunda, tendo como advers\u00e1rios os vencedores da fase anterior.<\/p>\n<p>A partir da p\u00f3s-temporada \u2013 etapas de Abu Dhabi e Peniche \u2013 apenas no torneio masculino os oitos melhores no ranking est\u00e3o autorizados a prescindir da primeira rodada.<\/p>\n<p>Na final em Pipeline, novamente a melhor coloca\u00e7\u00e3o no ranking postergar\u00e1 o inicio da disputa para parte dos surfistas. Entre os homens, os oito primeiros colocados competir\u00e3o a partir da quarta rodada. J\u00e1 no torneio feminino,\u00a0 as oito primeiras cair\u00e3o na \u00e1gua a partir da segunda rodada.<\/p>\n<h2>Calend\u00e1rio da WSL 2026<\/h2>\n<p>Etapa 1 \u2013 Bells Beach, Austr\u00e1lia \u2013 de 1 a 11 de abril;<\/p>\n<p>Etapa 2 \u2013 Margaret River, Austr\u00e1lia \u2013 de 17 a 27 de abril;<\/p>\n<p>Etapa 3 \u2013 Snapper Rocks, Austr\u00e1lia \u2013 de 2 a 12 de maio;<\/p>\n<p>Etapa 4 \u2013 Punta Roca, El Salvador \u2013 de 28 de maio a 7 de junho;<\/p>\n<p>Etapa 5 \u2013 Saquarema, Brasil \u2013 de 12 a 20 de junho;<\/p>\n<p>Etapa 6 \u2013 Jeffreys Bay, \u00c1frica do Sul \u2013 de 10 a 20 de julho;<\/p>\n<p>Etapa 7 \u2013 Teahupoo, Taiti \u2013 de 8 a 18 de agosto;<\/p>\n<p>Etapa 8 \u2013 Cloudbreak, Fiji \u2013 de 25 de agosto a 4 de setembro;<\/p>\n<p>Etapa 9 \u2013 Lower Trestles, EUA \u2013 de 11 a 20 de setembro;<\/p>\n<p><u>NOTA DE CORTE<\/u><\/p>\n<p>Etapa 10 \u2013 Abu Dhabi, Emirados \u00c1rabes Unidos \u2013 de 14 a 18 de outubro;<\/p>\n<p>Etapa 11 \u2013 Peniche, Portugal \u2013 de 22 de outubro a 1 de novembro;<\/p>\n<p>Etapa 12 \u2013 Pipeline, Hava\u00ed \u2013 de 8 a 20 de dezembro (com todos os inscritos)<\/p>\n","protected":false},"excerpt":{"rendered":"<p>Os organizadores da Liga Mundial de Surfe (World Surfe League, em ingl\u00eas) divulgaram o calend\u00e1rio de 2026, ano em que se comemora os 50 anos do circuito profissional de surfe. A competi\u00e7\u00e3o ter\u00e1 12 etapas, com in\u00edcio em abril e t\u00e9rmino em dezembro. Diferentemente das edi\u00e7\u00f5es anteriores, o corte por notas ocorrer\u00e1 na nona etapa &hellip;<\/p>\n","protected":false},"author":1,"featured_media":6129,"comment_status":"closed","ping_status":"closed","sticky":false,"template":"","format":"standard","meta":{"footnotes":""},"categories":[31],"tags":[],"class_list":["post-6128","post","type-post","status-publish","format-standard","has-post-thumbnail","hentry","category-esportes"],"yoast_head":"<!-- This site is optimized with the Yoast SEO plugin v27.4 - https:\/\/yoast.com\/product\/yoast-seo-wordpress\/ -->\n<title>Liga Mundial de Surfe ter\u00e1 novo formato em 2026 e final no Hava\u00ed - Transam\u00e9rica Mococa 93,3<\/title>\n<meta name=\"robots\" content=\"index, follow, max-snippet:-1, max-image-preview:large, max-video-preview:-1\" \/>\n<link rel=\"canonical\" href=\"https:\/\/transamerica93.com.br\/home\/liga-mundial-de-surfe-tera-novo-formato-em-2026-e-final-no-havai\/\" \/>\n<meta property=\"og:locale\" content=\"pt_BR\" \/>\n<meta property=\"og:type\" content=\"article\" \/>\n<meta property=\"og:title\" content=\"Liga Mundial de Surfe ter\u00e1 novo formato em 2026 e final no Hava\u00ed - Transam\u00e9rica Mococa 93,3\" \/>\n<meta property=\"og:description\" content=\"Os organizadores da Liga Mundial de Surfe (World Surfe League, em ingl\u00eas) divulgaram o calend\u00e1rio de 2026, ano em que se comemora os 50 anos do circuito profissional de surfe. A competi\u00e7\u00e3o ter\u00e1 12 etapas, com in\u00edcio em abril e t\u00e9rmino em dezembro. Diferentemente das edi\u00e7\u00f5es anteriores, o corte por notas ocorrer\u00e1 na nona etapa &hellip;\" \/>\n<meta property=\"og:url\" content=\"https:\/\/transamerica93.com.br\/home\/liga-mundial-de-surfe-tera-novo-formato-em-2026-e-final-no-havai\/\" \/>\n<meta property=\"og:site_name\" content=\"Transam\u00e9rica Mococa 93,3\" \/>\n<meta property=\"article:publisher\" content=\"https:\/\/www.facebook.com\/transamericamococa\" \/>\n<meta property=\"article:published_time\" content=\"2025-08-12T15:00:30+00:00\" \/>\n<meta property=\"og:image\" content=\"https:\/\/transamerica93.com.br\/home\/wp-content\/uploads\/2025\/08\/1-17.jpg\" \/>\n\t<meta property=\"og:image:width\" content=\"1170\" \/>\n\t<meta property=\"og:image:height\" content=\"700\" \/>\n\t<meta property=\"og:image:type\" content=\"image\/jpeg\" \/>\n<meta name=\"author\" content=\"Reda\u00e7\u00e3o\" \/>\n<meta name=\"twitter:card\" content=\"summary_large_image\" \/>\n<meta name=\"twitter:creator\" content=\"@transamerica933\" \/>\n<meta name=\"twitter:site\" content=\"@transamerica933\" \/>\n<meta name=\"twitter:label1\" content=\"Escrito por\" \/>\n\t<meta name=\"twitter:data1\" content=\"Reda\u00e7\u00e3o\" \/>\n\t<meta name=\"twitter:label2\" content=\"Est. tempo de leitura\" \/>\n\t<meta name=\"twitter:data2\" content=\"5 minutos\" \/>\n<script type=\"application\/ld+json\" class=\"yoast-schema-graph\">{\"@context\":\"https:\\\/\\\/schema.org\",\"@graph\":[{\"@type\":\"Article\",\"@id\":\"https:\\\/\\\/transamerica93.com.br\\\/home\\\/liga-mundial-de-surfe-tera-novo-formato-em-2026-e-final-no-havai\\\/#article\",\"isPartOf\":{\"@id\":\"https:\\\/\\\/transamerica93.com.br\\\/home\\\/liga-mundial-de-surfe-tera-novo-formato-em-2026-e-final-no-havai\\\/\"},\"author\":{\"name\":\"Reda\u00e7\u00e3o\",\"@id\":\"https:\\\/\\\/transamerica93.com.br\\\/home\\\/#\\\/schema\\\/person\\\/7fed7c99c0d4562efa8561bc0f543172\"},\"headline\":\"Liga Mundial de Surfe ter\u00e1 novo formato em 2026 e final no Hava\u00ed\",\"datePublished\":\"2025-08-12T15:00:30+00:00\",\"mainEntityOfPage\":{\"@id\":\"https:\\\/\\\/transamerica93.com.br\\\/home\\\/liga-mundial-de-surfe-tera-novo-formato-em-2026-e-final-no-havai\\\/\"},\"wordCount\":624,\"publisher\":{\"@id\":\"https:\\\/\\\/transamerica93.com.br\\\/home\\\/#organization\"},\"image\":{\"@id\":\"https:\\\/\\\/transamerica93.com.br\\\/home\\\/liga-mundial-de-surfe-tera-novo-formato-em-2026-e-final-no-havai\\\/#primaryimage\"},\"thumbnailUrl\":\"https:\\\/\\\/transamerica93.com.br\\\/home\\\/wp-content\\\/uploads\\\/2025\\\/08\\\/1-17.jpg\",\"articleSection\":[\"Esportes\"],\"inLanguage\":\"pt-BR\"},{\"@type\":\"WebPage\",\"@id\":\"https:\\\/\\\/transamerica93.com.br\\\/home\\\/liga-mundial-de-surfe-tera-novo-formato-em-2026-e-final-no-havai\\\/\",\"url\":\"https:\\\/\\\/transamerica93.com.br\\\/home\\\/liga-mundial-de-surfe-tera-novo-formato-em-2026-e-final-no-havai\\\/\",\"name\":\"Liga Mundial de Surfe ter\u00e1 novo formato em 2026 e final no Hava\u00ed - Transam\u00e9rica Mococa 93,3\",\"isPartOf\":{\"@id\":\"https:\\\/\\\/transamerica93.com.br\\\/home\\\/#website\"},\"primaryImageOfPage\":{\"@id\":\"https:\\\/\\\/transamerica93.com.br\\\/home\\\/liga-mundial-de-surfe-tera-novo-formato-em-2026-e-final-no-havai\\\/#primaryimage\"},\"image\":{\"@id\":\"https:\\\/\\\/transamerica93.com.br\\\/home\\\/liga-mundial-de-surfe-tera-novo-formato-em-2026-e-final-no-havai\\\/#primaryimage\"},\"thumbnailUrl\":\"https:\\\/\\\/transamerica93.com.br\\\/home\\\/wp-content\\\/uploads\\\/2025\\\/08\\\/1-17.jpg\",\"datePublished\":\"2025-08-12T15:00:30+00:00\",\"breadcrumb\":{\"@id\":\"https:\\\/\\\/transamerica93.com.br\\\/home\\\/liga-mundial-de-surfe-tera-novo-formato-em-2026-e-final-no-havai\\\/#breadcrumb\"},\"inLanguage\":\"pt-BR\",\"potentialAction\":[{\"@type\":\"ReadAction\",\"target\":[\"https:\\\/\\\/transamerica93.com.br\\\/home\\\/liga-mundial-de-surfe-tera-novo-formato-em-2026-e-final-no-havai\\\/\"]}]},{\"@type\":\"ImageObject\",\"inLanguage\":\"pt-BR\",\"@id\":\"https:\\\/\\\/transamerica93.com.br\\\/home\\\/liga-mundial-de-surfe-tera-novo-formato-em-2026-e-final-no-havai\\\/#primaryimage\",\"url\":\"https:\\\/\\\/transamerica93.com.br\\\/home\\\/wp-content\\\/uploads\\\/2025\\\/08\\\/1-17.jpg\",\"contentUrl\":\"https:\\\/\\\/transamerica93.com.br\\\/home\\\/wp-content\\\/uploads\\\/2025\\\/08\\\/1-17.jpg\",\"width\":1170,\"height\":700,\"caption\":\"\u00a9 Tony Heff\\\/World Surf League\\\/Direitos Reservados\"},{\"@type\":\"BreadcrumbList\",\"@id\":\"https:\\\/\\\/transamerica93.com.br\\\/home\\\/liga-mundial-de-surfe-tera-novo-formato-em-2026-e-final-no-havai\\\/#breadcrumb\",\"itemListElement\":[{\"@type\":\"ListItem\",\"position\":1,\"name\":\"In\u00edcio\",\"item\":\"https:\\\/\\\/transamerica93.com.br\\\/home\\\/\"},{\"@type\":\"ListItem\",\"position\":2,\"name\":\"Liga Mundial de Surfe ter\u00e1 novo formato em 2026 e final no Hava\u00ed\"}]},{\"@type\":\"WebSite\",\"@id\":\"https:\\\/\\\/transamerica93.com.br\\\/home\\\/#website\",\"url\":\"https:\\\/\\\/transamerica93.com.br\\\/home\\\/\",\"name\":\"Transam\u00e9rica Mococa 93,3\",\"description\":\"\",\"publisher\":{\"@id\":\"https:\\\/\\\/transamerica93.com.br\\\/home\\\/#organization\"},\"potentialAction\":[{\"@type\":\"SearchAction\",\"target\":{\"@type\":\"EntryPoint\",\"urlTemplate\":\"https:\\\/\\\/transamerica93.com.br\\\/home\\\/?s={search_term_string}\"},\"query-input\":{\"@type\":\"PropertyValueSpecification\",\"valueRequired\":true,\"valueName\":\"search_term_string\"}}],\"inLanguage\":\"pt-BR\"},{\"@type\":\"Organization\",\"@id\":\"https:\\\/\\\/transamerica93.com.br\\\/home\\\/#organization\",\"name\":\"Transam\u00e9rica Mococa 93,3\",\"url\":\"https:\\\/\\\/transamerica93.com.br\\\/home\\\/\",\"logo\":{\"@type\":\"ImageObject\",\"inLanguage\":\"pt-BR\",\"@id\":\"https:\\\/\\\/transamerica93.com.br\\\/home\\\/#\\\/schema\\\/logo\\\/image\\\/\",\"url\":\"https:\\\/\\\/transamerica93.com.br\\\/home\\\/wp-content\\\/uploads\\\/2023\\\/10\\\/logo2.png\",\"contentUrl\":\"https:\\\/\\\/transamerica93.com.br\\\/home\\\/wp-content\\\/uploads\\\/2023\\\/10\\\/logo2.png\",\"width\":800,\"height\":500,\"caption\":\"Transam\u00e9rica Mococa 93,3\"},\"image\":{\"@id\":\"https:\\\/\\\/transamerica93.com.br\\\/home\\\/#\\\/schema\\\/logo\\\/image\\\/\"},\"sameAs\":[\"https:\\\/\\\/www.facebook.com\\\/transamericamococa\",\"https:\\\/\\\/x.com\\\/transamerica933\",\"https:\\\/\\\/www.instagram.com\\\/transamericamococa\"]},{\"@type\":\"Person\",\"@id\":\"https:\\\/\\\/transamerica93.com.br\\\/home\\\/#\\\/schema\\\/person\\\/7fed7c99c0d4562efa8561bc0f543172\",\"name\":\"Reda\u00e7\u00e3o\",\"image\":{\"@type\":\"ImageObject\",\"inLanguage\":\"pt-BR\",\"@id\":\"https:\\\/\\\/secure.gravatar.com\\\/avatar\\\/1072c6b775fb02ef8506ce967551d95926669a6b7d2c2147b42eea4d7c68395e?s=96&d=mm&r=g\",\"url\":\"https:\\\/\\\/secure.gravatar.com\\\/avatar\\\/1072c6b775fb02ef8506ce967551d95926669a6b7d2c2147b42eea4d7c68395e?s=96&d=mm&r=g\",\"contentUrl\":\"https:\\\/\\\/secure.gravatar.com\\\/avatar\\\/1072c6b775fb02ef8506ce967551d95926669a6b7d2c2147b42eea4d7c68395e?s=96&d=mm&r=g\",\"caption\":\"Reda\u00e7\u00e3o\"},\"sameAs\":[\"https:\\\/\\\/transamerica93.com.br\\\/home\"],\"url\":\"https:\\\/\\\/transamerica93.com.br\\\/home\\\/author\\\/william\\\/\"}]}<\/script>\n<!-- \/ Yoast SEO plugin. -->","yoast_head_json":{"title":"Liga Mundial de Surfe ter\u00e1 novo formato em 2026 e final no Hava\u00ed - Transam\u00e9rica Mococa 93,3","robots":{"index":"index","follow":"follow","max-snippet":"max-snippet:-1","max-image-preview":"max-image-preview:large","max-video-preview":"max-video-preview:-1"},"canonical":"https:\/\/transamerica93.com.br\/home\/liga-mundial-de-surfe-tera-novo-formato-em-2026-e-final-no-havai\/","og_locale":"pt_BR","og_type":"article","og_title":"Liga Mundial de Surfe ter\u00e1 novo formato em 2026 e final no Hava\u00ed - Transam\u00e9rica Mococa 93,3","og_description":"Os organizadores da Liga Mundial de Surfe (World Surfe League, em ingl\u00eas) divulgaram o calend\u00e1rio de 2026, ano em que se comemora os 50 anos do circuito profissional de surfe. A competi\u00e7\u00e3o ter\u00e1 12 etapas, com in\u00edcio em abril e t\u00e9rmino em dezembro. Diferentemente das edi\u00e7\u00f5es anteriores, o corte por notas ocorrer\u00e1 na nona etapa &hellip;","og_url":"https:\/\/transamerica93.com.br\/home\/liga-mundial-de-surfe-tera-novo-formato-em-2026-e-final-no-havai\/","og_site_name":"Transam\u00e9rica Mococa 93,3","article_publisher":"https:\/\/www.facebook.com\/transamericamococa","article_published_time":"2025-08-12T15:00:30+00:00","og_image":[{"width":1170,"height":700,"url":"https:\/\/transamerica93.com.br\/home\/wp-content\/uploads\/2025\/08\/1-17.jpg","type":"image\/jpeg"}],"author":"Reda\u00e7\u00e3o","twitter_card":"summary_large_image","twitter_creator":"@transamerica933","twitter_site":"@transamerica933","twitter_misc":{"Escrito por":"Reda\u00e7\u00e3o","Est. tempo de leitura":"5 minutos"},"schema":{"@context":"https:\/\/schema.org","@graph":[{"@type":"Article","@id":"https:\/\/transamerica93.com.br\/home\/liga-mundial-de-surfe-tera-novo-formato-em-2026-e-final-no-havai\/#article","isPartOf":{"@id":"https:\/\/transamerica93.com.br\/home\/liga-mundial-de-surfe-tera-novo-formato-em-2026-e-final-no-havai\/"},"author":{"name":"Reda\u00e7\u00e3o","@id":"https:\/\/transamerica93.com.br\/home\/#\/schema\/person\/7fed7c99c0d4562efa8561bc0f543172"},"headline":"Liga Mundial de Surfe ter\u00e1 novo formato em 2026 e final no Hava\u00ed","datePublished":"2025-08-12T15:00:30+00:00","mainEntityOfPage":{"@id":"https:\/\/transamerica93.com.br\/home\/liga-mundial-de-surfe-tera-novo-formato-em-2026-e-final-no-havai\/"},"wordCount":624,"publisher":{"@id":"https:\/\/transamerica93.com.br\/home\/#organization"},"image":{"@id":"https:\/\/transamerica93.com.br\/home\/liga-mundial-de-surfe-tera-novo-formato-em-2026-e-final-no-havai\/#primaryimage"},"thumbnailUrl":"https:\/\/transamerica93.com.br\/home\/wp-content\/uploads\/2025\/08\/1-17.jpg","articleSection":["Esportes"],"inLanguage":"pt-BR"},{"@type":"WebPage","@id":"https:\/\/transamerica93.com.br\/home\/liga-mundial-de-surfe-tera-novo-formato-em-2026-e-final-no-havai\/","url":"https:\/\/transamerica93.com.br\/home\/liga-mundial-de-surfe-tera-novo-formato-em-2026-e-final-no-havai\/","name":"Liga Mundial de Surfe ter\u00e1 novo formato em 2026 e final no Hava\u00ed - Transam\u00e9rica Mococa 93,3","isPartOf":{"@id":"https:\/\/transamerica93.com.br\/home\/#website"},"primaryImageOfPage":{"@id":"https:\/\/transamerica93.com.br\/home\/liga-mundial-de-surfe-tera-novo-formato-em-2026-e-final-no-havai\/#primaryimage"},"image":{"@id":"https:\/\/transamerica93.com.br\/home\/liga-mundial-de-surfe-tera-novo-formato-em-2026-e-final-no-havai\/#primaryimage"},"thumbnailUrl":"https:\/\/transamerica93.com.br\/home\/wp-content\/uploads\/2025\/08\/1-17.jpg","datePublished":"2025-08-12T15:00:30+00:00","breadcrumb":{"@id":"https:\/\/transamerica93.com.br\/home\/liga-mundial-de-surfe-tera-novo-formato-em-2026-e-final-no-havai\/#breadcrumb"},"inLanguage":"pt-BR","potentialAction":[{"@type":"ReadAction","target":["https:\/\/transamerica93.com.br\/home\/liga-mundial-de-surfe-tera-novo-formato-em-2026-e-final-no-havai\/"]}]},{"@type":"ImageObject","inLanguage":"pt-BR","@id":"https:\/\/transamerica93.com.br\/home\/liga-mundial-de-surfe-tera-novo-formato-em-2026-e-final-no-havai\/#primaryimage","url":"https:\/\/transamerica93.com.br\/home\/wp-content\/uploads\/2025\/08\/1-17.jpg","contentUrl":"https:\/\/transamerica93.com.br\/home\/wp-content\/uploads\/2025\/08\/1-17.jpg","width":1170,"height":700,"caption":"\u00a9 Tony Heff\/World Surf League\/Direitos Reservados"},{"@type":"BreadcrumbList","@id":"https:\/\/transamerica93.com.br\/home\/liga-mundial-de-surfe-tera-novo-formato-em-2026-e-final-no-havai\/#breadcrumb","itemListElement":[{"@type":"ListItem","position":1,"name":"In\u00edcio","item":"https:\/\/transamerica93.com.br\/home\/"},{"@type":"ListItem","position":2,"name":"Liga Mundial de Surfe ter\u00e1 novo formato em 2026 e final no Hava\u00ed"}]},{"@type":"WebSite","@id":"https:\/\/transamerica93.com.br\/home\/#website","url":"https:\/\/transamerica93.com.br\/home\/","name":"Transam\u00e9rica Mococa 93,3","description":"","publisher":{"@id":"https:\/\/transamerica93.com.br\/home\/#organization"},"potentialAction":[{"@type":"SearchAction","target":{"@type":"EntryPoint","urlTemplate":"https:\/\/transamerica93.com.br\/home\/?s={search_term_string}"},"query-input":{"@type":"PropertyValueSpecification","valueRequired":true,"valueName":"search_term_string"}}],"inLanguage":"pt-BR"},{"@type":"Organization","@id":"https:\/\/transamerica93.com.br\/home\/#organization","name":"Transam\u00e9rica Mococa 93,3","url":"https:\/\/transamerica93.com.br\/home\/","logo":{"@type":"ImageObject","inLanguage":"pt-BR","@id":"https:\/\/transamerica93.com.br\/home\/#\/schema\/logo\/image\/","url":"https:\/\/transamerica93.com.br\/home\/wp-content\/uploads\/2023\/10\/logo2.png","contentUrl":"https:\/\/transamerica93.com.br\/home\/wp-content\/uploads\/2023\/10\/logo2.png","width":800,"height":500,"caption":"Transam\u00e9rica Mococa 93,3"},"image":{"@id":"https:\/\/transamerica93.com.br\/home\/#\/schema\/logo\/image\/"},"sameAs":["https:\/\/www.facebook.com\/transamericamococa","https:\/\/x.com\/transamerica933","https:\/\/www.instagram.com\/transamericamococa"]},{"@type":"Person","@id":"https:\/\/transamerica93.com.br\/home\/#\/schema\/person\/7fed7c99c0d4562efa8561bc0f543172","name":"Reda\u00e7\u00e3o","image":{"@type":"ImageObject","inLanguage":"pt-BR","@id":"https:\/\/secure.gravatar.com\/avatar\/1072c6b775fb02ef8506ce967551d95926669a6b7d2c2147b42eea4d7c68395e?s=96&d=mm&r=g","url":"https:\/\/secure.gravatar.com\/avatar\/1072c6b775fb02ef8506ce967551d95926669a6b7d2c2147b42eea4d7c68395e?s=96&d=mm&r=g","contentUrl":"https:\/\/secure.gravatar.com\/avatar\/1072c6b775fb02ef8506ce967551d95926669a6b7d2c2147b42eea4d7c68395e?s=96&d=mm&r=g","caption":"Reda\u00e7\u00e3o"},"sameAs":["https:\/\/transamerica93.com.br\/home"],"url":"https:\/\/transamerica93.com.br\/home\/author\/william\/"}]}},"_links":{"self":[{"href":"https:\/\/transamerica93.com.br\/home\/wp-json\/wp\/v2\/posts\/6128","targetHints":{"allow":["GET"]}}],"collection":[{"href":"https:\/\/transamerica93.com.br\/home\/wp-json\/wp\/v2\/posts"}],"about":[{"href":"https:\/\/transamerica93.com.br\/home\/wp-json\/wp\/v2\/types\/post"}],"author":[{"embeddable":true,"href":"https:\/\/transamerica93.com.br\/home\/wp-json\/wp\/v2\/users\/1"}],"replies":[{"embeddable":true,"href":"https:\/\/transamerica93.com.br\/home\/wp-json\/wp\/v2\/comments?post=6128"}],"version-history":[{"count":1,"href":"https:\/\/transamerica93.com.br\/home\/wp-json\/wp\/v2\/posts\/6128\/revisions"}],"predecessor-version":[{"id":6130,"href":"https:\/\/transamerica93.com.br\/home\/wp-json\/wp\/v2\/posts\/6128\/revisions\/6130"}],"wp:featuredmedia":[{"embeddable":true,"href":"https:\/\/transamerica93.com.br\/home\/wp-json\/wp\/v2\/media\/6129"}],"wp:attachment":[{"href":"https:\/\/transamerica93.com.br\/home\/wp-json\/wp\/v2\/media?parent=6128"}],"wp:term":[{"taxonomy":"category","embeddable":true,"href":"https:\/\/transamerica93.com.br\/home\/wp-json\/wp\/v2\/categories?post=6128"},{"taxonomy":"post_tag","embeddable":true,"href":"https:\/\/transamerica93.com.br\/home\/wp-json\/wp\/v2\/tags?post=6128"}],"curies":[{"name":"wp","href":"https:\/\/api.w.org\/{rel}","templated":true}]}}