{"id":6137,"date":"2025-08-15T12:00:39","date_gmt":"2025-08-15T15:00:39","guid":{"rendered":"https:\/\/transamerica93.com.br\/home\/?p=6137"},"modified":"2025-08-02T10:55:55","modified_gmt":"2025-08-02T13:55:55","slug":"a-gente-quer-ser-um-flamengo-e-vamos-ser-afirma-presidente-do-conselho-do-corinthians","status":"publish","type":"post","link":"https:\/\/transamerica93.com.br\/home\/a-gente-quer-ser-um-flamengo-e-vamos-ser-afirma-presidente-do-conselho-do-corinthians\/","title":{"rendered":"&#8216;A gente quer ser um Flamengo, e vamos ser&#8217;, afirma presidente do Conselho do Corinthians"},"content":{"rendered":"<div id=\"Corpo\">Presidente do Conselho Deliberativo do Corinthians, Romeu Tuma J\u00fanior afirmou que o clube tem de se espelhar no Flamengo para &#8220;renascer das cinzas&#8221;, em refer\u00eancia a volta por cima dada pelos rubro-negros na \u00faltima d\u00e9cada e a crise sem precedentes vivida pelos corintianos. A declara\u00e7\u00e3o foi dada durante entrevista coletiva, nesta sexta-feira.<\/p>\n<p>Tuma convocou a entrevista no teatro do Parque S\u00e3o Jorge para prestar esclarecimentos sobre investiga\u00e7\u00f5es internas, desde as suspeitas de uso indevido de cart\u00f5es corporativos pelos ex-presidentes Andr\u00e9s Sanchez e Du\u00edlio Monteiro Alves at\u00e9 o processo de impeachment de Augusto Melo.<\/p>\n<p>Ao ser questionado se j\u00e1 tinha em mente uma data para marcar novas elei\u00e7\u00f5es, caso a destitui\u00e7\u00e3o de Melo seja aprovada em assembleia de s\u00f3cios no dia 9 de agosto, defendeu que o assunto precisa ser superado o quanto antes e fez a analogia com o Flamengo.<\/p>\n<p>&#8220;Vou marcar quando achar que devo, e o mais r\u00e1pido poss\u00edvel. O Corinthians precisa virar essa p\u00e1gina para renascer das cinzas, precisa funcionar. Sabe por qu\u00ea? Eu quero voar com \u00e1guia, \u00e1guia voa com \u00e1guia. A gente quer ser um Flamengo, e vamos ser&#8221;, afirmou.<\/p>\n<p>Durante a coletiva, Tuma Jr. tamb\u00e9m defendeu a reforma do estatuto do Corinthians, pauta reivindicada por torcedores organizados e comuns durante protesto realizado na semana passada, no Parque S\u00e3o Jorge.<\/p>\n<p>&#8220;Temos outros assuntos urgentes: reforma do estatuto \u00e9 minha prioridade n\u00famero um. Eu venho lutando h\u00e1 muitos anos por isso, desde quando eu era um simples conselheiros. Infelizmente, n\u00e3o foi poss\u00edvel. Recebemos propostas de pessoas que amam o Corinthians e querem a mudan\u00e7a do estatuto&#8221;, disse o conselheiro<\/p>\n<p>&#8220;Vamos tratar do direito do voto do torcedor, algo que sempre foi debatido pela imprensa, mas nunca no foro adequado dentro do clube e do Conselho Deliberativo. Vamos tratar da rela\u00e7\u00e3o clube e torcida organizada. Pelo empenho de quem est\u00e1 envolvido, j\u00e1 era para ter sido concretizado desde agosto do ano passado, mas as quest\u00f5es pol\u00edticas se sobressa\u00edram e ela n\u00e3o foi concretizada Tivemos uma etapa para a reforma, elas foram cumpridas, mas n\u00e3o foram terminadas&#8221;, completou.<\/p><\/div>\n","protected":false},"excerpt":{"rendered":"<p>Presidente do Conselho Deliberativo do Corinthians, Romeu Tuma J\u00fanior afirmou que o clube tem de se espelhar no Flamengo para &#8220;renascer das cinzas&#8221;, em refer\u00eancia a volta por cima dada pelos rubro-negros na \u00faltima d\u00e9cada e a crise sem precedentes vivida pelos corintianos. A declara\u00e7\u00e3o foi dada durante entrevista coletiva, nesta sexta-feira. Tuma convocou a &hellip;<\/p>\n","protected":false},"author":1,"featured_media":6138,"comment_status":"closed","ping_status":"closed","sticky":false,"template":"","format":"standard","meta":{"footnotes":""},"categories":[31],"tags":[],"class_list":["post-6137","post","type-post","status-publish","format-standard","has-post-thumbnail","hentry","category-esportes"],"yoast_head":"<!-- This site is optimized with the Yoast SEO plugin v27.4 - https:\/\/yoast.com\/product\/yoast-seo-wordpress\/ -->\n<title>&#039;A gente quer ser um Flamengo, e vamos ser&#039;, afirma presidente do Conselho do Corinthians - Transam\u00e9rica Mococa 93,3<\/title>\n<meta name=\"robots\" content=\"index, follow, max-snippet:-1, max-image-preview:large, max-video-preview:-1\" \/>\n<link rel=\"canonical\" href=\"https:\/\/transamerica93.com.br\/home\/a-gente-quer-ser-um-flamengo-e-vamos-ser-afirma-presidente-do-conselho-do-corinthians\/\" \/>\n<meta property=\"og:locale\" content=\"pt_BR\" \/>\n<meta property=\"og:type\" content=\"article\" \/>\n<meta property=\"og:title\" content=\"&#039;A gente quer ser um Flamengo, e vamos ser&#039;, afirma presidente do Conselho do Corinthians - Transam\u00e9rica Mococa 93,3\" \/>\n<meta property=\"og:description\" content=\"Presidente do Conselho Deliberativo do Corinthians, Romeu Tuma J\u00fanior afirmou que o clube tem de se espelhar no Flamengo para &#8220;renascer das cinzas&#8221;, em refer\u00eancia a volta por cima dada pelos rubro-negros na \u00faltima d\u00e9cada e a crise sem precedentes vivida pelos corintianos. A declara\u00e7\u00e3o foi dada durante entrevista coletiva, nesta sexta-feira. Tuma convocou a &hellip;\" \/>\n<meta property=\"og:url\" content=\"https:\/\/transamerica93.com.br\/home\/a-gente-quer-ser-um-flamengo-e-vamos-ser-afirma-presidente-do-conselho-do-corinthians\/\" \/>\n<meta property=\"og:site_name\" content=\"Transam\u00e9rica Mococa 93,3\" \/>\n<meta property=\"article:publisher\" content=\"https:\/\/www.facebook.com\/transamericamococa\" \/>\n<meta property=\"article:published_time\" content=\"2025-08-15T15:00:39+00:00\" \/>\n<meta property=\"og:image\" content=\"https:\/\/transamerica93.com.br\/home\/wp-content\/uploads\/2025\/08\/romeu-tuma-junior-presidente-do-conselho-deliberativo-do-corinthians-1754077119576_v2_4x3.jpg\" \/>\n\t<meta property=\"og:image:width\" content=\"1892\" \/>\n\t<meta property=\"og:image:height\" content=\"1419\" \/>\n\t<meta property=\"og:image:type\" content=\"image\/jpeg\" \/>\n<meta name=\"author\" content=\"Reda\u00e7\u00e3o\" \/>\n<meta name=\"twitter:card\" content=\"summary_large_image\" \/>\n<meta name=\"twitter:creator\" content=\"@transamerica933\" \/>\n<meta name=\"twitter:site\" content=\"@transamerica933\" \/>\n<meta name=\"twitter:label1\" content=\"Escrito por\" \/>\n\t<meta name=\"twitter:data1\" content=\"Reda\u00e7\u00e3o\" \/>\n\t<meta name=\"twitter:label2\" content=\"Est. tempo de leitura\" \/>\n\t<meta name=\"twitter:data2\" content=\"3 minutos\" \/>\n<script type=\"application\/ld+json\" class=\"yoast-schema-graph\">{\"@context\":\"https:\\\/\\\/schema.org\",\"@graph\":[{\"@type\":\"Article\",\"@id\":\"https:\\\/\\\/transamerica93.com.br\\\/home\\\/a-gente-quer-ser-um-flamengo-e-vamos-ser-afirma-presidente-do-conselho-do-corinthians\\\/#article\",\"isPartOf\":{\"@id\":\"https:\\\/\\\/transamerica93.com.br\\\/home\\\/a-gente-quer-ser-um-flamengo-e-vamos-ser-afirma-presidente-do-conselho-do-corinthians\\\/\"},\"author\":{\"name\":\"Reda\u00e7\u00e3o\",\"@id\":\"https:\\\/\\\/transamerica93.com.br\\\/home\\\/#\\\/schema\\\/person\\\/7fed7c99c0d4562efa8561bc0f543172\"},\"headline\":\"&#8216;A gente quer ser um Flamengo, e vamos ser&#8217;, afirma presidente do Conselho do Corinthians\",\"datePublished\":\"2025-08-15T15:00:39+00:00\",\"mainEntityOfPage\":{\"@id\":\"https:\\\/\\\/transamerica93.com.br\\\/home\\\/a-gente-quer-ser-um-flamengo-e-vamos-ser-afirma-presidente-do-conselho-do-corinthians\\\/\"},\"wordCount\":380,\"publisher\":{\"@id\":\"https:\\\/\\\/transamerica93.com.br\\\/home\\\/#organization\"},\"image\":{\"@id\":\"https:\\\/\\\/transamerica93.com.br\\\/home\\\/a-gente-quer-ser-um-flamengo-e-vamos-ser-afirma-presidente-do-conselho-do-corinthians\\\/#primaryimage\"},\"thumbnailUrl\":\"https:\\\/\\\/transamerica93.com.br\\\/home\\\/wp-content\\\/uploads\\\/2025\\\/08\\\/romeu-tuma-junior-presidente-do-conselho-deliberativo-do-corinthians-1754077119576_v2_4x3.jpg\",\"articleSection\":[\"Esportes\"],\"inLanguage\":\"pt-BR\"},{\"@type\":\"WebPage\",\"@id\":\"https:\\\/\\\/transamerica93.com.br\\\/home\\\/a-gente-quer-ser-um-flamengo-e-vamos-ser-afirma-presidente-do-conselho-do-corinthians\\\/\",\"url\":\"https:\\\/\\\/transamerica93.com.br\\\/home\\\/a-gente-quer-ser-um-flamengo-e-vamos-ser-afirma-presidente-do-conselho-do-corinthians\\\/\",\"name\":\"'A gente quer ser um Flamengo, e vamos ser', afirma presidente do Conselho do Corinthians - Transam\u00e9rica Mococa 93,3\",\"isPartOf\":{\"@id\":\"https:\\\/\\\/transamerica93.com.br\\\/home\\\/#website\"},\"primaryImageOfPage\":{\"@id\":\"https:\\\/\\\/transamerica93.com.br\\\/home\\\/a-gente-quer-ser-um-flamengo-e-vamos-ser-afirma-presidente-do-conselho-do-corinthians\\\/#primaryimage\"},\"image\":{\"@id\":\"https:\\\/\\\/transamerica93.com.br\\\/home\\\/a-gente-quer-ser-um-flamengo-e-vamos-ser-afirma-presidente-do-conselho-do-corinthians\\\/#primaryimage\"},\"thumbnailUrl\":\"https:\\\/\\\/transamerica93.com.br\\\/home\\\/wp-content\\\/uploads\\\/2025\\\/08\\\/romeu-tuma-junior-presidente-do-conselho-deliberativo-do-corinthians-1754077119576_v2_4x3.jpg\",\"datePublished\":\"2025-08-15T15:00:39+00:00\",\"breadcrumb\":{\"@id\":\"https:\\\/\\\/transamerica93.com.br\\\/home\\\/a-gente-quer-ser-um-flamengo-e-vamos-ser-afirma-presidente-do-conselho-do-corinthians\\\/#breadcrumb\"},\"inLanguage\":\"pt-BR\",\"potentialAction\":[{\"@type\":\"ReadAction\",\"target\":[\"https:\\\/\\\/transamerica93.com.br\\\/home\\\/a-gente-quer-ser-um-flamengo-e-vamos-ser-afirma-presidente-do-conselho-do-corinthians\\\/\"]}]},{\"@type\":\"ImageObject\",\"inLanguage\":\"pt-BR\",\"@id\":\"https:\\\/\\\/transamerica93.com.br\\\/home\\\/a-gente-quer-ser-um-flamengo-e-vamos-ser-afirma-presidente-do-conselho-do-corinthians\\\/#primaryimage\",\"url\":\"https:\\\/\\\/transamerica93.com.br\\\/home\\\/wp-content\\\/uploads\\\/2025\\\/08\\\/romeu-tuma-junior-presidente-do-conselho-deliberativo-do-corinthians-1754077119576_v2_4x3.jpg\",\"contentUrl\":\"https:\\\/\\\/transamerica93.com.br\\\/home\\\/wp-content\\\/uploads\\\/2025\\\/08\\\/romeu-tuma-junior-presidente-do-conselho-deliberativo-do-corinthians-1754077119576_v2_4x3.jpg\",\"width\":1892,\"height\":1419,\"caption\":\"Imagem: L\u00edvia Camillo\\\/UOL\"},{\"@type\":\"BreadcrumbList\",\"@id\":\"https:\\\/\\\/transamerica93.com.br\\\/home\\\/a-gente-quer-ser-um-flamengo-e-vamos-ser-afirma-presidente-do-conselho-do-corinthians\\\/#breadcrumb\",\"itemListElement\":[{\"@type\":\"ListItem\",\"position\":1,\"name\":\"In\u00edcio\",\"item\":\"https:\\\/\\\/transamerica93.com.br\\\/home\\\/\"},{\"@type\":\"ListItem\",\"position\":2,\"name\":\"&#8216;A gente quer ser um Flamengo, e vamos ser&#8217;, afirma presidente do Conselho do Corinthians\"}]},{\"@type\":\"WebSite\",\"@id\":\"https:\\\/\\\/transamerica93.com.br\\\/home\\\/#website\",\"url\":\"https:\\\/\\\/transamerica93.com.br\\\/home\\\/\",\"name\":\"Transam\u00e9rica Mococa 93,3\",\"description\":\"\",\"publisher\":{\"@id\":\"https:\\\/\\\/transamerica93.com.br\\\/home\\\/#organization\"},\"potentialAction\":[{\"@type\":\"SearchAction\",\"target\":{\"@type\":\"EntryPoint\",\"urlTemplate\":\"https:\\\/\\\/transamerica93.com.br\\\/home\\\/?s={search_term_string}\"},\"query-input\":{\"@type\":\"PropertyValueSpecification\",\"valueRequired\":true,\"valueName\":\"search_term_string\"}}],\"inLanguage\":\"pt-BR\"},{\"@type\":\"Organization\",\"@id\":\"https:\\\/\\\/transamerica93.com.br\\\/home\\\/#organization\",\"name\":\"Transam\u00e9rica Mococa 93,3\",\"url\":\"https:\\\/\\\/transamerica93.com.br\\\/home\\\/\",\"logo\":{\"@type\":\"ImageObject\",\"inLanguage\":\"pt-BR\",\"@id\":\"https:\\\/\\\/transamerica93.com.br\\\/home\\\/#\\\/schema\\\/logo\\\/image\\\/\",\"url\":\"https:\\\/\\\/transamerica93.com.br\\\/home\\\/wp-content\\\/uploads\\\/2023\\\/10\\\/logo2.png\",\"contentUrl\":\"https:\\\/\\\/transamerica93.com.br\\\/home\\\/wp-content\\\/uploads\\\/2023\\\/10\\\/logo2.png\",\"width\":800,\"height\":500,\"caption\":\"Transam\u00e9rica Mococa 93,3\"},\"image\":{\"@id\":\"https:\\\/\\\/transamerica93.com.br\\\/home\\\/#\\\/schema\\\/logo\\\/image\\\/\"},\"sameAs\":[\"https:\\\/\\\/www.facebook.com\\\/transamericamococa\",\"https:\\\/\\\/x.com\\\/transamerica933\",\"https:\\\/\\\/www.instagram.com\\\/transamericamococa\"]},{\"@type\":\"Person\",\"@id\":\"https:\\\/\\\/transamerica93.com.br\\\/home\\\/#\\\/schema\\\/person\\\/7fed7c99c0d4562efa8561bc0f543172\",\"name\":\"Reda\u00e7\u00e3o\",\"image\":{\"@type\":\"ImageObject\",\"inLanguage\":\"pt-BR\",\"@id\":\"https:\\\/\\\/secure.gravatar.com\\\/avatar\\\/1072c6b775fb02ef8506ce967551d95926669a6b7d2c2147b42eea4d7c68395e?s=96&d=mm&r=g\",\"url\":\"https:\\\/\\\/secure.gravatar.com\\\/avatar\\\/1072c6b775fb02ef8506ce967551d95926669a6b7d2c2147b42eea4d7c68395e?s=96&d=mm&r=g\",\"contentUrl\":\"https:\\\/\\\/secure.gravatar.com\\\/avatar\\\/1072c6b775fb02ef8506ce967551d95926669a6b7d2c2147b42eea4d7c68395e?s=96&d=mm&r=g\",\"caption\":\"Reda\u00e7\u00e3o\"},\"sameAs\":[\"https:\\\/\\\/transamerica93.com.br\\\/home\"],\"url\":\"https:\\\/\\\/transamerica93.com.br\\\/home\\\/author\\\/william\\\/\"}]}<\/script>\n<!-- \/ Yoast SEO plugin. -->","yoast_head_json":{"title":"'A gente quer ser um Flamengo, e vamos ser', afirma presidente do Conselho do Corinthians - Transam\u00e9rica Mococa 93,3","robots":{"index":"index","follow":"follow","max-snippet":"max-snippet:-1","max-image-preview":"max-image-preview:large","max-video-preview":"max-video-preview:-1"},"canonical":"https:\/\/transamerica93.com.br\/home\/a-gente-quer-ser-um-flamengo-e-vamos-ser-afirma-presidente-do-conselho-do-corinthians\/","og_locale":"pt_BR","og_type":"article","og_title":"'A gente quer ser um Flamengo, e vamos ser', afirma presidente do Conselho do Corinthians - Transam\u00e9rica Mococa 93,3","og_description":"Presidente do Conselho Deliberativo do Corinthians, Romeu Tuma J\u00fanior afirmou que o clube tem de se espelhar no Flamengo para &#8220;renascer das cinzas&#8221;, em refer\u00eancia a volta por cima dada pelos rubro-negros na \u00faltima d\u00e9cada e a crise sem precedentes vivida pelos corintianos. A declara\u00e7\u00e3o foi dada durante entrevista coletiva, nesta sexta-feira. Tuma convocou a &hellip;","og_url":"https:\/\/transamerica93.com.br\/home\/a-gente-quer-ser-um-flamengo-e-vamos-ser-afirma-presidente-do-conselho-do-corinthians\/","og_site_name":"Transam\u00e9rica Mococa 93,3","article_publisher":"https:\/\/www.facebook.com\/transamericamococa","article_published_time":"2025-08-15T15:00:39+00:00","og_image":[{"width":1892,"height":1419,"url":"https:\/\/transamerica93.com.br\/home\/wp-content\/uploads\/2025\/08\/romeu-tuma-junior-presidente-do-conselho-deliberativo-do-corinthians-1754077119576_v2_4x3.jpg","type":"image\/jpeg"}],"author":"Reda\u00e7\u00e3o","twitter_card":"summary_large_image","twitter_creator":"@transamerica933","twitter_site":"@transamerica933","twitter_misc":{"Escrito por":"Reda\u00e7\u00e3o","Est. tempo de leitura":"3 minutos"},"schema":{"@context":"https:\/\/schema.org","@graph":[{"@type":"Article","@id":"https:\/\/transamerica93.com.br\/home\/a-gente-quer-ser-um-flamengo-e-vamos-ser-afirma-presidente-do-conselho-do-corinthians\/#article","isPartOf":{"@id":"https:\/\/transamerica93.com.br\/home\/a-gente-quer-ser-um-flamengo-e-vamos-ser-afirma-presidente-do-conselho-do-corinthians\/"},"author":{"name":"Reda\u00e7\u00e3o","@id":"https:\/\/transamerica93.com.br\/home\/#\/schema\/person\/7fed7c99c0d4562efa8561bc0f543172"},"headline":"&#8216;A gente quer ser um Flamengo, e vamos ser&#8217;, afirma presidente do Conselho do Corinthians","datePublished":"2025-08-15T15:00:39+00:00","mainEntityOfPage":{"@id":"https:\/\/transamerica93.com.br\/home\/a-gente-quer-ser-um-flamengo-e-vamos-ser-afirma-presidente-do-conselho-do-corinthians\/"},"wordCount":380,"publisher":{"@id":"https:\/\/transamerica93.com.br\/home\/#organization"},"image":{"@id":"https:\/\/transamerica93.com.br\/home\/a-gente-quer-ser-um-flamengo-e-vamos-ser-afirma-presidente-do-conselho-do-corinthians\/#primaryimage"},"thumbnailUrl":"https:\/\/transamerica93.com.br\/home\/wp-content\/uploads\/2025\/08\/romeu-tuma-junior-presidente-do-conselho-deliberativo-do-corinthians-1754077119576_v2_4x3.jpg","articleSection":["Esportes"],"inLanguage":"pt-BR"},{"@type":"WebPage","@id":"https:\/\/transamerica93.com.br\/home\/a-gente-quer-ser-um-flamengo-e-vamos-ser-afirma-presidente-do-conselho-do-corinthians\/","url":"https:\/\/transamerica93.com.br\/home\/a-gente-quer-ser-um-flamengo-e-vamos-ser-afirma-presidente-do-conselho-do-corinthians\/","name":"'A gente quer ser um Flamengo, e vamos ser', afirma presidente do Conselho do Corinthians - Transam\u00e9rica Mococa 93,3","isPartOf":{"@id":"https:\/\/transamerica93.com.br\/home\/#website"},"primaryImageOfPage":{"@id":"https:\/\/transamerica93.com.br\/home\/a-gente-quer-ser-um-flamengo-e-vamos-ser-afirma-presidente-do-conselho-do-corinthians\/#primaryimage"},"image":{"@id":"https:\/\/transamerica93.com.br\/home\/a-gente-quer-ser-um-flamengo-e-vamos-ser-afirma-presidente-do-conselho-do-corinthians\/#primaryimage"},"thumbnailUrl":"https:\/\/transamerica93.com.br\/home\/wp-content\/uploads\/2025\/08\/romeu-tuma-junior-presidente-do-conselho-deliberativo-do-corinthians-1754077119576_v2_4x3.jpg","datePublished":"2025-08-15T15:00:39+00:00","breadcrumb":{"@id":"https:\/\/transamerica93.com.br\/home\/a-gente-quer-ser-um-flamengo-e-vamos-ser-afirma-presidente-do-conselho-do-corinthians\/#breadcrumb"},"inLanguage":"pt-BR","potentialAction":[{"@type":"ReadAction","target":["https:\/\/transamerica93.com.br\/home\/a-gente-quer-ser-um-flamengo-e-vamos-ser-afirma-presidente-do-conselho-do-corinthians\/"]}]},{"@type":"ImageObject","inLanguage":"pt-BR","@id":"https:\/\/transamerica93.com.br\/home\/a-gente-quer-ser-um-flamengo-e-vamos-ser-afirma-presidente-do-conselho-do-corinthians\/#primaryimage","url":"https:\/\/transamerica93.com.br\/home\/wp-content\/uploads\/2025\/08\/romeu-tuma-junior-presidente-do-conselho-deliberativo-do-corinthians-1754077119576_v2_4x3.jpg","contentUrl":"https:\/\/transamerica93.com.br\/home\/wp-content\/uploads\/2025\/08\/romeu-tuma-junior-presidente-do-conselho-deliberativo-do-corinthians-1754077119576_v2_4x3.jpg","width":1892,"height":1419,"caption":"Imagem: L\u00edvia Camillo\/UOL"},{"@type":"BreadcrumbList","@id":"https:\/\/transamerica93.com.br\/home\/a-gente-quer-ser-um-flamengo-e-vamos-ser-afirma-presidente-do-conselho-do-corinthians\/#breadcrumb","itemListElement":[{"@type":"ListItem","position":1,"name":"In\u00edcio","item":"https:\/\/transamerica93.com.br\/home\/"},{"@type":"ListItem","position":2,"name":"&#8216;A gente quer ser um Flamengo, e vamos ser&#8217;, afirma presidente do Conselho do Corinthians"}]},{"@type":"WebSite","@id":"https:\/\/transamerica93.com.br\/home\/#website","url":"https:\/\/transamerica93.com.br\/home\/","name":"Transam\u00e9rica Mococa 93,3","description":"","publisher":{"@id":"https:\/\/transamerica93.com.br\/home\/#organization"},"potentialAction":[{"@type":"SearchAction","target":{"@type":"EntryPoint","urlTemplate":"https:\/\/transamerica93.com.br\/home\/?s={search_term_string}"},"query-input":{"@type":"PropertyValueSpecification","valueRequired":true,"valueName":"search_term_string"}}],"inLanguage":"pt-BR"},{"@type":"Organization","@id":"https:\/\/transamerica93.com.br\/home\/#organization","name":"Transam\u00e9rica Mococa 93,3","url":"https:\/\/transamerica93.com.br\/home\/","logo":{"@type":"ImageObject","inLanguage":"pt-BR","@id":"https:\/\/transamerica93.com.br\/home\/#\/schema\/logo\/image\/","url":"https:\/\/transamerica93.com.br\/home\/wp-content\/uploads\/2023\/10\/logo2.png","contentUrl":"https:\/\/transamerica93.com.br\/home\/wp-content\/uploads\/2023\/10\/logo2.png","width":800,"height":500,"caption":"Transam\u00e9rica Mococa 93,3"},"image":{"@id":"https:\/\/transamerica93.com.br\/home\/#\/schema\/logo\/image\/"},"sameAs":["https:\/\/www.facebook.com\/transamericamococa","https:\/\/x.com\/transamerica933","https:\/\/www.instagram.com\/transamericamococa"]},{"@type":"Person","@id":"https:\/\/transamerica93.com.br\/home\/#\/schema\/person\/7fed7c99c0d4562efa8561bc0f543172","name":"Reda\u00e7\u00e3o","image":{"@type":"ImageObject","inLanguage":"pt-BR","@id":"https:\/\/secure.gravatar.com\/avatar\/1072c6b775fb02ef8506ce967551d95926669a6b7d2c2147b42eea4d7c68395e?s=96&d=mm&r=g","url":"https:\/\/secure.gravatar.com\/avatar\/1072c6b775fb02ef8506ce967551d95926669a6b7d2c2147b42eea4d7c68395e?s=96&d=mm&r=g","contentUrl":"https:\/\/secure.gravatar.com\/avatar\/1072c6b775fb02ef8506ce967551d95926669a6b7d2c2147b42eea4d7c68395e?s=96&d=mm&r=g","caption":"Reda\u00e7\u00e3o"},"sameAs":["https:\/\/transamerica93.com.br\/home"],"url":"https:\/\/transamerica93.com.br\/home\/author\/william\/"}]}},"_links":{"self":[{"href":"https:\/\/transamerica93.com.br\/home\/wp-json\/wp\/v2\/posts\/6137","targetHints":{"allow":["GET"]}}],"collection":[{"href":"https:\/\/transamerica93.com.br\/home\/wp-json\/wp\/v2\/posts"}],"about":[{"href":"https:\/\/transamerica93.com.br\/home\/wp-json\/wp\/v2\/types\/post"}],"author":[{"embeddable":true,"href":"https:\/\/transamerica93.com.br\/home\/wp-json\/wp\/v2\/users\/1"}],"replies":[{"embeddable":true,"href":"https:\/\/transamerica93.com.br\/home\/wp-json\/wp\/v2\/comments?post=6137"}],"version-history":[{"count":1,"href":"https:\/\/transamerica93.com.br\/home\/wp-json\/wp\/v2\/posts\/6137\/revisions"}],"predecessor-version":[{"id":6139,"href":"https:\/\/transamerica93.com.br\/home\/wp-json\/wp\/v2\/posts\/6137\/revisions\/6139"}],"wp:featuredmedia":[{"embeddable":true,"href":"https:\/\/transamerica93.com.br\/home\/wp-json\/wp\/v2\/media\/6138"}],"wp:attachment":[{"href":"https:\/\/transamerica93.com.br\/home\/wp-json\/wp\/v2\/media?parent=6137"}],"wp:term":[{"taxonomy":"category","embeddable":true,"href":"https:\/\/transamerica93.com.br\/home\/wp-json\/wp\/v2\/categories?post=6137"},{"taxonomy":"post_tag","embeddable":true,"href":"https:\/\/transamerica93.com.br\/home\/wp-json\/wp\/v2\/tags?post=6137"}],"curies":[{"name":"wp","href":"https:\/\/api.w.org\/{rel}","templated":true}]}}