{"id":6150,"date":"2025-08-21T12:30:16","date_gmt":"2025-08-21T15:30:16","guid":{"rendered":"https:\/\/transamerica93.com.br\/home\/?p=6150"},"modified":"2025-08-21T12:30:16","modified_gmt":"2025-08-21T15:30:16","slug":"inss-suspende-contrato-com-a-crefisa","status":"publish","type":"post","link":"https:\/\/transamerica93.com.br\/home\/inss-suspende-contrato-com-a-crefisa\/","title":{"rendered":"INSS suspende contrato com a Crefisa"},"content":{"rendered":"<div class=\"conteudo-noticia\">\n<p>O\u00a0<strong>Instituto Nacional do Seguro Social (INSS) suspendeu, cautelarmente, o contrato com a operadora financeira Crefisa<\/strong>. Anunciada nesta quinta-feira (21), a decis\u00e3o foi motivada por repetidas\u00a0<strong>reclama\u00e7\u00f5es de aposentados e pensionistas que recebem seus benef\u00edcios previdenci\u00e1rios por interm\u00e9dio da empresa<\/strong>.<img decoding=\"async\" data-src=\"https:\/\/agenciabrasil.ebc.com.br\/ebc.png?id=1655271&amp;o=node\" src=\"data:image\/svg+xml;base64,PHN2ZyB3aWR0aD0iMSIgaGVpZ2h0PSIxIiB4bWxucz0iaHR0cDovL3d3dy53My5vcmcvMjAwMC9zdmciPjwvc3ZnPg==\" class=\"lazyload\" \/><img decoding=\"async\" data-src=\"https:\/\/agenciabrasil.ebc.com.br\/ebc.gif?id=1655271&amp;o=node\" src=\"data:image\/svg+xml;base64,PHN2ZyB3aWR0aD0iMSIgaGVpZ2h0PSIxIiB4bWxucz0iaHR0cDovL3d3dy53My5vcmcvMjAwMC9zdmciPjwvc3ZnPg==\" class=\"lazyload\" \/><\/p>\n<p>Por ser medida cautelar, a suspens\u00e3o se aplica aos novos pagamentos de benef\u00edcios,\u00a0<strong>medida que o instituto considera \u201cnecess\u00e1ria para cessar as irregularidades e salvaguardar o interesse p\u00fablico at\u00e9 a conclus\u00e3o definitiva dos processos de apura\u00e7\u00e3o\u201d.<\/strong><\/p>\n<p>Segundo o INSS, entre as queixas mais frequentemente apresentadas \u00e0 Ouvidoria do pr\u00f3prio instituto, na plataforma Fala.BR, a Procons e at\u00e9 mesmo \u00e0 Ordem dos Advogados do Brasil (OAB), h\u00e1 ind\u00edcios de que a Crefisa n\u00e3o s\u00f3 dificulta ou impede o saque integral dos valores recebidos, como a coa\u00e7\u00e3o para a abertura de contas e a venda casada de produtos.<\/p>\n<p>Em nota, o<strong>\u00a0instituto tamb\u00e9m aponta ind\u00edcios da falta de estrutura adequada nas ag\u00eancias da Crefisa, manifesta por filas extensas de clientes, falta de caixas eletr\u00f4nicos e inadequa\u00e7\u00e3o do espa\u00e7o f\u00edsico.<\/strong>\u00a0Entre as \u201cirregularidades\u201d citadas pelo instituto tamb\u00e9m constam a dificuldade dos benefici\u00e1rios nos processos de portabilidade e a falta de informa\u00e7\u00f5es claras.<\/p>\n<blockquote><p>\u201cO INSS n\u00e3o compactua com pr\u00e1ticas que acarretem preju\u00edzos ou desconfortos aos benefici\u00e1rios, especialmente \u00e0queles em situa\u00e7\u00e3o de vulnerabilidade social\u201d, afirma o instituto. \u201cA transpar\u00eancia e a seguran\u00e7a no atendimento s\u00e3o princ\u00edpios irrenunci\u00e1veis na rela\u00e7\u00e3o com os segurados. O Instituto reitera seu compromisso de fiscalizar e exigir que todas as institui\u00e7\u00f5es banc\u00e1rias parceiras prestem servi\u00e7o com a qualidade e o respeito que aposentados, pensionistas e demais benefici\u00e1rios merecem.\u201d<\/p><\/blockquote>\n<h2>Moderniza\u00e7\u00e3o<\/h2>\n<p>Consultado pela\u00a0<strong>Ag\u00eancia Brasil<\/strong>, a Crefisa respondeu ter sido surpreendida pela decis\u00e3o, que n\u00e3o foi previa e formalmente comunicada.\u00a0<strong>A operadora afirma que n\u00e3o praticou qualquer irregularidade e que cumpre integralmente as cl\u00e1usulas do contrato de presta\u00e7\u00e3o de servi\u00e7os assinado com o INSS.<\/strong><\/p>\n<blockquote><p>\u201cDesde que iniciada a presta\u00e7\u00e3o dos servi\u00e7os [em 2020], o Banco Crefisa j\u00e1 investiu mais de R$ 1 bilh\u00e3o de reais em tecnologia e na amplia\u00e7\u00e3o e moderniza\u00e7\u00e3o de seus Postos de Atendimento, cumprindo os contratos estabelecidos e atendendo a todos os requisitos impostos pelo INSS\u201d, assegurou a operadora, revelando que atende a mais de 1 milh\u00e3o de aposentados e pensionistas do Regime Geral da Previd\u00eancia Social [RGPS].<\/p><\/blockquote>\n<p>\u201cNenhum contrato \u00e9 celebrado sem autoriza\u00e7\u00e3o dos clientes. H\u00e1 um processo claro de contrata\u00e7\u00e3o e todos os contratos s\u00e3o assinados. N\u00e3o h\u00e1 coa\u00e7\u00e3o para abertura de conta-corrente, nem venda casada de produtos, e a prova disso \u00e9 que menos de 5% dos mais de 1 milh\u00e3o de benefici\u00e1rios atendidos abriram conta-corrente na institui\u00e7\u00e3o\u201d sustenta o banco, garantindo que a estrutura dos espa\u00e7os f\u00edsicos \u00e9 adequada e h\u00e1 caixas eletr\u00f4nicos em todos os postos de atendimento para realiza\u00e7\u00e3o de saques.<\/p>\n<blockquote><p>\u201cPortanto, n\u00e3o h\u00e1 dificuldades ou impedimento para recebimento dos benef\u00edcios, assim como n\u00e3o h\u00e1 atrasos, recusas de pagamento e limita\u00e7\u00e3o para saque\u201d, reiterou a institui\u00e7\u00e3o, revelando que um novo sistema de triagem e emiss\u00e3o de senhas, \u201cmais moderno e com novas funcionalidades\u201d, est\u00e1 em fase de implanta\u00e7\u00e3o para aprimorar o gerenciamento do atendimento de clientes em todos os postos banc\u00e1rios.<\/p><\/blockquote>\n<p>&nbsp;<\/p>\n<blockquote><p>\u201cPor fim, \u00e9 importante esclarecer que nenhuma empresa, independentemente do seu porte, segmento de atua\u00e7\u00e3o ou excel\u00eancia nos servi\u00e7os prestados est\u00e1 imune a receber reclama\u00e7\u00f5es de seus clientes. A m\u00e9trica adequada para avaliar a qualidade dos servi\u00e7os \u00e9 a taxa proporcional de reclama\u00e7\u00f5es, ou seja, o n\u00famero de queixas em rela\u00e7\u00e3o ao total de clientes ou de opera\u00e7\u00f5es realizadas, que permite uma an\u00e1lise justa e equilibrada. Em rela\u00e7\u00e3o ao Banco Crefisa, a taxa proporcional de reclama\u00e7\u00f5es \u00e9 extremamente baixa, de menos de 1%\u201d, ponderou a Crefisa.<\/p><\/blockquote>\n<p><a href=\"https:\/\/www.whatsapp.com\/channel\/0029VaoRTgrInlqYLSk59B2M\" target=\"_blank\" rel=\"noopener\">&gt;&gt; Siga o canal da\u00a0<strong>Ag\u00eancia Brasil\u00a0<\/strong>no WhatsApp<\/a><\/p>\n<h2>Preg\u00e3o da Folha<\/h2>\n<p>Desde janeiro de 2010, cumprindo a uma determina\u00e7\u00e3o do Tribunal de Contas da Uni\u00e3o (TCU), o INSS realiza, o leil\u00e3o de sua folha de pagamento de benef\u00edcios.\u00a0<strong>A cada cinco anos, um novo leil\u00e3o \u00e9 realizado e os benef\u00edcios concedidos s\u00e3o transferidos para o banco vencedor na microrregi\u00e3o correspondente.<\/strong><\/p>\n<p>No Preg\u00e3o Presencial realizado em 22 de outubro de 2024, a Crefisa apresentou a melhor proposta, vencendo outras 23 institui\u00e7\u00f5es banc\u00e1rias na disputa para assumir 25 dos 26 lotes dispon\u00edveis para o pagamento de novos benef\u00edcios, no per\u00edodo de janeiro\/2025 a dezembro\/2029.<\/p>\n<p>De acordo com o INSS, as institui\u00e7\u00f5es selecionadas e contratadas por meio de processos licitat\u00f3rios devem seguir rigorosos padr\u00f5es de qualidade no atendimento e prestar contas regularmente, podendo o descumprimento dessas e outras exig\u00eancias resultar em penalidades e at\u00e9 mesmo na suspens\u00e3o da institui\u00e7\u00e3o financeira contratada. No despacho decis\u00f3rio publicado hoje, no\u00a0<em>Di\u00e1rio Oficial da Uni\u00e3o<\/em>, e assinado pelo presidente do instituto, Gilberto Waller,\u00a0<strong>o INSS aponta que a operadora financeira descumpriu cl\u00e1usulas dos contratos de presta\u00e7\u00e3o de servi\u00e7o.<\/strong><\/p>\n<p>Em nota, a Associa\u00e7\u00e3o Brasileira de Procons (ProconsBrasil) classificou como \u201ccorreta\u201d a suspens\u00e3o preventiva da Crefisa, pelo INSS.<\/p>\n<blockquote><p><strong>\u201cMuitos problemas seriam evitados se para essas licita\u00e7\u00f5es e concorr\u00eancias fosse solicitado certid\u00e3o negativa aos \u00f3rg\u00e3os de defesa do consumidor ou diretamente a Senacon, o sistema utilizado para o registro de reclama\u00e7\u00f5es e do MJSP.&#8221;<\/strong><\/p><\/blockquote>\n<div class=\"noticias-relacionadas rel-position rowflex\">\n<div class=\"titulo-noticia-relacionada\"><\/div>\n<\/div>\n<\/div>\n<div class=\"footer-noticia\">\n<div class=\"editor rowflex\">Edi\u00e7\u00e3o: Val\u00e9ria Aguiar<\/div>\n<\/div>\n","protected":false},"excerpt":{"rendered":"<p>O\u00a0Instituto Nacional do Seguro Social (INSS) suspendeu, cautelarmente, o contrato com a operadora financeira Crefisa. Anunciada nesta quinta-feira (21), a decis\u00e3o foi motivada por repetidas\u00a0reclama\u00e7\u00f5es de aposentados e pensionistas que recebem seus benef\u00edcios previdenci\u00e1rios por interm\u00e9dio da empresa. Por ser medida cautelar, a suspens\u00e3o se aplica aos novos pagamentos de benef\u00edcios,\u00a0medida que o instituto considera &hellip;<\/p>\n","protected":false},"author":1,"featured_media":6151,"comment_status":"closed","ping_status":"closed","sticky":false,"template":"","format":"standard","meta":{"footnotes":""},"categories":[30],"tags":[],"class_list":["post-6150","post","type-post","status-publish","format-standard","has-post-thumbnail","hentry","category-geral"],"yoast_head":"<!-- This site is optimized with the Yoast SEO plugin v27.4 - https:\/\/yoast.com\/product\/yoast-seo-wordpress\/ -->\n<title>INSS suspende contrato com a Crefisa - Transam\u00e9rica Mococa 93,3<\/title>\n<meta name=\"robots\" content=\"index, follow, max-snippet:-1, max-image-preview:large, max-video-preview:-1\" \/>\n<link rel=\"canonical\" href=\"https:\/\/transamerica93.com.br\/home\/inss-suspende-contrato-com-a-crefisa\/\" \/>\n<meta property=\"og:locale\" content=\"pt_BR\" \/>\n<meta property=\"og:type\" content=\"article\" \/>\n<meta property=\"og:title\" content=\"INSS suspende contrato com a Crefisa - Transam\u00e9rica Mococa 93,3\" \/>\n<meta property=\"og:description\" content=\"O\u00a0Instituto Nacional do Seguro Social (INSS) suspendeu, cautelarmente, o contrato com a operadora financeira Crefisa. Anunciada nesta quinta-feira (21), a decis\u00e3o foi motivada por repetidas\u00a0reclama\u00e7\u00f5es de aposentados e pensionistas que recebem seus benef\u00edcios previdenci\u00e1rios por interm\u00e9dio da empresa. Por ser medida cautelar, a suspens\u00e3o se aplica aos novos pagamentos de benef\u00edcios,\u00a0medida que o instituto considera &hellip;\" \/>\n<meta property=\"og:url\" content=\"https:\/\/transamerica93.com.br\/home\/inss-suspende-contrato-com-a-crefisa\/\" \/>\n<meta property=\"og:site_name\" content=\"Transam\u00e9rica Mococa 93,3\" \/>\n<meta property=\"article:publisher\" content=\"https:\/\/www.facebook.com\/transamericamococa\" \/>\n<meta property=\"article:published_time\" content=\"2025-08-21T15:30:16+00:00\" \/>\n<meta property=\"og:image\" content=\"https:\/\/transamerica93.com.br\/home\/wp-content\/uploads\/2025\/08\/Sem-titulo-2.png\" \/>\n\t<meta property=\"og:image:width\" content=\"1170\" \/>\n\t<meta property=\"og:image:height\" content=\"700\" \/>\n\t<meta property=\"og:image:type\" content=\"image\/png\" \/>\n<meta name=\"author\" content=\"Reda\u00e7\u00e3o\" \/>\n<meta name=\"twitter:card\" content=\"summary_large_image\" \/>\n<meta name=\"twitter:creator\" content=\"@transamerica933\" \/>\n<meta name=\"twitter:site\" content=\"@transamerica933\" \/>\n<meta name=\"twitter:label1\" content=\"Escrito por\" \/>\n\t<meta name=\"twitter:data1\" content=\"Reda\u00e7\u00e3o\" \/>\n\t<meta name=\"twitter:label2\" content=\"Est. tempo de leitura\" \/>\n\t<meta name=\"twitter:data2\" content=\"4 minutos\" \/>\n<script type=\"application\/ld+json\" class=\"yoast-schema-graph\">{\"@context\":\"https:\\\/\\\/schema.org\",\"@graph\":[{\"@type\":\"Article\",\"@id\":\"https:\\\/\\\/transamerica93.com.br\\\/home\\\/inss-suspende-contrato-com-a-crefisa\\\/#article\",\"isPartOf\":{\"@id\":\"https:\\\/\\\/transamerica93.com.br\\\/home\\\/inss-suspende-contrato-com-a-crefisa\\\/\"},\"author\":{\"name\":\"Reda\u00e7\u00e3o\",\"@id\":\"https:\\\/\\\/transamerica93.com.br\\\/home\\\/#\\\/schema\\\/person\\\/7fed7c99c0d4562efa8561bc0f543172\"},\"headline\":\"INSS suspende contrato com a Crefisa\",\"datePublished\":\"2025-08-21T15:30:16+00:00\",\"mainEntityOfPage\":{\"@id\":\"https:\\\/\\\/transamerica93.com.br\\\/home\\\/inss-suspende-contrato-com-a-crefisa\\\/\"},\"wordCount\":944,\"publisher\":{\"@id\":\"https:\\\/\\\/transamerica93.com.br\\\/home\\\/#organization\"},\"image\":{\"@id\":\"https:\\\/\\\/transamerica93.com.br\\\/home\\\/inss-suspende-contrato-com-a-crefisa\\\/#primaryimage\"},\"thumbnailUrl\":\"https:\\\/\\\/transamerica93.com.br\\\/home\\\/wp-content\\\/uploads\\\/2025\\\/08\\\/Sem-titulo-2.png\",\"articleSection\":[\"Geral\"],\"inLanguage\":\"pt-BR\"},{\"@type\":\"WebPage\",\"@id\":\"https:\\\/\\\/transamerica93.com.br\\\/home\\\/inss-suspende-contrato-com-a-crefisa\\\/\",\"url\":\"https:\\\/\\\/transamerica93.com.br\\\/home\\\/inss-suspende-contrato-com-a-crefisa\\\/\",\"name\":\"INSS suspende contrato com a Crefisa - Transam\u00e9rica Mococa 93,3\",\"isPartOf\":{\"@id\":\"https:\\\/\\\/transamerica93.com.br\\\/home\\\/#website\"},\"primaryImageOfPage\":{\"@id\":\"https:\\\/\\\/transamerica93.com.br\\\/home\\\/inss-suspende-contrato-com-a-crefisa\\\/#primaryimage\"},\"image\":{\"@id\":\"https:\\\/\\\/transamerica93.com.br\\\/home\\\/inss-suspende-contrato-com-a-crefisa\\\/#primaryimage\"},\"thumbnailUrl\":\"https:\\\/\\\/transamerica93.com.br\\\/home\\\/wp-content\\\/uploads\\\/2025\\\/08\\\/Sem-titulo-2.png\",\"datePublished\":\"2025-08-21T15:30:16+00:00\",\"breadcrumb\":{\"@id\":\"https:\\\/\\\/transamerica93.com.br\\\/home\\\/inss-suspende-contrato-com-a-crefisa\\\/#breadcrumb\"},\"inLanguage\":\"pt-BR\",\"potentialAction\":[{\"@type\":\"ReadAction\",\"target\":[\"https:\\\/\\\/transamerica93.com.br\\\/home\\\/inss-suspende-contrato-com-a-crefisa\\\/\"]}]},{\"@type\":\"ImageObject\",\"inLanguage\":\"pt-BR\",\"@id\":\"https:\\\/\\\/transamerica93.com.br\\\/home\\\/inss-suspende-contrato-com-a-crefisa\\\/#primaryimage\",\"url\":\"https:\\\/\\\/transamerica93.com.br\\\/home\\\/wp-content\\\/uploads\\\/2025\\\/08\\\/Sem-titulo-2.png\",\"contentUrl\":\"https:\\\/\\\/transamerica93.com.br\\\/home\\\/wp-content\\\/uploads\\\/2025\\\/08\\\/Sem-titulo-2.png\",\"width\":1170,\"height\":700,\"caption\":\"\u00a9 Fabio Rodrigues-Pozzebom\\\/ Ag\u00eancia Brasil\"},{\"@type\":\"BreadcrumbList\",\"@id\":\"https:\\\/\\\/transamerica93.com.br\\\/home\\\/inss-suspende-contrato-com-a-crefisa\\\/#breadcrumb\",\"itemListElement\":[{\"@type\":\"ListItem\",\"position\":1,\"name\":\"In\u00edcio\",\"item\":\"https:\\\/\\\/transamerica93.com.br\\\/home\\\/\"},{\"@type\":\"ListItem\",\"position\":2,\"name\":\"INSS suspende contrato com a Crefisa\"}]},{\"@type\":\"WebSite\",\"@id\":\"https:\\\/\\\/transamerica93.com.br\\\/home\\\/#website\",\"url\":\"https:\\\/\\\/transamerica93.com.br\\\/home\\\/\",\"name\":\"Transam\u00e9rica Mococa 93,3\",\"description\":\"\",\"publisher\":{\"@id\":\"https:\\\/\\\/transamerica93.com.br\\\/home\\\/#organization\"},\"potentialAction\":[{\"@type\":\"SearchAction\",\"target\":{\"@type\":\"EntryPoint\",\"urlTemplate\":\"https:\\\/\\\/transamerica93.com.br\\\/home\\\/?s={search_term_string}\"},\"query-input\":{\"@type\":\"PropertyValueSpecification\",\"valueRequired\":true,\"valueName\":\"search_term_string\"}}],\"inLanguage\":\"pt-BR\"},{\"@type\":\"Organization\",\"@id\":\"https:\\\/\\\/transamerica93.com.br\\\/home\\\/#organization\",\"name\":\"Transam\u00e9rica Mococa 93,3\",\"url\":\"https:\\\/\\\/transamerica93.com.br\\\/home\\\/\",\"logo\":{\"@type\":\"ImageObject\",\"inLanguage\":\"pt-BR\",\"@id\":\"https:\\\/\\\/transamerica93.com.br\\\/home\\\/#\\\/schema\\\/logo\\\/image\\\/\",\"url\":\"https:\\\/\\\/transamerica93.com.br\\\/home\\\/wp-content\\\/uploads\\\/2023\\\/10\\\/logo2.png\",\"contentUrl\":\"https:\\\/\\\/transamerica93.com.br\\\/home\\\/wp-content\\\/uploads\\\/2023\\\/10\\\/logo2.png\",\"width\":800,\"height\":500,\"caption\":\"Transam\u00e9rica Mococa 93,3\"},\"image\":{\"@id\":\"https:\\\/\\\/transamerica93.com.br\\\/home\\\/#\\\/schema\\\/logo\\\/image\\\/\"},\"sameAs\":[\"https:\\\/\\\/www.facebook.com\\\/transamericamococa\",\"https:\\\/\\\/x.com\\\/transamerica933\",\"https:\\\/\\\/www.instagram.com\\\/transamericamococa\"]},{\"@type\":\"Person\",\"@id\":\"https:\\\/\\\/transamerica93.com.br\\\/home\\\/#\\\/schema\\\/person\\\/7fed7c99c0d4562efa8561bc0f543172\",\"name\":\"Reda\u00e7\u00e3o\",\"image\":{\"@type\":\"ImageObject\",\"inLanguage\":\"pt-BR\",\"@id\":\"https:\\\/\\\/secure.gravatar.com\\\/avatar\\\/1072c6b775fb02ef8506ce967551d95926669a6b7d2c2147b42eea4d7c68395e?s=96&d=mm&r=g\",\"url\":\"https:\\\/\\\/secure.gravatar.com\\\/avatar\\\/1072c6b775fb02ef8506ce967551d95926669a6b7d2c2147b42eea4d7c68395e?s=96&d=mm&r=g\",\"contentUrl\":\"https:\\\/\\\/secure.gravatar.com\\\/avatar\\\/1072c6b775fb02ef8506ce967551d95926669a6b7d2c2147b42eea4d7c68395e?s=96&d=mm&r=g\",\"caption\":\"Reda\u00e7\u00e3o\"},\"sameAs\":[\"https:\\\/\\\/transamerica93.com.br\\\/home\"],\"url\":\"https:\\\/\\\/transamerica93.com.br\\\/home\\\/author\\\/william\\\/\"}]}<\/script>\n<!-- \/ Yoast SEO plugin. -->","yoast_head_json":{"title":"INSS suspende contrato com a Crefisa - Transam\u00e9rica Mococa 93,3","robots":{"index":"index","follow":"follow","max-snippet":"max-snippet:-1","max-image-preview":"max-image-preview:large","max-video-preview":"max-video-preview:-1"},"canonical":"https:\/\/transamerica93.com.br\/home\/inss-suspende-contrato-com-a-crefisa\/","og_locale":"pt_BR","og_type":"article","og_title":"INSS suspende contrato com a Crefisa - Transam\u00e9rica Mococa 93,3","og_description":"O\u00a0Instituto Nacional do Seguro Social (INSS) suspendeu, cautelarmente, o contrato com a operadora financeira Crefisa. Anunciada nesta quinta-feira (21), a decis\u00e3o foi motivada por repetidas\u00a0reclama\u00e7\u00f5es de aposentados e pensionistas que recebem seus benef\u00edcios previdenci\u00e1rios por interm\u00e9dio da empresa. Por ser medida cautelar, a suspens\u00e3o se aplica aos novos pagamentos de benef\u00edcios,\u00a0medida que o instituto considera &hellip;","og_url":"https:\/\/transamerica93.com.br\/home\/inss-suspende-contrato-com-a-crefisa\/","og_site_name":"Transam\u00e9rica Mococa 93,3","article_publisher":"https:\/\/www.facebook.com\/transamericamococa","article_published_time":"2025-08-21T15:30:16+00:00","og_image":[{"width":1170,"height":700,"url":"https:\/\/transamerica93.com.br\/home\/wp-content\/uploads\/2025\/08\/Sem-titulo-2.png","type":"image\/png"}],"author":"Reda\u00e7\u00e3o","twitter_card":"summary_large_image","twitter_creator":"@transamerica933","twitter_site":"@transamerica933","twitter_misc":{"Escrito por":"Reda\u00e7\u00e3o","Est. tempo de leitura":"4 minutos"},"schema":{"@context":"https:\/\/schema.org","@graph":[{"@type":"Article","@id":"https:\/\/transamerica93.com.br\/home\/inss-suspende-contrato-com-a-crefisa\/#article","isPartOf":{"@id":"https:\/\/transamerica93.com.br\/home\/inss-suspende-contrato-com-a-crefisa\/"},"author":{"name":"Reda\u00e7\u00e3o","@id":"https:\/\/transamerica93.com.br\/home\/#\/schema\/person\/7fed7c99c0d4562efa8561bc0f543172"},"headline":"INSS suspende contrato com a Crefisa","datePublished":"2025-08-21T15:30:16+00:00","mainEntityOfPage":{"@id":"https:\/\/transamerica93.com.br\/home\/inss-suspende-contrato-com-a-crefisa\/"},"wordCount":944,"publisher":{"@id":"https:\/\/transamerica93.com.br\/home\/#organization"},"image":{"@id":"https:\/\/transamerica93.com.br\/home\/inss-suspende-contrato-com-a-crefisa\/#primaryimage"},"thumbnailUrl":"https:\/\/transamerica93.com.br\/home\/wp-content\/uploads\/2025\/08\/Sem-titulo-2.png","articleSection":["Geral"],"inLanguage":"pt-BR"},{"@type":"WebPage","@id":"https:\/\/transamerica93.com.br\/home\/inss-suspende-contrato-com-a-crefisa\/","url":"https:\/\/transamerica93.com.br\/home\/inss-suspende-contrato-com-a-crefisa\/","name":"INSS suspende contrato com a Crefisa - Transam\u00e9rica Mococa 93,3","isPartOf":{"@id":"https:\/\/transamerica93.com.br\/home\/#website"},"primaryImageOfPage":{"@id":"https:\/\/transamerica93.com.br\/home\/inss-suspende-contrato-com-a-crefisa\/#primaryimage"},"image":{"@id":"https:\/\/transamerica93.com.br\/home\/inss-suspende-contrato-com-a-crefisa\/#primaryimage"},"thumbnailUrl":"https:\/\/transamerica93.com.br\/home\/wp-content\/uploads\/2025\/08\/Sem-titulo-2.png","datePublished":"2025-08-21T15:30:16+00:00","breadcrumb":{"@id":"https:\/\/transamerica93.com.br\/home\/inss-suspende-contrato-com-a-crefisa\/#breadcrumb"},"inLanguage":"pt-BR","potentialAction":[{"@type":"ReadAction","target":["https:\/\/transamerica93.com.br\/home\/inss-suspende-contrato-com-a-crefisa\/"]}]},{"@type":"ImageObject","inLanguage":"pt-BR","@id":"https:\/\/transamerica93.com.br\/home\/inss-suspende-contrato-com-a-crefisa\/#primaryimage","url":"https:\/\/transamerica93.com.br\/home\/wp-content\/uploads\/2025\/08\/Sem-titulo-2.png","contentUrl":"https:\/\/transamerica93.com.br\/home\/wp-content\/uploads\/2025\/08\/Sem-titulo-2.png","width":1170,"height":700,"caption":"\u00a9 Fabio Rodrigues-Pozzebom\/ Ag\u00eancia Brasil"},{"@type":"BreadcrumbList","@id":"https:\/\/transamerica93.com.br\/home\/inss-suspende-contrato-com-a-crefisa\/#breadcrumb","itemListElement":[{"@type":"ListItem","position":1,"name":"In\u00edcio","item":"https:\/\/transamerica93.com.br\/home\/"},{"@type":"ListItem","position":2,"name":"INSS suspende contrato com a Crefisa"}]},{"@type":"WebSite","@id":"https:\/\/transamerica93.com.br\/home\/#website","url":"https:\/\/transamerica93.com.br\/home\/","name":"Transam\u00e9rica Mococa 93,3","description":"","publisher":{"@id":"https:\/\/transamerica93.com.br\/home\/#organization"},"potentialAction":[{"@type":"SearchAction","target":{"@type":"EntryPoint","urlTemplate":"https:\/\/transamerica93.com.br\/home\/?s={search_term_string}"},"query-input":{"@type":"PropertyValueSpecification","valueRequired":true,"valueName":"search_term_string"}}],"inLanguage":"pt-BR"},{"@type":"Organization","@id":"https:\/\/transamerica93.com.br\/home\/#organization","name":"Transam\u00e9rica Mococa 93,3","url":"https:\/\/transamerica93.com.br\/home\/","logo":{"@type":"ImageObject","inLanguage":"pt-BR","@id":"https:\/\/transamerica93.com.br\/home\/#\/schema\/logo\/image\/","url":"https:\/\/transamerica93.com.br\/home\/wp-content\/uploads\/2023\/10\/logo2.png","contentUrl":"https:\/\/transamerica93.com.br\/home\/wp-content\/uploads\/2023\/10\/logo2.png","width":800,"height":500,"caption":"Transam\u00e9rica Mococa 93,3"},"image":{"@id":"https:\/\/transamerica93.com.br\/home\/#\/schema\/logo\/image\/"},"sameAs":["https:\/\/www.facebook.com\/transamericamococa","https:\/\/x.com\/transamerica933","https:\/\/www.instagram.com\/transamericamococa"]},{"@type":"Person","@id":"https:\/\/transamerica93.com.br\/home\/#\/schema\/person\/7fed7c99c0d4562efa8561bc0f543172","name":"Reda\u00e7\u00e3o","image":{"@type":"ImageObject","inLanguage":"pt-BR","@id":"https:\/\/secure.gravatar.com\/avatar\/1072c6b775fb02ef8506ce967551d95926669a6b7d2c2147b42eea4d7c68395e?s=96&d=mm&r=g","url":"https:\/\/secure.gravatar.com\/avatar\/1072c6b775fb02ef8506ce967551d95926669a6b7d2c2147b42eea4d7c68395e?s=96&d=mm&r=g","contentUrl":"https:\/\/secure.gravatar.com\/avatar\/1072c6b775fb02ef8506ce967551d95926669a6b7d2c2147b42eea4d7c68395e?s=96&d=mm&r=g","caption":"Reda\u00e7\u00e3o"},"sameAs":["https:\/\/transamerica93.com.br\/home"],"url":"https:\/\/transamerica93.com.br\/home\/author\/william\/"}]}},"_links":{"self":[{"href":"https:\/\/transamerica93.com.br\/home\/wp-json\/wp\/v2\/posts\/6150","targetHints":{"allow":["GET"]}}],"collection":[{"href":"https:\/\/transamerica93.com.br\/home\/wp-json\/wp\/v2\/posts"}],"about":[{"href":"https:\/\/transamerica93.com.br\/home\/wp-json\/wp\/v2\/types\/post"}],"author":[{"embeddable":true,"href":"https:\/\/transamerica93.com.br\/home\/wp-json\/wp\/v2\/users\/1"}],"replies":[{"embeddable":true,"href":"https:\/\/transamerica93.com.br\/home\/wp-json\/wp\/v2\/comments?post=6150"}],"version-history":[{"count":1,"href":"https:\/\/transamerica93.com.br\/home\/wp-json\/wp\/v2\/posts\/6150\/revisions"}],"predecessor-version":[{"id":6152,"href":"https:\/\/transamerica93.com.br\/home\/wp-json\/wp\/v2\/posts\/6150\/revisions\/6152"}],"wp:featuredmedia":[{"embeddable":true,"href":"https:\/\/transamerica93.com.br\/home\/wp-json\/wp\/v2\/media\/6151"}],"wp:attachment":[{"href":"https:\/\/transamerica93.com.br\/home\/wp-json\/wp\/v2\/media?parent=6150"}],"wp:term":[{"taxonomy":"category","embeddable":true,"href":"https:\/\/transamerica93.com.br\/home\/wp-json\/wp\/v2\/categories?post=6150"},{"taxonomy":"post_tag","embeddable":true,"href":"https:\/\/transamerica93.com.br\/home\/wp-json\/wp\/v2\/tags?post=6150"}],"curies":[{"name":"wp","href":"https:\/\/api.w.org\/{rel}","templated":true}]}}