{"id":6156,"date":"2025-08-21T12:33:23","date_gmt":"2025-08-21T15:33:23","guid":{"rendered":"https:\/\/transamerica93.com.br\/home\/?p=6156"},"modified":"2025-08-21T12:33:23","modified_gmt":"2025-08-21T15:33:23","slug":"a-inusitada-entrevista-de-raul-seixas-a-gloria-maria-apos-ter-seu-carro-atingido-por-onda","status":"publish","type":"post","link":"https:\/\/transamerica93.com.br\/home\/a-inusitada-entrevista-de-raul-seixas-a-gloria-maria-apos-ter-seu-carro-atingido-por-onda\/","title":{"rendered":"A inusitada entrevista de Raul Seixas a Gloria Maria ap\u00f3s ter seu carro atingido por onda"},"content":{"rendered":"<div id=\"Corpo\">Por Erem Carla<\/p>\n<p>Nesta quinta-feira, 21, completam-se 36 anos da morte de Raul Seixas, um dos nomes mais influentes da m\u00fasica brasileira. O cantor e compositor baiano foi encontrado morto em seu apartamento na Rua Frei Caneca, na zona central de S\u00e3o Paulo, em 1989.<\/p>\n<p>Conhecido por sucessos como\u00a0<i>Tente Outra Vez, Maluco Beleza<\/i>\u00a0e\u00a0<i>Metamorfose Ambulante<\/i>, Raul deixou n\u00e3o s\u00f3 m\u00fasicas emblem\u00e1ticas, mas tamb\u00e9m epis\u00f3dios curiosos e marcantes em sua trajet\u00f3ria, como o dia em que foi surpreendido por uma ressaca no Rio de Janeiro e acabou participando de uma reportagem conduzida por Gl\u00f3ria Maria, em 1977.<\/p>\n<p><b>&#8216;Atropelado por uma onda&#8217;<\/b><\/p>\n<p>Na ocasi\u00e3o, Gl\u00f3ria Maria cobria os efeitos de uma forte ressaca no bairro do Leblon, na zona sul do Rio. Durante a grava\u00e7\u00e3o, a ent\u00e3o rep\u00f3rter da TV Globo se deparou com Raul Seixas, que estava visivelmente impactado ap\u00f3s ter o carro atingido pelas ondas do mar.<\/p>\n<p>Segundo o pr\u00f3prio m\u00fasico, ele vinha da Barra da Tijuca, na zona oeste do Rio, quando foi surpreendido pela for\u00e7a da \u00e1gua: &#8220;fui atropelado por uma onda&#8221;, disse Raul, com seu caracter\u00edstico tom sarc\u00e1stico. O ve\u00edculo foi arrastado e bastante danificado.<\/p>\n<p>Em frente \u00e0s c\u00e2meras, ele associou o epis\u00f3dio a uma &#8220;profecia&#8221; e fez uma cr\u00edtica ao crescimento desordenado das cidades sobre \u00e1reas naturais. O cantor ainda disse que o problema n\u00e3o era a natureza, mas sim o homem.<\/p>\n<p>&#8220;A onda t\u00e1 certa. O que t\u00e1 errado \u00e9 esse neg\u00f3cio de aterro, de botar edif\u00edcio, t\u00e1 entendendo? Eu sei que dancei com vidro a\u00ed, com tudo, mas tudo bem. A natureza t\u00e1 certa&#8221;.<\/p>\n<p><b>Raul: 36 anos de saudade<\/b><\/p>\n<p>Em 2025, Raul completaria 80 anos, um marco que ressalta ainda mais a longevidade de seu legado no rock nacional. O t\u00famulo de Raul Seixas est\u00e1 localizado no Jardim da Saudade, cemit\u00e9rio de Salvador, na Bahia, onde o m\u00fasico nasceu e cresceu.<\/p>\n<p>Sua morte, causada por uma pancreatite, agravada pela diabetes em 1989, marcou o fim precoce de uma carreira que ajudou a moldar o pensamento musical e cultural de gera\u00e7\u00f5es. Ainda hoje, Raul permanece como uma figura cultuada e admirada, com f\u00e3s que mant\u00eam viva a mem\u00f3ria de sua obra.<\/p><\/div>\n","protected":false},"excerpt":{"rendered":"<p>Por Erem Carla Nesta quinta-feira, 21, completam-se 36 anos da morte de Raul Seixas, um dos nomes mais influentes da m\u00fasica brasileira. O cantor e compositor baiano foi encontrado morto em seu apartamento na Rua Frei Caneca, na zona central de S\u00e3o Paulo, em 1989. Conhecido por sucessos como\u00a0Tente Outra Vez, Maluco Beleza\u00a0e\u00a0Metamorfose Ambulante, Raul &hellip;<\/p>\n","protected":false},"author":1,"featured_media":6157,"comment_status":"closed","ping_status":"closed","sticky":false,"template":"","format":"standard","meta":{"footnotes":""},"categories":[25],"tags":[],"class_list":["post-6156","post","type-post","status-publish","format-standard","has-post-thumbnail","hentry","category-musica"],"yoast_head":"<!-- This site is optimized with the Yoast SEO plugin v27.4 - https:\/\/yoast.com\/product\/yoast-seo-wordpress\/ -->\n<title>A inusitada entrevista de Raul Seixas a Gloria Maria ap\u00f3s ter seu carro atingido por onda - Transam\u00e9rica Mococa 93,3<\/title>\n<meta name=\"robots\" content=\"index, follow, max-snippet:-1, max-image-preview:large, max-video-preview:-1\" \/>\n<link rel=\"canonical\" href=\"https:\/\/transamerica93.com.br\/home\/a-inusitada-entrevista-de-raul-seixas-a-gloria-maria-apos-ter-seu-carro-atingido-por-onda\/\" \/>\n<meta property=\"og:locale\" content=\"pt_BR\" \/>\n<meta property=\"og:type\" content=\"article\" \/>\n<meta property=\"og:title\" content=\"A inusitada entrevista de Raul Seixas a Gloria Maria ap\u00f3s ter seu carro atingido por onda - Transam\u00e9rica Mococa 93,3\" \/>\n<meta property=\"og:description\" content=\"Por Erem Carla Nesta quinta-feira, 21, completam-se 36 anos da morte de Raul Seixas, um dos nomes mais influentes da m\u00fasica brasileira. O cantor e compositor baiano foi encontrado morto em seu apartamento na Rua Frei Caneca, na zona central de S\u00e3o Paulo, em 1989. Conhecido por sucessos como\u00a0Tente Outra Vez, Maluco Beleza\u00a0e\u00a0Metamorfose Ambulante, Raul &hellip;\" \/>\n<meta property=\"og:url\" content=\"https:\/\/transamerica93.com.br\/home\/a-inusitada-entrevista-de-raul-seixas-a-gloria-maria-apos-ter-seu-carro-atingido-por-onda\/\" \/>\n<meta property=\"og:site_name\" content=\"Transam\u00e9rica Mococa 93,3\" \/>\n<meta property=\"article:publisher\" content=\"https:\/\/www.facebook.com\/transamericamococa\" \/>\n<meta property=\"article:published_time\" content=\"2025-08-21T15:33:23+00:00\" \/>\n<meta property=\"og:image\" content=\"https:\/\/transamerica93.com.br\/home\/wp-content\/uploads\/2025\/08\/Sem-titulo-4.png\" \/>\n\t<meta property=\"og:image:width\" content=\"926\" \/>\n\t<meta property=\"og:image:height\" content=\"694\" \/>\n\t<meta property=\"og:image:type\" content=\"image\/png\" \/>\n<meta name=\"author\" content=\"Reda\u00e7\u00e3o\" \/>\n<meta name=\"twitter:card\" content=\"summary_large_image\" \/>\n<meta name=\"twitter:creator\" content=\"@transamerica933\" \/>\n<meta name=\"twitter:site\" content=\"@transamerica933\" \/>\n<meta name=\"twitter:label1\" content=\"Escrito por\" \/>\n\t<meta name=\"twitter:data1\" content=\"Reda\u00e7\u00e3o\" \/>\n\t<meta name=\"twitter:label2\" content=\"Est. tempo de leitura\" \/>\n\t<meta name=\"twitter:data2\" content=\"3 minutos\" \/>\n<script type=\"application\/ld+json\" class=\"yoast-schema-graph\">{\"@context\":\"https:\\\/\\\/schema.org\",\"@graph\":[{\"@type\":\"Article\",\"@id\":\"https:\\\/\\\/transamerica93.com.br\\\/home\\\/a-inusitada-entrevista-de-raul-seixas-a-gloria-maria-apos-ter-seu-carro-atingido-por-onda\\\/#article\",\"isPartOf\":{\"@id\":\"https:\\\/\\\/transamerica93.com.br\\\/home\\\/a-inusitada-entrevista-de-raul-seixas-a-gloria-maria-apos-ter-seu-carro-atingido-por-onda\\\/\"},\"author\":{\"name\":\"Reda\u00e7\u00e3o\",\"@id\":\"https:\\\/\\\/transamerica93.com.br\\\/home\\\/#\\\/schema\\\/person\\\/7fed7c99c0d4562efa8561bc0f543172\"},\"headline\":\"A inusitada entrevista de Raul Seixas a Gloria Maria ap\u00f3s ter seu carro atingido por onda\",\"datePublished\":\"2025-08-21T15:33:23+00:00\",\"mainEntityOfPage\":{\"@id\":\"https:\\\/\\\/transamerica93.com.br\\\/home\\\/a-inusitada-entrevista-de-raul-seixas-a-gloria-maria-apos-ter-seu-carro-atingido-por-onda\\\/\"},\"wordCount\":400,\"publisher\":{\"@id\":\"https:\\\/\\\/transamerica93.com.br\\\/home\\\/#organization\"},\"image\":{\"@id\":\"https:\\\/\\\/transamerica93.com.br\\\/home\\\/a-inusitada-entrevista-de-raul-seixas-a-gloria-maria-apos-ter-seu-carro-atingido-por-onda\\\/#primaryimage\"},\"thumbnailUrl\":\"https:\\\/\\\/transamerica93.com.br\\\/home\\\/wp-content\\\/uploads\\\/2025\\\/08\\\/Sem-titulo-4.png\",\"articleSection\":[\"M\u00fasica\"],\"inLanguage\":\"pt-BR\"},{\"@type\":\"WebPage\",\"@id\":\"https:\\\/\\\/transamerica93.com.br\\\/home\\\/a-inusitada-entrevista-de-raul-seixas-a-gloria-maria-apos-ter-seu-carro-atingido-por-onda\\\/\",\"url\":\"https:\\\/\\\/transamerica93.com.br\\\/home\\\/a-inusitada-entrevista-de-raul-seixas-a-gloria-maria-apos-ter-seu-carro-atingido-por-onda\\\/\",\"name\":\"A inusitada entrevista de Raul Seixas a Gloria Maria ap\u00f3s ter seu carro atingido por onda - Transam\u00e9rica Mococa 93,3\",\"isPartOf\":{\"@id\":\"https:\\\/\\\/transamerica93.com.br\\\/home\\\/#website\"},\"primaryImageOfPage\":{\"@id\":\"https:\\\/\\\/transamerica93.com.br\\\/home\\\/a-inusitada-entrevista-de-raul-seixas-a-gloria-maria-apos-ter-seu-carro-atingido-por-onda\\\/#primaryimage\"},\"image\":{\"@id\":\"https:\\\/\\\/transamerica93.com.br\\\/home\\\/a-inusitada-entrevista-de-raul-seixas-a-gloria-maria-apos-ter-seu-carro-atingido-por-onda\\\/#primaryimage\"},\"thumbnailUrl\":\"https:\\\/\\\/transamerica93.com.br\\\/home\\\/wp-content\\\/uploads\\\/2025\\\/08\\\/Sem-titulo-4.png\",\"datePublished\":\"2025-08-21T15:33:23+00:00\",\"breadcrumb\":{\"@id\":\"https:\\\/\\\/transamerica93.com.br\\\/home\\\/a-inusitada-entrevista-de-raul-seixas-a-gloria-maria-apos-ter-seu-carro-atingido-por-onda\\\/#breadcrumb\"},\"inLanguage\":\"pt-BR\",\"potentialAction\":[{\"@type\":\"ReadAction\",\"target\":[\"https:\\\/\\\/transamerica93.com.br\\\/home\\\/a-inusitada-entrevista-de-raul-seixas-a-gloria-maria-apos-ter-seu-carro-atingido-por-onda\\\/\"]}]},{\"@type\":\"ImageObject\",\"inLanguage\":\"pt-BR\",\"@id\":\"https:\\\/\\\/transamerica93.com.br\\\/home\\\/a-inusitada-entrevista-de-raul-seixas-a-gloria-maria-apos-ter-seu-carro-atingido-por-onda\\\/#primaryimage\",\"url\":\"https:\\\/\\\/transamerica93.com.br\\\/home\\\/wp-content\\\/uploads\\\/2025\\\/08\\\/Sem-titulo-4.png\",\"contentUrl\":\"https:\\\/\\\/transamerica93.com.br\\\/home\\\/wp-content\\\/uploads\\\/2025\\\/08\\\/Sem-titulo-4.png\",\"width\":926,\"height\":694},{\"@type\":\"BreadcrumbList\",\"@id\":\"https:\\\/\\\/transamerica93.com.br\\\/home\\\/a-inusitada-entrevista-de-raul-seixas-a-gloria-maria-apos-ter-seu-carro-atingido-por-onda\\\/#breadcrumb\",\"itemListElement\":[{\"@type\":\"ListItem\",\"position\":1,\"name\":\"In\u00edcio\",\"item\":\"https:\\\/\\\/transamerica93.com.br\\\/home\\\/\"},{\"@type\":\"ListItem\",\"position\":2,\"name\":\"A inusitada entrevista de Raul Seixas a Gloria Maria ap\u00f3s ter seu carro atingido por onda\"}]},{\"@type\":\"WebSite\",\"@id\":\"https:\\\/\\\/transamerica93.com.br\\\/home\\\/#website\",\"url\":\"https:\\\/\\\/transamerica93.com.br\\\/home\\\/\",\"name\":\"Transam\u00e9rica Mococa 93,3\",\"description\":\"\",\"publisher\":{\"@id\":\"https:\\\/\\\/transamerica93.com.br\\\/home\\\/#organization\"},\"potentialAction\":[{\"@type\":\"SearchAction\",\"target\":{\"@type\":\"EntryPoint\",\"urlTemplate\":\"https:\\\/\\\/transamerica93.com.br\\\/home\\\/?s={search_term_string}\"},\"query-input\":{\"@type\":\"PropertyValueSpecification\",\"valueRequired\":true,\"valueName\":\"search_term_string\"}}],\"inLanguage\":\"pt-BR\"},{\"@type\":\"Organization\",\"@id\":\"https:\\\/\\\/transamerica93.com.br\\\/home\\\/#organization\",\"name\":\"Transam\u00e9rica Mococa 93,3\",\"url\":\"https:\\\/\\\/transamerica93.com.br\\\/home\\\/\",\"logo\":{\"@type\":\"ImageObject\",\"inLanguage\":\"pt-BR\",\"@id\":\"https:\\\/\\\/transamerica93.com.br\\\/home\\\/#\\\/schema\\\/logo\\\/image\\\/\",\"url\":\"https:\\\/\\\/transamerica93.com.br\\\/home\\\/wp-content\\\/uploads\\\/2023\\\/10\\\/logo2.png\",\"contentUrl\":\"https:\\\/\\\/transamerica93.com.br\\\/home\\\/wp-content\\\/uploads\\\/2023\\\/10\\\/logo2.png\",\"width\":800,\"height\":500,\"caption\":\"Transam\u00e9rica Mococa 93,3\"},\"image\":{\"@id\":\"https:\\\/\\\/transamerica93.com.br\\\/home\\\/#\\\/schema\\\/logo\\\/image\\\/\"},\"sameAs\":[\"https:\\\/\\\/www.facebook.com\\\/transamericamococa\",\"https:\\\/\\\/x.com\\\/transamerica933\",\"https:\\\/\\\/www.instagram.com\\\/transamericamococa\"]},{\"@type\":\"Person\",\"@id\":\"https:\\\/\\\/transamerica93.com.br\\\/home\\\/#\\\/schema\\\/person\\\/7fed7c99c0d4562efa8561bc0f543172\",\"name\":\"Reda\u00e7\u00e3o\",\"image\":{\"@type\":\"ImageObject\",\"inLanguage\":\"pt-BR\",\"@id\":\"https:\\\/\\\/secure.gravatar.com\\\/avatar\\\/1072c6b775fb02ef8506ce967551d95926669a6b7d2c2147b42eea4d7c68395e?s=96&d=mm&r=g\",\"url\":\"https:\\\/\\\/secure.gravatar.com\\\/avatar\\\/1072c6b775fb02ef8506ce967551d95926669a6b7d2c2147b42eea4d7c68395e?s=96&d=mm&r=g\",\"contentUrl\":\"https:\\\/\\\/secure.gravatar.com\\\/avatar\\\/1072c6b775fb02ef8506ce967551d95926669a6b7d2c2147b42eea4d7c68395e?s=96&d=mm&r=g\",\"caption\":\"Reda\u00e7\u00e3o\"},\"sameAs\":[\"https:\\\/\\\/transamerica93.com.br\\\/home\"],\"url\":\"https:\\\/\\\/transamerica93.com.br\\\/home\\\/author\\\/william\\\/\"}]}<\/script>\n<!-- \/ Yoast SEO plugin. -->","yoast_head_json":{"title":"A inusitada entrevista de Raul Seixas a Gloria Maria ap\u00f3s ter seu carro atingido por onda - Transam\u00e9rica Mococa 93,3","robots":{"index":"index","follow":"follow","max-snippet":"max-snippet:-1","max-image-preview":"max-image-preview:large","max-video-preview":"max-video-preview:-1"},"canonical":"https:\/\/transamerica93.com.br\/home\/a-inusitada-entrevista-de-raul-seixas-a-gloria-maria-apos-ter-seu-carro-atingido-por-onda\/","og_locale":"pt_BR","og_type":"article","og_title":"A inusitada entrevista de Raul Seixas a Gloria Maria ap\u00f3s ter seu carro atingido por onda - Transam\u00e9rica Mococa 93,3","og_description":"Por Erem Carla Nesta quinta-feira, 21, completam-se 36 anos da morte de Raul Seixas, um dos nomes mais influentes da m\u00fasica brasileira. O cantor e compositor baiano foi encontrado morto em seu apartamento na Rua Frei Caneca, na zona central de S\u00e3o Paulo, em 1989. Conhecido por sucessos como\u00a0Tente Outra Vez, Maluco Beleza\u00a0e\u00a0Metamorfose Ambulante, Raul &hellip;","og_url":"https:\/\/transamerica93.com.br\/home\/a-inusitada-entrevista-de-raul-seixas-a-gloria-maria-apos-ter-seu-carro-atingido-por-onda\/","og_site_name":"Transam\u00e9rica Mococa 93,3","article_publisher":"https:\/\/www.facebook.com\/transamericamococa","article_published_time":"2025-08-21T15:33:23+00:00","og_image":[{"width":926,"height":694,"url":"https:\/\/transamerica93.com.br\/home\/wp-content\/uploads\/2025\/08\/Sem-titulo-4.png","type":"image\/png"}],"author":"Reda\u00e7\u00e3o","twitter_card":"summary_large_image","twitter_creator":"@transamerica933","twitter_site":"@transamerica933","twitter_misc":{"Escrito por":"Reda\u00e7\u00e3o","Est. tempo de leitura":"3 minutos"},"schema":{"@context":"https:\/\/schema.org","@graph":[{"@type":"Article","@id":"https:\/\/transamerica93.com.br\/home\/a-inusitada-entrevista-de-raul-seixas-a-gloria-maria-apos-ter-seu-carro-atingido-por-onda\/#article","isPartOf":{"@id":"https:\/\/transamerica93.com.br\/home\/a-inusitada-entrevista-de-raul-seixas-a-gloria-maria-apos-ter-seu-carro-atingido-por-onda\/"},"author":{"name":"Reda\u00e7\u00e3o","@id":"https:\/\/transamerica93.com.br\/home\/#\/schema\/person\/7fed7c99c0d4562efa8561bc0f543172"},"headline":"A inusitada entrevista de Raul Seixas a Gloria Maria ap\u00f3s ter seu carro atingido por onda","datePublished":"2025-08-21T15:33:23+00:00","mainEntityOfPage":{"@id":"https:\/\/transamerica93.com.br\/home\/a-inusitada-entrevista-de-raul-seixas-a-gloria-maria-apos-ter-seu-carro-atingido-por-onda\/"},"wordCount":400,"publisher":{"@id":"https:\/\/transamerica93.com.br\/home\/#organization"},"image":{"@id":"https:\/\/transamerica93.com.br\/home\/a-inusitada-entrevista-de-raul-seixas-a-gloria-maria-apos-ter-seu-carro-atingido-por-onda\/#primaryimage"},"thumbnailUrl":"https:\/\/transamerica93.com.br\/home\/wp-content\/uploads\/2025\/08\/Sem-titulo-4.png","articleSection":["M\u00fasica"],"inLanguage":"pt-BR"},{"@type":"WebPage","@id":"https:\/\/transamerica93.com.br\/home\/a-inusitada-entrevista-de-raul-seixas-a-gloria-maria-apos-ter-seu-carro-atingido-por-onda\/","url":"https:\/\/transamerica93.com.br\/home\/a-inusitada-entrevista-de-raul-seixas-a-gloria-maria-apos-ter-seu-carro-atingido-por-onda\/","name":"A inusitada entrevista de Raul Seixas a Gloria Maria ap\u00f3s ter seu carro atingido por onda - Transam\u00e9rica Mococa 93,3","isPartOf":{"@id":"https:\/\/transamerica93.com.br\/home\/#website"},"primaryImageOfPage":{"@id":"https:\/\/transamerica93.com.br\/home\/a-inusitada-entrevista-de-raul-seixas-a-gloria-maria-apos-ter-seu-carro-atingido-por-onda\/#primaryimage"},"image":{"@id":"https:\/\/transamerica93.com.br\/home\/a-inusitada-entrevista-de-raul-seixas-a-gloria-maria-apos-ter-seu-carro-atingido-por-onda\/#primaryimage"},"thumbnailUrl":"https:\/\/transamerica93.com.br\/home\/wp-content\/uploads\/2025\/08\/Sem-titulo-4.png","datePublished":"2025-08-21T15:33:23+00:00","breadcrumb":{"@id":"https:\/\/transamerica93.com.br\/home\/a-inusitada-entrevista-de-raul-seixas-a-gloria-maria-apos-ter-seu-carro-atingido-por-onda\/#breadcrumb"},"inLanguage":"pt-BR","potentialAction":[{"@type":"ReadAction","target":["https:\/\/transamerica93.com.br\/home\/a-inusitada-entrevista-de-raul-seixas-a-gloria-maria-apos-ter-seu-carro-atingido-por-onda\/"]}]},{"@type":"ImageObject","inLanguage":"pt-BR","@id":"https:\/\/transamerica93.com.br\/home\/a-inusitada-entrevista-de-raul-seixas-a-gloria-maria-apos-ter-seu-carro-atingido-por-onda\/#primaryimage","url":"https:\/\/transamerica93.com.br\/home\/wp-content\/uploads\/2025\/08\/Sem-titulo-4.png","contentUrl":"https:\/\/transamerica93.com.br\/home\/wp-content\/uploads\/2025\/08\/Sem-titulo-4.png","width":926,"height":694},{"@type":"BreadcrumbList","@id":"https:\/\/transamerica93.com.br\/home\/a-inusitada-entrevista-de-raul-seixas-a-gloria-maria-apos-ter-seu-carro-atingido-por-onda\/#breadcrumb","itemListElement":[{"@type":"ListItem","position":1,"name":"In\u00edcio","item":"https:\/\/transamerica93.com.br\/home\/"},{"@type":"ListItem","position":2,"name":"A inusitada entrevista de Raul Seixas a Gloria Maria ap\u00f3s ter seu carro atingido por onda"}]},{"@type":"WebSite","@id":"https:\/\/transamerica93.com.br\/home\/#website","url":"https:\/\/transamerica93.com.br\/home\/","name":"Transam\u00e9rica Mococa 93,3","description":"","publisher":{"@id":"https:\/\/transamerica93.com.br\/home\/#organization"},"potentialAction":[{"@type":"SearchAction","target":{"@type":"EntryPoint","urlTemplate":"https:\/\/transamerica93.com.br\/home\/?s={search_term_string}"},"query-input":{"@type":"PropertyValueSpecification","valueRequired":true,"valueName":"search_term_string"}}],"inLanguage":"pt-BR"},{"@type":"Organization","@id":"https:\/\/transamerica93.com.br\/home\/#organization","name":"Transam\u00e9rica Mococa 93,3","url":"https:\/\/transamerica93.com.br\/home\/","logo":{"@type":"ImageObject","inLanguage":"pt-BR","@id":"https:\/\/transamerica93.com.br\/home\/#\/schema\/logo\/image\/","url":"https:\/\/transamerica93.com.br\/home\/wp-content\/uploads\/2023\/10\/logo2.png","contentUrl":"https:\/\/transamerica93.com.br\/home\/wp-content\/uploads\/2023\/10\/logo2.png","width":800,"height":500,"caption":"Transam\u00e9rica Mococa 93,3"},"image":{"@id":"https:\/\/transamerica93.com.br\/home\/#\/schema\/logo\/image\/"},"sameAs":["https:\/\/www.facebook.com\/transamericamococa","https:\/\/x.com\/transamerica933","https:\/\/www.instagram.com\/transamericamococa"]},{"@type":"Person","@id":"https:\/\/transamerica93.com.br\/home\/#\/schema\/person\/7fed7c99c0d4562efa8561bc0f543172","name":"Reda\u00e7\u00e3o","image":{"@type":"ImageObject","inLanguage":"pt-BR","@id":"https:\/\/secure.gravatar.com\/avatar\/1072c6b775fb02ef8506ce967551d95926669a6b7d2c2147b42eea4d7c68395e?s=96&d=mm&r=g","url":"https:\/\/secure.gravatar.com\/avatar\/1072c6b775fb02ef8506ce967551d95926669a6b7d2c2147b42eea4d7c68395e?s=96&d=mm&r=g","contentUrl":"https:\/\/secure.gravatar.com\/avatar\/1072c6b775fb02ef8506ce967551d95926669a6b7d2c2147b42eea4d7c68395e?s=96&d=mm&r=g","caption":"Reda\u00e7\u00e3o"},"sameAs":["https:\/\/transamerica93.com.br\/home"],"url":"https:\/\/transamerica93.com.br\/home\/author\/william\/"}]}},"_links":{"self":[{"href":"https:\/\/transamerica93.com.br\/home\/wp-json\/wp\/v2\/posts\/6156","targetHints":{"allow":["GET"]}}],"collection":[{"href":"https:\/\/transamerica93.com.br\/home\/wp-json\/wp\/v2\/posts"}],"about":[{"href":"https:\/\/transamerica93.com.br\/home\/wp-json\/wp\/v2\/types\/post"}],"author":[{"embeddable":true,"href":"https:\/\/transamerica93.com.br\/home\/wp-json\/wp\/v2\/users\/1"}],"replies":[{"embeddable":true,"href":"https:\/\/transamerica93.com.br\/home\/wp-json\/wp\/v2\/comments?post=6156"}],"version-history":[{"count":1,"href":"https:\/\/transamerica93.com.br\/home\/wp-json\/wp\/v2\/posts\/6156\/revisions"}],"predecessor-version":[{"id":6158,"href":"https:\/\/transamerica93.com.br\/home\/wp-json\/wp\/v2\/posts\/6156\/revisions\/6158"}],"wp:featuredmedia":[{"embeddable":true,"href":"https:\/\/transamerica93.com.br\/home\/wp-json\/wp\/v2\/media\/6157"}],"wp:attachment":[{"href":"https:\/\/transamerica93.com.br\/home\/wp-json\/wp\/v2\/media?parent=6156"}],"wp:term":[{"taxonomy":"category","embeddable":true,"href":"https:\/\/transamerica93.com.br\/home\/wp-json\/wp\/v2\/categories?post=6156"},{"taxonomy":"post_tag","embeddable":true,"href":"https:\/\/transamerica93.com.br\/home\/wp-json\/wp\/v2\/tags?post=6156"}],"curies":[{"name":"wp","href":"https:\/\/api.w.org\/{rel}","templated":true}]}}