{"id":6170,"date":"2025-08-30T17:36:49","date_gmt":"2025-08-30T20:36:49","guid":{"rendered":"https:\/\/transamerica93.com.br\/home\/?p=6170"},"modified":"2025-08-30T17:36:49","modified_gmt":"2025-08-30T20:36:49","slug":"morre-luis-fernando-verissimo-o-cronista-que-dizia-muito-com-poucas-palavras-aos-88-anos","status":"publish","type":"post","link":"https:\/\/transamerica93.com.br\/home\/morre-luis-fernando-verissimo-o-cronista-que-dizia-muito-com-poucas-palavras-aos-88-anos\/","title":{"rendered":"Morre Luis Fernando Verissimo, o cronista que dizia muito com poucas palavras, aos 88 anos"},"content":{"rendered":"<p>Por Ubiratan Brasil e Andr\u00e9 Carlos Zorzi<\/p>\n<p>Luis Fernando Verissimo morreu neste s\u00e1bado, 30, em Porto Alegre (RS). A informa\u00e7\u00e3o foi confirmada pelo Hospital Moinhos de Vento, onde o escritor, de 88 anos, estava internado.<\/p>\n<p>Em 17 de agosto de 2025, sua fam\u00edlia divulgou a informa\u00e7\u00e3o de que ele estava internado desde a semana anterior por conta de uma &#8220;pneumonia leve que foi piorando&#8221;.<\/p>\n<p>Os problemas de sa\u00fade de Luis Fernando Verissimo<\/p>\n<p>Nos \u00faltimos anos, o escritor j\u00e1 havia enfrentado outros problemas de sa\u00fade, incluindo uma cirurgia na mand\u00edbula, em novembro de 2020, e um AVC (Acidente Vascular Cerebral) em janeiro de 2021. Este \u00faltimo afetou uma parte cognitiva de seu c\u00e9rebro, dificultando a ordena\u00e7\u00e3o de seus pensamentos, ainda que compreendesse o que se passava ao redor.<\/p>\n<p>Desde ent\u00e3o, passava por uma recupera\u00e7\u00e3o lenta e gradual e tamb\u00e9m por alguns fatos inusitados &#8211; como a sua maior facilidade para se comunicar em ingl\u00eas, l\u00edngua que se tornou fluente por conta da inf\u00e2ncia nos EUA.<\/p>\n<p>Em 1988, Luis Fernando Verissimo come\u00e7ou seus trabalhos como colaborador do\u00a0<b>Estad\u00e3o<\/b>. At\u00e9 janeiro de 2021, quando sofreu o AVC, o escritor tamb\u00e9m foi colunista do jornal.Clique aqui para reler sua coluna mais recente, A Caixinha.<\/p>\n<p>Pouco antes, em dezembro de 2020, foi questionado sobre o vinha lendo nos desafiadores tempos de pandemia. &#8220;O melhor livro que li em 2020 foi o de ensaios e estudos sobre Antonio Candido lan\u00e7ado pela editora 34, prova de que existe vida inteligente na Terra.&#8221;<\/p>\n<p><b>Vida e obra de Luis Fernando Verissimo<\/b><\/p>\n<p>Cronista, cartunista, ficcionista, saxofonista, gourmet e torcedor fan\u00e1tico do Internacional, Luis Fernando Verissimo sempre foi uma das raras unanimidades positivas do Pa\u00eds.<\/p>\n<p>Autor de mais de 70 livros que j\u00e1 venderam milh\u00f5es de exemplares (entre eles, os best sellers O Analista de Bag\u00e9 e A Com\u00e9dia da Vida Privada) e de personagens emblem\u00e1ticos (a Velhinha de Taubat\u00e9, que criticava a ditadura, o detetive Ed Mort, as Cobras), o filho do escritor Erico Verissimo s\u00f3 come\u00e7ou a escrever aos 30 anos (nasceu em 1936), depois de ter passado por v\u00e1rias escolas de arte e desenho, inacabadas; de ter tentado o com\u00e9rcio &#8220;s\u00f3 para refor\u00e7ar o mau jeito da fam\u00edlia&#8221;; e de ter passado por uma r\u00e1pida carreira jornal\u00edstica, de revisor e colunista de jazz a cronista principal do jornal ga\u00facho Zero Hora.<\/p>\n<p><b>Os primeiros livros de Luis Fernando Verissimo<\/b><\/p>\n<p>Em 1973, lan\u00e7ou, pela Editora Jos\u00e9 Olympio, seu primeiro livro, O Popular, com o subt\u00edtulo &#8220;cr\u00f4nicas, ou coisa parecida&#8221;, colet\u00e2nea de textos editados na imprensa, formato que marcaria boa parte de suas futuras publica\u00e7\u00f5es. O primeiro grande sucesso, no entanto, aconteceu com o lan\u00e7amento de seu quinto livro de cr\u00f4nicas, Ed Mort e Outras Hist\u00f3rias, o primeiro pela Editora L&amp;PM, com a qual trabalharia durante 20 anos. S\u00e1tira aos romances policiais, o detetive Ed Mort inspiraria ainda um tira de quadrinhos desenhados por Miguel Paiva e um filme com Paulo Betti no papel t\u00edtulo.<\/p>\n<p><b>O Analista de Bag\u00e9<\/p>\n<p><\/b><\/p>\n<p>Verissimo se tornaria fen\u00f4meno de vendas com O Analista de Bag\u00e9, lan\u00e7ado em 1981, quando a primeira edi\u00e7\u00e3o se esgotou em apenas dois dias. O personagem foi originalmente criado para um programa de humor na TV, capitaneado por J\u00f4 Soares. Com o projeto engavetado, Verissimo levou-o ao livro, tornando-se uma figura peculiar: psicanalista de forma\u00e7\u00e3o freudiana ortodoxa, o analista n\u00e3o esconde, por\u00e9m, seu sotaque e a predile\u00e7\u00e3o por costumes t\u00edpicos da fronteira do Rio Grande do Sul com o Uruguai e a Argentina. A gra\u00e7a surgia justamente na contradi\u00e7\u00e3o entre a sofistica\u00e7\u00e3o da psican\u00e1lise e a &#8220;grossura&#8221; caricatural do ga\u00facho da fronteira. O personagem inspirou dois livros de contos, um de quadrinhos (com desenhos de Edgar Vasques) e uma antologia.<\/p>\n<p><b>A Velhinha de Taubat\u00e9<\/b><\/p>\n<p>A Velhinha de Taubat\u00e9, &#8220;a \u00fanica pessoa que ainda acredita no governo&#8221;, surgiu dois anos depois, como cr\u00edtica ao governo militar em seus anos derradeiros. Em pouco tempo, Verissimo cruzou fronteiras, tornou-se colaborador de programas humor\u00edsticos de televis\u00e3o, vistos e ouvidos em todo o Brasil &#8211; \u00e9 o caso das hist\u00f3rias da Com\u00e9dia da Vida Privada, s\u00e9rie de 21 programas (1995-1997), com roteiros de Jorge Furtado e dire\u00e7\u00e3o de Guel Arraes.<\/p>\n<p><b>&#8216;H\u00e1 diferen\u00e7a entre ser humorista e fazer humor&#8217;<\/b><\/p>\n<p>Sua timidez tornou-se outra caracter\u00edstica sempre lembrada, refor\u00e7ando o valor de seu texto: sim, Verissimo sempre buscou ser engra\u00e7ado na escrita e n\u00e3o na fala. Na verdade, nunca se julgou um humorista. &#8220;Acho que h\u00e1 uma diferen\u00e7a entre ser humorista e fazer humor&#8221;, disse, certa vez. &#8220;O humorista \u00e9 o cara que tem uma vis\u00e3o humor\u00edstica das coisas. O humor \u00e9 sua maneira de ver e de ser.&#8221;<\/p>\n<p>Uma filosofia que se revelou \u00fatil durante a dura fase de exce\u00e7\u00e3o Ver\u00edssimo conta que, durante a ditadura, ele enviava uma cr\u00f4nica para o jornal deixando sempre uma na gaveta, de reserva. &#8220;E n\u00e3o foram poucas as vezes em que saiu a reserva&#8221;, comentou, em outra entrevista. &#8220;Os censores pareciam achar o cartum algo infantil; ent\u00e3o, era mais f\u00e1cil fazer passar um cartum pol\u00edtico que um texto pol\u00edtico.&#8221;<\/p>\n<p>Autodeclarado um ga\u00facho desnaturado, por n\u00e3o andar a cavalo, n\u00e3o tomar chimarr\u00e3o e ter nascido e se criado na cidade, Verissimo sentiu o gosto da felicidade plena no dia 4 de abril de 2008, quando sua filha Fernanda lhe deu a primeira neta, Lucinda, nascida em uma data especial: dia do anivers\u00e1rio do Sport Club Internacional.<\/p>\n<p><b>O cronista mais popular do Brasil<\/b><\/p>\n<p>Em 2020, Elias Thom\u00e9 Saliba, professor da USP especializado em humor e autor de Ra\u00edzes do Riso, descreveu o escritor como o cronista mais popular do Brasil, aquele que &#8220;diz o que o leitor quer falar, mas n\u00e3o consegue&#8221;. &#8220;Verissimo ultrapassa o transit\u00f3rio n\u00e3o apenas porque suas cr\u00f4nicas se transformam em livros, mas porque estabeleceu desde o in\u00edcio um pacto humor\u00edstico com o leitor.&#8221;<\/p>\n<p>&#8220;Mais do que qualquer outro, o p\u00fablico que se torna parte do pacto humor\u00edstico \u00e9 aquele que percorre o notici\u00e1rio s\u00e9rio do jornal ou da revista e torna-se capaz de entender as alus\u00f5es, ironias e par\u00f3dias de Verissimo e de seu humor fortemente conectado com os eventos noticiados e, por isso, compreens\u00edvel apenas naquelas situa\u00e7\u00f5es&#8221;, defendia.<\/p>\n<p><b>Os &#8216;falsos Verissimos&#8217; da internet<\/b><\/p>\n<p>Com a era moderna, muitos dos textos passaram para o meio digital. Em muitos casos, por\u00e9m, textos que n\u00e3o eram do autor contavam com a assinatura de &#8220;Luis Fernando Verissimo&#8221;, tentando ganhar credibilidade. Ele se acostumou ao fato. &#8220;Fico sem gra\u00e7a de dizer que n\u00e3o \u00e9 meu. Em outra oportunidade, uma senhora veio me dizer que n\u00e3o gostava tanto dos meus textos, exceto do Quase, que era maravilhoso.<\/p>\n<p>O que posso dizer? Melhor n\u00e3o decepcionar. E quando vou a escolas onde os alunos encenam um texto que, na verdade, n\u00e3o \u00e9 meu?&#8221;, relatava ao\u00a0<b>Estad\u00e3o<\/b>\u00a0em 2016.<\/p>\n<p>Curiosamente, Luis Fernando Verissimo se assumia como um &#8220;analfabeto em inform\u00e1tica&#8221;, que se limitava ao uso de e-mails e Google. Para o restante, recorria aos filhos. Ainda sobre tecnologia, em texto publicado no\u00a0<b>Estad\u00e3o<\/b>\u00a0em 2019, &#8220;Perten\u00e7o \u00e0 gera\u00e7\u00e3o perdida no tempo&#8221;, citava a &#8220;farta literatura premonit\u00f3ria&#8221; sobre rob\u00f4s indestrut\u00edveis. &#8220;Que eu saiba, ningu\u00e9m ainda imaginou um roteiro em que os inimigos n\u00e3o sejam grandes rob\u00f4s blindados, mas os pequenos celulares&#8221;.<\/p>\n<p><b>Verissimo escrevia poucas palavras, mas era extremamente preciso<\/b><\/p>\n<p>Em 2016, o escritor foi perguntado: qual a receita para seus textos serem populares e n\u00e3o popularescos? &#8220;N\u00e3o tenho&#8221;. Em seguida, atribu\u00eda o m\u00e9rito ao g\u00eanero: &#8220;Acredito que, antes de mais nada, \u00e9 ter clareza na escrita. E, como a cr\u00f4nica normalmente n\u00e3o \u00e9 um texto grande, torna-se acess\u00edvel a qualquer p\u00fablico&#8221;. Ao longo da carreira, Verissimo ficou conhecido n\u00e3o apenas pelos &#8220;textos n\u00e3o t\u00e3o grandes&#8221;, mas tamb\u00e9m por escrever estritamente o necess\u00e1rio, em pouqu\u00edssimas palavras, e ainda assim ter muito a dizer.<\/p>\n<p>Para quem tem interesse em se aprofundar um pouco mais pela figura do autor, em 2024, o document\u00e1rio Verissimo foi lan\u00e7ado. Fugindo do estilo biogr\u00e1fico cronol\u00f3gico, o longa tinha foco maior no cotidiano do escritor, prestes a completar 80 anos de idade \u00e0 \u00e9poca das filmagens, que acompanhou por 15 dias. Atualmente, est\u00e1 dispon\u00edvel para assistir no streaming Mubi.<\/p>\n","protected":false},"excerpt":{"rendered":"<p>Por Ubiratan Brasil e Andr\u00e9 Carlos Zorzi Luis Fernando Verissimo morreu neste s\u00e1bado, 30, em Porto Alegre (RS). A informa\u00e7\u00e3o foi confirmada pelo Hospital Moinhos de Vento, onde o escritor, de 88 anos, estava internado. Em 17 de agosto de 2025, sua fam\u00edlia divulgou a informa\u00e7\u00e3o de que ele estava internado desde a semana anterior &hellip;<\/p>\n","protected":false},"author":1,"featured_media":6171,"comment_status":"closed","ping_status":"closed","sticky":false,"template":"","format":"standard","meta":{"footnotes":""},"categories":[24],"tags":[],"class_list":["post-6170","post","type-post","status-publish","format-standard","has-post-thumbnail","hentry","category-entretenimento"],"yoast_head":"<!-- This site is optimized with the Yoast SEO plugin v27.4 - https:\/\/yoast.com\/product\/yoast-seo-wordpress\/ -->\n<title>Morre Luis Fernando Verissimo, o cronista que dizia muito com poucas palavras, aos 88 anos - Transam\u00e9rica Mococa 93,3<\/title>\n<meta name=\"robots\" content=\"index, follow, max-snippet:-1, max-image-preview:large, max-video-preview:-1\" \/>\n<link rel=\"canonical\" href=\"https:\/\/transamerica93.com.br\/home\/morre-luis-fernando-verissimo-o-cronista-que-dizia-muito-com-poucas-palavras-aos-88-anos\/\" \/>\n<meta property=\"og:locale\" content=\"pt_BR\" \/>\n<meta property=\"og:type\" content=\"article\" \/>\n<meta property=\"og:title\" content=\"Morre Luis Fernando Verissimo, o cronista que dizia muito com poucas palavras, aos 88 anos - Transam\u00e9rica Mococa 93,3\" \/>\n<meta property=\"og:description\" content=\"Por Ubiratan Brasil e Andr\u00e9 Carlos Zorzi Luis Fernando Verissimo morreu neste s\u00e1bado, 30, em Porto Alegre (RS). A informa\u00e7\u00e3o foi confirmada pelo Hospital Moinhos de Vento, onde o escritor, de 88 anos, estava internado. Em 17 de agosto de 2025, sua fam\u00edlia divulgou a informa\u00e7\u00e3o de que ele estava internado desde a semana anterior &hellip;\" \/>\n<meta property=\"og:url\" content=\"https:\/\/transamerica93.com.br\/home\/morre-luis-fernando-verissimo-o-cronista-que-dizia-muito-com-poucas-palavras-aos-88-anos\/\" \/>\n<meta property=\"og:site_name\" content=\"Transam\u00e9rica Mococa 93,3\" \/>\n<meta property=\"article:publisher\" content=\"https:\/\/www.facebook.com\/transamericamococa\" \/>\n<meta property=\"article:published_time\" content=\"2025-08-30T20:36:49+00:00\" \/>\n<meta property=\"og:image\" content=\"https:\/\/transamerica93.com.br\/home\/wp-content\/uploads\/2025\/08\/Sem-titulo-8.png\" \/>\n\t<meta property=\"og:image:width\" content=\"1265\" \/>\n\t<meta property=\"og:image:height\" content=\"760\" \/>\n\t<meta property=\"og:image:type\" content=\"image\/png\" \/>\n<meta name=\"author\" content=\"Reda\u00e7\u00e3o\" \/>\n<meta name=\"twitter:card\" content=\"summary_large_image\" \/>\n<meta name=\"twitter:creator\" content=\"@transamerica933\" \/>\n<meta name=\"twitter:site\" content=\"@transamerica933\" \/>\n<meta name=\"twitter:label1\" content=\"Escrito por\" \/>\n\t<meta name=\"twitter:data1\" content=\"Reda\u00e7\u00e3o\" \/>\n\t<meta name=\"twitter:label2\" content=\"Est. tempo de leitura\" \/>\n\t<meta name=\"twitter:data2\" content=\"8 minutos\" \/>\n<script type=\"application\/ld+json\" class=\"yoast-schema-graph\">{\"@context\":\"https:\\\/\\\/schema.org\",\"@graph\":[{\"@type\":\"Article\",\"@id\":\"https:\\\/\\\/transamerica93.com.br\\\/home\\\/morre-luis-fernando-verissimo-o-cronista-que-dizia-muito-com-poucas-palavras-aos-88-anos\\\/#article\",\"isPartOf\":{\"@id\":\"https:\\\/\\\/transamerica93.com.br\\\/home\\\/morre-luis-fernando-verissimo-o-cronista-que-dizia-muito-com-poucas-palavras-aos-88-anos\\\/\"},\"author\":{\"name\":\"Reda\u00e7\u00e3o\",\"@id\":\"https:\\\/\\\/transamerica93.com.br\\\/home\\\/#\\\/schema\\\/person\\\/7fed7c99c0d4562efa8561bc0f543172\"},\"headline\":\"Morre Luis Fernando Verissimo, o cronista que dizia muito com poucas palavras, aos 88 anos\",\"datePublished\":\"2025-08-30T20:36:49+00:00\",\"mainEntityOfPage\":{\"@id\":\"https:\\\/\\\/transamerica93.com.br\\\/home\\\/morre-luis-fernando-verissimo-o-cronista-que-dizia-muito-com-poucas-palavras-aos-88-anos\\\/\"},\"wordCount\":1448,\"publisher\":{\"@id\":\"https:\\\/\\\/transamerica93.com.br\\\/home\\\/#organization\"},\"image\":{\"@id\":\"https:\\\/\\\/transamerica93.com.br\\\/home\\\/morre-luis-fernando-verissimo-o-cronista-que-dizia-muito-com-poucas-palavras-aos-88-anos\\\/#primaryimage\"},\"thumbnailUrl\":\"https:\\\/\\\/transamerica93.com.br\\\/home\\\/wp-content\\\/uploads\\\/2025\\\/08\\\/Sem-titulo-8.png\",\"articleSection\":[\"Entretenimento\"],\"inLanguage\":\"pt-BR\"},{\"@type\":\"WebPage\",\"@id\":\"https:\\\/\\\/transamerica93.com.br\\\/home\\\/morre-luis-fernando-verissimo-o-cronista-que-dizia-muito-com-poucas-palavras-aos-88-anos\\\/\",\"url\":\"https:\\\/\\\/transamerica93.com.br\\\/home\\\/morre-luis-fernando-verissimo-o-cronista-que-dizia-muito-com-poucas-palavras-aos-88-anos\\\/\",\"name\":\"Morre Luis Fernando Verissimo, o cronista que dizia muito com poucas palavras, aos 88 anos - Transam\u00e9rica Mococa 93,3\",\"isPartOf\":{\"@id\":\"https:\\\/\\\/transamerica93.com.br\\\/home\\\/#website\"},\"primaryImageOfPage\":{\"@id\":\"https:\\\/\\\/transamerica93.com.br\\\/home\\\/morre-luis-fernando-verissimo-o-cronista-que-dizia-muito-com-poucas-palavras-aos-88-anos\\\/#primaryimage\"},\"image\":{\"@id\":\"https:\\\/\\\/transamerica93.com.br\\\/home\\\/morre-luis-fernando-verissimo-o-cronista-que-dizia-muito-com-poucas-palavras-aos-88-anos\\\/#primaryimage\"},\"thumbnailUrl\":\"https:\\\/\\\/transamerica93.com.br\\\/home\\\/wp-content\\\/uploads\\\/2025\\\/08\\\/Sem-titulo-8.png\",\"datePublished\":\"2025-08-30T20:36:49+00:00\",\"breadcrumb\":{\"@id\":\"https:\\\/\\\/transamerica93.com.br\\\/home\\\/morre-luis-fernando-verissimo-o-cronista-que-dizia-muito-com-poucas-palavras-aos-88-anos\\\/#breadcrumb\"},\"inLanguage\":\"pt-BR\",\"potentialAction\":[{\"@type\":\"ReadAction\",\"target\":[\"https:\\\/\\\/transamerica93.com.br\\\/home\\\/morre-luis-fernando-verissimo-o-cronista-que-dizia-muito-com-poucas-palavras-aos-88-anos\\\/\"]}]},{\"@type\":\"ImageObject\",\"inLanguage\":\"pt-BR\",\"@id\":\"https:\\\/\\\/transamerica93.com.br\\\/home\\\/morre-luis-fernando-verissimo-o-cronista-que-dizia-muito-com-poucas-palavras-aos-88-anos\\\/#primaryimage\",\"url\":\"https:\\\/\\\/transamerica93.com.br\\\/home\\\/wp-content\\\/uploads\\\/2025\\\/08\\\/Sem-titulo-8.png\",\"contentUrl\":\"https:\\\/\\\/transamerica93.com.br\\\/home\\\/wp-content\\\/uploads\\\/2025\\\/08\\\/Sem-titulo-8.png\",\"width\":1265,\"height\":760,\"caption\":\"Foto: Leo Martins \\\/ Ag\u00eancia O Globo\"},{\"@type\":\"BreadcrumbList\",\"@id\":\"https:\\\/\\\/transamerica93.com.br\\\/home\\\/morre-luis-fernando-verissimo-o-cronista-que-dizia-muito-com-poucas-palavras-aos-88-anos\\\/#breadcrumb\",\"itemListElement\":[{\"@type\":\"ListItem\",\"position\":1,\"name\":\"In\u00edcio\",\"item\":\"https:\\\/\\\/transamerica93.com.br\\\/home\\\/\"},{\"@type\":\"ListItem\",\"position\":2,\"name\":\"Morre Luis Fernando Verissimo, o cronista que dizia muito com poucas palavras, aos 88 anos\"}]},{\"@type\":\"WebSite\",\"@id\":\"https:\\\/\\\/transamerica93.com.br\\\/home\\\/#website\",\"url\":\"https:\\\/\\\/transamerica93.com.br\\\/home\\\/\",\"name\":\"Transam\u00e9rica Mococa 93,3\",\"description\":\"\",\"publisher\":{\"@id\":\"https:\\\/\\\/transamerica93.com.br\\\/home\\\/#organization\"},\"potentialAction\":[{\"@type\":\"SearchAction\",\"target\":{\"@type\":\"EntryPoint\",\"urlTemplate\":\"https:\\\/\\\/transamerica93.com.br\\\/home\\\/?s={search_term_string}\"},\"query-input\":{\"@type\":\"PropertyValueSpecification\",\"valueRequired\":true,\"valueName\":\"search_term_string\"}}],\"inLanguage\":\"pt-BR\"},{\"@type\":\"Organization\",\"@id\":\"https:\\\/\\\/transamerica93.com.br\\\/home\\\/#organization\",\"name\":\"Transam\u00e9rica Mococa 93,3\",\"url\":\"https:\\\/\\\/transamerica93.com.br\\\/home\\\/\",\"logo\":{\"@type\":\"ImageObject\",\"inLanguage\":\"pt-BR\",\"@id\":\"https:\\\/\\\/transamerica93.com.br\\\/home\\\/#\\\/schema\\\/logo\\\/image\\\/\",\"url\":\"https:\\\/\\\/transamerica93.com.br\\\/home\\\/wp-content\\\/uploads\\\/2023\\\/10\\\/logo2.png\",\"contentUrl\":\"https:\\\/\\\/transamerica93.com.br\\\/home\\\/wp-content\\\/uploads\\\/2023\\\/10\\\/logo2.png\",\"width\":800,\"height\":500,\"caption\":\"Transam\u00e9rica Mococa 93,3\"},\"image\":{\"@id\":\"https:\\\/\\\/transamerica93.com.br\\\/home\\\/#\\\/schema\\\/logo\\\/image\\\/\"},\"sameAs\":[\"https:\\\/\\\/www.facebook.com\\\/transamericamococa\",\"https:\\\/\\\/x.com\\\/transamerica933\",\"https:\\\/\\\/www.instagram.com\\\/transamericamococa\"]},{\"@type\":\"Person\",\"@id\":\"https:\\\/\\\/transamerica93.com.br\\\/home\\\/#\\\/schema\\\/person\\\/7fed7c99c0d4562efa8561bc0f543172\",\"name\":\"Reda\u00e7\u00e3o\",\"image\":{\"@type\":\"ImageObject\",\"inLanguage\":\"pt-BR\",\"@id\":\"https:\\\/\\\/secure.gravatar.com\\\/avatar\\\/1072c6b775fb02ef8506ce967551d95926669a6b7d2c2147b42eea4d7c68395e?s=96&d=mm&r=g\",\"url\":\"https:\\\/\\\/secure.gravatar.com\\\/avatar\\\/1072c6b775fb02ef8506ce967551d95926669a6b7d2c2147b42eea4d7c68395e?s=96&d=mm&r=g\",\"contentUrl\":\"https:\\\/\\\/secure.gravatar.com\\\/avatar\\\/1072c6b775fb02ef8506ce967551d95926669a6b7d2c2147b42eea4d7c68395e?s=96&d=mm&r=g\",\"caption\":\"Reda\u00e7\u00e3o\"},\"sameAs\":[\"https:\\\/\\\/transamerica93.com.br\\\/home\"],\"url\":\"https:\\\/\\\/transamerica93.com.br\\\/home\\\/author\\\/william\\\/\"}]}<\/script>\n<!-- \/ Yoast SEO plugin. -->","yoast_head_json":{"title":"Morre Luis Fernando Verissimo, o cronista que dizia muito com poucas palavras, aos 88 anos - Transam\u00e9rica Mococa 93,3","robots":{"index":"index","follow":"follow","max-snippet":"max-snippet:-1","max-image-preview":"max-image-preview:large","max-video-preview":"max-video-preview:-1"},"canonical":"https:\/\/transamerica93.com.br\/home\/morre-luis-fernando-verissimo-o-cronista-que-dizia-muito-com-poucas-palavras-aos-88-anos\/","og_locale":"pt_BR","og_type":"article","og_title":"Morre Luis Fernando Verissimo, o cronista que dizia muito com poucas palavras, aos 88 anos - Transam\u00e9rica Mococa 93,3","og_description":"Por Ubiratan Brasil e Andr\u00e9 Carlos Zorzi Luis Fernando Verissimo morreu neste s\u00e1bado, 30, em Porto Alegre (RS). A informa\u00e7\u00e3o foi confirmada pelo Hospital Moinhos de Vento, onde o escritor, de 88 anos, estava internado. Em 17 de agosto de 2025, sua fam\u00edlia divulgou a informa\u00e7\u00e3o de que ele estava internado desde a semana anterior &hellip;","og_url":"https:\/\/transamerica93.com.br\/home\/morre-luis-fernando-verissimo-o-cronista-que-dizia-muito-com-poucas-palavras-aos-88-anos\/","og_site_name":"Transam\u00e9rica Mococa 93,3","article_publisher":"https:\/\/www.facebook.com\/transamericamococa","article_published_time":"2025-08-30T20:36:49+00:00","og_image":[{"width":1265,"height":760,"url":"https:\/\/transamerica93.com.br\/home\/wp-content\/uploads\/2025\/08\/Sem-titulo-8.png","type":"image\/png"}],"author":"Reda\u00e7\u00e3o","twitter_card":"summary_large_image","twitter_creator":"@transamerica933","twitter_site":"@transamerica933","twitter_misc":{"Escrito por":"Reda\u00e7\u00e3o","Est. tempo de leitura":"8 minutos"},"schema":{"@context":"https:\/\/schema.org","@graph":[{"@type":"Article","@id":"https:\/\/transamerica93.com.br\/home\/morre-luis-fernando-verissimo-o-cronista-que-dizia-muito-com-poucas-palavras-aos-88-anos\/#article","isPartOf":{"@id":"https:\/\/transamerica93.com.br\/home\/morre-luis-fernando-verissimo-o-cronista-que-dizia-muito-com-poucas-palavras-aos-88-anos\/"},"author":{"name":"Reda\u00e7\u00e3o","@id":"https:\/\/transamerica93.com.br\/home\/#\/schema\/person\/7fed7c99c0d4562efa8561bc0f543172"},"headline":"Morre Luis Fernando Verissimo, o cronista que dizia muito com poucas palavras, aos 88 anos","datePublished":"2025-08-30T20:36:49+00:00","mainEntityOfPage":{"@id":"https:\/\/transamerica93.com.br\/home\/morre-luis-fernando-verissimo-o-cronista-que-dizia-muito-com-poucas-palavras-aos-88-anos\/"},"wordCount":1448,"publisher":{"@id":"https:\/\/transamerica93.com.br\/home\/#organization"},"image":{"@id":"https:\/\/transamerica93.com.br\/home\/morre-luis-fernando-verissimo-o-cronista-que-dizia-muito-com-poucas-palavras-aos-88-anos\/#primaryimage"},"thumbnailUrl":"https:\/\/transamerica93.com.br\/home\/wp-content\/uploads\/2025\/08\/Sem-titulo-8.png","articleSection":["Entretenimento"],"inLanguage":"pt-BR"},{"@type":"WebPage","@id":"https:\/\/transamerica93.com.br\/home\/morre-luis-fernando-verissimo-o-cronista-que-dizia-muito-com-poucas-palavras-aos-88-anos\/","url":"https:\/\/transamerica93.com.br\/home\/morre-luis-fernando-verissimo-o-cronista-que-dizia-muito-com-poucas-palavras-aos-88-anos\/","name":"Morre Luis Fernando Verissimo, o cronista que dizia muito com poucas palavras, aos 88 anos - Transam\u00e9rica Mococa 93,3","isPartOf":{"@id":"https:\/\/transamerica93.com.br\/home\/#website"},"primaryImageOfPage":{"@id":"https:\/\/transamerica93.com.br\/home\/morre-luis-fernando-verissimo-o-cronista-que-dizia-muito-com-poucas-palavras-aos-88-anos\/#primaryimage"},"image":{"@id":"https:\/\/transamerica93.com.br\/home\/morre-luis-fernando-verissimo-o-cronista-que-dizia-muito-com-poucas-palavras-aos-88-anos\/#primaryimage"},"thumbnailUrl":"https:\/\/transamerica93.com.br\/home\/wp-content\/uploads\/2025\/08\/Sem-titulo-8.png","datePublished":"2025-08-30T20:36:49+00:00","breadcrumb":{"@id":"https:\/\/transamerica93.com.br\/home\/morre-luis-fernando-verissimo-o-cronista-que-dizia-muito-com-poucas-palavras-aos-88-anos\/#breadcrumb"},"inLanguage":"pt-BR","potentialAction":[{"@type":"ReadAction","target":["https:\/\/transamerica93.com.br\/home\/morre-luis-fernando-verissimo-o-cronista-que-dizia-muito-com-poucas-palavras-aos-88-anos\/"]}]},{"@type":"ImageObject","inLanguage":"pt-BR","@id":"https:\/\/transamerica93.com.br\/home\/morre-luis-fernando-verissimo-o-cronista-que-dizia-muito-com-poucas-palavras-aos-88-anos\/#primaryimage","url":"https:\/\/transamerica93.com.br\/home\/wp-content\/uploads\/2025\/08\/Sem-titulo-8.png","contentUrl":"https:\/\/transamerica93.com.br\/home\/wp-content\/uploads\/2025\/08\/Sem-titulo-8.png","width":1265,"height":760,"caption":"Foto: Leo Martins \/ Ag\u00eancia O Globo"},{"@type":"BreadcrumbList","@id":"https:\/\/transamerica93.com.br\/home\/morre-luis-fernando-verissimo-o-cronista-que-dizia-muito-com-poucas-palavras-aos-88-anos\/#breadcrumb","itemListElement":[{"@type":"ListItem","position":1,"name":"In\u00edcio","item":"https:\/\/transamerica93.com.br\/home\/"},{"@type":"ListItem","position":2,"name":"Morre Luis Fernando Verissimo, o cronista que dizia muito com poucas palavras, aos 88 anos"}]},{"@type":"WebSite","@id":"https:\/\/transamerica93.com.br\/home\/#website","url":"https:\/\/transamerica93.com.br\/home\/","name":"Transam\u00e9rica Mococa 93,3","description":"","publisher":{"@id":"https:\/\/transamerica93.com.br\/home\/#organization"},"potentialAction":[{"@type":"SearchAction","target":{"@type":"EntryPoint","urlTemplate":"https:\/\/transamerica93.com.br\/home\/?s={search_term_string}"},"query-input":{"@type":"PropertyValueSpecification","valueRequired":true,"valueName":"search_term_string"}}],"inLanguage":"pt-BR"},{"@type":"Organization","@id":"https:\/\/transamerica93.com.br\/home\/#organization","name":"Transam\u00e9rica Mococa 93,3","url":"https:\/\/transamerica93.com.br\/home\/","logo":{"@type":"ImageObject","inLanguage":"pt-BR","@id":"https:\/\/transamerica93.com.br\/home\/#\/schema\/logo\/image\/","url":"https:\/\/transamerica93.com.br\/home\/wp-content\/uploads\/2023\/10\/logo2.png","contentUrl":"https:\/\/transamerica93.com.br\/home\/wp-content\/uploads\/2023\/10\/logo2.png","width":800,"height":500,"caption":"Transam\u00e9rica Mococa 93,3"},"image":{"@id":"https:\/\/transamerica93.com.br\/home\/#\/schema\/logo\/image\/"},"sameAs":["https:\/\/www.facebook.com\/transamericamococa","https:\/\/x.com\/transamerica933","https:\/\/www.instagram.com\/transamericamococa"]},{"@type":"Person","@id":"https:\/\/transamerica93.com.br\/home\/#\/schema\/person\/7fed7c99c0d4562efa8561bc0f543172","name":"Reda\u00e7\u00e3o","image":{"@type":"ImageObject","inLanguage":"pt-BR","@id":"https:\/\/secure.gravatar.com\/avatar\/1072c6b775fb02ef8506ce967551d95926669a6b7d2c2147b42eea4d7c68395e?s=96&d=mm&r=g","url":"https:\/\/secure.gravatar.com\/avatar\/1072c6b775fb02ef8506ce967551d95926669a6b7d2c2147b42eea4d7c68395e?s=96&d=mm&r=g","contentUrl":"https:\/\/secure.gravatar.com\/avatar\/1072c6b775fb02ef8506ce967551d95926669a6b7d2c2147b42eea4d7c68395e?s=96&d=mm&r=g","caption":"Reda\u00e7\u00e3o"},"sameAs":["https:\/\/transamerica93.com.br\/home"],"url":"https:\/\/transamerica93.com.br\/home\/author\/william\/"}]}},"_links":{"self":[{"href":"https:\/\/transamerica93.com.br\/home\/wp-json\/wp\/v2\/posts\/6170","targetHints":{"allow":["GET"]}}],"collection":[{"href":"https:\/\/transamerica93.com.br\/home\/wp-json\/wp\/v2\/posts"}],"about":[{"href":"https:\/\/transamerica93.com.br\/home\/wp-json\/wp\/v2\/types\/post"}],"author":[{"embeddable":true,"href":"https:\/\/transamerica93.com.br\/home\/wp-json\/wp\/v2\/users\/1"}],"replies":[{"embeddable":true,"href":"https:\/\/transamerica93.com.br\/home\/wp-json\/wp\/v2\/comments?post=6170"}],"version-history":[{"count":1,"href":"https:\/\/transamerica93.com.br\/home\/wp-json\/wp\/v2\/posts\/6170\/revisions"}],"predecessor-version":[{"id":6172,"href":"https:\/\/transamerica93.com.br\/home\/wp-json\/wp\/v2\/posts\/6170\/revisions\/6172"}],"wp:featuredmedia":[{"embeddable":true,"href":"https:\/\/transamerica93.com.br\/home\/wp-json\/wp\/v2\/media\/6171"}],"wp:attachment":[{"href":"https:\/\/transamerica93.com.br\/home\/wp-json\/wp\/v2\/media?parent=6170"}],"wp:term":[{"taxonomy":"category","embeddable":true,"href":"https:\/\/transamerica93.com.br\/home\/wp-json\/wp\/v2\/categories?post=6170"},{"taxonomy":"post_tag","embeddable":true,"href":"https:\/\/transamerica93.com.br\/home\/wp-json\/wp\/v2\/tags?post=6170"}],"curies":[{"name":"wp","href":"https:\/\/api.w.org\/{rel}","templated":true}]}}