{"id":6175,"date":"2025-09-03T09:00:46","date_gmt":"2025-09-03T12:00:46","guid":{"rendered":"https:\/\/transamerica93.com.br\/home\/?p=6175"},"modified":"2025-09-03T20:59:00","modified_gmt":"2025-09-03T23:59:00","slug":"pesquisa-aponta-desigualdade-da-conexao-digital-no-pais","status":"publish","type":"post","link":"https:\/\/transamerica93.com.br\/home\/pesquisa-aponta-desigualdade-da-conexao-digital-no-pais\/","title":{"rendered":"Pesquisa aponta desigualdade da conex\u00e3o digital no pa\u00eds"},"content":{"rendered":"<div class=\"conteudo-noticia\">\n<p>Pesquisa da Ag\u00eancia Nacional de Telecomunica\u00e7\u00f5es (Anatel) e do Instituto de Defesa de Consumidores (Idec) aponta a\u00a0<strong>desigualdade na conex\u00e3o digital no Brasil<\/strong>. Um destaque do estudo \u00e9 o tempo sem internet m\u00f3vel devido \u00e0 falta de franquia de dados.<img decoding=\"async\" data-src=\"https:\/\/agenciabrasil.ebc.com.br\/ebc.png?id=1656973&amp;o=node\" src=\"data:image\/svg+xml;base64,PHN2ZyB3aWR0aD0iMSIgaGVpZ2h0PSIxIiB4bWxucz0iaHR0cDovL3d3dy53My5vcmcvMjAwMC9zdmciPjwvc3ZnPg==\" class=\"lazyload\" \/><img decoding=\"async\" data-src=\"https:\/\/agenciabrasil.ebc.com.br\/ebc.gif?id=1656973&amp;o=node\" src=\"data:image\/svg+xml;base64,PHN2ZyB3aWR0aD0iMSIgaGVpZ2h0PSIxIiB4bWxucz0iaHR0cDovL3d3dy53My5vcmcvMjAwMC9zdmciPjwvc3ZnPg==\" class=\"lazyload\" \/><\/p>\n<p>O levantamento revela que 35% das pessoas com renda de at\u00e9 1 sal\u00e1rio m\u00ednimo e 35,6% das que recebem entre 1 e 3 sal\u00e1rios m\u00ednimos ficaram sete dias ou mais sem acesso \u00e0 internet m\u00f3vel nos 30 dias anteriores ao estudo. Esse\u00a0<strong>cen\u00e1rio se agrava para os consumidores de menor renda: 11,6% ficaram mais de 15 dias sem acesso, valor quase seis vezes maior do que o observado entre aqueles com renda superior a 3 sal\u00e1rios m\u00ednimos (2,2%).<\/strong><\/p>\n<blockquote><p>\u201cOutro ponto de aten\u00e7\u00e3o \u00e9 que, por estar sem a franquia de dados no celular e sem acesso ao Wi-Fi, 63,8% dos brasileiros deixaram de utilizar servi\u00e7os banc\u00e1rios ou financeiros; 56,5% deixaram de acessar plataformas de servi\u00e7os do governo; 55,2% deixaram de estudar; e 52,3% deixaram de acessar servi\u00e7os de sa\u00fade\u201d, destacam a Anatel e o Idec.<\/p><\/blockquote>\n<p>A pesquisa aborda ainda o impacto da publicidade no consumo de dados. A\u00a0<strong>percep\u00e7\u00e3o de que v\u00eddeos de publicidade aparecem com muita frequ\u00eancia (\u201csempre\u201d ou \u201cmuitas vezes\u201d) ultrapassa os 50% em todas as faixas de renda investigadas<\/strong>.<\/p>\n<p>Tamb\u00e9m h\u00e1 disparidade na compra de celulares por faixa de renda. Entre os indiv\u00edduos com renda de at\u00e9 1 sal\u00e1rio m\u00ednimo, 51% declararam ter aparelhos celulares com valor de compra inferior a RS 1 mil. Em contrapartida, nas faixas de renda mais elevadas, predominam os aparelhos mais caros, evidenciando a\u00a0<strong>influ\u00eancia da barreira financeira no acesso a dispositivos mais modernos<\/strong>.<\/p>\n<p><a href=\"https:\/\/www.whatsapp.com\/channel\/0029VaoRTgrInlqYLSk59B2M\" target=\"_blank\" rel=\"noopener\">&gt;&gt; Siga o canal da\u00a0<strong>Ag\u00eancia Brasil\u00a0<\/strong>no WhatsApp<\/a><\/p>\n<p>Apesar dessa diferen\u00e7a de valor, mais de 50% dos entrevistados em todas as faixas de renda t\u00eam o aparelho celular h\u00e1 menos de dois anos, o que indica que a maioria da popula\u00e7\u00e3o disp\u00f5e de celulares relativamente novos.<\/p>\n<p>Por outro lado, o estudo revela que entre as pessoas que afirmaram n\u00e3o ter computador de mesa ou port\u00e1til,\u00a0<strong>quase metade (47,3%) informou que o principal motivo para n\u00e3o ter o equipamento \u00e9 o alto custo de aquisi\u00e7\u00e3o<\/strong>. Outros dois motivos para n\u00e3o ter computador est\u00e3o inter-relacionados e somam quase 30% dos entrevistados: falta de interesse e n\u00e3o saber utilizar.<\/p>\n<blockquote><p>\u201cEssa lacuna na posse de computadores contrasta com o fato de que as pessoas geralmente preferem us\u00e1-los, em vez do celular, para tarefas essenciais, como acessar servi\u00e7os do governo, bancos, atendimento m\u00e9dico e fazer compras online\u201d, diz o estudo.<\/p><\/blockquote>\n<p>O levantamento avaliou o n\u00edvel de satisfa\u00e7\u00e3o dos consumidores em quatro aspectos: dispositivo, infraestrutura (servi\u00e7os de internet fixa e m\u00f3vel), habilidades digitais e atendimento das necessidades de conex\u00e3o. As notas m\u00e9dias nacionais da avalia\u00e7\u00e3o dos consumidores foram:<\/p>\n<ul>\n<li>Aparelho celular: 8,3<\/li>\n<li>Habilidades digitais: 8,2<\/li>\n<li>Infraestrutura (internet fixa e m\u00f3vel): 7,6<\/li>\n<li>Atendimento \u00e0s necessidades de conex\u00e3o: 7,8<\/li>\n<\/ul>\n<p>Embora as notas de satisfa\u00e7\u00e3o com o aparelho celular e as habilidades digitais sejam elevadas, a pesquisa aponta que a satisfa\u00e7\u00e3o com as\u00a0<strong>habilidades digitais \u00e9 significativamente menor entre os mais vulner\u00e1veis, como pessoas com renda de at\u00e9 1 sal\u00e1rio m\u00ednimo e idosos.<\/strong><\/p>\n<p>O estudo tamb\u00e9m sugere um poss\u00edvel descasamento entre a autopercep\u00e7\u00e3o do n\u00edvel de habilidades digitais e a exist\u00eancia real dessas habilidades, indicando que as pessoas podem se considerar mais aptas a lidar com o mundo digital do que de fato est\u00e3o.<\/p>\n<p>Segundo o coordenador do programa de Telecomunica\u00e7\u00f5es e Direitos Digitais do Idec, Lu\u00e3 Cruz, os\u00a0<strong>dados da pesquisa escancaram que a desigualdade tamb\u00e9m \u00e9 perpetuada por desafios \u00e0 conectividade, como apontam os n\u00fameros sobre custos e o impacto das limita\u00e7\u00f5es na franquia.<\/strong><\/p>\n<blockquote><p>\u201cA partir disso, por\u00e9m, vemos um necess\u00e1rio caminho: a promo\u00e7\u00e3o de conectividade significativa \u00e9 essencial para a defesa e a promo\u00e7\u00e3o de direitos fundamentais\u201d, afirma Lu\u00e3 Cruz.<\/p><\/blockquote>\n<p>O advogado do programa de Telecomunica\u00e7\u00f5es e Direitos Digitais do Idec, Lucas Marcon, destaca que a\u00a0<strong>maior parte dos brasileiros precisa acessar a internet por celular e que mais de um ter\u00e7o dos pesquisados ficou sem internet por falta de dados m\u00f3veis no final do m\u00eas.<\/strong><\/p>\n<blockquote><p>\u201cA desigualdade tamb\u00e9m \u00e9 refletida no setor de telecomunica\u00e7\u00f5es. A gente precisa ter uma pol\u00edtica mais ampla de acesso \u00e0 banda larga e outros meios de conex\u00e3o que n\u00e3o sejam limitadas\u201d, diz\u00a0Marcon.<\/p><\/blockquote>\n<p>Para a conselheira diretora da Anatel Cristiana Camarate, \u201cos resultados da pesquisa apontam caminhos para aperfei\u00e7oar iniciativas espec\u00edficas de desenvolvimento da conectividade significativa, visando \u00e0 inclus\u00e3o digital de todos os cidad\u00e3os\u201d.<\/p>\n<h2>Metodologia<\/h2>\n<p>A pesquisa, realizada entre agosto de 2023 e junho de 2024, foi feita por telefone, com 593 pessoas, utilizando o m\u00e9todo CATI (Computer Assisted Telephone Interviewing), e teve abrang\u00eancia nacional.<strong>\u00a0Foram entrevistados usu\u00e1rios dos servi\u00e7os de telefonia celular (pr\u00e9 e p\u00f3s-paga) ou banda larga fixa, com mais de 18 anos<\/strong>.<\/p>\n<div class=\"noticias-relacionadas rel-position rowflex\">\n<div class=\"titulo-noticia-relacionada\"><\/div>\n<\/div>\n<\/div>\n<div class=\"footer-noticia\">\n<div class=\"editor rowflex\">Edi\u00e7\u00e3o: Maria Claudia<\/div>\n<\/div>\n","protected":false},"excerpt":{"rendered":"<p>Pesquisa da Ag\u00eancia Nacional de Telecomunica\u00e7\u00f5es (Anatel) e do Instituto de Defesa de Consumidores (Idec) aponta a\u00a0desigualdade na conex\u00e3o digital no Brasil. Um destaque do estudo \u00e9 o tempo sem internet m\u00f3vel devido \u00e0 falta de franquia de dados. O levantamento revela que 35% das pessoas com renda de at\u00e9 1 sal\u00e1rio m\u00ednimo e 35,6% &hellip;<\/p>\n","protected":false},"author":1,"featured_media":6176,"comment_status":"closed","ping_status":"closed","sticky":false,"template":"","format":"standard","meta":{"footnotes":""},"categories":[30],"tags":[],"class_list":["post-6175","post","type-post","status-publish","format-standard","has-post-thumbnail","hentry","category-geral"],"yoast_head":"<!-- This site is optimized with the Yoast SEO plugin v27.4 - https:\/\/yoast.com\/product\/yoast-seo-wordpress\/ -->\n<title>Pesquisa aponta desigualdade da conex\u00e3o digital no pa\u00eds - Transam\u00e9rica Mococa 93,3<\/title>\n<meta name=\"robots\" content=\"index, follow, max-snippet:-1, max-image-preview:large, max-video-preview:-1\" \/>\n<link rel=\"canonical\" href=\"https:\/\/transamerica93.com.br\/home\/pesquisa-aponta-desigualdade-da-conexao-digital-no-pais\/\" \/>\n<meta property=\"og:locale\" content=\"pt_BR\" \/>\n<meta property=\"og:type\" content=\"article\" \/>\n<meta property=\"og:title\" content=\"Pesquisa aponta desigualdade da conex\u00e3o digital no pa\u00eds - Transam\u00e9rica Mococa 93,3\" \/>\n<meta property=\"og:description\" content=\"Pesquisa da Ag\u00eancia Nacional de Telecomunica\u00e7\u00f5es (Anatel) e do Instituto de Defesa de Consumidores (Idec) aponta a\u00a0desigualdade na conex\u00e3o digital no Brasil. Um destaque do estudo \u00e9 o tempo sem internet m\u00f3vel devido \u00e0 falta de franquia de dados. O levantamento revela que 35% das pessoas com renda de at\u00e9 1 sal\u00e1rio m\u00ednimo e 35,6% &hellip;\" \/>\n<meta property=\"og:url\" content=\"https:\/\/transamerica93.com.br\/home\/pesquisa-aponta-desigualdade-da-conexao-digital-no-pais\/\" \/>\n<meta property=\"og:site_name\" content=\"Transam\u00e9rica Mococa 93,3\" \/>\n<meta property=\"article:publisher\" content=\"https:\/\/www.facebook.com\/transamericamococa\" \/>\n<meta property=\"article:published_time\" content=\"2025-09-03T12:00:46+00:00\" \/>\n<meta property=\"article:modified_time\" content=\"2025-09-03T23:59:00+00:00\" \/>\n<meta property=\"og:image\" content=\"https:\/\/transamerica93.com.br\/home\/wp-content\/uploads\/2025\/09\/Sem-titulo.jpg\" \/>\n\t<meta property=\"og:image:width\" content=\"1170\" \/>\n\t<meta property=\"og:image:height\" content=\"700\" \/>\n\t<meta property=\"og:image:type\" content=\"image\/jpeg\" \/>\n<meta name=\"author\" content=\"Reda\u00e7\u00e3o\" \/>\n<meta name=\"twitter:card\" content=\"summary_large_image\" \/>\n<meta name=\"twitter:creator\" content=\"@transamerica933\" \/>\n<meta name=\"twitter:site\" content=\"@transamerica933\" \/>\n<meta name=\"twitter:label1\" content=\"Escrito por\" \/>\n\t<meta name=\"twitter:data1\" content=\"Reda\u00e7\u00e3o\" \/>\n\t<meta name=\"twitter:label2\" content=\"Est. tempo de leitura\" \/>\n\t<meta name=\"twitter:data2\" content=\"5 minutos\" \/>\n<script type=\"application\/ld+json\" class=\"yoast-schema-graph\">{\"@context\":\"https:\\\/\\\/schema.org\",\"@graph\":[{\"@type\":\"Article\",\"@id\":\"https:\\\/\\\/transamerica93.com.br\\\/home\\\/pesquisa-aponta-desigualdade-da-conexao-digital-no-pais\\\/#article\",\"isPartOf\":{\"@id\":\"https:\\\/\\\/transamerica93.com.br\\\/home\\\/pesquisa-aponta-desigualdade-da-conexao-digital-no-pais\\\/\"},\"author\":{\"name\":\"Reda\u00e7\u00e3o\",\"@id\":\"https:\\\/\\\/transamerica93.com.br\\\/home\\\/#\\\/schema\\\/person\\\/7fed7c99c0d4562efa8561bc0f543172\"},\"headline\":\"Pesquisa aponta desigualdade da conex\u00e3o digital no pa\u00eds\",\"datePublished\":\"2025-09-03T12:00:46+00:00\",\"dateModified\":\"2025-09-03T23:59:00+00:00\",\"mainEntityOfPage\":{\"@id\":\"https:\\\/\\\/transamerica93.com.br\\\/home\\\/pesquisa-aponta-desigualdade-da-conexao-digital-no-pais\\\/\"},\"wordCount\":847,\"publisher\":{\"@id\":\"https:\\\/\\\/transamerica93.com.br\\\/home\\\/#organization\"},\"image\":{\"@id\":\"https:\\\/\\\/transamerica93.com.br\\\/home\\\/pesquisa-aponta-desigualdade-da-conexao-digital-no-pais\\\/#primaryimage\"},\"thumbnailUrl\":\"https:\\\/\\\/transamerica93.com.br\\\/home\\\/wp-content\\\/uploads\\\/2025\\\/09\\\/Sem-titulo.jpg\",\"articleSection\":[\"Geral\"],\"inLanguage\":\"pt-BR\"},{\"@type\":\"WebPage\",\"@id\":\"https:\\\/\\\/transamerica93.com.br\\\/home\\\/pesquisa-aponta-desigualdade-da-conexao-digital-no-pais\\\/\",\"url\":\"https:\\\/\\\/transamerica93.com.br\\\/home\\\/pesquisa-aponta-desigualdade-da-conexao-digital-no-pais\\\/\",\"name\":\"Pesquisa aponta desigualdade da conex\u00e3o digital no pa\u00eds - Transam\u00e9rica Mococa 93,3\",\"isPartOf\":{\"@id\":\"https:\\\/\\\/transamerica93.com.br\\\/home\\\/#website\"},\"primaryImageOfPage\":{\"@id\":\"https:\\\/\\\/transamerica93.com.br\\\/home\\\/pesquisa-aponta-desigualdade-da-conexao-digital-no-pais\\\/#primaryimage\"},\"image\":{\"@id\":\"https:\\\/\\\/transamerica93.com.br\\\/home\\\/pesquisa-aponta-desigualdade-da-conexao-digital-no-pais\\\/#primaryimage\"},\"thumbnailUrl\":\"https:\\\/\\\/transamerica93.com.br\\\/home\\\/wp-content\\\/uploads\\\/2025\\\/09\\\/Sem-titulo.jpg\",\"datePublished\":\"2025-09-03T12:00:46+00:00\",\"dateModified\":\"2025-09-03T23:59:00+00:00\",\"breadcrumb\":{\"@id\":\"https:\\\/\\\/transamerica93.com.br\\\/home\\\/pesquisa-aponta-desigualdade-da-conexao-digital-no-pais\\\/#breadcrumb\"},\"inLanguage\":\"pt-BR\",\"potentialAction\":[{\"@type\":\"ReadAction\",\"target\":[\"https:\\\/\\\/transamerica93.com.br\\\/home\\\/pesquisa-aponta-desigualdade-da-conexao-digital-no-pais\\\/\"]}]},{\"@type\":\"ImageObject\",\"inLanguage\":\"pt-BR\",\"@id\":\"https:\\\/\\\/transamerica93.com.br\\\/home\\\/pesquisa-aponta-desigualdade-da-conexao-digital-no-pais\\\/#primaryimage\",\"url\":\"https:\\\/\\\/transamerica93.com.br\\\/home\\\/wp-content\\\/uploads\\\/2025\\\/09\\\/Sem-titulo.jpg\",\"contentUrl\":\"https:\\\/\\\/transamerica93.com.br\\\/home\\\/wp-content\\\/uploads\\\/2025\\\/09\\\/Sem-titulo.jpg\",\"width\":1170,\"height\":700,\"caption\":\"\u00a9 T\u00e2nia R\u00eago\\\/Ag\u00eancia Brasil\"},{\"@type\":\"BreadcrumbList\",\"@id\":\"https:\\\/\\\/transamerica93.com.br\\\/home\\\/pesquisa-aponta-desigualdade-da-conexao-digital-no-pais\\\/#breadcrumb\",\"itemListElement\":[{\"@type\":\"ListItem\",\"position\":1,\"name\":\"In\u00edcio\",\"item\":\"https:\\\/\\\/transamerica93.com.br\\\/home\\\/\"},{\"@type\":\"ListItem\",\"position\":2,\"name\":\"Pesquisa aponta desigualdade da conex\u00e3o digital no pa\u00eds\"}]},{\"@type\":\"WebSite\",\"@id\":\"https:\\\/\\\/transamerica93.com.br\\\/home\\\/#website\",\"url\":\"https:\\\/\\\/transamerica93.com.br\\\/home\\\/\",\"name\":\"Transam\u00e9rica Mococa 93,3\",\"description\":\"\",\"publisher\":{\"@id\":\"https:\\\/\\\/transamerica93.com.br\\\/home\\\/#organization\"},\"potentialAction\":[{\"@type\":\"SearchAction\",\"target\":{\"@type\":\"EntryPoint\",\"urlTemplate\":\"https:\\\/\\\/transamerica93.com.br\\\/home\\\/?s={search_term_string}\"},\"query-input\":{\"@type\":\"PropertyValueSpecification\",\"valueRequired\":true,\"valueName\":\"search_term_string\"}}],\"inLanguage\":\"pt-BR\"},{\"@type\":\"Organization\",\"@id\":\"https:\\\/\\\/transamerica93.com.br\\\/home\\\/#organization\",\"name\":\"Transam\u00e9rica Mococa 93,3\",\"url\":\"https:\\\/\\\/transamerica93.com.br\\\/home\\\/\",\"logo\":{\"@type\":\"ImageObject\",\"inLanguage\":\"pt-BR\",\"@id\":\"https:\\\/\\\/transamerica93.com.br\\\/home\\\/#\\\/schema\\\/logo\\\/image\\\/\",\"url\":\"https:\\\/\\\/transamerica93.com.br\\\/home\\\/wp-content\\\/uploads\\\/2023\\\/10\\\/logo2.png\",\"contentUrl\":\"https:\\\/\\\/transamerica93.com.br\\\/home\\\/wp-content\\\/uploads\\\/2023\\\/10\\\/logo2.png\",\"width\":800,\"height\":500,\"caption\":\"Transam\u00e9rica Mococa 93,3\"},\"image\":{\"@id\":\"https:\\\/\\\/transamerica93.com.br\\\/home\\\/#\\\/schema\\\/logo\\\/image\\\/\"},\"sameAs\":[\"https:\\\/\\\/www.facebook.com\\\/transamericamococa\",\"https:\\\/\\\/x.com\\\/transamerica933\",\"https:\\\/\\\/www.instagram.com\\\/transamericamococa\"]},{\"@type\":\"Person\",\"@id\":\"https:\\\/\\\/transamerica93.com.br\\\/home\\\/#\\\/schema\\\/person\\\/7fed7c99c0d4562efa8561bc0f543172\",\"name\":\"Reda\u00e7\u00e3o\",\"image\":{\"@type\":\"ImageObject\",\"inLanguage\":\"pt-BR\",\"@id\":\"https:\\\/\\\/secure.gravatar.com\\\/avatar\\\/1072c6b775fb02ef8506ce967551d95926669a6b7d2c2147b42eea4d7c68395e?s=96&d=mm&r=g\",\"url\":\"https:\\\/\\\/secure.gravatar.com\\\/avatar\\\/1072c6b775fb02ef8506ce967551d95926669a6b7d2c2147b42eea4d7c68395e?s=96&d=mm&r=g\",\"contentUrl\":\"https:\\\/\\\/secure.gravatar.com\\\/avatar\\\/1072c6b775fb02ef8506ce967551d95926669a6b7d2c2147b42eea4d7c68395e?s=96&d=mm&r=g\",\"caption\":\"Reda\u00e7\u00e3o\"},\"sameAs\":[\"https:\\\/\\\/transamerica93.com.br\\\/home\"],\"url\":\"https:\\\/\\\/transamerica93.com.br\\\/home\\\/author\\\/william\\\/\"}]}<\/script>\n<!-- \/ Yoast SEO plugin. -->","yoast_head_json":{"title":"Pesquisa aponta desigualdade da conex\u00e3o digital no pa\u00eds - Transam\u00e9rica Mococa 93,3","robots":{"index":"index","follow":"follow","max-snippet":"max-snippet:-1","max-image-preview":"max-image-preview:large","max-video-preview":"max-video-preview:-1"},"canonical":"https:\/\/transamerica93.com.br\/home\/pesquisa-aponta-desigualdade-da-conexao-digital-no-pais\/","og_locale":"pt_BR","og_type":"article","og_title":"Pesquisa aponta desigualdade da conex\u00e3o digital no pa\u00eds - Transam\u00e9rica Mococa 93,3","og_description":"Pesquisa da Ag\u00eancia Nacional de Telecomunica\u00e7\u00f5es (Anatel) e do Instituto de Defesa de Consumidores (Idec) aponta a\u00a0desigualdade na conex\u00e3o digital no Brasil. Um destaque do estudo \u00e9 o tempo sem internet m\u00f3vel devido \u00e0 falta de franquia de dados. O levantamento revela que 35% das pessoas com renda de at\u00e9 1 sal\u00e1rio m\u00ednimo e 35,6% &hellip;","og_url":"https:\/\/transamerica93.com.br\/home\/pesquisa-aponta-desigualdade-da-conexao-digital-no-pais\/","og_site_name":"Transam\u00e9rica Mococa 93,3","article_publisher":"https:\/\/www.facebook.com\/transamericamococa","article_published_time":"2025-09-03T12:00:46+00:00","article_modified_time":"2025-09-03T23:59:00+00:00","og_image":[{"width":1170,"height":700,"url":"https:\/\/transamerica93.com.br\/home\/wp-content\/uploads\/2025\/09\/Sem-titulo.jpg","type":"image\/jpeg"}],"author":"Reda\u00e7\u00e3o","twitter_card":"summary_large_image","twitter_creator":"@transamerica933","twitter_site":"@transamerica933","twitter_misc":{"Escrito por":"Reda\u00e7\u00e3o","Est. tempo de leitura":"5 minutos"},"schema":{"@context":"https:\/\/schema.org","@graph":[{"@type":"Article","@id":"https:\/\/transamerica93.com.br\/home\/pesquisa-aponta-desigualdade-da-conexao-digital-no-pais\/#article","isPartOf":{"@id":"https:\/\/transamerica93.com.br\/home\/pesquisa-aponta-desigualdade-da-conexao-digital-no-pais\/"},"author":{"name":"Reda\u00e7\u00e3o","@id":"https:\/\/transamerica93.com.br\/home\/#\/schema\/person\/7fed7c99c0d4562efa8561bc0f543172"},"headline":"Pesquisa aponta desigualdade da conex\u00e3o digital no pa\u00eds","datePublished":"2025-09-03T12:00:46+00:00","dateModified":"2025-09-03T23:59:00+00:00","mainEntityOfPage":{"@id":"https:\/\/transamerica93.com.br\/home\/pesquisa-aponta-desigualdade-da-conexao-digital-no-pais\/"},"wordCount":847,"publisher":{"@id":"https:\/\/transamerica93.com.br\/home\/#organization"},"image":{"@id":"https:\/\/transamerica93.com.br\/home\/pesquisa-aponta-desigualdade-da-conexao-digital-no-pais\/#primaryimage"},"thumbnailUrl":"https:\/\/transamerica93.com.br\/home\/wp-content\/uploads\/2025\/09\/Sem-titulo.jpg","articleSection":["Geral"],"inLanguage":"pt-BR"},{"@type":"WebPage","@id":"https:\/\/transamerica93.com.br\/home\/pesquisa-aponta-desigualdade-da-conexao-digital-no-pais\/","url":"https:\/\/transamerica93.com.br\/home\/pesquisa-aponta-desigualdade-da-conexao-digital-no-pais\/","name":"Pesquisa aponta desigualdade da conex\u00e3o digital no pa\u00eds - Transam\u00e9rica Mococa 93,3","isPartOf":{"@id":"https:\/\/transamerica93.com.br\/home\/#website"},"primaryImageOfPage":{"@id":"https:\/\/transamerica93.com.br\/home\/pesquisa-aponta-desigualdade-da-conexao-digital-no-pais\/#primaryimage"},"image":{"@id":"https:\/\/transamerica93.com.br\/home\/pesquisa-aponta-desigualdade-da-conexao-digital-no-pais\/#primaryimage"},"thumbnailUrl":"https:\/\/transamerica93.com.br\/home\/wp-content\/uploads\/2025\/09\/Sem-titulo.jpg","datePublished":"2025-09-03T12:00:46+00:00","dateModified":"2025-09-03T23:59:00+00:00","breadcrumb":{"@id":"https:\/\/transamerica93.com.br\/home\/pesquisa-aponta-desigualdade-da-conexao-digital-no-pais\/#breadcrumb"},"inLanguage":"pt-BR","potentialAction":[{"@type":"ReadAction","target":["https:\/\/transamerica93.com.br\/home\/pesquisa-aponta-desigualdade-da-conexao-digital-no-pais\/"]}]},{"@type":"ImageObject","inLanguage":"pt-BR","@id":"https:\/\/transamerica93.com.br\/home\/pesquisa-aponta-desigualdade-da-conexao-digital-no-pais\/#primaryimage","url":"https:\/\/transamerica93.com.br\/home\/wp-content\/uploads\/2025\/09\/Sem-titulo.jpg","contentUrl":"https:\/\/transamerica93.com.br\/home\/wp-content\/uploads\/2025\/09\/Sem-titulo.jpg","width":1170,"height":700,"caption":"\u00a9 T\u00e2nia R\u00eago\/Ag\u00eancia Brasil"},{"@type":"BreadcrumbList","@id":"https:\/\/transamerica93.com.br\/home\/pesquisa-aponta-desigualdade-da-conexao-digital-no-pais\/#breadcrumb","itemListElement":[{"@type":"ListItem","position":1,"name":"In\u00edcio","item":"https:\/\/transamerica93.com.br\/home\/"},{"@type":"ListItem","position":2,"name":"Pesquisa aponta desigualdade da conex\u00e3o digital no pa\u00eds"}]},{"@type":"WebSite","@id":"https:\/\/transamerica93.com.br\/home\/#website","url":"https:\/\/transamerica93.com.br\/home\/","name":"Transam\u00e9rica Mococa 93,3","description":"","publisher":{"@id":"https:\/\/transamerica93.com.br\/home\/#organization"},"potentialAction":[{"@type":"SearchAction","target":{"@type":"EntryPoint","urlTemplate":"https:\/\/transamerica93.com.br\/home\/?s={search_term_string}"},"query-input":{"@type":"PropertyValueSpecification","valueRequired":true,"valueName":"search_term_string"}}],"inLanguage":"pt-BR"},{"@type":"Organization","@id":"https:\/\/transamerica93.com.br\/home\/#organization","name":"Transam\u00e9rica Mococa 93,3","url":"https:\/\/transamerica93.com.br\/home\/","logo":{"@type":"ImageObject","inLanguage":"pt-BR","@id":"https:\/\/transamerica93.com.br\/home\/#\/schema\/logo\/image\/","url":"https:\/\/transamerica93.com.br\/home\/wp-content\/uploads\/2023\/10\/logo2.png","contentUrl":"https:\/\/transamerica93.com.br\/home\/wp-content\/uploads\/2023\/10\/logo2.png","width":800,"height":500,"caption":"Transam\u00e9rica Mococa 93,3"},"image":{"@id":"https:\/\/transamerica93.com.br\/home\/#\/schema\/logo\/image\/"},"sameAs":["https:\/\/www.facebook.com\/transamericamococa","https:\/\/x.com\/transamerica933","https:\/\/www.instagram.com\/transamericamococa"]},{"@type":"Person","@id":"https:\/\/transamerica93.com.br\/home\/#\/schema\/person\/7fed7c99c0d4562efa8561bc0f543172","name":"Reda\u00e7\u00e3o","image":{"@type":"ImageObject","inLanguage":"pt-BR","@id":"https:\/\/secure.gravatar.com\/avatar\/1072c6b775fb02ef8506ce967551d95926669a6b7d2c2147b42eea4d7c68395e?s=96&d=mm&r=g","url":"https:\/\/secure.gravatar.com\/avatar\/1072c6b775fb02ef8506ce967551d95926669a6b7d2c2147b42eea4d7c68395e?s=96&d=mm&r=g","contentUrl":"https:\/\/secure.gravatar.com\/avatar\/1072c6b775fb02ef8506ce967551d95926669a6b7d2c2147b42eea4d7c68395e?s=96&d=mm&r=g","caption":"Reda\u00e7\u00e3o"},"sameAs":["https:\/\/transamerica93.com.br\/home"],"url":"https:\/\/transamerica93.com.br\/home\/author\/william\/"}]}},"_links":{"self":[{"href":"https:\/\/transamerica93.com.br\/home\/wp-json\/wp\/v2\/posts\/6175","targetHints":{"allow":["GET"]}}],"collection":[{"href":"https:\/\/transamerica93.com.br\/home\/wp-json\/wp\/v2\/posts"}],"about":[{"href":"https:\/\/transamerica93.com.br\/home\/wp-json\/wp\/v2\/types\/post"}],"author":[{"embeddable":true,"href":"https:\/\/transamerica93.com.br\/home\/wp-json\/wp\/v2\/users\/1"}],"replies":[{"embeddable":true,"href":"https:\/\/transamerica93.com.br\/home\/wp-json\/wp\/v2\/comments?post=6175"}],"version-history":[{"count":1,"href":"https:\/\/transamerica93.com.br\/home\/wp-json\/wp\/v2\/posts\/6175\/revisions"}],"predecessor-version":[{"id":6177,"href":"https:\/\/transamerica93.com.br\/home\/wp-json\/wp\/v2\/posts\/6175\/revisions\/6177"}],"wp:featuredmedia":[{"embeddable":true,"href":"https:\/\/transamerica93.com.br\/home\/wp-json\/wp\/v2\/media\/6176"}],"wp:attachment":[{"href":"https:\/\/transamerica93.com.br\/home\/wp-json\/wp\/v2\/media?parent=6175"}],"wp:term":[{"taxonomy":"category","embeddable":true,"href":"https:\/\/transamerica93.com.br\/home\/wp-json\/wp\/v2\/categories?post=6175"},{"taxonomy":"post_tag","embeddable":true,"href":"https:\/\/transamerica93.com.br\/home\/wp-json\/wp\/v2\/tags?post=6175"}],"curies":[{"name":"wp","href":"https:\/\/api.w.org\/{rel}","templated":true}]}}