{"id":6185,"date":"2025-09-03T18:00:10","date_gmt":"2025-09-03T21:00:10","guid":{"rendered":"https:\/\/transamerica93.com.br\/home\/?p=6185"},"modified":"2025-09-03T21:45:40","modified_gmt":"2025-09-04T00:45:40","slug":"mulher-de-bruce-willis-diz-que-morar-em-casa-separada-do-ator-foi-a-decisao-mais-dificil","status":"publish","type":"post","link":"https:\/\/transamerica93.com.br\/home\/mulher-de-bruce-willis-diz-que-morar-em-casa-separada-do-ator-foi-a-decisao-mais-dificil\/","title":{"rendered":"Mulher de Bruce Willis diz que morar em casa separada do ator foi a decis\u00e3o &#8216;mais dif\u00edcil&#8217;"},"content":{"rendered":"<p>Por Leonardo Neto<\/p>\n<p>Em nova entrevista, Emma Heming Willis, casada com o ator Bruce Willis, contou que morar em uma casa separada do marido &#8220;foi a coisa mais dif\u00edcil&#8221; que teve de decidir desde que ele foi diagnosticado com dem\u00eancia frontotemporal progressiva.<\/p>\n<p>O marido passou a viver em uma segunda casa da fam\u00edlia, que \u00e9 t\u00e9rrea. L\u00e1, ele \u00e9 acompanhado por uma equipe de cuidadores.<\/p>\n<p>O casal tem duas filhas menores, Mabel Ray Willis, de 13 anos, e Evelyn Penn, de 11. \u00c0 revista People, Emma explicou que a condi\u00e7\u00e3o do marido &#8220;exige uma atmosfera calma e serena&#8221; e que transferi-lo para este outro im\u00f3vel seria importante para que as filhas pudessem ter a inf\u00e2ncia mais normal poss\u00edvel. &#8220;Agora, em casas separadas, as crian\u00e7as podem se reunir para brincar e voltar para casa sem precisar andar na ponta dos p\u00e9s&#8221;, disse ela<\/p>\n<p>&#8220;A dem\u00eancia se manifesta de forma diferente em cada lar. Voc\u00ea precisa fazer o que \u00e9 certo para a din\u00e2mica da fam\u00edlia. \u00c9 de partir o cora\u00e7\u00e3o, mas foi assim que conseguimos sustentar toda a nossa fam\u00edlia, e isso abriu o mundo do Bruce&#8221;, completou.<\/p>\n<p>Mesmo morando em casas separadas, a fam\u00edlia se re\u00fane e vivencia momentos juntos. &#8220;Consigo estar com ele em momentos, como as aulas de artesanato, e isso se deve \u00e0 estrutura que temos. Tem sido bom para n\u00f3s.&#8221;<\/p>\n","protected":false},"excerpt":{"rendered":"<p>Por Leonardo Neto Em nova entrevista, Emma Heming Willis, casada com o ator Bruce Willis, contou que morar em uma casa separada do marido &#8220;foi a coisa mais dif\u00edcil&#8221; que teve de decidir desde que ele foi diagnosticado com dem\u00eancia frontotemporal progressiva. O marido passou a viver em uma segunda casa da fam\u00edlia, que \u00e9 &hellip;<\/p>\n","protected":false},"author":1,"featured_media":6186,"comment_status":"closed","ping_status":"closed","sticky":false,"template":"","format":"standard","meta":{"footnotes":""},"categories":[24],"tags":[],"class_list":["post-6185","post","type-post","status-publish","format-standard","has-post-thumbnail","hentry","category-entretenimento"],"yoast_head":"<!-- This site is optimized with the Yoast SEO plugin v27.4 - https:\/\/yoast.com\/product\/yoast-seo-wordpress\/ -->\n<title>Mulher de Bruce Willis diz que morar em casa separada do ator foi a decis\u00e3o &#039;mais dif\u00edcil&#039; - Transam\u00e9rica Mococa 93,3<\/title>\n<meta name=\"robots\" content=\"index, follow, max-snippet:-1, max-image-preview:large, max-video-preview:-1\" \/>\n<link rel=\"canonical\" href=\"https:\/\/transamerica93.com.br\/home\/mulher-de-bruce-willis-diz-que-morar-em-casa-separada-do-ator-foi-a-decisao-mais-dificil\/\" \/>\n<meta property=\"og:locale\" content=\"pt_BR\" \/>\n<meta property=\"og:type\" content=\"article\" \/>\n<meta property=\"og:title\" content=\"Mulher de Bruce Willis diz que morar em casa separada do ator foi a decis\u00e3o &#039;mais dif\u00edcil&#039; - Transam\u00e9rica Mococa 93,3\" \/>\n<meta property=\"og:description\" content=\"Por Leonardo Neto Em nova entrevista, Emma Heming Willis, casada com o ator Bruce Willis, contou que morar em uma casa separada do marido &#8220;foi a coisa mais dif\u00edcil&#8221; que teve de decidir desde que ele foi diagnosticado com dem\u00eancia frontotemporal progressiva. O marido passou a viver em uma segunda casa da fam\u00edlia, que \u00e9 &hellip;\" \/>\n<meta property=\"og:url\" content=\"https:\/\/transamerica93.com.br\/home\/mulher-de-bruce-willis-diz-que-morar-em-casa-separada-do-ator-foi-a-decisao-mais-dificil\/\" \/>\n<meta property=\"og:site_name\" content=\"Transam\u00e9rica Mococa 93,3\" \/>\n<meta property=\"article:publisher\" content=\"https:\/\/www.facebook.com\/transamericamococa\" \/>\n<meta property=\"article:published_time\" content=\"2025-09-03T21:00:10+00:00\" \/>\n<meta property=\"article:modified_time\" content=\"2025-09-04T00:45:40+00:00\" \/>\n<meta property=\"og:image\" content=\"https:\/\/transamerica93.com.br\/home\/wp-content\/uploads\/2025\/09\/Sem-titulo-2.jpg\" \/>\n\t<meta property=\"og:image:width\" content=\"888\" \/>\n\t<meta property=\"og:image:height\" content=\"559\" \/>\n\t<meta property=\"og:image:type\" content=\"image\/jpeg\" \/>\n<meta name=\"author\" content=\"Reda\u00e7\u00e3o\" \/>\n<meta name=\"twitter:card\" content=\"summary_large_image\" \/>\n<meta name=\"twitter:creator\" content=\"@transamerica933\" \/>\n<meta name=\"twitter:site\" content=\"@transamerica933\" \/>\n<meta name=\"twitter:label1\" content=\"Escrito por\" \/>\n\t<meta name=\"twitter:data1\" content=\"Reda\u00e7\u00e3o\" \/>\n\t<meta name=\"twitter:label2\" content=\"Est. tempo de leitura\" \/>\n\t<meta name=\"twitter:data2\" content=\"2 minutos\" \/>\n<script type=\"application\/ld+json\" class=\"yoast-schema-graph\">{\"@context\":\"https:\\\/\\\/schema.org\",\"@graph\":[{\"@type\":\"Article\",\"@id\":\"https:\\\/\\\/transamerica93.com.br\\\/home\\\/mulher-de-bruce-willis-diz-que-morar-em-casa-separada-do-ator-foi-a-decisao-mais-dificil\\\/#article\",\"isPartOf\":{\"@id\":\"https:\\\/\\\/transamerica93.com.br\\\/home\\\/mulher-de-bruce-willis-diz-que-morar-em-casa-separada-do-ator-foi-a-decisao-mais-dificil\\\/\"},\"author\":{\"name\":\"Reda\u00e7\u00e3o\",\"@id\":\"https:\\\/\\\/transamerica93.com.br\\\/home\\\/#\\\/schema\\\/person\\\/7fed7c99c0d4562efa8561bc0f543172\"},\"headline\":\"Mulher de Bruce Willis diz que morar em casa separada do ator foi a decis\u00e3o &#8216;mais dif\u00edcil&#8217;\",\"datePublished\":\"2025-09-03T21:00:10+00:00\",\"dateModified\":\"2025-09-04T00:45:40+00:00\",\"mainEntityOfPage\":{\"@id\":\"https:\\\/\\\/transamerica93.com.br\\\/home\\\/mulher-de-bruce-willis-diz-que-morar-em-casa-separada-do-ator-foi-a-decisao-mais-dificil\\\/\"},\"wordCount\":253,\"publisher\":{\"@id\":\"https:\\\/\\\/transamerica93.com.br\\\/home\\\/#organization\"},\"image\":{\"@id\":\"https:\\\/\\\/transamerica93.com.br\\\/home\\\/mulher-de-bruce-willis-diz-que-morar-em-casa-separada-do-ator-foi-a-decisao-mais-dificil\\\/#primaryimage\"},\"thumbnailUrl\":\"https:\\\/\\\/transamerica93.com.br\\\/home\\\/wp-content\\\/uploads\\\/2025\\\/09\\\/Sem-titulo-2.jpg\",\"articleSection\":[\"Entretenimento\"],\"inLanguage\":\"pt-BR\"},{\"@type\":\"WebPage\",\"@id\":\"https:\\\/\\\/transamerica93.com.br\\\/home\\\/mulher-de-bruce-willis-diz-que-morar-em-casa-separada-do-ator-foi-a-decisao-mais-dificil\\\/\",\"url\":\"https:\\\/\\\/transamerica93.com.br\\\/home\\\/mulher-de-bruce-willis-diz-que-morar-em-casa-separada-do-ator-foi-a-decisao-mais-dificil\\\/\",\"name\":\"Mulher de Bruce Willis diz que morar em casa separada do ator foi a decis\u00e3o 'mais dif\u00edcil' - Transam\u00e9rica Mococa 93,3\",\"isPartOf\":{\"@id\":\"https:\\\/\\\/transamerica93.com.br\\\/home\\\/#website\"},\"primaryImageOfPage\":{\"@id\":\"https:\\\/\\\/transamerica93.com.br\\\/home\\\/mulher-de-bruce-willis-diz-que-morar-em-casa-separada-do-ator-foi-a-decisao-mais-dificil\\\/#primaryimage\"},\"image\":{\"@id\":\"https:\\\/\\\/transamerica93.com.br\\\/home\\\/mulher-de-bruce-willis-diz-que-morar-em-casa-separada-do-ator-foi-a-decisao-mais-dificil\\\/#primaryimage\"},\"thumbnailUrl\":\"https:\\\/\\\/transamerica93.com.br\\\/home\\\/wp-content\\\/uploads\\\/2025\\\/09\\\/Sem-titulo-2.jpg\",\"datePublished\":\"2025-09-03T21:00:10+00:00\",\"dateModified\":\"2025-09-04T00:45:40+00:00\",\"breadcrumb\":{\"@id\":\"https:\\\/\\\/transamerica93.com.br\\\/home\\\/mulher-de-bruce-willis-diz-que-morar-em-casa-separada-do-ator-foi-a-decisao-mais-dificil\\\/#breadcrumb\"},\"inLanguage\":\"pt-BR\",\"potentialAction\":[{\"@type\":\"ReadAction\",\"target\":[\"https:\\\/\\\/transamerica93.com.br\\\/home\\\/mulher-de-bruce-willis-diz-que-morar-em-casa-separada-do-ator-foi-a-decisao-mais-dificil\\\/\"]}]},{\"@type\":\"ImageObject\",\"inLanguage\":\"pt-BR\",\"@id\":\"https:\\\/\\\/transamerica93.com.br\\\/home\\\/mulher-de-bruce-willis-diz-que-morar-em-casa-separada-do-ator-foi-a-decisao-mais-dificil\\\/#primaryimage\",\"url\":\"https:\\\/\\\/transamerica93.com.br\\\/home\\\/wp-content\\\/uploads\\\/2025\\\/09\\\/Sem-titulo-2.jpg\",\"contentUrl\":\"https:\\\/\\\/transamerica93.com.br\\\/home\\\/wp-content\\\/uploads\\\/2025\\\/09\\\/Sem-titulo-2.jpg\",\"width\":888,\"height\":559},{\"@type\":\"BreadcrumbList\",\"@id\":\"https:\\\/\\\/transamerica93.com.br\\\/home\\\/mulher-de-bruce-willis-diz-que-morar-em-casa-separada-do-ator-foi-a-decisao-mais-dificil\\\/#breadcrumb\",\"itemListElement\":[{\"@type\":\"ListItem\",\"position\":1,\"name\":\"In\u00edcio\",\"item\":\"https:\\\/\\\/transamerica93.com.br\\\/home\\\/\"},{\"@type\":\"ListItem\",\"position\":2,\"name\":\"Mulher de Bruce Willis diz que morar em casa separada do ator foi a decis\u00e3o &#8216;mais dif\u00edcil&#8217;\"}]},{\"@type\":\"WebSite\",\"@id\":\"https:\\\/\\\/transamerica93.com.br\\\/home\\\/#website\",\"url\":\"https:\\\/\\\/transamerica93.com.br\\\/home\\\/\",\"name\":\"Transam\u00e9rica Mococa 93,3\",\"description\":\"\",\"publisher\":{\"@id\":\"https:\\\/\\\/transamerica93.com.br\\\/home\\\/#organization\"},\"potentialAction\":[{\"@type\":\"SearchAction\",\"target\":{\"@type\":\"EntryPoint\",\"urlTemplate\":\"https:\\\/\\\/transamerica93.com.br\\\/home\\\/?s={search_term_string}\"},\"query-input\":{\"@type\":\"PropertyValueSpecification\",\"valueRequired\":true,\"valueName\":\"search_term_string\"}}],\"inLanguage\":\"pt-BR\"},{\"@type\":\"Organization\",\"@id\":\"https:\\\/\\\/transamerica93.com.br\\\/home\\\/#organization\",\"name\":\"Transam\u00e9rica Mococa 93,3\",\"url\":\"https:\\\/\\\/transamerica93.com.br\\\/home\\\/\",\"logo\":{\"@type\":\"ImageObject\",\"inLanguage\":\"pt-BR\",\"@id\":\"https:\\\/\\\/transamerica93.com.br\\\/home\\\/#\\\/schema\\\/logo\\\/image\\\/\",\"url\":\"https:\\\/\\\/transamerica93.com.br\\\/home\\\/wp-content\\\/uploads\\\/2023\\\/10\\\/logo2.png\",\"contentUrl\":\"https:\\\/\\\/transamerica93.com.br\\\/home\\\/wp-content\\\/uploads\\\/2023\\\/10\\\/logo2.png\",\"width\":800,\"height\":500,\"caption\":\"Transam\u00e9rica Mococa 93,3\"},\"image\":{\"@id\":\"https:\\\/\\\/transamerica93.com.br\\\/home\\\/#\\\/schema\\\/logo\\\/image\\\/\"},\"sameAs\":[\"https:\\\/\\\/www.facebook.com\\\/transamericamococa\",\"https:\\\/\\\/x.com\\\/transamerica933\",\"https:\\\/\\\/www.instagram.com\\\/transamericamococa\"]},{\"@type\":\"Person\",\"@id\":\"https:\\\/\\\/transamerica93.com.br\\\/home\\\/#\\\/schema\\\/person\\\/7fed7c99c0d4562efa8561bc0f543172\",\"name\":\"Reda\u00e7\u00e3o\",\"image\":{\"@type\":\"ImageObject\",\"inLanguage\":\"pt-BR\",\"@id\":\"https:\\\/\\\/secure.gravatar.com\\\/avatar\\\/1072c6b775fb02ef8506ce967551d95926669a6b7d2c2147b42eea4d7c68395e?s=96&d=mm&r=g\",\"url\":\"https:\\\/\\\/secure.gravatar.com\\\/avatar\\\/1072c6b775fb02ef8506ce967551d95926669a6b7d2c2147b42eea4d7c68395e?s=96&d=mm&r=g\",\"contentUrl\":\"https:\\\/\\\/secure.gravatar.com\\\/avatar\\\/1072c6b775fb02ef8506ce967551d95926669a6b7d2c2147b42eea4d7c68395e?s=96&d=mm&r=g\",\"caption\":\"Reda\u00e7\u00e3o\"},\"sameAs\":[\"https:\\\/\\\/transamerica93.com.br\\\/home\"],\"url\":\"https:\\\/\\\/transamerica93.com.br\\\/home\\\/author\\\/william\\\/\"}]}<\/script>\n<!-- \/ Yoast SEO plugin. -->","yoast_head_json":{"title":"Mulher de Bruce Willis diz que morar em casa separada do ator foi a decis\u00e3o 'mais dif\u00edcil' - Transam\u00e9rica Mococa 93,3","robots":{"index":"index","follow":"follow","max-snippet":"max-snippet:-1","max-image-preview":"max-image-preview:large","max-video-preview":"max-video-preview:-1"},"canonical":"https:\/\/transamerica93.com.br\/home\/mulher-de-bruce-willis-diz-que-morar-em-casa-separada-do-ator-foi-a-decisao-mais-dificil\/","og_locale":"pt_BR","og_type":"article","og_title":"Mulher de Bruce Willis diz que morar em casa separada do ator foi a decis\u00e3o 'mais dif\u00edcil' - Transam\u00e9rica Mococa 93,3","og_description":"Por Leonardo Neto Em nova entrevista, Emma Heming Willis, casada com o ator Bruce Willis, contou que morar em uma casa separada do marido &#8220;foi a coisa mais dif\u00edcil&#8221; que teve de decidir desde que ele foi diagnosticado com dem\u00eancia frontotemporal progressiva. O marido passou a viver em uma segunda casa da fam\u00edlia, que \u00e9 &hellip;","og_url":"https:\/\/transamerica93.com.br\/home\/mulher-de-bruce-willis-diz-que-morar-em-casa-separada-do-ator-foi-a-decisao-mais-dificil\/","og_site_name":"Transam\u00e9rica Mococa 93,3","article_publisher":"https:\/\/www.facebook.com\/transamericamococa","article_published_time":"2025-09-03T21:00:10+00:00","article_modified_time":"2025-09-04T00:45:40+00:00","og_image":[{"width":888,"height":559,"url":"https:\/\/transamerica93.com.br\/home\/wp-content\/uploads\/2025\/09\/Sem-titulo-2.jpg","type":"image\/jpeg"}],"author":"Reda\u00e7\u00e3o","twitter_card":"summary_large_image","twitter_creator":"@transamerica933","twitter_site":"@transamerica933","twitter_misc":{"Escrito por":"Reda\u00e7\u00e3o","Est. tempo de leitura":"2 minutos"},"schema":{"@context":"https:\/\/schema.org","@graph":[{"@type":"Article","@id":"https:\/\/transamerica93.com.br\/home\/mulher-de-bruce-willis-diz-que-morar-em-casa-separada-do-ator-foi-a-decisao-mais-dificil\/#article","isPartOf":{"@id":"https:\/\/transamerica93.com.br\/home\/mulher-de-bruce-willis-diz-que-morar-em-casa-separada-do-ator-foi-a-decisao-mais-dificil\/"},"author":{"name":"Reda\u00e7\u00e3o","@id":"https:\/\/transamerica93.com.br\/home\/#\/schema\/person\/7fed7c99c0d4562efa8561bc0f543172"},"headline":"Mulher de Bruce Willis diz que morar em casa separada do ator foi a decis\u00e3o &#8216;mais dif\u00edcil&#8217;","datePublished":"2025-09-03T21:00:10+00:00","dateModified":"2025-09-04T00:45:40+00:00","mainEntityOfPage":{"@id":"https:\/\/transamerica93.com.br\/home\/mulher-de-bruce-willis-diz-que-morar-em-casa-separada-do-ator-foi-a-decisao-mais-dificil\/"},"wordCount":253,"publisher":{"@id":"https:\/\/transamerica93.com.br\/home\/#organization"},"image":{"@id":"https:\/\/transamerica93.com.br\/home\/mulher-de-bruce-willis-diz-que-morar-em-casa-separada-do-ator-foi-a-decisao-mais-dificil\/#primaryimage"},"thumbnailUrl":"https:\/\/transamerica93.com.br\/home\/wp-content\/uploads\/2025\/09\/Sem-titulo-2.jpg","articleSection":["Entretenimento"],"inLanguage":"pt-BR"},{"@type":"WebPage","@id":"https:\/\/transamerica93.com.br\/home\/mulher-de-bruce-willis-diz-que-morar-em-casa-separada-do-ator-foi-a-decisao-mais-dificil\/","url":"https:\/\/transamerica93.com.br\/home\/mulher-de-bruce-willis-diz-que-morar-em-casa-separada-do-ator-foi-a-decisao-mais-dificil\/","name":"Mulher de Bruce Willis diz que morar em casa separada do ator foi a decis\u00e3o 'mais dif\u00edcil' - Transam\u00e9rica Mococa 93,3","isPartOf":{"@id":"https:\/\/transamerica93.com.br\/home\/#website"},"primaryImageOfPage":{"@id":"https:\/\/transamerica93.com.br\/home\/mulher-de-bruce-willis-diz-que-morar-em-casa-separada-do-ator-foi-a-decisao-mais-dificil\/#primaryimage"},"image":{"@id":"https:\/\/transamerica93.com.br\/home\/mulher-de-bruce-willis-diz-que-morar-em-casa-separada-do-ator-foi-a-decisao-mais-dificil\/#primaryimage"},"thumbnailUrl":"https:\/\/transamerica93.com.br\/home\/wp-content\/uploads\/2025\/09\/Sem-titulo-2.jpg","datePublished":"2025-09-03T21:00:10+00:00","dateModified":"2025-09-04T00:45:40+00:00","breadcrumb":{"@id":"https:\/\/transamerica93.com.br\/home\/mulher-de-bruce-willis-diz-que-morar-em-casa-separada-do-ator-foi-a-decisao-mais-dificil\/#breadcrumb"},"inLanguage":"pt-BR","potentialAction":[{"@type":"ReadAction","target":["https:\/\/transamerica93.com.br\/home\/mulher-de-bruce-willis-diz-que-morar-em-casa-separada-do-ator-foi-a-decisao-mais-dificil\/"]}]},{"@type":"ImageObject","inLanguage":"pt-BR","@id":"https:\/\/transamerica93.com.br\/home\/mulher-de-bruce-willis-diz-que-morar-em-casa-separada-do-ator-foi-a-decisao-mais-dificil\/#primaryimage","url":"https:\/\/transamerica93.com.br\/home\/wp-content\/uploads\/2025\/09\/Sem-titulo-2.jpg","contentUrl":"https:\/\/transamerica93.com.br\/home\/wp-content\/uploads\/2025\/09\/Sem-titulo-2.jpg","width":888,"height":559},{"@type":"BreadcrumbList","@id":"https:\/\/transamerica93.com.br\/home\/mulher-de-bruce-willis-diz-que-morar-em-casa-separada-do-ator-foi-a-decisao-mais-dificil\/#breadcrumb","itemListElement":[{"@type":"ListItem","position":1,"name":"In\u00edcio","item":"https:\/\/transamerica93.com.br\/home\/"},{"@type":"ListItem","position":2,"name":"Mulher de Bruce Willis diz que morar em casa separada do ator foi a decis\u00e3o &#8216;mais dif\u00edcil&#8217;"}]},{"@type":"WebSite","@id":"https:\/\/transamerica93.com.br\/home\/#website","url":"https:\/\/transamerica93.com.br\/home\/","name":"Transam\u00e9rica Mococa 93,3","description":"","publisher":{"@id":"https:\/\/transamerica93.com.br\/home\/#organization"},"potentialAction":[{"@type":"SearchAction","target":{"@type":"EntryPoint","urlTemplate":"https:\/\/transamerica93.com.br\/home\/?s={search_term_string}"},"query-input":{"@type":"PropertyValueSpecification","valueRequired":true,"valueName":"search_term_string"}}],"inLanguage":"pt-BR"},{"@type":"Organization","@id":"https:\/\/transamerica93.com.br\/home\/#organization","name":"Transam\u00e9rica Mococa 93,3","url":"https:\/\/transamerica93.com.br\/home\/","logo":{"@type":"ImageObject","inLanguage":"pt-BR","@id":"https:\/\/transamerica93.com.br\/home\/#\/schema\/logo\/image\/","url":"https:\/\/transamerica93.com.br\/home\/wp-content\/uploads\/2023\/10\/logo2.png","contentUrl":"https:\/\/transamerica93.com.br\/home\/wp-content\/uploads\/2023\/10\/logo2.png","width":800,"height":500,"caption":"Transam\u00e9rica Mococa 93,3"},"image":{"@id":"https:\/\/transamerica93.com.br\/home\/#\/schema\/logo\/image\/"},"sameAs":["https:\/\/www.facebook.com\/transamericamococa","https:\/\/x.com\/transamerica933","https:\/\/www.instagram.com\/transamericamococa"]},{"@type":"Person","@id":"https:\/\/transamerica93.com.br\/home\/#\/schema\/person\/7fed7c99c0d4562efa8561bc0f543172","name":"Reda\u00e7\u00e3o","image":{"@type":"ImageObject","inLanguage":"pt-BR","@id":"https:\/\/secure.gravatar.com\/avatar\/1072c6b775fb02ef8506ce967551d95926669a6b7d2c2147b42eea4d7c68395e?s=96&d=mm&r=g","url":"https:\/\/secure.gravatar.com\/avatar\/1072c6b775fb02ef8506ce967551d95926669a6b7d2c2147b42eea4d7c68395e?s=96&d=mm&r=g","contentUrl":"https:\/\/secure.gravatar.com\/avatar\/1072c6b775fb02ef8506ce967551d95926669a6b7d2c2147b42eea4d7c68395e?s=96&d=mm&r=g","caption":"Reda\u00e7\u00e3o"},"sameAs":["https:\/\/transamerica93.com.br\/home"],"url":"https:\/\/transamerica93.com.br\/home\/author\/william\/"}]}},"_links":{"self":[{"href":"https:\/\/transamerica93.com.br\/home\/wp-json\/wp\/v2\/posts\/6185","targetHints":{"allow":["GET"]}}],"collection":[{"href":"https:\/\/transamerica93.com.br\/home\/wp-json\/wp\/v2\/posts"}],"about":[{"href":"https:\/\/transamerica93.com.br\/home\/wp-json\/wp\/v2\/types\/post"}],"author":[{"embeddable":true,"href":"https:\/\/transamerica93.com.br\/home\/wp-json\/wp\/v2\/users\/1"}],"replies":[{"embeddable":true,"href":"https:\/\/transamerica93.com.br\/home\/wp-json\/wp\/v2\/comments?post=6185"}],"version-history":[{"count":1,"href":"https:\/\/transamerica93.com.br\/home\/wp-json\/wp\/v2\/posts\/6185\/revisions"}],"predecessor-version":[{"id":6187,"href":"https:\/\/transamerica93.com.br\/home\/wp-json\/wp\/v2\/posts\/6185\/revisions\/6187"}],"wp:featuredmedia":[{"embeddable":true,"href":"https:\/\/transamerica93.com.br\/home\/wp-json\/wp\/v2\/media\/6186"}],"wp:attachment":[{"href":"https:\/\/transamerica93.com.br\/home\/wp-json\/wp\/v2\/media?parent=6185"}],"wp:term":[{"taxonomy":"category","embeddable":true,"href":"https:\/\/transamerica93.com.br\/home\/wp-json\/wp\/v2\/categories?post=6185"},{"taxonomy":"post_tag","embeddable":true,"href":"https:\/\/transamerica93.com.br\/home\/wp-json\/wp\/v2\/tags?post=6185"}],"curies":[{"name":"wp","href":"https:\/\/api.w.org\/{rel}","templated":true}]}}