{"id":6197,"date":"2025-09-04T09:40:28","date_gmt":"2025-09-04T12:40:28","guid":{"rendered":"https:\/\/transamerica93.com.br\/home\/?p=6197"},"modified":"2025-09-04T09:40:28","modified_gmt":"2025-09-04T12:40:28","slug":"roger-waters-critica-ozzy-osbourne-e-filho-do-cantor-rebate","status":"publish","type":"post","link":"https:\/\/transamerica93.com.br\/home\/roger-waters-critica-ozzy-osbourne-e-filho-do-cantor-rebate\/","title":{"rendered":"Roger Waters critica Ozzy Osbourne, e filho do cantor rebate"},"content":{"rendered":"<h6 class=\"Assina\">Por Daniel Vila Nova<\/h6>\n<p>O m\u00fasico Roger Waters se envolveu em uma pol\u00eamica com a fam\u00edlia de Ozzy Osbourne, vocalista do Black Sabbath que morreu em julho deste ano, ap\u00f3s criticar o legado e as atitudes do cantor. Em entrevista ao podcast The Independent Ink no dia 12 de agosto, o fundador do Pink Floyd acusou artistas populares de desviar a aten\u00e7\u00e3o do p\u00fablico de quest\u00f5es realmente importantes. O baixista criticou nomes como Taylor Swift e Kim Kardashian, mas tamb\u00e9m mencionou Ozzy.<\/p>\n<p>&#8220;Ozzy Osbourne, que acabou de morrer, que Deus o tenha, naquele estado em que viveu a vida inteira&#8221;, mencionou o compositor de The Wall. &#8220;Ele apareceu na TV por centenas de anos com suas idiotices e bobagens&#8221;, argumentou. As cr\u00edticas de Waters, no entanto, se tornaram ainda mais pessoais. O m\u00fasico falou que n\u00e3o se importava com as can\u00e7\u00f5es produzidas por Ozzy e sua banda. &#8220;Eu nunca me importei com o Black Sabbath, n\u00e3o tenho nenhum interesse em&#8230; &#8216;Aaa!!!\u2019&#8221;, afirmou o m\u00fasico enquanto mostrava sua l\u00edngua para fora e imitava o vocalista.<\/p>\n<p>&#8220;N\u00e3o me importo com eles mordendo a cabe\u00e7a de galinhas ou fazendo qualquer outra coisa&#8221;, continuou. Ao ser informado que Ozzy havia mordido a cabe\u00e7a de um morcego, Waters ficou ainda mais horrorizado. &#8220;Meu Deus, isso \u00e9 ainda pior, n\u00e3o \u00e9? Eu n\u00e3o sei o que \u00e9 pior: morder a cabe\u00e7a de um morcego ou uma galinha&#8221;, finalizou.<\/p>\n<p><b>A resposta de Jack Osbourne, filho de Ozzy<\/b><\/p>\n<p>O filho de Ozzy, Jack Osbourne, n\u00e3o ficou nada feliz com os coment\u00e1rios de Roger Waters e veio a p\u00fablico contestar o ex-baixista do Pink Floyd. Nesta ter\u00e7a-feira, 2, Jack xingou o m\u00fasico em seu perfil do Instagram. &#8220;Ei, Roger Waters, vai se f****! Qu\u00e3o pat\u00e9tico e fora da realidade voc\u00ea se tornou. A \u00fanica forma que voc\u00ea consegue chamar aten\u00e7\u00e3o atualmente \u00e9 vomitando suas besteiras para a imprensa. Meu pai sempre te achou um babaca, obrigado por provar que ele estava certo&#8221;, finalizou.<\/p>\n","protected":false},"excerpt":{"rendered":"<p>Por Daniel Vila Nova O m\u00fasico Roger Waters se envolveu em uma pol\u00eamica com a fam\u00edlia de Ozzy Osbourne, vocalista do Black Sabbath que morreu em julho deste ano, ap\u00f3s criticar o legado e as atitudes do cantor. Em entrevista ao podcast The Independent Ink no dia 12 de agosto, o fundador do Pink Floyd &hellip;<\/p>\n","protected":false},"author":1,"featured_media":6198,"comment_status":"closed","ping_status":"closed","sticky":false,"template":"","format":"standard","meta":{"footnotes":""},"categories":[25],"tags":[],"class_list":["post-6197","post","type-post","status-publish","format-standard","has-post-thumbnail","hentry","category-musica"],"yoast_head":"<!-- This site is optimized with the Yoast SEO plugin v27.4 - https:\/\/yoast.com\/product\/yoast-seo-wordpress\/ -->\n<title>Roger Waters critica Ozzy Osbourne, e filho do cantor rebate - Transam\u00e9rica Mococa 93,3<\/title>\n<meta name=\"robots\" content=\"index, follow, max-snippet:-1, max-image-preview:large, max-video-preview:-1\" \/>\n<link rel=\"canonical\" href=\"https:\/\/transamerica93.com.br\/home\/roger-waters-critica-ozzy-osbourne-e-filho-do-cantor-rebate\/\" \/>\n<meta property=\"og:locale\" content=\"pt_BR\" \/>\n<meta property=\"og:type\" content=\"article\" \/>\n<meta property=\"og:title\" content=\"Roger Waters critica Ozzy Osbourne, e filho do cantor rebate - Transam\u00e9rica Mococa 93,3\" \/>\n<meta property=\"og:description\" content=\"Por Daniel Vila Nova O m\u00fasico Roger Waters se envolveu em uma pol\u00eamica com a fam\u00edlia de Ozzy Osbourne, vocalista do Black Sabbath que morreu em julho deste ano, ap\u00f3s criticar o legado e as atitudes do cantor. Em entrevista ao podcast The Independent Ink no dia 12 de agosto, o fundador do Pink Floyd &hellip;\" \/>\n<meta property=\"og:url\" content=\"https:\/\/transamerica93.com.br\/home\/roger-waters-critica-ozzy-osbourne-e-filho-do-cantor-rebate\/\" \/>\n<meta property=\"og:site_name\" content=\"Transam\u00e9rica Mococa 93,3\" \/>\n<meta property=\"article:publisher\" content=\"https:\/\/www.facebook.com\/transamericamococa\" \/>\n<meta property=\"article:published_time\" content=\"2025-09-04T12:40:28+00:00\" \/>\n<meta property=\"og:image\" content=\"https:\/\/transamerica93.com.br\/home\/wp-content\/uploads\/2025\/09\/Sem-titulo-3.png\" \/>\n\t<meta property=\"og:image:width\" content=\"968\" \/>\n\t<meta property=\"og:image:height\" content=\"565\" \/>\n\t<meta property=\"og:image:type\" content=\"image\/png\" \/>\n<meta name=\"author\" content=\"Reda\u00e7\u00e3o\" \/>\n<meta name=\"twitter:card\" content=\"summary_large_image\" \/>\n<meta name=\"twitter:creator\" content=\"@transamerica933\" \/>\n<meta name=\"twitter:site\" content=\"@transamerica933\" \/>\n<meta name=\"twitter:label1\" content=\"Escrito por\" \/>\n\t<meta name=\"twitter:data1\" content=\"Reda\u00e7\u00e3o\" \/>\n\t<meta name=\"twitter:label2\" content=\"Est. tempo de leitura\" \/>\n\t<meta name=\"twitter:data2\" content=\"2 minutos\" \/>\n<script type=\"application\/ld+json\" class=\"yoast-schema-graph\">{\"@context\":\"https:\\\/\\\/schema.org\",\"@graph\":[{\"@type\":\"Article\",\"@id\":\"https:\\\/\\\/transamerica93.com.br\\\/home\\\/roger-waters-critica-ozzy-osbourne-e-filho-do-cantor-rebate\\\/#article\",\"isPartOf\":{\"@id\":\"https:\\\/\\\/transamerica93.com.br\\\/home\\\/roger-waters-critica-ozzy-osbourne-e-filho-do-cantor-rebate\\\/\"},\"author\":{\"name\":\"Reda\u00e7\u00e3o\",\"@id\":\"https:\\\/\\\/transamerica93.com.br\\\/home\\\/#\\\/schema\\\/person\\\/7fed7c99c0d4562efa8561bc0f543172\"},\"headline\":\"Roger Waters critica Ozzy Osbourne, e filho do cantor rebate\",\"datePublished\":\"2025-09-04T12:40:28+00:00\",\"mainEntityOfPage\":{\"@id\":\"https:\\\/\\\/transamerica93.com.br\\\/home\\\/roger-waters-critica-ozzy-osbourne-e-filho-do-cantor-rebate\\\/\"},\"wordCount\":357,\"publisher\":{\"@id\":\"https:\\\/\\\/transamerica93.com.br\\\/home\\\/#organization\"},\"image\":{\"@id\":\"https:\\\/\\\/transamerica93.com.br\\\/home\\\/roger-waters-critica-ozzy-osbourne-e-filho-do-cantor-rebate\\\/#primaryimage\"},\"thumbnailUrl\":\"https:\\\/\\\/transamerica93.com.br\\\/home\\\/wp-content\\\/uploads\\\/2025\\\/09\\\/Sem-titulo-3.png\",\"articleSection\":[\"M\u00fasica\"],\"inLanguage\":\"pt-BR\"},{\"@type\":\"WebPage\",\"@id\":\"https:\\\/\\\/transamerica93.com.br\\\/home\\\/roger-waters-critica-ozzy-osbourne-e-filho-do-cantor-rebate\\\/\",\"url\":\"https:\\\/\\\/transamerica93.com.br\\\/home\\\/roger-waters-critica-ozzy-osbourne-e-filho-do-cantor-rebate\\\/\",\"name\":\"Roger Waters critica Ozzy Osbourne, e filho do cantor rebate - Transam\u00e9rica Mococa 93,3\",\"isPartOf\":{\"@id\":\"https:\\\/\\\/transamerica93.com.br\\\/home\\\/#website\"},\"primaryImageOfPage\":{\"@id\":\"https:\\\/\\\/transamerica93.com.br\\\/home\\\/roger-waters-critica-ozzy-osbourne-e-filho-do-cantor-rebate\\\/#primaryimage\"},\"image\":{\"@id\":\"https:\\\/\\\/transamerica93.com.br\\\/home\\\/roger-waters-critica-ozzy-osbourne-e-filho-do-cantor-rebate\\\/#primaryimage\"},\"thumbnailUrl\":\"https:\\\/\\\/transamerica93.com.br\\\/home\\\/wp-content\\\/uploads\\\/2025\\\/09\\\/Sem-titulo-3.png\",\"datePublished\":\"2025-09-04T12:40:28+00:00\",\"breadcrumb\":{\"@id\":\"https:\\\/\\\/transamerica93.com.br\\\/home\\\/roger-waters-critica-ozzy-osbourne-e-filho-do-cantor-rebate\\\/#breadcrumb\"},\"inLanguage\":\"pt-BR\",\"potentialAction\":[{\"@type\":\"ReadAction\",\"target\":[\"https:\\\/\\\/transamerica93.com.br\\\/home\\\/roger-waters-critica-ozzy-osbourne-e-filho-do-cantor-rebate\\\/\"]}]},{\"@type\":\"ImageObject\",\"inLanguage\":\"pt-BR\",\"@id\":\"https:\\\/\\\/transamerica93.com.br\\\/home\\\/roger-waters-critica-ozzy-osbourne-e-filho-do-cantor-rebate\\\/#primaryimage\",\"url\":\"https:\\\/\\\/transamerica93.com.br\\\/home\\\/wp-content\\\/uploads\\\/2025\\\/09\\\/Sem-titulo-3.png\",\"contentUrl\":\"https:\\\/\\\/transamerica93.com.br\\\/home\\\/wp-content\\\/uploads\\\/2025\\\/09\\\/Sem-titulo-3.png\",\"width\":968,\"height\":565,\"caption\":\"Foto: Reprodu\u00e7\u00e3o\"},{\"@type\":\"BreadcrumbList\",\"@id\":\"https:\\\/\\\/transamerica93.com.br\\\/home\\\/roger-waters-critica-ozzy-osbourne-e-filho-do-cantor-rebate\\\/#breadcrumb\",\"itemListElement\":[{\"@type\":\"ListItem\",\"position\":1,\"name\":\"In\u00edcio\",\"item\":\"https:\\\/\\\/transamerica93.com.br\\\/home\\\/\"},{\"@type\":\"ListItem\",\"position\":2,\"name\":\"Roger Waters critica Ozzy Osbourne, e filho do cantor rebate\"}]},{\"@type\":\"WebSite\",\"@id\":\"https:\\\/\\\/transamerica93.com.br\\\/home\\\/#website\",\"url\":\"https:\\\/\\\/transamerica93.com.br\\\/home\\\/\",\"name\":\"Transam\u00e9rica Mococa 93,3\",\"description\":\"\",\"publisher\":{\"@id\":\"https:\\\/\\\/transamerica93.com.br\\\/home\\\/#organization\"},\"potentialAction\":[{\"@type\":\"SearchAction\",\"target\":{\"@type\":\"EntryPoint\",\"urlTemplate\":\"https:\\\/\\\/transamerica93.com.br\\\/home\\\/?s={search_term_string}\"},\"query-input\":{\"@type\":\"PropertyValueSpecification\",\"valueRequired\":true,\"valueName\":\"search_term_string\"}}],\"inLanguage\":\"pt-BR\"},{\"@type\":\"Organization\",\"@id\":\"https:\\\/\\\/transamerica93.com.br\\\/home\\\/#organization\",\"name\":\"Transam\u00e9rica Mococa 93,3\",\"url\":\"https:\\\/\\\/transamerica93.com.br\\\/home\\\/\",\"logo\":{\"@type\":\"ImageObject\",\"inLanguage\":\"pt-BR\",\"@id\":\"https:\\\/\\\/transamerica93.com.br\\\/home\\\/#\\\/schema\\\/logo\\\/image\\\/\",\"url\":\"https:\\\/\\\/transamerica93.com.br\\\/home\\\/wp-content\\\/uploads\\\/2023\\\/10\\\/logo2.png\",\"contentUrl\":\"https:\\\/\\\/transamerica93.com.br\\\/home\\\/wp-content\\\/uploads\\\/2023\\\/10\\\/logo2.png\",\"width\":800,\"height\":500,\"caption\":\"Transam\u00e9rica Mococa 93,3\"},\"image\":{\"@id\":\"https:\\\/\\\/transamerica93.com.br\\\/home\\\/#\\\/schema\\\/logo\\\/image\\\/\"},\"sameAs\":[\"https:\\\/\\\/www.facebook.com\\\/transamericamococa\",\"https:\\\/\\\/x.com\\\/transamerica933\",\"https:\\\/\\\/www.instagram.com\\\/transamericamococa\"]},{\"@type\":\"Person\",\"@id\":\"https:\\\/\\\/transamerica93.com.br\\\/home\\\/#\\\/schema\\\/person\\\/7fed7c99c0d4562efa8561bc0f543172\",\"name\":\"Reda\u00e7\u00e3o\",\"image\":{\"@type\":\"ImageObject\",\"inLanguage\":\"pt-BR\",\"@id\":\"https:\\\/\\\/secure.gravatar.com\\\/avatar\\\/1072c6b775fb02ef8506ce967551d95926669a6b7d2c2147b42eea4d7c68395e?s=96&d=mm&r=g\",\"url\":\"https:\\\/\\\/secure.gravatar.com\\\/avatar\\\/1072c6b775fb02ef8506ce967551d95926669a6b7d2c2147b42eea4d7c68395e?s=96&d=mm&r=g\",\"contentUrl\":\"https:\\\/\\\/secure.gravatar.com\\\/avatar\\\/1072c6b775fb02ef8506ce967551d95926669a6b7d2c2147b42eea4d7c68395e?s=96&d=mm&r=g\",\"caption\":\"Reda\u00e7\u00e3o\"},\"sameAs\":[\"https:\\\/\\\/transamerica93.com.br\\\/home\"],\"url\":\"https:\\\/\\\/transamerica93.com.br\\\/home\\\/author\\\/william\\\/\"}]}<\/script>\n<!-- \/ Yoast SEO plugin. -->","yoast_head_json":{"title":"Roger Waters critica Ozzy Osbourne, e filho do cantor rebate - Transam\u00e9rica Mococa 93,3","robots":{"index":"index","follow":"follow","max-snippet":"max-snippet:-1","max-image-preview":"max-image-preview:large","max-video-preview":"max-video-preview:-1"},"canonical":"https:\/\/transamerica93.com.br\/home\/roger-waters-critica-ozzy-osbourne-e-filho-do-cantor-rebate\/","og_locale":"pt_BR","og_type":"article","og_title":"Roger Waters critica Ozzy Osbourne, e filho do cantor rebate - Transam\u00e9rica Mococa 93,3","og_description":"Por Daniel Vila Nova O m\u00fasico Roger Waters se envolveu em uma pol\u00eamica com a fam\u00edlia de Ozzy Osbourne, vocalista do Black Sabbath que morreu em julho deste ano, ap\u00f3s criticar o legado e as atitudes do cantor. Em entrevista ao podcast The Independent Ink no dia 12 de agosto, o fundador do Pink Floyd &hellip;","og_url":"https:\/\/transamerica93.com.br\/home\/roger-waters-critica-ozzy-osbourne-e-filho-do-cantor-rebate\/","og_site_name":"Transam\u00e9rica Mococa 93,3","article_publisher":"https:\/\/www.facebook.com\/transamericamococa","article_published_time":"2025-09-04T12:40:28+00:00","og_image":[{"width":968,"height":565,"url":"https:\/\/transamerica93.com.br\/home\/wp-content\/uploads\/2025\/09\/Sem-titulo-3.png","type":"image\/png"}],"author":"Reda\u00e7\u00e3o","twitter_card":"summary_large_image","twitter_creator":"@transamerica933","twitter_site":"@transamerica933","twitter_misc":{"Escrito por":"Reda\u00e7\u00e3o","Est. tempo de leitura":"2 minutos"},"schema":{"@context":"https:\/\/schema.org","@graph":[{"@type":"Article","@id":"https:\/\/transamerica93.com.br\/home\/roger-waters-critica-ozzy-osbourne-e-filho-do-cantor-rebate\/#article","isPartOf":{"@id":"https:\/\/transamerica93.com.br\/home\/roger-waters-critica-ozzy-osbourne-e-filho-do-cantor-rebate\/"},"author":{"name":"Reda\u00e7\u00e3o","@id":"https:\/\/transamerica93.com.br\/home\/#\/schema\/person\/7fed7c99c0d4562efa8561bc0f543172"},"headline":"Roger Waters critica Ozzy Osbourne, e filho do cantor rebate","datePublished":"2025-09-04T12:40:28+00:00","mainEntityOfPage":{"@id":"https:\/\/transamerica93.com.br\/home\/roger-waters-critica-ozzy-osbourne-e-filho-do-cantor-rebate\/"},"wordCount":357,"publisher":{"@id":"https:\/\/transamerica93.com.br\/home\/#organization"},"image":{"@id":"https:\/\/transamerica93.com.br\/home\/roger-waters-critica-ozzy-osbourne-e-filho-do-cantor-rebate\/#primaryimage"},"thumbnailUrl":"https:\/\/transamerica93.com.br\/home\/wp-content\/uploads\/2025\/09\/Sem-titulo-3.png","articleSection":["M\u00fasica"],"inLanguage":"pt-BR"},{"@type":"WebPage","@id":"https:\/\/transamerica93.com.br\/home\/roger-waters-critica-ozzy-osbourne-e-filho-do-cantor-rebate\/","url":"https:\/\/transamerica93.com.br\/home\/roger-waters-critica-ozzy-osbourne-e-filho-do-cantor-rebate\/","name":"Roger Waters critica Ozzy Osbourne, e filho do cantor rebate - Transam\u00e9rica Mococa 93,3","isPartOf":{"@id":"https:\/\/transamerica93.com.br\/home\/#website"},"primaryImageOfPage":{"@id":"https:\/\/transamerica93.com.br\/home\/roger-waters-critica-ozzy-osbourne-e-filho-do-cantor-rebate\/#primaryimage"},"image":{"@id":"https:\/\/transamerica93.com.br\/home\/roger-waters-critica-ozzy-osbourne-e-filho-do-cantor-rebate\/#primaryimage"},"thumbnailUrl":"https:\/\/transamerica93.com.br\/home\/wp-content\/uploads\/2025\/09\/Sem-titulo-3.png","datePublished":"2025-09-04T12:40:28+00:00","breadcrumb":{"@id":"https:\/\/transamerica93.com.br\/home\/roger-waters-critica-ozzy-osbourne-e-filho-do-cantor-rebate\/#breadcrumb"},"inLanguage":"pt-BR","potentialAction":[{"@type":"ReadAction","target":["https:\/\/transamerica93.com.br\/home\/roger-waters-critica-ozzy-osbourne-e-filho-do-cantor-rebate\/"]}]},{"@type":"ImageObject","inLanguage":"pt-BR","@id":"https:\/\/transamerica93.com.br\/home\/roger-waters-critica-ozzy-osbourne-e-filho-do-cantor-rebate\/#primaryimage","url":"https:\/\/transamerica93.com.br\/home\/wp-content\/uploads\/2025\/09\/Sem-titulo-3.png","contentUrl":"https:\/\/transamerica93.com.br\/home\/wp-content\/uploads\/2025\/09\/Sem-titulo-3.png","width":968,"height":565,"caption":"Foto: Reprodu\u00e7\u00e3o"},{"@type":"BreadcrumbList","@id":"https:\/\/transamerica93.com.br\/home\/roger-waters-critica-ozzy-osbourne-e-filho-do-cantor-rebate\/#breadcrumb","itemListElement":[{"@type":"ListItem","position":1,"name":"In\u00edcio","item":"https:\/\/transamerica93.com.br\/home\/"},{"@type":"ListItem","position":2,"name":"Roger Waters critica Ozzy Osbourne, e filho do cantor rebate"}]},{"@type":"WebSite","@id":"https:\/\/transamerica93.com.br\/home\/#website","url":"https:\/\/transamerica93.com.br\/home\/","name":"Transam\u00e9rica Mococa 93,3","description":"","publisher":{"@id":"https:\/\/transamerica93.com.br\/home\/#organization"},"potentialAction":[{"@type":"SearchAction","target":{"@type":"EntryPoint","urlTemplate":"https:\/\/transamerica93.com.br\/home\/?s={search_term_string}"},"query-input":{"@type":"PropertyValueSpecification","valueRequired":true,"valueName":"search_term_string"}}],"inLanguage":"pt-BR"},{"@type":"Organization","@id":"https:\/\/transamerica93.com.br\/home\/#organization","name":"Transam\u00e9rica Mococa 93,3","url":"https:\/\/transamerica93.com.br\/home\/","logo":{"@type":"ImageObject","inLanguage":"pt-BR","@id":"https:\/\/transamerica93.com.br\/home\/#\/schema\/logo\/image\/","url":"https:\/\/transamerica93.com.br\/home\/wp-content\/uploads\/2023\/10\/logo2.png","contentUrl":"https:\/\/transamerica93.com.br\/home\/wp-content\/uploads\/2023\/10\/logo2.png","width":800,"height":500,"caption":"Transam\u00e9rica Mococa 93,3"},"image":{"@id":"https:\/\/transamerica93.com.br\/home\/#\/schema\/logo\/image\/"},"sameAs":["https:\/\/www.facebook.com\/transamericamococa","https:\/\/x.com\/transamerica933","https:\/\/www.instagram.com\/transamericamococa"]},{"@type":"Person","@id":"https:\/\/transamerica93.com.br\/home\/#\/schema\/person\/7fed7c99c0d4562efa8561bc0f543172","name":"Reda\u00e7\u00e3o","image":{"@type":"ImageObject","inLanguage":"pt-BR","@id":"https:\/\/secure.gravatar.com\/avatar\/1072c6b775fb02ef8506ce967551d95926669a6b7d2c2147b42eea4d7c68395e?s=96&d=mm&r=g","url":"https:\/\/secure.gravatar.com\/avatar\/1072c6b775fb02ef8506ce967551d95926669a6b7d2c2147b42eea4d7c68395e?s=96&d=mm&r=g","contentUrl":"https:\/\/secure.gravatar.com\/avatar\/1072c6b775fb02ef8506ce967551d95926669a6b7d2c2147b42eea4d7c68395e?s=96&d=mm&r=g","caption":"Reda\u00e7\u00e3o"},"sameAs":["https:\/\/transamerica93.com.br\/home"],"url":"https:\/\/transamerica93.com.br\/home\/author\/william\/"}]}},"_links":{"self":[{"href":"https:\/\/transamerica93.com.br\/home\/wp-json\/wp\/v2\/posts\/6197","targetHints":{"allow":["GET"]}}],"collection":[{"href":"https:\/\/transamerica93.com.br\/home\/wp-json\/wp\/v2\/posts"}],"about":[{"href":"https:\/\/transamerica93.com.br\/home\/wp-json\/wp\/v2\/types\/post"}],"author":[{"embeddable":true,"href":"https:\/\/transamerica93.com.br\/home\/wp-json\/wp\/v2\/users\/1"}],"replies":[{"embeddable":true,"href":"https:\/\/transamerica93.com.br\/home\/wp-json\/wp\/v2\/comments?post=6197"}],"version-history":[{"count":1,"href":"https:\/\/transamerica93.com.br\/home\/wp-json\/wp\/v2\/posts\/6197\/revisions"}],"predecessor-version":[{"id":6199,"href":"https:\/\/transamerica93.com.br\/home\/wp-json\/wp\/v2\/posts\/6197\/revisions\/6199"}],"wp:featuredmedia":[{"embeddable":true,"href":"https:\/\/transamerica93.com.br\/home\/wp-json\/wp\/v2\/media\/6198"}],"wp:attachment":[{"href":"https:\/\/transamerica93.com.br\/home\/wp-json\/wp\/v2\/media?parent=6197"}],"wp:term":[{"taxonomy":"category","embeddable":true,"href":"https:\/\/transamerica93.com.br\/home\/wp-json\/wp\/v2\/categories?post=6197"},{"taxonomy":"post_tag","embeddable":true,"href":"https:\/\/transamerica93.com.br\/home\/wp-json\/wp\/v2\/tags?post=6197"}],"curies":[{"name":"wp","href":"https:\/\/api.w.org\/{rel}","templated":true}]}}