{"id":6218,"date":"2025-09-08T20:17:05","date_gmt":"2025-09-08T23:17:05","guid":{"rendered":"https:\/\/transamerica93.com.br\/home\/?p=6218"},"modified":"2025-09-08T20:17:05","modified_gmt":"2025-09-08T23:17:05","slug":"gabriel-leone-prepara-album-com-repertorio-emocional","status":"publish","type":"post","link":"https:\/\/transamerica93.com.br\/home\/gabriel-leone-prepara-album-com-repertorio-emocional\/","title":{"rendered":"Gabriel Leone prepara \u00e1lbum com repert\u00f3rio emocional"},"content":{"rendered":"<div id=\"Corpo\">\n<h6 class=\"Assina\">Por Danilo Casaletti<\/h6>\n<p>No disco que Guilherme Arantes lan\u00e7ou em 1976, entre duas faixas que viraram hits, Meu Mundo e Nada Mais e Cuide-se Bem, o ator Gabriel Leone se fixou em outra: Antes da Chuva Chegar. Uma can\u00e7\u00e3o bastante imag\u00e9tica, com um clima de tempestade se aproximando e versos que falam em &#8220;rua deserta e forrada de folhas ca\u00eddas que voam ao l\u00e9u&#8221; para, no refr\u00e3o, chamar aten\u00e7\u00e3o para o que o mesmo vento apresenta antes de a chuva cair.<\/p>\n<p>Antes da Chuva Chegar \u00e9 uma das can\u00e7\u00f5es que Leone escolheu para seu primeiro \u00e1lbum, Minhas L\u00e1grimas, que ser\u00e1 lan\u00e7ado pela gravadora Som Livre, em data ainda a ser definida. Ela tem o que Leone busca tamb\u00e9m quando escolhe um personagem: uma boa hist\u00f3ria para contar.<\/p>\n<p>Embora cantar n\u00e3o seja uma novidade em sua carreira &#8211; Leone, de 32 anos, come\u00e7ou sua trajet\u00f3ria como ator no teatro musical -, esse ser\u00e1 seu primeiro trabalho pensado como tal: um disco com faixas com as quais ele pode se mostrar sem um personagem constitu\u00eddo em fun\u00e7\u00e3o de um roteiro, mas com uma costura de sentimentos que ele deseja expressar com sua voz.<\/p>\n<p>&#8220;\u00c9 uma aventura, mas com o estofo de ator que tenho, de interpretar. Eu sou um int\u00e9rprete, tenho essa ferramenta de trabalhar com o texto e achar as medidas para cada m\u00fasica&#8221;, afirma Leone, querendo abra\u00e7ar som e imagens no novo trabalho, amadurecido ao longo dos \u00faltimos sete anos. &#8220;Jamais faria algo por fazer ou puramente comercial&#8221;, completa.<\/p>\n<p>O\u00a0<b>Estad\u00e3o<\/b>\u00a0acompanhou com exclusividade uma tarde de grava\u00e7\u00e3o do disco, em um est\u00fadio no bairro da Bela Vista, em S\u00e3o Paulo, e ouviu outras tr\u00eas can\u00e7\u00f5es: Bolero de Sat\u00e3, parceria de Guinga e Paulo C\u00e9sar Pinheiro; Choro das \u00c1guas, de Ivan Lins e Vitor Martins; e Cara Limpa, de Paulo Vanzolini. As faixas ainda estavam com a voz-guia, que serve como base para a banda e os arranjos.<\/p>\n<p>Com produ\u00e7\u00e3o de Marcus Preto, que j\u00e1 trabalhou com nomes como Gal Costa, Erasmo Carlos e Jota.p\u00ea, e do m\u00fasico T\u00f3 Brandileone, do grupo 5 a Seco, o \u00e1lbum ainda traz faixas como N\u00f3s Dois, de Celso Adolfo; Assim Sem Mais, de Jo\u00e3o Bosco, Antonio Cicero e Waly Salom\u00e3o; e \u00cata N\u00f3is, de Luhli e Lucina &#8211; esta \u00faltima deve ganhar dueto com Ney Matogrosso, que gravou a faixa nos anos 1980. Juliana Linhares tamb\u00e9m foi convidada para participar. Em todas, h\u00e1 um elemento comum: o drama.<\/p>\n<p>LADO B. Leone assume que se trata de um \u00e1lbum triste. &#8220;Sim, tem esse peso, que fala muito com a minha profiss\u00e3o, com o ator que eu me encaminhei para ser. Bolero de Sat\u00e3, por exemplo, \u00e9 uma paix\u00e3o recente, de um autor (Guinga), que mudou minha forma de ouvir m\u00fasica&#8221;, diz.<\/p>\n<p>Al\u00e9m do drama, h\u00e1 outro detalhe: as faixas s\u00e3o o que se chama de &#8220;lado B&#8221; dos artistas. Um exemplo: em vez de escolher A\u00e7a\u00ed, hit de Djavan, Leone selecionou Segredo, can\u00e7\u00e3o menos conhecida do compositor. &#8220;Ele \u00e9 bem nerd, nesse sentido. \u00c0s vezes, me traz can\u00e7\u00f5es que eu nem conhecia&#8221;, diz o produtor Marcus Preto.<\/p>\n<p>Depois da sele\u00e7\u00e3o das faixas, foi preciso dar uma &#8220;cara&#8221; ao disco, e costurar autores t\u00e3o distintos. &#8220;\u00c9 um disco de MPB raiz, mas com um p\u00e9 no rock&#8221;, define Leone. &#8220;Sou um roqueiro. Mas, brincamos aqui no est\u00fadio que eu gosto, na mesma medida, de Fagner e Led Zeppelin. Sinto dessa forma. Meu cora\u00e7\u00e3o escuta os artistas da MPB com a mesma paix\u00e3o e interesse que os do rock. Sou fruto dessa mistura. E o disco sintetiza isso&#8221;, explica.<\/p>\n<p>TEATRO MUSICAL. O rock faz a cabe\u00e7a de Leone desde os tempos do col\u00e9gio, quando formou com amigos uma banda dedicada ao g\u00eanero. Com a aproxima\u00e7\u00e3o com o teatro, e a dificuldade de achar testes para pe\u00e7as, Leone encontrou seu caminho em audi\u00e7\u00f5es para musicais. Fez Os Miser\u00e1veis, Raps\u00f3dia &#8211; O Musical, Garotos e Chacrinha, O Musica &#8211; nesse \u00faltimo, interpretou o cantor Roberto Carlos, personagem a que voltou a dar vida no filme Minha Fama de Mau, em 2019.<\/p>\n<p>Na televis\u00e3o, Leone cantou na abertura da s\u00e9rie Os Dias Eram Assim, da TV Globo, na qual tamb\u00e9m atuou. Quando apresentou a s\u00e9rie Milton e o Clube da Esquina, produzida pelo Canal Brasil em 2020, dividiu os vocais da m\u00fasica Um Girassol da Cor do Seu Cabelo com Milton Nascimento. No cinema, interpretou m\u00fasicas in\u00e9ditas da parceria Arnaldo Antunes e Odair Jos\u00e9 no filme Meu \u00c1lbum de Amores, no qual era Odilon Ricardo, um cantor de m\u00fasica brega dos anos 1970.<\/p>\n<p>Mais recentemente, Leone esteve no longa de produ\u00e7\u00e3o americana Ferrari (2023) e protagonizou a s\u00e9rie Senna (2024), da Netflix, trabalhos que lhe deram proje\u00e7\u00e3o internacional como ator. E tudo indicava que ele apostaria suas fichas nessa porta que se abriu. Leone quer atuar, mas tamb\u00e9m quer cantar. Para ele, tudo cabe neste momento.<\/p>\n<p>O ator integra ainda o elenco de O Agente Secreto, filme do cineasta pernambucano Kleber Mendon\u00e7a Filho. O longa, que se passa nos anos 1970, no contexto da ditadura militar, tem Wagner Moura como protagonista. Vencedor de dois pr\u00eamios em Cannes, de melhor diretor para Kleber Mendon\u00e7a Filho, e de melhor ator para Moura, o filme j\u00e1 come\u00e7a a ser ventilado como poss\u00edvel candidato ao Oscar 2026. Na produ\u00e7\u00e3o, Leone interpreta Bobbi, personagem ligado ao regime militar e definido pelo ator como &#8220;silencioso&#8221;. Leone elogia a capacidade do diretor em criar coadjuvantes verdadeiramente interessantes.<\/p>\n<p>O Agente Secreto est\u00e1 previsto para estrear em 6 de novembro. &#8220;\u00c9 um roteiro realmente incr\u00edvel. Independentemente dos pr\u00eamios, que foram merecidos, \u00e9 uma sensa\u00e7\u00e3o sem igual, de orgulho&#8221;, diz. &#8220;Essa \u00e9 a sensa\u00e7\u00e3o que eu quero ter quando pegar o vinil do meu disco e coloc\u00e1-lo para tocar na vitrola&#8221;, completa Leone, retornando para o ponto de partida da conversa: a m\u00fasica.<\/p><\/div>\n","protected":false},"excerpt":{"rendered":"<p>Por Danilo Casaletti No disco que Guilherme Arantes lan\u00e7ou em 1976, entre duas faixas que viraram hits, Meu Mundo e Nada Mais e Cuide-se Bem, o ator Gabriel Leone se fixou em outra: Antes da Chuva Chegar. Uma can\u00e7\u00e3o bastante imag\u00e9tica, com um clima de tempestade se aproximando e versos que falam em &#8220;rua deserta &hellip;<\/p>\n","protected":false},"author":1,"featured_media":6215,"comment_status":"closed","ping_status":"closed","sticky":false,"template":"","format":"standard","meta":{"footnotes":""},"categories":[25],"tags":[],"class_list":["post-6218","post","type-post","status-publish","format-standard","has-post-thumbnail","hentry","category-musica"],"yoast_head":"<!-- This site is optimized with the Yoast SEO plugin v27.4 - https:\/\/yoast.com\/product\/yoast-seo-wordpress\/ -->\n<title>Gabriel Leone prepara \u00e1lbum com repert\u00f3rio emocional - Transam\u00e9rica Mococa 93,3<\/title>\n<meta name=\"robots\" content=\"index, follow, max-snippet:-1, max-image-preview:large, max-video-preview:-1\" \/>\n<link rel=\"canonical\" href=\"https:\/\/transamerica93.com.br\/home\/gabriel-leone-prepara-album-com-repertorio-emocional\/\" \/>\n<meta property=\"og:locale\" content=\"pt_BR\" \/>\n<meta property=\"og:type\" content=\"article\" \/>\n<meta property=\"og:title\" content=\"Gabriel Leone prepara \u00e1lbum com repert\u00f3rio emocional - Transam\u00e9rica Mococa 93,3\" \/>\n<meta property=\"og:description\" content=\"Por Danilo Casaletti No disco que Guilherme Arantes lan\u00e7ou em 1976, entre duas faixas que viraram hits, Meu Mundo e Nada Mais e Cuide-se Bem, o ator Gabriel Leone se fixou em outra: Antes da Chuva Chegar. Uma can\u00e7\u00e3o bastante imag\u00e9tica, com um clima de tempestade se aproximando e versos que falam em &#8220;rua deserta &hellip;\" \/>\n<meta property=\"og:url\" content=\"https:\/\/transamerica93.com.br\/home\/gabriel-leone-prepara-album-com-repertorio-emocional\/\" \/>\n<meta property=\"og:site_name\" content=\"Transam\u00e9rica Mococa 93,3\" \/>\n<meta property=\"article:publisher\" content=\"https:\/\/www.facebook.com\/transamericamococa\" \/>\n<meta property=\"article:published_time\" content=\"2025-09-08T23:17:05+00:00\" \/>\n<meta property=\"og:image\" content=\"https:\/\/transamerica93.com.br\/home\/wp-content\/uploads\/2025\/09\/3.jpg\" \/>\n\t<meta property=\"og:image:width\" content=\"1200\" \/>\n\t<meta property=\"og:image:height\" content=\"900\" \/>\n\t<meta property=\"og:image:type\" content=\"image\/jpeg\" \/>\n<meta name=\"author\" content=\"Reda\u00e7\u00e3o\" \/>\n<meta name=\"twitter:card\" content=\"summary_large_image\" \/>\n<meta name=\"twitter:creator\" content=\"@transamerica933\" \/>\n<meta name=\"twitter:site\" content=\"@transamerica933\" \/>\n<meta name=\"twitter:label1\" content=\"Escrito por\" \/>\n\t<meta name=\"twitter:data1\" content=\"Reda\u00e7\u00e3o\" \/>\n\t<meta name=\"twitter:label2\" content=\"Est. tempo de leitura\" \/>\n\t<meta name=\"twitter:data2\" content=\"6 minutos\" \/>\n<script type=\"application\/ld+json\" class=\"yoast-schema-graph\">{\"@context\":\"https:\\\/\\\/schema.org\",\"@graph\":[{\"@type\":\"Article\",\"@id\":\"https:\\\/\\\/transamerica93.com.br\\\/home\\\/gabriel-leone-prepara-album-com-repertorio-emocional\\\/#article\",\"isPartOf\":{\"@id\":\"https:\\\/\\\/transamerica93.com.br\\\/home\\\/gabriel-leone-prepara-album-com-repertorio-emocional\\\/\"},\"author\":{\"name\":\"Reda\u00e7\u00e3o\",\"@id\":\"https:\\\/\\\/transamerica93.com.br\\\/home\\\/#\\\/schema\\\/person\\\/7fed7c99c0d4562efa8561bc0f543172\"},\"headline\":\"Gabriel Leone prepara \u00e1lbum com repert\u00f3rio emocional\",\"datePublished\":\"2025-09-08T23:17:05+00:00\",\"mainEntityOfPage\":{\"@id\":\"https:\\\/\\\/transamerica93.com.br\\\/home\\\/gabriel-leone-prepara-album-com-repertorio-emocional\\\/\"},\"wordCount\":1032,\"publisher\":{\"@id\":\"https:\\\/\\\/transamerica93.com.br\\\/home\\\/#organization\"},\"image\":{\"@id\":\"https:\\\/\\\/transamerica93.com.br\\\/home\\\/gabriel-leone-prepara-album-com-repertorio-emocional\\\/#primaryimage\"},\"thumbnailUrl\":\"https:\\\/\\\/transamerica93.com.br\\\/home\\\/wp-content\\\/uploads\\\/2025\\\/09\\\/3.jpg\",\"articleSection\":[\"M\u00fasica\"],\"inLanguage\":\"pt-BR\"},{\"@type\":\"WebPage\",\"@id\":\"https:\\\/\\\/transamerica93.com.br\\\/home\\\/gabriel-leone-prepara-album-com-repertorio-emocional\\\/\",\"url\":\"https:\\\/\\\/transamerica93.com.br\\\/home\\\/gabriel-leone-prepara-album-com-repertorio-emocional\\\/\",\"name\":\"Gabriel Leone prepara \u00e1lbum com repert\u00f3rio emocional - Transam\u00e9rica Mococa 93,3\",\"isPartOf\":{\"@id\":\"https:\\\/\\\/transamerica93.com.br\\\/home\\\/#website\"},\"primaryImageOfPage\":{\"@id\":\"https:\\\/\\\/transamerica93.com.br\\\/home\\\/gabriel-leone-prepara-album-com-repertorio-emocional\\\/#primaryimage\"},\"image\":{\"@id\":\"https:\\\/\\\/transamerica93.com.br\\\/home\\\/gabriel-leone-prepara-album-com-repertorio-emocional\\\/#primaryimage\"},\"thumbnailUrl\":\"https:\\\/\\\/transamerica93.com.br\\\/home\\\/wp-content\\\/uploads\\\/2025\\\/09\\\/3.jpg\",\"datePublished\":\"2025-09-08T23:17:05+00:00\",\"breadcrumb\":{\"@id\":\"https:\\\/\\\/transamerica93.com.br\\\/home\\\/gabriel-leone-prepara-album-com-repertorio-emocional\\\/#breadcrumb\"},\"inLanguage\":\"pt-BR\",\"potentialAction\":[{\"@type\":\"ReadAction\",\"target\":[\"https:\\\/\\\/transamerica93.com.br\\\/home\\\/gabriel-leone-prepara-album-com-repertorio-emocional\\\/\"]}]},{\"@type\":\"ImageObject\",\"inLanguage\":\"pt-BR\",\"@id\":\"https:\\\/\\\/transamerica93.com.br\\\/home\\\/gabriel-leone-prepara-album-com-repertorio-emocional\\\/#primaryimage\",\"url\":\"https:\\\/\\\/transamerica93.com.br\\\/home\\\/wp-content\\\/uploads\\\/2025\\\/09\\\/3.jpg\",\"contentUrl\":\"https:\\\/\\\/transamerica93.com.br\\\/home\\\/wp-content\\\/uploads\\\/2025\\\/09\\\/3.jpg\",\"width\":1200,\"height\":900,\"caption\":\"Foto: Reprodu\u00e7\u00e3o\\\/Redes Sociais\"},{\"@type\":\"BreadcrumbList\",\"@id\":\"https:\\\/\\\/transamerica93.com.br\\\/home\\\/gabriel-leone-prepara-album-com-repertorio-emocional\\\/#breadcrumb\",\"itemListElement\":[{\"@type\":\"ListItem\",\"position\":1,\"name\":\"In\u00edcio\",\"item\":\"https:\\\/\\\/transamerica93.com.br\\\/home\\\/\"},{\"@type\":\"ListItem\",\"position\":2,\"name\":\"Gabriel Leone prepara \u00e1lbum com repert\u00f3rio emocional\"}]},{\"@type\":\"WebSite\",\"@id\":\"https:\\\/\\\/transamerica93.com.br\\\/home\\\/#website\",\"url\":\"https:\\\/\\\/transamerica93.com.br\\\/home\\\/\",\"name\":\"Transam\u00e9rica Mococa 93,3\",\"description\":\"\",\"publisher\":{\"@id\":\"https:\\\/\\\/transamerica93.com.br\\\/home\\\/#organization\"},\"potentialAction\":[{\"@type\":\"SearchAction\",\"target\":{\"@type\":\"EntryPoint\",\"urlTemplate\":\"https:\\\/\\\/transamerica93.com.br\\\/home\\\/?s={search_term_string}\"},\"query-input\":{\"@type\":\"PropertyValueSpecification\",\"valueRequired\":true,\"valueName\":\"search_term_string\"}}],\"inLanguage\":\"pt-BR\"},{\"@type\":\"Organization\",\"@id\":\"https:\\\/\\\/transamerica93.com.br\\\/home\\\/#organization\",\"name\":\"Transam\u00e9rica Mococa 93,3\",\"url\":\"https:\\\/\\\/transamerica93.com.br\\\/home\\\/\",\"logo\":{\"@type\":\"ImageObject\",\"inLanguage\":\"pt-BR\",\"@id\":\"https:\\\/\\\/transamerica93.com.br\\\/home\\\/#\\\/schema\\\/logo\\\/image\\\/\",\"url\":\"https:\\\/\\\/transamerica93.com.br\\\/home\\\/wp-content\\\/uploads\\\/2023\\\/10\\\/logo2.png\",\"contentUrl\":\"https:\\\/\\\/transamerica93.com.br\\\/home\\\/wp-content\\\/uploads\\\/2023\\\/10\\\/logo2.png\",\"width\":800,\"height\":500,\"caption\":\"Transam\u00e9rica Mococa 93,3\"},\"image\":{\"@id\":\"https:\\\/\\\/transamerica93.com.br\\\/home\\\/#\\\/schema\\\/logo\\\/image\\\/\"},\"sameAs\":[\"https:\\\/\\\/www.facebook.com\\\/transamericamococa\",\"https:\\\/\\\/x.com\\\/transamerica933\",\"https:\\\/\\\/www.instagram.com\\\/transamericamococa\"]},{\"@type\":\"Person\",\"@id\":\"https:\\\/\\\/transamerica93.com.br\\\/home\\\/#\\\/schema\\\/person\\\/7fed7c99c0d4562efa8561bc0f543172\",\"name\":\"Reda\u00e7\u00e3o\",\"image\":{\"@type\":\"ImageObject\",\"inLanguage\":\"pt-BR\",\"@id\":\"https:\\\/\\\/secure.gravatar.com\\\/avatar\\\/1072c6b775fb02ef8506ce967551d95926669a6b7d2c2147b42eea4d7c68395e?s=96&d=mm&r=g\",\"url\":\"https:\\\/\\\/secure.gravatar.com\\\/avatar\\\/1072c6b775fb02ef8506ce967551d95926669a6b7d2c2147b42eea4d7c68395e?s=96&d=mm&r=g\",\"contentUrl\":\"https:\\\/\\\/secure.gravatar.com\\\/avatar\\\/1072c6b775fb02ef8506ce967551d95926669a6b7d2c2147b42eea4d7c68395e?s=96&d=mm&r=g\",\"caption\":\"Reda\u00e7\u00e3o\"},\"sameAs\":[\"https:\\\/\\\/transamerica93.com.br\\\/home\"],\"url\":\"https:\\\/\\\/transamerica93.com.br\\\/home\\\/author\\\/william\\\/\"}]}<\/script>\n<!-- \/ Yoast SEO plugin. -->","yoast_head_json":{"title":"Gabriel Leone prepara \u00e1lbum com repert\u00f3rio emocional - Transam\u00e9rica Mococa 93,3","robots":{"index":"index","follow":"follow","max-snippet":"max-snippet:-1","max-image-preview":"max-image-preview:large","max-video-preview":"max-video-preview:-1"},"canonical":"https:\/\/transamerica93.com.br\/home\/gabriel-leone-prepara-album-com-repertorio-emocional\/","og_locale":"pt_BR","og_type":"article","og_title":"Gabriel Leone prepara \u00e1lbum com repert\u00f3rio emocional - Transam\u00e9rica Mococa 93,3","og_description":"Por Danilo Casaletti No disco que Guilherme Arantes lan\u00e7ou em 1976, entre duas faixas que viraram hits, Meu Mundo e Nada Mais e Cuide-se Bem, o ator Gabriel Leone se fixou em outra: Antes da Chuva Chegar. Uma can\u00e7\u00e3o bastante imag\u00e9tica, com um clima de tempestade se aproximando e versos que falam em &#8220;rua deserta &hellip;","og_url":"https:\/\/transamerica93.com.br\/home\/gabriel-leone-prepara-album-com-repertorio-emocional\/","og_site_name":"Transam\u00e9rica Mococa 93,3","article_publisher":"https:\/\/www.facebook.com\/transamericamococa","article_published_time":"2025-09-08T23:17:05+00:00","og_image":[{"width":1200,"height":900,"url":"https:\/\/transamerica93.com.br\/home\/wp-content\/uploads\/2025\/09\/3.jpg","type":"image\/jpeg"}],"author":"Reda\u00e7\u00e3o","twitter_card":"summary_large_image","twitter_creator":"@transamerica933","twitter_site":"@transamerica933","twitter_misc":{"Escrito por":"Reda\u00e7\u00e3o","Est. tempo de leitura":"6 minutos"},"schema":{"@context":"https:\/\/schema.org","@graph":[{"@type":"Article","@id":"https:\/\/transamerica93.com.br\/home\/gabriel-leone-prepara-album-com-repertorio-emocional\/#article","isPartOf":{"@id":"https:\/\/transamerica93.com.br\/home\/gabriel-leone-prepara-album-com-repertorio-emocional\/"},"author":{"name":"Reda\u00e7\u00e3o","@id":"https:\/\/transamerica93.com.br\/home\/#\/schema\/person\/7fed7c99c0d4562efa8561bc0f543172"},"headline":"Gabriel Leone prepara \u00e1lbum com repert\u00f3rio emocional","datePublished":"2025-09-08T23:17:05+00:00","mainEntityOfPage":{"@id":"https:\/\/transamerica93.com.br\/home\/gabriel-leone-prepara-album-com-repertorio-emocional\/"},"wordCount":1032,"publisher":{"@id":"https:\/\/transamerica93.com.br\/home\/#organization"},"image":{"@id":"https:\/\/transamerica93.com.br\/home\/gabriel-leone-prepara-album-com-repertorio-emocional\/#primaryimage"},"thumbnailUrl":"https:\/\/transamerica93.com.br\/home\/wp-content\/uploads\/2025\/09\/3.jpg","articleSection":["M\u00fasica"],"inLanguage":"pt-BR"},{"@type":"WebPage","@id":"https:\/\/transamerica93.com.br\/home\/gabriel-leone-prepara-album-com-repertorio-emocional\/","url":"https:\/\/transamerica93.com.br\/home\/gabriel-leone-prepara-album-com-repertorio-emocional\/","name":"Gabriel Leone prepara \u00e1lbum com repert\u00f3rio emocional - Transam\u00e9rica Mococa 93,3","isPartOf":{"@id":"https:\/\/transamerica93.com.br\/home\/#website"},"primaryImageOfPage":{"@id":"https:\/\/transamerica93.com.br\/home\/gabriel-leone-prepara-album-com-repertorio-emocional\/#primaryimage"},"image":{"@id":"https:\/\/transamerica93.com.br\/home\/gabriel-leone-prepara-album-com-repertorio-emocional\/#primaryimage"},"thumbnailUrl":"https:\/\/transamerica93.com.br\/home\/wp-content\/uploads\/2025\/09\/3.jpg","datePublished":"2025-09-08T23:17:05+00:00","breadcrumb":{"@id":"https:\/\/transamerica93.com.br\/home\/gabriel-leone-prepara-album-com-repertorio-emocional\/#breadcrumb"},"inLanguage":"pt-BR","potentialAction":[{"@type":"ReadAction","target":["https:\/\/transamerica93.com.br\/home\/gabriel-leone-prepara-album-com-repertorio-emocional\/"]}]},{"@type":"ImageObject","inLanguage":"pt-BR","@id":"https:\/\/transamerica93.com.br\/home\/gabriel-leone-prepara-album-com-repertorio-emocional\/#primaryimage","url":"https:\/\/transamerica93.com.br\/home\/wp-content\/uploads\/2025\/09\/3.jpg","contentUrl":"https:\/\/transamerica93.com.br\/home\/wp-content\/uploads\/2025\/09\/3.jpg","width":1200,"height":900,"caption":"Foto: Reprodu\u00e7\u00e3o\/Redes Sociais"},{"@type":"BreadcrumbList","@id":"https:\/\/transamerica93.com.br\/home\/gabriel-leone-prepara-album-com-repertorio-emocional\/#breadcrumb","itemListElement":[{"@type":"ListItem","position":1,"name":"In\u00edcio","item":"https:\/\/transamerica93.com.br\/home\/"},{"@type":"ListItem","position":2,"name":"Gabriel Leone prepara \u00e1lbum com repert\u00f3rio emocional"}]},{"@type":"WebSite","@id":"https:\/\/transamerica93.com.br\/home\/#website","url":"https:\/\/transamerica93.com.br\/home\/","name":"Transam\u00e9rica Mococa 93,3","description":"","publisher":{"@id":"https:\/\/transamerica93.com.br\/home\/#organization"},"potentialAction":[{"@type":"SearchAction","target":{"@type":"EntryPoint","urlTemplate":"https:\/\/transamerica93.com.br\/home\/?s={search_term_string}"},"query-input":{"@type":"PropertyValueSpecification","valueRequired":true,"valueName":"search_term_string"}}],"inLanguage":"pt-BR"},{"@type":"Organization","@id":"https:\/\/transamerica93.com.br\/home\/#organization","name":"Transam\u00e9rica Mococa 93,3","url":"https:\/\/transamerica93.com.br\/home\/","logo":{"@type":"ImageObject","inLanguage":"pt-BR","@id":"https:\/\/transamerica93.com.br\/home\/#\/schema\/logo\/image\/","url":"https:\/\/transamerica93.com.br\/home\/wp-content\/uploads\/2023\/10\/logo2.png","contentUrl":"https:\/\/transamerica93.com.br\/home\/wp-content\/uploads\/2023\/10\/logo2.png","width":800,"height":500,"caption":"Transam\u00e9rica Mococa 93,3"},"image":{"@id":"https:\/\/transamerica93.com.br\/home\/#\/schema\/logo\/image\/"},"sameAs":["https:\/\/www.facebook.com\/transamericamococa","https:\/\/x.com\/transamerica933","https:\/\/www.instagram.com\/transamericamococa"]},{"@type":"Person","@id":"https:\/\/transamerica93.com.br\/home\/#\/schema\/person\/7fed7c99c0d4562efa8561bc0f543172","name":"Reda\u00e7\u00e3o","image":{"@type":"ImageObject","inLanguage":"pt-BR","@id":"https:\/\/secure.gravatar.com\/avatar\/1072c6b775fb02ef8506ce967551d95926669a6b7d2c2147b42eea4d7c68395e?s=96&d=mm&r=g","url":"https:\/\/secure.gravatar.com\/avatar\/1072c6b775fb02ef8506ce967551d95926669a6b7d2c2147b42eea4d7c68395e?s=96&d=mm&r=g","contentUrl":"https:\/\/secure.gravatar.com\/avatar\/1072c6b775fb02ef8506ce967551d95926669a6b7d2c2147b42eea4d7c68395e?s=96&d=mm&r=g","caption":"Reda\u00e7\u00e3o"},"sameAs":["https:\/\/transamerica93.com.br\/home"],"url":"https:\/\/transamerica93.com.br\/home\/author\/william\/"}]}},"_links":{"self":[{"href":"https:\/\/transamerica93.com.br\/home\/wp-json\/wp\/v2\/posts\/6218","targetHints":{"allow":["GET"]}}],"collection":[{"href":"https:\/\/transamerica93.com.br\/home\/wp-json\/wp\/v2\/posts"}],"about":[{"href":"https:\/\/transamerica93.com.br\/home\/wp-json\/wp\/v2\/types\/post"}],"author":[{"embeddable":true,"href":"https:\/\/transamerica93.com.br\/home\/wp-json\/wp\/v2\/users\/1"}],"replies":[{"embeddable":true,"href":"https:\/\/transamerica93.com.br\/home\/wp-json\/wp\/v2\/comments?post=6218"}],"version-history":[{"count":1,"href":"https:\/\/transamerica93.com.br\/home\/wp-json\/wp\/v2\/posts\/6218\/revisions"}],"predecessor-version":[{"id":6219,"href":"https:\/\/transamerica93.com.br\/home\/wp-json\/wp\/v2\/posts\/6218\/revisions\/6219"}],"wp:featuredmedia":[{"embeddable":true,"href":"https:\/\/transamerica93.com.br\/home\/wp-json\/wp\/v2\/media\/6215"}],"wp:attachment":[{"href":"https:\/\/transamerica93.com.br\/home\/wp-json\/wp\/v2\/media?parent=6218"}],"wp:term":[{"taxonomy":"category","embeddable":true,"href":"https:\/\/transamerica93.com.br\/home\/wp-json\/wp\/v2\/categories?post=6218"},{"taxonomy":"post_tag","embeddable":true,"href":"https:\/\/transamerica93.com.br\/home\/wp-json\/wp\/v2\/tags?post=6218"}],"curies":[{"name":"wp","href":"https:\/\/api.w.org\/{rel}","templated":true}]}}