{"id":6223,"date":"2025-09-08T20:19:50","date_gmt":"2025-09-08T23:19:50","guid":{"rendered":"https:\/\/transamerica93.com.br\/home\/?p=6223"},"modified":"2025-09-08T20:19:50","modified_gmt":"2025-09-08T23:19:50","slug":"minc-e-mec-lancam-arte-e-cultura-nas-escolas-de-tempo-integral","status":"publish","type":"post","link":"https:\/\/transamerica93.com.br\/home\/minc-e-mec-lancam-arte-e-cultura-nas-escolas-de-tempo-integral\/","title":{"rendered":"MinC e MEC lan\u00e7am arte e cultura nas escolas de tempo integral"},"content":{"rendered":"<div class=\"conteudo-noticia\">\n<p><strong>O Minist\u00e9rio da Educa\u00e7\u00e3o (MEC) e o Minist\u00e9rio da Cultura (MinC), firmaram nesta segunda-feira (8), em Bras\u00edlia, uma parceria para levar projetos de arte e cultura aos estudantes de escolas p\u00fablicas de tempo integral, em todas as unidades da federa\u00e7\u00e3o.<\/strong><img decoding=\"async\" data-src=\"https:\/\/agenciabrasil.ebc.com.br\/ebc.png?id=1657660&amp;o=node\" src=\"data:image\/svg+xml;base64,PHN2ZyB3aWR0aD0iMSIgaGVpZ2h0PSIxIiB4bWxucz0iaHR0cDovL3d3dy53My5vcmcvMjAwMC9zdmciPjwvc3ZnPg==\" class=\"lazyload\" \/><img decoding=\"async\" data-src=\"https:\/\/agenciabrasil.ebc.com.br\/ebc.gif?id=1657660&amp;o=node\" src=\"data:image\/svg+xml;base64,PHN2ZyB3aWR0aD0iMSIgaGVpZ2h0PSIxIiB4bWxucz0iaHR0cDovL3d3dy53My5vcmcvMjAwMC9zdmciPjwvc3ZnPg==\" class=\"lazyload\" \/><\/p>\n<p>Durante o\u00a0<a href=\"https:\/\/www.youtube.com\/watch?v=FgBUuaFI1zk\" target=\"_blank\" rel=\"noopener\">evento de lan\u00e7amento<\/a>\u00a0da iniciativa federal, o ministro da Educa\u00e7\u00e3o, Camilo Santana, defendeu a universaliza\u00e7\u00e3o do ensino integral em todos os n\u00edveis na educa\u00e7\u00e3o b\u00e1sica no Brasil com &#8220;os alunos passando o dia na escola&#8221;, o que pode, segundo ele, reduzir os \u00edndices de viol\u00eancia no pa\u00eds e a evas\u00e3o escolar.<\/p>\n<blockquote><p>\u201cA escola em tempo integral olha o projeto de vida do aluno como um todo, que precisa ter cultura, esporte, curso de l\u00ednguas e precisar ter uma coordena\u00e7\u00e3o pedag\u00f3gica que olha para o projeto de vida de cada aluno. Portanto, esse \u00e9 o mais importante modelo de escola da educa\u00e7\u00e3o b\u00e1sica desse pa\u00eds\u201d, disse.<\/p><\/blockquote>\n<p>Ao assinar a portaria interministerial (6\/2025) que regulamenta a a\u00e7\u00e3o nas escolas de tempo integral, a ministra da Cultura, Margareth Menezes, afirmou que a arte e a cultura s\u00e3o ligadas por um la\u00e7o forte \u00e0 educa\u00e7\u00e3o. \u201cS\u00e3o irm\u00e3s\u201d.<\/p>\n<p>A ministra entende que os financiamentos p\u00fablicos nestas \u00e1reas s\u00e3o investimentos no futuro da na\u00e7\u00e3o e que servem para o Brasil ser um pa\u00eds mais justo e igualit\u00e1rio.<\/p>\n<blockquote><p>\u201cVamos trabalhar juntos com paix\u00e3o, com amor, com determina\u00e7\u00e3o para que o direito \u00e0 arte e \u00e0 cultura seja uma realidade para cada brasileiro e brasileira, diante dos desafios que se apresentam\u201d,\u00a0projeta a ministra.<\/p><\/blockquote>\n<p>A reitora da Universidade de Bras\u00edlia (UnB) e anfitri\u00e3 do encontro, Rozana Reigota Naves, aponta a cultura e a arte como grandes express\u00f5es de diversidade e da cidadania de um povo. \u201c[Cultura e arte] s\u00e3o um importante mecanismo de reafirma\u00e7\u00e3o da soberania de um povo.\u201d<\/p>\n<p><a href=\"https:\/\/agenciabrasil.ebc.com.br\/educacao\/noticia\/2025-07\/artes-e-acolhimento-escola-mostra-modelo-de-ensino-integral-na-bahia\" target=\"_blank\" rel=\"noopener\">&gt;&gt;Conhe\u00e7a modelo\u00a0na Bahia de escola em tempo integral<\/a><\/p>\n<h2>Ades\u00f5es estaduais<\/h2>\n<p><strong>De acordo com Camilo Santana, em breve, o MEC e o Minc lan\u00e7ar\u00e3o um edital de chamada p\u00fablica que abrir\u00e1 o per\u00edodo de ades\u00e3o volunt\u00e1ria das secretarias estaduais de educa\u00e7\u00e3o e de cultura interessadas em receber financiamento federal para\u00a0projetos art\u00edsticos-culturais inclu\u00eddos nos curr\u00edculos escolares da educa\u00e7\u00e3o em tempo integral.<\/strong><\/p>\n<p>\u201cA comunidade escolar define o curr\u00edculo dela e diz quais s\u00e3o as aptid\u00f5es que aquela comunidade quer: se na \u00e1rea da cultura, do esporte, da tecnologia, das artes, do cinema. Enfim, esse edital vai permitir que a gente possa estimul\u00e1-los\u201d, detalhou.<\/p>\n<p><strong>O ministro explicou que, inicialmente, mesmo n\u00e3o conseguindo abarcar todas as escolas de tempo integral, o governo federal financiar\u00e1 a\u00e7\u00f5es em todos os estados da federa\u00e7\u00e3o.<\/strong>\u00a0\u201cPara que a gente possa iniciar essa parceria importante do Minist\u00e9rio da Cultura com o Minist\u00e9rio da Educa\u00e7\u00e3o, no olhar da garantia de que crian\u00e7as e jovens brasileiros possam ter direito a uma escola completa e integral para sua forma\u00e7\u00e3o do dia-a-dia\u201d, garantiu Camilo.<\/p>\n<p>Representando o Conselho Nacional de Secret\u00e1rios de Educa\u00e7\u00e3o, a secret\u00e1ria de Educa\u00e7\u00e3o do Rio Grande do Sul, a professora Raquel Figueiredo, celebrou a medida federal. \u201cO\u00a0Minist\u00e9rio da Educa\u00e7\u00e3o e o Minist\u00e9rio da Cultura est\u00e3o nos dizendo que o corpo e alma da na\u00e7\u00e3o brasileira precisam passar por esses dois Minist\u00e9rios e que induzir e financiar pol\u00edticas p\u00fablicas \u00e9 a \u00fanica sa\u00edda para, de fato, mudarmos a qualidade [do ensino]. As escolas de tempo integral propiciam essa oportunidade.\u201d<\/p>\n<h2>Benef\u00edcios<\/h2>\n<p><strong>A jornada de tempo integral nas escolas deve ser igual ou superior a sete horas di\u00e1rias ou 35 horas semanais, de\u00a0<a href=\"https:\/\/www.in.gov.br\/en\/web\/dou\/-\/resolucao-cne\/ceb-n-7-de-1-de-agosto-de-2025-645940688\" target=\"_blank\" rel=\"noopener\">acordo com resolu\u00e7\u00e3o<\/a>\u00a0do Conselho Nacional de Educa\u00e7\u00e3o (CNE).<\/strong><\/p>\n<p>A secret\u00e1ria de Educa\u00e7\u00e3o B\u00e1sica (SEB)\u00a0do MEC, K\u00e1tia Schweickardt, afirmou que a estrat\u00e9gia de amplia\u00e7\u00e3o do n\u00famero de matr\u00edculas no ensino integral, desde 2023, precisa ser acompanhada de ferramentas que contribuam para o desenvolvimento integral dos alunos, como arte, cultura e esporte, neste tempo adicional que os estudantes permanecem nas escolas. Por isso, o governo federal apoiar\u00e1 financeiramente e tecnicamente os projetos\u00a0que levem cultura para dentro das escolas de tempo integral no Brasil.<\/p>\n<blockquote><p>\u201cA gente quer, agora, induzir um processo mais significativo e que tenha de fato uma conex\u00e3o com os curr\u00edculos [escolares]. Para a gente s\u00f3 interessa aquilo que leve \u00e0 educa\u00e7\u00e3o de verdade, com qualidade. \u00a0Todas essas iniciativas v\u00e3o estar articuladas ao que a gente vem tentando fomentar para [aumentar] a qualidade da educa\u00e7\u00e3o b\u00e1sica no Brasil.\u201d<\/p><\/blockquote>\n<p>Para o secret\u00e1rio de Forma\u00e7\u00e3o, Livro e Leitura do MinC, Fabiano Piuba, a educa\u00e7\u00e3o em tempo integral colabora para o desenvolvimento do pensamento cr\u00edtico e da criatividade.<\/p>\n<p>Por\u00e9m, na vis\u00e3o\u00a0dele, n\u00e3o h\u00e1 investimentos robustos ao longo da hist\u00f3ria por parte\u00a0dos governos em programas voltados para a forma\u00e7\u00e3o de repert\u00f3rios art\u00edsticos e culturais nos processos de ensino-aprendizagem. \u201cUma escola que n\u00e3o tem um ensino das artes e a experi\u00eancia da forma\u00e7\u00e3o art\u00edstica e cultural, em seu ambiente, em sua estrutura de ensino-aprendizagem, \u00e9 uma escola limitada e opressora. Ainda mais em\u00a0um pa\u00eds onde nem todas as pessoas t\u00eam acesso aos bens e servi\u00e7os culturais\u201d, desvenda.<\/p>\n<p>\u201cUma educa\u00e7\u00e3o banc\u00e1ria, meramente funcional e instrumental, que leva nossos jovens \u00e0s melhores universidades n\u00e3o \u00e9 motivo, por si s\u00f3, de celebra\u00e7\u00e3o. Por exemplo, de que adianta celebrarmos centenas de milhares de jovens chegando a faculdades de medicina e, por aus\u00eancia de forma\u00e7\u00e3o cr\u00edtica, criativa e cidad\u00e3, ser mais um m\u00e9dico fascista, negacionista, do tipo doutor Cloroquina?\u201d, indagou o secret\u00e1rio de Forma\u00e7\u00e3o, Livro e Leitura do MinC, Fabiano Piuba.<\/p>\n<\/div>\n<div class=\"footer-noticia\">\n<div class=\"editor rowflex\">Edi\u00e7\u00e3o: Aline Leal<\/div>\n<\/div>\n","protected":false},"excerpt":{"rendered":"<p>O Minist\u00e9rio da Educa\u00e7\u00e3o (MEC) e o Minist\u00e9rio da Cultura (MinC), firmaram nesta segunda-feira (8), em Bras\u00edlia, uma parceria para levar projetos de arte e cultura aos estudantes de escolas p\u00fablicas de tempo integral, em todas as unidades da federa\u00e7\u00e3o. Durante o\u00a0evento de lan\u00e7amento\u00a0da iniciativa federal, o ministro da Educa\u00e7\u00e3o, Camilo Santana, defendeu a universaliza\u00e7\u00e3o &hellip;<\/p>\n","protected":false},"author":1,"featured_media":6214,"comment_status":"closed","ping_status":"closed","sticky":false,"template":"","format":"standard","meta":{"footnotes":""},"categories":[30],"tags":[],"class_list":["post-6223","post","type-post","status-publish","format-standard","has-post-thumbnail","hentry","category-geral"],"yoast_head":"<!-- This site is optimized with the Yoast SEO plugin v27.4 - https:\/\/yoast.com\/product\/yoast-seo-wordpress\/ -->\n<title>MinC e MEC lan\u00e7am arte e cultura nas escolas de tempo integral - Transam\u00e9rica Mococa 93,3<\/title>\n<meta name=\"robots\" content=\"index, follow, max-snippet:-1, max-image-preview:large, max-video-preview:-1\" \/>\n<link rel=\"canonical\" href=\"https:\/\/transamerica93.com.br\/home\/minc-e-mec-lancam-arte-e-cultura-nas-escolas-de-tempo-integral\/\" \/>\n<meta property=\"og:locale\" content=\"pt_BR\" \/>\n<meta property=\"og:type\" content=\"article\" \/>\n<meta property=\"og:title\" content=\"MinC e MEC lan\u00e7am arte e cultura nas escolas de tempo integral - Transam\u00e9rica Mococa 93,3\" \/>\n<meta property=\"og:description\" content=\"O Minist\u00e9rio da Educa\u00e7\u00e3o (MEC) e o Minist\u00e9rio da Cultura (MinC), firmaram nesta segunda-feira (8), em Bras\u00edlia, uma parceria para levar projetos de arte e cultura aos estudantes de escolas p\u00fablicas de tempo integral, em todas as unidades da federa\u00e7\u00e3o. Durante o\u00a0evento de lan\u00e7amento\u00a0da iniciativa federal, o ministro da Educa\u00e7\u00e3o, Camilo Santana, defendeu a universaliza\u00e7\u00e3o &hellip;\" \/>\n<meta property=\"og:url\" content=\"https:\/\/transamerica93.com.br\/home\/minc-e-mec-lancam-arte-e-cultura-nas-escolas-de-tempo-integral\/\" \/>\n<meta property=\"og:site_name\" content=\"Transam\u00e9rica Mococa 93,3\" \/>\n<meta property=\"article:publisher\" content=\"https:\/\/www.facebook.com\/transamericamococa\" \/>\n<meta property=\"article:published_time\" content=\"2025-09-08T23:19:50+00:00\" \/>\n<meta property=\"og:image\" content=\"https:\/\/transamerica93.com.br\/home\/wp-content\/uploads\/2025\/09\/2.jpg\" \/>\n\t<meta property=\"og:image:width\" content=\"1170\" \/>\n\t<meta property=\"og:image:height\" content=\"700\" \/>\n\t<meta property=\"og:image:type\" content=\"image\/jpeg\" \/>\n<meta name=\"author\" content=\"Reda\u00e7\u00e3o\" \/>\n<meta name=\"twitter:card\" content=\"summary_large_image\" \/>\n<meta name=\"twitter:creator\" content=\"@transamerica933\" \/>\n<meta name=\"twitter:site\" content=\"@transamerica933\" \/>\n<meta name=\"twitter:label1\" content=\"Escrito por\" \/>\n\t<meta name=\"twitter:data1\" content=\"Reda\u00e7\u00e3o\" \/>\n\t<meta name=\"twitter:label2\" content=\"Est. tempo de leitura\" \/>\n\t<meta name=\"twitter:data2\" content=\"5 minutos\" \/>\n<script type=\"application\/ld+json\" class=\"yoast-schema-graph\">{\"@context\":\"https:\\\/\\\/schema.org\",\"@graph\":[{\"@type\":\"Article\",\"@id\":\"https:\\\/\\\/transamerica93.com.br\\\/home\\\/minc-e-mec-lancam-arte-e-cultura-nas-escolas-de-tempo-integral\\\/#article\",\"isPartOf\":{\"@id\":\"https:\\\/\\\/transamerica93.com.br\\\/home\\\/minc-e-mec-lancam-arte-e-cultura-nas-escolas-de-tempo-integral\\\/\"},\"author\":{\"name\":\"Reda\u00e7\u00e3o\",\"@id\":\"https:\\\/\\\/transamerica93.com.br\\\/home\\\/#\\\/schema\\\/person\\\/7fed7c99c0d4562efa8561bc0f543172\"},\"headline\":\"MinC e MEC lan\u00e7am arte e cultura nas escolas de tempo integral\",\"datePublished\":\"2025-09-08T23:19:50+00:00\",\"mainEntityOfPage\":{\"@id\":\"https:\\\/\\\/transamerica93.com.br\\\/home\\\/minc-e-mec-lancam-arte-e-cultura-nas-escolas-de-tempo-integral\\\/\"},\"wordCount\":1010,\"publisher\":{\"@id\":\"https:\\\/\\\/transamerica93.com.br\\\/home\\\/#organization\"},\"image\":{\"@id\":\"https:\\\/\\\/transamerica93.com.br\\\/home\\\/minc-e-mec-lancam-arte-e-cultura-nas-escolas-de-tempo-integral\\\/#primaryimage\"},\"thumbnailUrl\":\"https:\\\/\\\/transamerica93.com.br\\\/home\\\/wp-content\\\/uploads\\\/2025\\\/09\\\/2.jpg\",\"articleSection\":[\"Geral\"],\"inLanguage\":\"pt-BR\"},{\"@type\":\"WebPage\",\"@id\":\"https:\\\/\\\/transamerica93.com.br\\\/home\\\/minc-e-mec-lancam-arte-e-cultura-nas-escolas-de-tempo-integral\\\/\",\"url\":\"https:\\\/\\\/transamerica93.com.br\\\/home\\\/minc-e-mec-lancam-arte-e-cultura-nas-escolas-de-tempo-integral\\\/\",\"name\":\"MinC e MEC lan\u00e7am arte e cultura nas escolas de tempo integral - Transam\u00e9rica Mococa 93,3\",\"isPartOf\":{\"@id\":\"https:\\\/\\\/transamerica93.com.br\\\/home\\\/#website\"},\"primaryImageOfPage\":{\"@id\":\"https:\\\/\\\/transamerica93.com.br\\\/home\\\/minc-e-mec-lancam-arte-e-cultura-nas-escolas-de-tempo-integral\\\/#primaryimage\"},\"image\":{\"@id\":\"https:\\\/\\\/transamerica93.com.br\\\/home\\\/minc-e-mec-lancam-arte-e-cultura-nas-escolas-de-tempo-integral\\\/#primaryimage\"},\"thumbnailUrl\":\"https:\\\/\\\/transamerica93.com.br\\\/home\\\/wp-content\\\/uploads\\\/2025\\\/09\\\/2.jpg\",\"datePublished\":\"2025-09-08T23:19:50+00:00\",\"breadcrumb\":{\"@id\":\"https:\\\/\\\/transamerica93.com.br\\\/home\\\/minc-e-mec-lancam-arte-e-cultura-nas-escolas-de-tempo-integral\\\/#breadcrumb\"},\"inLanguage\":\"pt-BR\",\"potentialAction\":[{\"@type\":\"ReadAction\",\"target\":[\"https:\\\/\\\/transamerica93.com.br\\\/home\\\/minc-e-mec-lancam-arte-e-cultura-nas-escolas-de-tempo-integral\\\/\"]}]},{\"@type\":\"ImageObject\",\"inLanguage\":\"pt-BR\",\"@id\":\"https:\\\/\\\/transamerica93.com.br\\\/home\\\/minc-e-mec-lancam-arte-e-cultura-nas-escolas-de-tempo-integral\\\/#primaryimage\",\"url\":\"https:\\\/\\\/transamerica93.com.br\\\/home\\\/wp-content\\\/uploads\\\/2025\\\/09\\\/2.jpg\",\"contentUrl\":\"https:\\\/\\\/transamerica93.com.br\\\/home\\\/wp-content\\\/uploads\\\/2025\\\/09\\\/2.jpg\",\"width\":1170,\"height\":700,\"caption\":\"\u00a9 Foto: Instituto Natura\"},{\"@type\":\"BreadcrumbList\",\"@id\":\"https:\\\/\\\/transamerica93.com.br\\\/home\\\/minc-e-mec-lancam-arte-e-cultura-nas-escolas-de-tempo-integral\\\/#breadcrumb\",\"itemListElement\":[{\"@type\":\"ListItem\",\"position\":1,\"name\":\"In\u00edcio\",\"item\":\"https:\\\/\\\/transamerica93.com.br\\\/home\\\/\"},{\"@type\":\"ListItem\",\"position\":2,\"name\":\"MinC e MEC lan\u00e7am arte e cultura nas escolas de tempo integral\"}]},{\"@type\":\"WebSite\",\"@id\":\"https:\\\/\\\/transamerica93.com.br\\\/home\\\/#website\",\"url\":\"https:\\\/\\\/transamerica93.com.br\\\/home\\\/\",\"name\":\"Transam\u00e9rica Mococa 93,3\",\"description\":\"\",\"publisher\":{\"@id\":\"https:\\\/\\\/transamerica93.com.br\\\/home\\\/#organization\"},\"potentialAction\":[{\"@type\":\"SearchAction\",\"target\":{\"@type\":\"EntryPoint\",\"urlTemplate\":\"https:\\\/\\\/transamerica93.com.br\\\/home\\\/?s={search_term_string}\"},\"query-input\":{\"@type\":\"PropertyValueSpecification\",\"valueRequired\":true,\"valueName\":\"search_term_string\"}}],\"inLanguage\":\"pt-BR\"},{\"@type\":\"Organization\",\"@id\":\"https:\\\/\\\/transamerica93.com.br\\\/home\\\/#organization\",\"name\":\"Transam\u00e9rica Mococa 93,3\",\"url\":\"https:\\\/\\\/transamerica93.com.br\\\/home\\\/\",\"logo\":{\"@type\":\"ImageObject\",\"inLanguage\":\"pt-BR\",\"@id\":\"https:\\\/\\\/transamerica93.com.br\\\/home\\\/#\\\/schema\\\/logo\\\/image\\\/\",\"url\":\"https:\\\/\\\/transamerica93.com.br\\\/home\\\/wp-content\\\/uploads\\\/2023\\\/10\\\/logo2.png\",\"contentUrl\":\"https:\\\/\\\/transamerica93.com.br\\\/home\\\/wp-content\\\/uploads\\\/2023\\\/10\\\/logo2.png\",\"width\":800,\"height\":500,\"caption\":\"Transam\u00e9rica Mococa 93,3\"},\"image\":{\"@id\":\"https:\\\/\\\/transamerica93.com.br\\\/home\\\/#\\\/schema\\\/logo\\\/image\\\/\"},\"sameAs\":[\"https:\\\/\\\/www.facebook.com\\\/transamericamococa\",\"https:\\\/\\\/x.com\\\/transamerica933\",\"https:\\\/\\\/www.instagram.com\\\/transamericamococa\"]},{\"@type\":\"Person\",\"@id\":\"https:\\\/\\\/transamerica93.com.br\\\/home\\\/#\\\/schema\\\/person\\\/7fed7c99c0d4562efa8561bc0f543172\",\"name\":\"Reda\u00e7\u00e3o\",\"image\":{\"@type\":\"ImageObject\",\"inLanguage\":\"pt-BR\",\"@id\":\"https:\\\/\\\/secure.gravatar.com\\\/avatar\\\/1072c6b775fb02ef8506ce967551d95926669a6b7d2c2147b42eea4d7c68395e?s=96&d=mm&r=g\",\"url\":\"https:\\\/\\\/secure.gravatar.com\\\/avatar\\\/1072c6b775fb02ef8506ce967551d95926669a6b7d2c2147b42eea4d7c68395e?s=96&d=mm&r=g\",\"contentUrl\":\"https:\\\/\\\/secure.gravatar.com\\\/avatar\\\/1072c6b775fb02ef8506ce967551d95926669a6b7d2c2147b42eea4d7c68395e?s=96&d=mm&r=g\",\"caption\":\"Reda\u00e7\u00e3o\"},\"sameAs\":[\"https:\\\/\\\/transamerica93.com.br\\\/home\"],\"url\":\"https:\\\/\\\/transamerica93.com.br\\\/home\\\/author\\\/william\\\/\"}]}<\/script>\n<!-- \/ Yoast SEO plugin. -->","yoast_head_json":{"title":"MinC e MEC lan\u00e7am arte e cultura nas escolas de tempo integral - Transam\u00e9rica Mococa 93,3","robots":{"index":"index","follow":"follow","max-snippet":"max-snippet:-1","max-image-preview":"max-image-preview:large","max-video-preview":"max-video-preview:-1"},"canonical":"https:\/\/transamerica93.com.br\/home\/minc-e-mec-lancam-arte-e-cultura-nas-escolas-de-tempo-integral\/","og_locale":"pt_BR","og_type":"article","og_title":"MinC e MEC lan\u00e7am arte e cultura nas escolas de tempo integral - Transam\u00e9rica Mococa 93,3","og_description":"O Minist\u00e9rio da Educa\u00e7\u00e3o (MEC) e o Minist\u00e9rio da Cultura (MinC), firmaram nesta segunda-feira (8), em Bras\u00edlia, uma parceria para levar projetos de arte e cultura aos estudantes de escolas p\u00fablicas de tempo integral, em todas as unidades da federa\u00e7\u00e3o. Durante o\u00a0evento de lan\u00e7amento\u00a0da iniciativa federal, o ministro da Educa\u00e7\u00e3o, Camilo Santana, defendeu a universaliza\u00e7\u00e3o &hellip;","og_url":"https:\/\/transamerica93.com.br\/home\/minc-e-mec-lancam-arte-e-cultura-nas-escolas-de-tempo-integral\/","og_site_name":"Transam\u00e9rica Mococa 93,3","article_publisher":"https:\/\/www.facebook.com\/transamericamococa","article_published_time":"2025-09-08T23:19:50+00:00","og_image":[{"width":1170,"height":700,"url":"https:\/\/transamerica93.com.br\/home\/wp-content\/uploads\/2025\/09\/2.jpg","type":"image\/jpeg"}],"author":"Reda\u00e7\u00e3o","twitter_card":"summary_large_image","twitter_creator":"@transamerica933","twitter_site":"@transamerica933","twitter_misc":{"Escrito por":"Reda\u00e7\u00e3o","Est. tempo de leitura":"5 minutos"},"schema":{"@context":"https:\/\/schema.org","@graph":[{"@type":"Article","@id":"https:\/\/transamerica93.com.br\/home\/minc-e-mec-lancam-arte-e-cultura-nas-escolas-de-tempo-integral\/#article","isPartOf":{"@id":"https:\/\/transamerica93.com.br\/home\/minc-e-mec-lancam-arte-e-cultura-nas-escolas-de-tempo-integral\/"},"author":{"name":"Reda\u00e7\u00e3o","@id":"https:\/\/transamerica93.com.br\/home\/#\/schema\/person\/7fed7c99c0d4562efa8561bc0f543172"},"headline":"MinC e MEC lan\u00e7am arte e cultura nas escolas de tempo integral","datePublished":"2025-09-08T23:19:50+00:00","mainEntityOfPage":{"@id":"https:\/\/transamerica93.com.br\/home\/minc-e-mec-lancam-arte-e-cultura-nas-escolas-de-tempo-integral\/"},"wordCount":1010,"publisher":{"@id":"https:\/\/transamerica93.com.br\/home\/#organization"},"image":{"@id":"https:\/\/transamerica93.com.br\/home\/minc-e-mec-lancam-arte-e-cultura-nas-escolas-de-tempo-integral\/#primaryimage"},"thumbnailUrl":"https:\/\/transamerica93.com.br\/home\/wp-content\/uploads\/2025\/09\/2.jpg","articleSection":["Geral"],"inLanguage":"pt-BR"},{"@type":"WebPage","@id":"https:\/\/transamerica93.com.br\/home\/minc-e-mec-lancam-arte-e-cultura-nas-escolas-de-tempo-integral\/","url":"https:\/\/transamerica93.com.br\/home\/minc-e-mec-lancam-arte-e-cultura-nas-escolas-de-tempo-integral\/","name":"MinC e MEC lan\u00e7am arte e cultura nas escolas de tempo integral - Transam\u00e9rica Mococa 93,3","isPartOf":{"@id":"https:\/\/transamerica93.com.br\/home\/#website"},"primaryImageOfPage":{"@id":"https:\/\/transamerica93.com.br\/home\/minc-e-mec-lancam-arte-e-cultura-nas-escolas-de-tempo-integral\/#primaryimage"},"image":{"@id":"https:\/\/transamerica93.com.br\/home\/minc-e-mec-lancam-arte-e-cultura-nas-escolas-de-tempo-integral\/#primaryimage"},"thumbnailUrl":"https:\/\/transamerica93.com.br\/home\/wp-content\/uploads\/2025\/09\/2.jpg","datePublished":"2025-09-08T23:19:50+00:00","breadcrumb":{"@id":"https:\/\/transamerica93.com.br\/home\/minc-e-mec-lancam-arte-e-cultura-nas-escolas-de-tempo-integral\/#breadcrumb"},"inLanguage":"pt-BR","potentialAction":[{"@type":"ReadAction","target":["https:\/\/transamerica93.com.br\/home\/minc-e-mec-lancam-arte-e-cultura-nas-escolas-de-tempo-integral\/"]}]},{"@type":"ImageObject","inLanguage":"pt-BR","@id":"https:\/\/transamerica93.com.br\/home\/minc-e-mec-lancam-arte-e-cultura-nas-escolas-de-tempo-integral\/#primaryimage","url":"https:\/\/transamerica93.com.br\/home\/wp-content\/uploads\/2025\/09\/2.jpg","contentUrl":"https:\/\/transamerica93.com.br\/home\/wp-content\/uploads\/2025\/09\/2.jpg","width":1170,"height":700,"caption":"\u00a9 Foto: Instituto Natura"},{"@type":"BreadcrumbList","@id":"https:\/\/transamerica93.com.br\/home\/minc-e-mec-lancam-arte-e-cultura-nas-escolas-de-tempo-integral\/#breadcrumb","itemListElement":[{"@type":"ListItem","position":1,"name":"In\u00edcio","item":"https:\/\/transamerica93.com.br\/home\/"},{"@type":"ListItem","position":2,"name":"MinC e MEC lan\u00e7am arte e cultura nas escolas de tempo integral"}]},{"@type":"WebSite","@id":"https:\/\/transamerica93.com.br\/home\/#website","url":"https:\/\/transamerica93.com.br\/home\/","name":"Transam\u00e9rica Mococa 93,3","description":"","publisher":{"@id":"https:\/\/transamerica93.com.br\/home\/#organization"},"potentialAction":[{"@type":"SearchAction","target":{"@type":"EntryPoint","urlTemplate":"https:\/\/transamerica93.com.br\/home\/?s={search_term_string}"},"query-input":{"@type":"PropertyValueSpecification","valueRequired":true,"valueName":"search_term_string"}}],"inLanguage":"pt-BR"},{"@type":"Organization","@id":"https:\/\/transamerica93.com.br\/home\/#organization","name":"Transam\u00e9rica Mococa 93,3","url":"https:\/\/transamerica93.com.br\/home\/","logo":{"@type":"ImageObject","inLanguage":"pt-BR","@id":"https:\/\/transamerica93.com.br\/home\/#\/schema\/logo\/image\/","url":"https:\/\/transamerica93.com.br\/home\/wp-content\/uploads\/2023\/10\/logo2.png","contentUrl":"https:\/\/transamerica93.com.br\/home\/wp-content\/uploads\/2023\/10\/logo2.png","width":800,"height":500,"caption":"Transam\u00e9rica Mococa 93,3"},"image":{"@id":"https:\/\/transamerica93.com.br\/home\/#\/schema\/logo\/image\/"},"sameAs":["https:\/\/www.facebook.com\/transamericamococa","https:\/\/x.com\/transamerica933","https:\/\/www.instagram.com\/transamericamococa"]},{"@type":"Person","@id":"https:\/\/transamerica93.com.br\/home\/#\/schema\/person\/7fed7c99c0d4562efa8561bc0f543172","name":"Reda\u00e7\u00e3o","image":{"@type":"ImageObject","inLanguage":"pt-BR","@id":"https:\/\/secure.gravatar.com\/avatar\/1072c6b775fb02ef8506ce967551d95926669a6b7d2c2147b42eea4d7c68395e?s=96&d=mm&r=g","url":"https:\/\/secure.gravatar.com\/avatar\/1072c6b775fb02ef8506ce967551d95926669a6b7d2c2147b42eea4d7c68395e?s=96&d=mm&r=g","contentUrl":"https:\/\/secure.gravatar.com\/avatar\/1072c6b775fb02ef8506ce967551d95926669a6b7d2c2147b42eea4d7c68395e?s=96&d=mm&r=g","caption":"Reda\u00e7\u00e3o"},"sameAs":["https:\/\/transamerica93.com.br\/home"],"url":"https:\/\/transamerica93.com.br\/home\/author\/william\/"}]}},"_links":{"self":[{"href":"https:\/\/transamerica93.com.br\/home\/wp-json\/wp\/v2\/posts\/6223","targetHints":{"allow":["GET"]}}],"collection":[{"href":"https:\/\/transamerica93.com.br\/home\/wp-json\/wp\/v2\/posts"}],"about":[{"href":"https:\/\/transamerica93.com.br\/home\/wp-json\/wp\/v2\/types\/post"}],"author":[{"embeddable":true,"href":"https:\/\/transamerica93.com.br\/home\/wp-json\/wp\/v2\/users\/1"}],"replies":[{"embeddable":true,"href":"https:\/\/transamerica93.com.br\/home\/wp-json\/wp\/v2\/comments?post=6223"}],"version-history":[{"count":1,"href":"https:\/\/transamerica93.com.br\/home\/wp-json\/wp\/v2\/posts\/6223\/revisions"}],"predecessor-version":[{"id":6224,"href":"https:\/\/transamerica93.com.br\/home\/wp-json\/wp\/v2\/posts\/6223\/revisions\/6224"}],"wp:featuredmedia":[{"embeddable":true,"href":"https:\/\/transamerica93.com.br\/home\/wp-json\/wp\/v2\/media\/6214"}],"wp:attachment":[{"href":"https:\/\/transamerica93.com.br\/home\/wp-json\/wp\/v2\/media?parent=6223"}],"wp:term":[{"taxonomy":"category","embeddable":true,"href":"https:\/\/transamerica93.com.br\/home\/wp-json\/wp\/v2\/categories?post=6223"},{"taxonomy":"post_tag","embeddable":true,"href":"https:\/\/transamerica93.com.br\/home\/wp-json\/wp\/v2\/tags?post=6223"}],"curies":[{"name":"wp","href":"https:\/\/api.w.org\/{rel}","templated":true}]}}