{"id":6225,"date":"2025-09-22T01:38:47","date_gmt":"2025-09-22T04:38:47","guid":{"rendered":"https:\/\/transamerica93.com.br\/home\/?p=6225"},"modified":"2025-09-22T01:38:47","modified_gmt":"2025-09-22T04:38:47","slug":"sao-paulo-tem-42-mil-pessoas-em-ato-contra-pec-da-blindagem-e-anistia","status":"publish","type":"post","link":"https:\/\/transamerica93.com.br\/home\/sao-paulo-tem-42-mil-pessoas-em-ato-contra-pec-da-blindagem-e-anistia\/","title":{"rendered":"S\u00e3o Paulo tem 42 mil pessoas em ato contra PEC da Blindagem e anistia"},"content":{"rendered":"<div class=\"conteudo-noticia\">\n<p><strong>Cerca de 42,4 mil pessoas se reuniram neste domingo (21) na avenida Paulista, na regi\u00e3o central de S\u00e3o Paulo, para protestar contra a anistia aos condenados por tentativa de golpe de Estado e a chamada PEC da Blindagem, que prev\u00ea exig\u00eancia de autoriza\u00e7\u00e3o do Congresso para processar criminalmente deputados e senadores<\/strong>. A estimativa de p\u00fablico \u00e9 do Monitor do Debate Pol\u00edtico no Meio Digital, vinculado \u00e0 USP (Universidade de S\u00e3o Paulo).<img decoding=\"async\" data-src=\"https:\/\/agenciabrasil.ebc.com.br\/ebc.png?id=1659696&amp;o=node\" src=\"data:image\/svg+xml;base64,PHN2ZyB3aWR0aD0iMSIgaGVpZ2h0PSIxIiB4bWxucz0iaHR0cDovL3d3dy53My5vcmcvMjAwMC9zdmciPjwvc3ZnPg==\" class=\"lazyload\" \/><img decoding=\"async\" data-src=\"https:\/\/agenciabrasil.ebc.com.br\/ebc.gif?id=1659696&amp;o=node\" src=\"data:image\/svg+xml;base64,PHN2ZyB3aWR0aD0iMSIgaGVpZ2h0PSIxIiB4bWxucz0iaHR0cDovL3d3dy53My5vcmcvMjAwMC9zdmciPjwvc3ZnPg==\" class=\"lazyload\" \/><\/p>\n<p><strong>Ao todo, 33 cidades tiveram atos, incluindo todas as capitais<\/strong>. Com cr\u00edticas ao Congresso Nacional, os manifestantes exigiram a pris\u00e3o do ex-presidente Jair Bolsonaro. Ele j\u00e1 est\u00e1 condenado a 27 anos de pris\u00e3o por tentativa de golpe de Estado, organiza\u00e7\u00e3o criminosa, entre outros crimes.<\/p>\n<p><strong>Convocadas pelas frentes Povo Sem Medo e Brasil Popular, ligados ao PSOL, PT\u00a0e movimentos populares,\u00a0as manifesta\u00e7\u00f5es contaram com a presen\u00e7a de sindicatos, grupos estudantis, artistas e movimentos sociais, como o\u00a0Movimento dos Trabalhadores Rurais Sem Terra (MST)\u00a0e o\u00a0Movimento dos Trabalhadores Sem Teto (MTST), al\u00e9m de outros partidos de esquerda e centro-esquerda.<\/strong><\/p>\n<div class=\"dnd-widget-wrapper context-grande_6colunas type-image atom-align-right\">\n<div class=\"dnd-atom-rendered\"><img decoding=\"async\" class=\"alignleft lazyload\" title=\"Paulo Pinto\/Ag\u00eancia Brasil\" data-src=\"https:\/\/imagens.ebc.com.br\/CrjZWeAKpZ9dCerVvrSzTIk1Xxo=\/463x0\/smart\/https:\/\/agenciabrasil.ebc.com.br\/sites\/default\/files\/thumbnails\/image\/2025\/09\/21\/pint1909.jpg?itok=xULI37AD\" alt=\"S\u00e3o Paulo (SP), 21\/09\/2025  Manifestantes participam de ato contra a PEC da Anistia e da Blindagem, no MASP. Foto: Paulo Pinto\/Ag\u00eancia Brasil\" src=\"data:image\/svg+xml;base64,PHN2ZyB3aWR0aD0iMSIgaGVpZ2h0PSIxIiB4bWxucz0iaHR0cDovL3d3dy53My5vcmcvMjAwMC9zdmciPjwvc3ZnPg==\" \/><\/div>\n<div class=\"dnd-caption-wrapper\">\n<h6 class=\"meta\">Ato no Masp teve cr\u00edticas aos parlamentares do Congresso\u00a0favor\u00e1veis \u00e0 anistia de Jair Bolsonaro. Foto:\u00a0<strong>Paulo Pinto\/Ag\u00eancia Brasil<\/strong><\/h6>\n<\/div>\n<\/div>\n<p>Reginaldo Cordeiro de Santos J\u00fanior \u00e9 professor universit\u00e1rio no curso de Servi\u00e7o Social e esteve na Paulista. N\u00e3o mora em S\u00e3o Paulo, mas aproveitou que tinha um compromisso na cidade e antecipou a vinda especialmente para participar da manifesta\u00e7\u00e3o.<\/p>\n<p>\u201cN\u00f3s estamos aqui na luta pela democracia contra a PEC da Blindagem, na luta contra todo o retrocesso do que foi conquistado em 1988. Isso \u00e9 muito importante para que a juventude entenda tudo que a gente conseguiu conquistar em 1988 com a Constitui\u00e7\u00e3o Federal. A gente precisa trazer \u00e0 tona toda essa problem\u00e1tica que est\u00e1 sendo posta no Congresso brasileiro\u201d, disse.<\/p>\n<p>Professora aposentada pelo estado de S\u00e3o Paulo, Miriam Abramo teme pela volta da ditadura no Brasil e acredita que a PEC da Blindagem pode ser um encurtamento do caminho para que o pa\u00eds reviva o per\u00edodo.<\/p>\n<p>\u201cEstou aqui porque tenho 75 anos e eu vivi a \u00e9poca na qual voc\u00ea n\u00e3o tinha direitos de nada. Eu votei pela primeira vez para presidente da Rep\u00fablica quando eu tinha 40 anos e eu n\u00e3o quero que essa juventude espere ter 40 anos para poder escolher seu presidente novamente\u201d, destacou a professora.<\/p>\n<p>O professor de artes marciais Renato Tambellini n\u00e3o apenas foi se manifestar como levou a filha de 12 anos, Luiza, para mostrar a ela a import\u00e2ncia da manifesta\u00e7\u00e3o popular e para que ela j\u00e1 comece a participar. Ele contou que sempre conversa sobre todos os temas com a Luiza e seu irm\u00e3o.<\/p>\n<p>\u201cExplico a eles que \u00e9 preciso se mobilizar, reivindicar direitos. E nesse momento \u00e9 imprescind\u00edvel, com a gente saindo de uma tentativa de golpe. Acredito que finalmente podemos viver um momento hist\u00f3rico com a condena\u00e7\u00e3o de golpistas no pa\u00eds. E temos que estar na rua mostrando que estamos apoiando isso para consolidar ainda mais a nossa democracia\u201d.<\/p>\n<p>Tamiku\u00e3 Txih, do povo Patax\u00f3, da terra ind\u00edgena do Jaragu\u00e1, na regi\u00e3o Oeste de S\u00e3o Paulo, defende que a luta \u00e9 de todos os povos e que para mudar a situa\u00e7\u00e3o \u00e9 preciso tomar as ruas e mostrar a for\u00e7a do povo.<\/p>\n<p>\u201cPrecisamos dizer que n\u00f3s n\u00e3o aprovamos a PEC da Blindagem. N\u00f3s n\u00e3o podemos aceitar as grandes atrocidades que o Congresso ou que os futuros parlamentares venham a fazer saindo impunes. Por isso dizemos n\u00e3o \u00e0 impunidade. Isso \u00e9 uma ang\u00fastia e uma vergonha para o Brasil que tem o Congresso articulando na cara do povo para ainda isso terminar com a anistia\u201d.<\/p>\n<div class=\"noticias-relacionadas rel-position rowflex\">\n<div class=\"titulo-noticia-relacionada\"><\/div>\n<\/div>\n<\/div>\n<div class=\"footer-noticia\">\n<div class=\"editor rowflex\">Edi\u00e7\u00e3o: Marcelo Brand\u00e3o<\/div>\n<\/div>\n","protected":false},"excerpt":{"rendered":"<p>Cerca de 42,4 mil pessoas se reuniram neste domingo (21) na avenida Paulista, na regi\u00e3o central de S\u00e3o Paulo, para protestar contra a anistia aos condenados por tentativa de golpe de Estado e a chamada PEC da Blindagem, que prev\u00ea exig\u00eancia de autoriza\u00e7\u00e3o do Congresso para processar criminalmente deputados e senadores. A estimativa de p\u00fablico &hellip;<\/p>\n","protected":false},"author":1,"featured_media":6226,"comment_status":"closed","ping_status":"closed","sticky":false,"template":"","format":"standard","meta":{"footnotes":""},"categories":[30],"tags":[],"class_list":["post-6225","post","type-post","status-publish","format-standard","has-post-thumbnail","hentry","category-geral"],"yoast_head":"<!-- This site is optimized with the Yoast SEO plugin v27.4 - https:\/\/yoast.com\/product\/yoast-seo-wordpress\/ -->\n<title>S\u00e3o Paulo tem 42 mil pessoas em ato contra PEC da Blindagem e anistia - Transam\u00e9rica Mococa 93,3<\/title>\n<meta name=\"robots\" content=\"index, follow, max-snippet:-1, max-image-preview:large, max-video-preview:-1\" \/>\n<link rel=\"canonical\" href=\"https:\/\/transamerica93.com.br\/home\/sao-paulo-tem-42-mil-pessoas-em-ato-contra-pec-da-blindagem-e-anistia\/\" \/>\n<meta property=\"og:locale\" content=\"pt_BR\" \/>\n<meta property=\"og:type\" content=\"article\" \/>\n<meta property=\"og:title\" content=\"S\u00e3o Paulo tem 42 mil pessoas em ato contra PEC da Blindagem e anistia - Transam\u00e9rica Mococa 93,3\" \/>\n<meta property=\"og:description\" content=\"Cerca de 42,4 mil pessoas se reuniram neste domingo (21) na avenida Paulista, na regi\u00e3o central de S\u00e3o Paulo, para protestar contra a anistia aos condenados por tentativa de golpe de Estado e a chamada PEC da Blindagem, que prev\u00ea exig\u00eancia de autoriza\u00e7\u00e3o do Congresso para processar criminalmente deputados e senadores. A estimativa de p\u00fablico &hellip;\" \/>\n<meta property=\"og:url\" content=\"https:\/\/transamerica93.com.br\/home\/sao-paulo-tem-42-mil-pessoas-em-ato-contra-pec-da-blindagem-e-anistia\/\" \/>\n<meta property=\"og:site_name\" content=\"Transam\u00e9rica Mococa 93,3\" \/>\n<meta property=\"article:publisher\" content=\"https:\/\/www.facebook.com\/transamericamococa\" \/>\n<meta property=\"article:published_time\" content=\"2025-09-22T04:38:47+00:00\" \/>\n<meta property=\"og:image\" content=\"https:\/\/transamerica93.com.br\/home\/wp-content\/uploads\/2025\/09\/Sem-titulo-7.png\" \/>\n\t<meta property=\"og:image:width\" content=\"1170\" \/>\n\t<meta property=\"og:image:height\" content=\"700\" \/>\n\t<meta property=\"og:image:type\" content=\"image\/png\" \/>\n<meta name=\"author\" content=\"Reda\u00e7\u00e3o\" \/>\n<meta name=\"twitter:card\" content=\"summary_large_image\" \/>\n<meta name=\"twitter:creator\" content=\"@transamerica933\" \/>\n<meta name=\"twitter:site\" content=\"@transamerica933\" \/>\n<meta name=\"twitter:label1\" content=\"Escrito por\" \/>\n\t<meta name=\"twitter:data1\" content=\"Reda\u00e7\u00e3o\" \/>\n\t<meta name=\"twitter:label2\" content=\"Est. tempo de leitura\" \/>\n\t<meta name=\"twitter:data2\" content=\"5 minutos\" \/>\n<script type=\"application\/ld+json\" class=\"yoast-schema-graph\">{\"@context\":\"https:\\\/\\\/schema.org\",\"@graph\":[{\"@type\":\"Article\",\"@id\":\"https:\\\/\\\/transamerica93.com.br\\\/home\\\/sao-paulo-tem-42-mil-pessoas-em-ato-contra-pec-da-blindagem-e-anistia\\\/#article\",\"isPartOf\":{\"@id\":\"https:\\\/\\\/transamerica93.com.br\\\/home\\\/sao-paulo-tem-42-mil-pessoas-em-ato-contra-pec-da-blindagem-e-anistia\\\/\"},\"author\":{\"name\":\"Reda\u00e7\u00e3o\",\"@id\":\"https:\\\/\\\/transamerica93.com.br\\\/home\\\/#\\\/schema\\\/person\\\/7fed7c99c0d4562efa8561bc0f543172\"},\"headline\":\"S\u00e3o Paulo tem 42 mil pessoas em ato contra PEC da Blindagem e anistia\",\"datePublished\":\"2025-09-22T04:38:47+00:00\",\"mainEntityOfPage\":{\"@id\":\"https:\\\/\\\/transamerica93.com.br\\\/home\\\/sao-paulo-tem-42-mil-pessoas-em-ato-contra-pec-da-blindagem-e-anistia\\\/\"},\"wordCount\":641,\"publisher\":{\"@id\":\"https:\\\/\\\/transamerica93.com.br\\\/home\\\/#organization\"},\"image\":{\"@id\":\"https:\\\/\\\/transamerica93.com.br\\\/home\\\/sao-paulo-tem-42-mil-pessoas-em-ato-contra-pec-da-blindagem-e-anistia\\\/#primaryimage\"},\"thumbnailUrl\":\"https:\\\/\\\/transamerica93.com.br\\\/home\\\/wp-content\\\/uploads\\\/2025\\\/09\\\/Sem-titulo-7.png\",\"articleSection\":[\"Geral\"],\"inLanguage\":\"pt-BR\"},{\"@type\":\"WebPage\",\"@id\":\"https:\\\/\\\/transamerica93.com.br\\\/home\\\/sao-paulo-tem-42-mil-pessoas-em-ato-contra-pec-da-blindagem-e-anistia\\\/\",\"url\":\"https:\\\/\\\/transamerica93.com.br\\\/home\\\/sao-paulo-tem-42-mil-pessoas-em-ato-contra-pec-da-blindagem-e-anistia\\\/\",\"name\":\"S\u00e3o Paulo tem 42 mil pessoas em ato contra PEC da Blindagem e anistia - Transam\u00e9rica Mococa 93,3\",\"isPartOf\":{\"@id\":\"https:\\\/\\\/transamerica93.com.br\\\/home\\\/#website\"},\"primaryImageOfPage\":{\"@id\":\"https:\\\/\\\/transamerica93.com.br\\\/home\\\/sao-paulo-tem-42-mil-pessoas-em-ato-contra-pec-da-blindagem-e-anistia\\\/#primaryimage\"},\"image\":{\"@id\":\"https:\\\/\\\/transamerica93.com.br\\\/home\\\/sao-paulo-tem-42-mil-pessoas-em-ato-contra-pec-da-blindagem-e-anistia\\\/#primaryimage\"},\"thumbnailUrl\":\"https:\\\/\\\/transamerica93.com.br\\\/home\\\/wp-content\\\/uploads\\\/2025\\\/09\\\/Sem-titulo-7.png\",\"datePublished\":\"2025-09-22T04:38:47+00:00\",\"breadcrumb\":{\"@id\":\"https:\\\/\\\/transamerica93.com.br\\\/home\\\/sao-paulo-tem-42-mil-pessoas-em-ato-contra-pec-da-blindagem-e-anistia\\\/#breadcrumb\"},\"inLanguage\":\"pt-BR\",\"potentialAction\":[{\"@type\":\"ReadAction\",\"target\":[\"https:\\\/\\\/transamerica93.com.br\\\/home\\\/sao-paulo-tem-42-mil-pessoas-em-ato-contra-pec-da-blindagem-e-anistia\\\/\"]}]},{\"@type\":\"ImageObject\",\"inLanguage\":\"pt-BR\",\"@id\":\"https:\\\/\\\/transamerica93.com.br\\\/home\\\/sao-paulo-tem-42-mil-pessoas-em-ato-contra-pec-da-blindagem-e-anistia\\\/#primaryimage\",\"url\":\"https:\\\/\\\/transamerica93.com.br\\\/home\\\/wp-content\\\/uploads\\\/2025\\\/09\\\/Sem-titulo-7.png\",\"contentUrl\":\"https:\\\/\\\/transamerica93.com.br\\\/home\\\/wp-content\\\/uploads\\\/2025\\\/09\\\/Sem-titulo-7.png\",\"width\":1170,\"height\":700,\"caption\":\"\u00a9 Paulo Pinto\\\/Ag\u00eancia Brasil\"},{\"@type\":\"BreadcrumbList\",\"@id\":\"https:\\\/\\\/transamerica93.com.br\\\/home\\\/sao-paulo-tem-42-mil-pessoas-em-ato-contra-pec-da-blindagem-e-anistia\\\/#breadcrumb\",\"itemListElement\":[{\"@type\":\"ListItem\",\"position\":1,\"name\":\"In\u00edcio\",\"item\":\"https:\\\/\\\/transamerica93.com.br\\\/home\\\/\"},{\"@type\":\"ListItem\",\"position\":2,\"name\":\"S\u00e3o Paulo tem 42 mil pessoas em ato contra PEC da Blindagem e anistia\"}]},{\"@type\":\"WebSite\",\"@id\":\"https:\\\/\\\/transamerica93.com.br\\\/home\\\/#website\",\"url\":\"https:\\\/\\\/transamerica93.com.br\\\/home\\\/\",\"name\":\"Transam\u00e9rica Mococa 93,3\",\"description\":\"\",\"publisher\":{\"@id\":\"https:\\\/\\\/transamerica93.com.br\\\/home\\\/#organization\"},\"potentialAction\":[{\"@type\":\"SearchAction\",\"target\":{\"@type\":\"EntryPoint\",\"urlTemplate\":\"https:\\\/\\\/transamerica93.com.br\\\/home\\\/?s={search_term_string}\"},\"query-input\":{\"@type\":\"PropertyValueSpecification\",\"valueRequired\":true,\"valueName\":\"search_term_string\"}}],\"inLanguage\":\"pt-BR\"},{\"@type\":\"Organization\",\"@id\":\"https:\\\/\\\/transamerica93.com.br\\\/home\\\/#organization\",\"name\":\"Transam\u00e9rica Mococa 93,3\",\"url\":\"https:\\\/\\\/transamerica93.com.br\\\/home\\\/\",\"logo\":{\"@type\":\"ImageObject\",\"inLanguage\":\"pt-BR\",\"@id\":\"https:\\\/\\\/transamerica93.com.br\\\/home\\\/#\\\/schema\\\/logo\\\/image\\\/\",\"url\":\"https:\\\/\\\/transamerica93.com.br\\\/home\\\/wp-content\\\/uploads\\\/2023\\\/10\\\/logo2.png\",\"contentUrl\":\"https:\\\/\\\/transamerica93.com.br\\\/home\\\/wp-content\\\/uploads\\\/2023\\\/10\\\/logo2.png\",\"width\":800,\"height\":500,\"caption\":\"Transam\u00e9rica Mococa 93,3\"},\"image\":{\"@id\":\"https:\\\/\\\/transamerica93.com.br\\\/home\\\/#\\\/schema\\\/logo\\\/image\\\/\"},\"sameAs\":[\"https:\\\/\\\/www.facebook.com\\\/transamericamococa\",\"https:\\\/\\\/x.com\\\/transamerica933\",\"https:\\\/\\\/www.instagram.com\\\/transamericamococa\"]},{\"@type\":\"Person\",\"@id\":\"https:\\\/\\\/transamerica93.com.br\\\/home\\\/#\\\/schema\\\/person\\\/7fed7c99c0d4562efa8561bc0f543172\",\"name\":\"Reda\u00e7\u00e3o\",\"image\":{\"@type\":\"ImageObject\",\"inLanguage\":\"pt-BR\",\"@id\":\"https:\\\/\\\/secure.gravatar.com\\\/avatar\\\/1072c6b775fb02ef8506ce967551d95926669a6b7d2c2147b42eea4d7c68395e?s=96&d=mm&r=g\",\"url\":\"https:\\\/\\\/secure.gravatar.com\\\/avatar\\\/1072c6b775fb02ef8506ce967551d95926669a6b7d2c2147b42eea4d7c68395e?s=96&d=mm&r=g\",\"contentUrl\":\"https:\\\/\\\/secure.gravatar.com\\\/avatar\\\/1072c6b775fb02ef8506ce967551d95926669a6b7d2c2147b42eea4d7c68395e?s=96&d=mm&r=g\",\"caption\":\"Reda\u00e7\u00e3o\"},\"sameAs\":[\"https:\\\/\\\/transamerica93.com.br\\\/home\"],\"url\":\"https:\\\/\\\/transamerica93.com.br\\\/home\\\/author\\\/william\\\/\"}]}<\/script>\n<!-- \/ Yoast SEO plugin. -->","yoast_head_json":{"title":"S\u00e3o Paulo tem 42 mil pessoas em ato contra PEC da Blindagem e anistia - Transam\u00e9rica Mococa 93,3","robots":{"index":"index","follow":"follow","max-snippet":"max-snippet:-1","max-image-preview":"max-image-preview:large","max-video-preview":"max-video-preview:-1"},"canonical":"https:\/\/transamerica93.com.br\/home\/sao-paulo-tem-42-mil-pessoas-em-ato-contra-pec-da-blindagem-e-anistia\/","og_locale":"pt_BR","og_type":"article","og_title":"S\u00e3o Paulo tem 42 mil pessoas em ato contra PEC da Blindagem e anistia - Transam\u00e9rica Mococa 93,3","og_description":"Cerca de 42,4 mil pessoas se reuniram neste domingo (21) na avenida Paulista, na regi\u00e3o central de S\u00e3o Paulo, para protestar contra a anistia aos condenados por tentativa de golpe de Estado e a chamada PEC da Blindagem, que prev\u00ea exig\u00eancia de autoriza\u00e7\u00e3o do Congresso para processar criminalmente deputados e senadores. A estimativa de p\u00fablico &hellip;","og_url":"https:\/\/transamerica93.com.br\/home\/sao-paulo-tem-42-mil-pessoas-em-ato-contra-pec-da-blindagem-e-anistia\/","og_site_name":"Transam\u00e9rica Mococa 93,3","article_publisher":"https:\/\/www.facebook.com\/transamericamococa","article_published_time":"2025-09-22T04:38:47+00:00","og_image":[{"width":1170,"height":700,"url":"https:\/\/transamerica93.com.br\/home\/wp-content\/uploads\/2025\/09\/Sem-titulo-7.png","type":"image\/png"}],"author":"Reda\u00e7\u00e3o","twitter_card":"summary_large_image","twitter_creator":"@transamerica933","twitter_site":"@transamerica933","twitter_misc":{"Escrito por":"Reda\u00e7\u00e3o","Est. tempo de leitura":"5 minutos"},"schema":{"@context":"https:\/\/schema.org","@graph":[{"@type":"Article","@id":"https:\/\/transamerica93.com.br\/home\/sao-paulo-tem-42-mil-pessoas-em-ato-contra-pec-da-blindagem-e-anistia\/#article","isPartOf":{"@id":"https:\/\/transamerica93.com.br\/home\/sao-paulo-tem-42-mil-pessoas-em-ato-contra-pec-da-blindagem-e-anistia\/"},"author":{"name":"Reda\u00e7\u00e3o","@id":"https:\/\/transamerica93.com.br\/home\/#\/schema\/person\/7fed7c99c0d4562efa8561bc0f543172"},"headline":"S\u00e3o Paulo tem 42 mil pessoas em ato contra PEC da Blindagem e anistia","datePublished":"2025-09-22T04:38:47+00:00","mainEntityOfPage":{"@id":"https:\/\/transamerica93.com.br\/home\/sao-paulo-tem-42-mil-pessoas-em-ato-contra-pec-da-blindagem-e-anistia\/"},"wordCount":641,"publisher":{"@id":"https:\/\/transamerica93.com.br\/home\/#organization"},"image":{"@id":"https:\/\/transamerica93.com.br\/home\/sao-paulo-tem-42-mil-pessoas-em-ato-contra-pec-da-blindagem-e-anistia\/#primaryimage"},"thumbnailUrl":"https:\/\/transamerica93.com.br\/home\/wp-content\/uploads\/2025\/09\/Sem-titulo-7.png","articleSection":["Geral"],"inLanguage":"pt-BR"},{"@type":"WebPage","@id":"https:\/\/transamerica93.com.br\/home\/sao-paulo-tem-42-mil-pessoas-em-ato-contra-pec-da-blindagem-e-anistia\/","url":"https:\/\/transamerica93.com.br\/home\/sao-paulo-tem-42-mil-pessoas-em-ato-contra-pec-da-blindagem-e-anistia\/","name":"S\u00e3o Paulo tem 42 mil pessoas em ato contra PEC da Blindagem e anistia - Transam\u00e9rica Mococa 93,3","isPartOf":{"@id":"https:\/\/transamerica93.com.br\/home\/#website"},"primaryImageOfPage":{"@id":"https:\/\/transamerica93.com.br\/home\/sao-paulo-tem-42-mil-pessoas-em-ato-contra-pec-da-blindagem-e-anistia\/#primaryimage"},"image":{"@id":"https:\/\/transamerica93.com.br\/home\/sao-paulo-tem-42-mil-pessoas-em-ato-contra-pec-da-blindagem-e-anistia\/#primaryimage"},"thumbnailUrl":"https:\/\/transamerica93.com.br\/home\/wp-content\/uploads\/2025\/09\/Sem-titulo-7.png","datePublished":"2025-09-22T04:38:47+00:00","breadcrumb":{"@id":"https:\/\/transamerica93.com.br\/home\/sao-paulo-tem-42-mil-pessoas-em-ato-contra-pec-da-blindagem-e-anistia\/#breadcrumb"},"inLanguage":"pt-BR","potentialAction":[{"@type":"ReadAction","target":["https:\/\/transamerica93.com.br\/home\/sao-paulo-tem-42-mil-pessoas-em-ato-contra-pec-da-blindagem-e-anistia\/"]}]},{"@type":"ImageObject","inLanguage":"pt-BR","@id":"https:\/\/transamerica93.com.br\/home\/sao-paulo-tem-42-mil-pessoas-em-ato-contra-pec-da-blindagem-e-anistia\/#primaryimage","url":"https:\/\/transamerica93.com.br\/home\/wp-content\/uploads\/2025\/09\/Sem-titulo-7.png","contentUrl":"https:\/\/transamerica93.com.br\/home\/wp-content\/uploads\/2025\/09\/Sem-titulo-7.png","width":1170,"height":700,"caption":"\u00a9 Paulo Pinto\/Ag\u00eancia Brasil"},{"@type":"BreadcrumbList","@id":"https:\/\/transamerica93.com.br\/home\/sao-paulo-tem-42-mil-pessoas-em-ato-contra-pec-da-blindagem-e-anistia\/#breadcrumb","itemListElement":[{"@type":"ListItem","position":1,"name":"In\u00edcio","item":"https:\/\/transamerica93.com.br\/home\/"},{"@type":"ListItem","position":2,"name":"S\u00e3o Paulo tem 42 mil pessoas em ato contra PEC da Blindagem e anistia"}]},{"@type":"WebSite","@id":"https:\/\/transamerica93.com.br\/home\/#website","url":"https:\/\/transamerica93.com.br\/home\/","name":"Transam\u00e9rica Mococa 93,3","description":"","publisher":{"@id":"https:\/\/transamerica93.com.br\/home\/#organization"},"potentialAction":[{"@type":"SearchAction","target":{"@type":"EntryPoint","urlTemplate":"https:\/\/transamerica93.com.br\/home\/?s={search_term_string}"},"query-input":{"@type":"PropertyValueSpecification","valueRequired":true,"valueName":"search_term_string"}}],"inLanguage":"pt-BR"},{"@type":"Organization","@id":"https:\/\/transamerica93.com.br\/home\/#organization","name":"Transam\u00e9rica Mococa 93,3","url":"https:\/\/transamerica93.com.br\/home\/","logo":{"@type":"ImageObject","inLanguage":"pt-BR","@id":"https:\/\/transamerica93.com.br\/home\/#\/schema\/logo\/image\/","url":"https:\/\/transamerica93.com.br\/home\/wp-content\/uploads\/2023\/10\/logo2.png","contentUrl":"https:\/\/transamerica93.com.br\/home\/wp-content\/uploads\/2023\/10\/logo2.png","width":800,"height":500,"caption":"Transam\u00e9rica Mococa 93,3"},"image":{"@id":"https:\/\/transamerica93.com.br\/home\/#\/schema\/logo\/image\/"},"sameAs":["https:\/\/www.facebook.com\/transamericamococa","https:\/\/x.com\/transamerica933","https:\/\/www.instagram.com\/transamericamococa"]},{"@type":"Person","@id":"https:\/\/transamerica93.com.br\/home\/#\/schema\/person\/7fed7c99c0d4562efa8561bc0f543172","name":"Reda\u00e7\u00e3o","image":{"@type":"ImageObject","inLanguage":"pt-BR","@id":"https:\/\/secure.gravatar.com\/avatar\/1072c6b775fb02ef8506ce967551d95926669a6b7d2c2147b42eea4d7c68395e?s=96&d=mm&r=g","url":"https:\/\/secure.gravatar.com\/avatar\/1072c6b775fb02ef8506ce967551d95926669a6b7d2c2147b42eea4d7c68395e?s=96&d=mm&r=g","contentUrl":"https:\/\/secure.gravatar.com\/avatar\/1072c6b775fb02ef8506ce967551d95926669a6b7d2c2147b42eea4d7c68395e?s=96&d=mm&r=g","caption":"Reda\u00e7\u00e3o"},"sameAs":["https:\/\/transamerica93.com.br\/home"],"url":"https:\/\/transamerica93.com.br\/home\/author\/william\/"}]}},"_links":{"self":[{"href":"https:\/\/transamerica93.com.br\/home\/wp-json\/wp\/v2\/posts\/6225","targetHints":{"allow":["GET"]}}],"collection":[{"href":"https:\/\/transamerica93.com.br\/home\/wp-json\/wp\/v2\/posts"}],"about":[{"href":"https:\/\/transamerica93.com.br\/home\/wp-json\/wp\/v2\/types\/post"}],"author":[{"embeddable":true,"href":"https:\/\/transamerica93.com.br\/home\/wp-json\/wp\/v2\/users\/1"}],"replies":[{"embeddable":true,"href":"https:\/\/transamerica93.com.br\/home\/wp-json\/wp\/v2\/comments?post=6225"}],"version-history":[{"count":1,"href":"https:\/\/transamerica93.com.br\/home\/wp-json\/wp\/v2\/posts\/6225\/revisions"}],"predecessor-version":[{"id":6227,"href":"https:\/\/transamerica93.com.br\/home\/wp-json\/wp\/v2\/posts\/6225\/revisions\/6227"}],"wp:featuredmedia":[{"embeddable":true,"href":"https:\/\/transamerica93.com.br\/home\/wp-json\/wp\/v2\/media\/6226"}],"wp:attachment":[{"href":"https:\/\/transamerica93.com.br\/home\/wp-json\/wp\/v2\/media?parent=6225"}],"wp:term":[{"taxonomy":"category","embeddable":true,"href":"https:\/\/transamerica93.com.br\/home\/wp-json\/wp\/v2\/categories?post=6225"},{"taxonomy":"post_tag","embeddable":true,"href":"https:\/\/transamerica93.com.br\/home\/wp-json\/wp\/v2\/tags?post=6225"}],"curies":[{"name":"wp","href":"https:\/\/api.w.org\/{rel}","templated":true}]}}