{"id":6231,"date":"2025-09-22T01:42:23","date_gmt":"2025-09-22T04:42:23","guid":{"rendered":"https:\/\/transamerica93.com.br\/home\/?p=6231"},"modified":"2025-09-22T01:42:23","modified_gmt":"2025-09-22T04:42:23","slug":"angelina-jolie-diz-que-eua-vivem-tempos-dificeis-nao-reconheco-meu-pais","status":"publish","type":"post","link":"https:\/\/transamerica93.com.br\/home\/angelina-jolie-diz-que-eua-vivem-tempos-dificeis-nao-reconheco-meu-pais\/","title":{"rendered":"Angelina Jolie diz que EUA vivem &#8216;tempos dif\u00edceis&#8217;: &#8216;N\u00e3o reconhe\u00e7o meu pa\u00eds&#8217;"},"content":{"rendered":"<div id=\"Corpo\">\n<h6 class=\"Assina\">Por Reda\u00e7\u00e3o<\/h6>\n<p>A atriz Angelina Jolie opinou sobre como v\u00ea a situa\u00e7\u00e3o em seu pa\u00eds, os Estados Unidos, durante coletiva de imprensa no festival de San Sebasti\u00e1n, na Espanha, neste domingo, 21. Ela \u00e9 protagonista do longa franc\u00eas Couture, da diretora Alice Winocour.<\/p>\n<p>Em determinado momento, foi perguntada sobre &#8220;o que tem medo como artista e como americana&#8221;. A artista n\u00e3o citou diretamente o nome de Donald Trump ou de qualquer outro pol\u00edtico em sua resposta: &#8220;\u00c9 uma pergunta muito dif\u00edcil. Eu amo meu pa\u00eds, mas nesse momento, n\u00e3o reconhe\u00e7o meu pa\u00eds.&#8221;<\/p>\n<p>Angelina Jolie tamb\u00e9m fez refer\u00eancia \u00e0 composi\u00e7\u00e3o de sua fam\u00edlia Ela \u00e9 m\u00e3e de seis filhos, fruto de seu relacionamento com o ex-marido, Brad Pitt. Tr\u00eas deles foram adotados em outros pa\u00edses: Pax (Vietn\u00e3), Maddox (Camboja) e Zahara (Eti\u00f3pia).<\/p>\n<p>&#8220;Eu sempre vivi de forma internacional, minha fam\u00edlia \u00e9 internacional, meus amigos, minha vida&#8230; Minha vis\u00e3o de mundo \u00e9 igual, unida e internacional. Tudo em todos os lugares que divida ou limite express\u00f5es e liberdades individuais de quem quer que seja, eu acho, \u00e9 muito perigoso&#8221;, continuou.<\/p>\n<p>&#8220;Eu acho que s\u00e3o muito s\u00e9rios os tempos em que vivemos, e temos que ter cuidado depara n\u00e3o dizer as coisas casualmente. Ent\u00e3o serei cuidadosa nessa coletiva de imprensa, mas digo que, \u00e9 claro, como todos voc\u00eas, e todos que est\u00e3o assistindo, vivemos em tempos muito, muito dif\u00edceis&#8221;, encerrou Angelina Jolie.<\/p><\/div>\n","protected":false},"excerpt":{"rendered":"<p>Por Reda\u00e7\u00e3o A atriz Angelina Jolie opinou sobre como v\u00ea a situa\u00e7\u00e3o em seu pa\u00eds, os Estados Unidos, durante coletiva de imprensa no festival de San Sebasti\u00e1n, na Espanha, neste domingo, 21. Ela \u00e9 protagonista do longa franc\u00eas Couture, da diretora Alice Winocour. Em determinado momento, foi perguntada sobre &#8220;o que tem medo como artista &hellip;<\/p>\n","protected":false},"author":1,"featured_media":6232,"comment_status":"closed","ping_status":"closed","sticky":false,"template":"","format":"standard","meta":{"footnotes":""},"categories":[24],"tags":[],"class_list":["post-6231","post","type-post","status-publish","format-standard","has-post-thumbnail","hentry","category-entretenimento"],"yoast_head":"<!-- This site is optimized with the Yoast SEO plugin v27.4 - https:\/\/yoast.com\/product\/yoast-seo-wordpress\/ -->\n<title>Angelina Jolie diz que EUA vivem &#039;tempos dif\u00edceis&#039;: &#039;N\u00e3o reconhe\u00e7o meu pa\u00eds&#039; - Transam\u00e9rica Mococa 93,3<\/title>\n<meta name=\"robots\" content=\"index, follow, max-snippet:-1, max-image-preview:large, max-video-preview:-1\" \/>\n<link rel=\"canonical\" href=\"https:\/\/transamerica93.com.br\/home\/angelina-jolie-diz-que-eua-vivem-tempos-dificeis-nao-reconheco-meu-pais\/\" \/>\n<meta property=\"og:locale\" content=\"pt_BR\" \/>\n<meta property=\"og:type\" content=\"article\" \/>\n<meta property=\"og:title\" content=\"Angelina Jolie diz que EUA vivem &#039;tempos dif\u00edceis&#039;: &#039;N\u00e3o reconhe\u00e7o meu pa\u00eds&#039; - Transam\u00e9rica Mococa 93,3\" \/>\n<meta property=\"og:description\" content=\"Por Reda\u00e7\u00e3o A atriz Angelina Jolie opinou sobre como v\u00ea a situa\u00e7\u00e3o em seu pa\u00eds, os Estados Unidos, durante coletiva de imprensa no festival de San Sebasti\u00e1n, na Espanha, neste domingo, 21. Ela \u00e9 protagonista do longa franc\u00eas Couture, da diretora Alice Winocour. Em determinado momento, foi perguntada sobre &#8220;o que tem medo como artista &hellip;\" \/>\n<meta property=\"og:url\" content=\"https:\/\/transamerica93.com.br\/home\/angelina-jolie-diz-que-eua-vivem-tempos-dificeis-nao-reconheco-meu-pais\/\" \/>\n<meta property=\"og:site_name\" content=\"Transam\u00e9rica Mococa 93,3\" \/>\n<meta property=\"article:publisher\" content=\"https:\/\/www.facebook.com\/transamericamococa\" \/>\n<meta property=\"article:published_time\" content=\"2025-09-22T04:42:23+00:00\" \/>\n<meta property=\"og:image\" content=\"https:\/\/transamerica93.com.br\/home\/wp-content\/uploads\/2025\/09\/Sem-titulo-9.png\" \/>\n\t<meta property=\"og:image:width\" content=\"890\" \/>\n\t<meta property=\"og:image:height\" content=\"497\" \/>\n\t<meta property=\"og:image:type\" content=\"image\/png\" \/>\n<meta name=\"author\" content=\"Reda\u00e7\u00e3o\" \/>\n<meta name=\"twitter:card\" content=\"summary_large_image\" \/>\n<meta name=\"twitter:creator\" content=\"@transamerica933\" \/>\n<meta name=\"twitter:site\" content=\"@transamerica933\" \/>\n<meta name=\"twitter:label1\" content=\"Escrito por\" \/>\n\t<meta name=\"twitter:data1\" content=\"Reda\u00e7\u00e3o\" \/>\n\t<meta name=\"twitter:label2\" content=\"Est. tempo de leitura\" \/>\n\t<meta name=\"twitter:data2\" content=\"2 minutos\" \/>\n<script type=\"application\/ld+json\" class=\"yoast-schema-graph\">{\"@context\":\"https:\\\/\\\/schema.org\",\"@graph\":[{\"@type\":\"Article\",\"@id\":\"https:\\\/\\\/transamerica93.com.br\\\/home\\\/angelina-jolie-diz-que-eua-vivem-tempos-dificeis-nao-reconheco-meu-pais\\\/#article\",\"isPartOf\":{\"@id\":\"https:\\\/\\\/transamerica93.com.br\\\/home\\\/angelina-jolie-diz-que-eua-vivem-tempos-dificeis-nao-reconheco-meu-pais\\\/\"},\"author\":{\"name\":\"Reda\u00e7\u00e3o\",\"@id\":\"https:\\\/\\\/transamerica93.com.br\\\/home\\\/#\\\/schema\\\/person\\\/7fed7c99c0d4562efa8561bc0f543172\"},\"headline\":\"Angelina Jolie diz que EUA vivem &#8216;tempos dif\u00edceis&#8217;: &#8216;N\u00e3o reconhe\u00e7o meu pa\u00eds&#8217;\",\"datePublished\":\"2025-09-22T04:42:23+00:00\",\"mainEntityOfPage\":{\"@id\":\"https:\\\/\\\/transamerica93.com.br\\\/home\\\/angelina-jolie-diz-que-eua-vivem-tempos-dificeis-nao-reconheco-meu-pais\\\/\"},\"wordCount\":266,\"publisher\":{\"@id\":\"https:\\\/\\\/transamerica93.com.br\\\/home\\\/#organization\"},\"image\":{\"@id\":\"https:\\\/\\\/transamerica93.com.br\\\/home\\\/angelina-jolie-diz-que-eua-vivem-tempos-dificeis-nao-reconheco-meu-pais\\\/#primaryimage\"},\"thumbnailUrl\":\"https:\\\/\\\/transamerica93.com.br\\\/home\\\/wp-content\\\/uploads\\\/2025\\\/09\\\/Sem-titulo-9.png\",\"articleSection\":[\"Entretenimento\"],\"inLanguage\":\"pt-BR\"},{\"@type\":\"WebPage\",\"@id\":\"https:\\\/\\\/transamerica93.com.br\\\/home\\\/angelina-jolie-diz-que-eua-vivem-tempos-dificeis-nao-reconheco-meu-pais\\\/\",\"url\":\"https:\\\/\\\/transamerica93.com.br\\\/home\\\/angelina-jolie-diz-que-eua-vivem-tempos-dificeis-nao-reconheco-meu-pais\\\/\",\"name\":\"Angelina Jolie diz que EUA vivem 'tempos dif\u00edceis': 'N\u00e3o reconhe\u00e7o meu pa\u00eds' - Transam\u00e9rica Mococa 93,3\",\"isPartOf\":{\"@id\":\"https:\\\/\\\/transamerica93.com.br\\\/home\\\/#website\"},\"primaryImageOfPage\":{\"@id\":\"https:\\\/\\\/transamerica93.com.br\\\/home\\\/angelina-jolie-diz-que-eua-vivem-tempos-dificeis-nao-reconheco-meu-pais\\\/#primaryimage\"},\"image\":{\"@id\":\"https:\\\/\\\/transamerica93.com.br\\\/home\\\/angelina-jolie-diz-que-eua-vivem-tempos-dificeis-nao-reconheco-meu-pais\\\/#primaryimage\"},\"thumbnailUrl\":\"https:\\\/\\\/transamerica93.com.br\\\/home\\\/wp-content\\\/uploads\\\/2025\\\/09\\\/Sem-titulo-9.png\",\"datePublished\":\"2025-09-22T04:42:23+00:00\",\"breadcrumb\":{\"@id\":\"https:\\\/\\\/transamerica93.com.br\\\/home\\\/angelina-jolie-diz-que-eua-vivem-tempos-dificeis-nao-reconheco-meu-pais\\\/#breadcrumb\"},\"inLanguage\":\"pt-BR\",\"potentialAction\":[{\"@type\":\"ReadAction\",\"target\":[\"https:\\\/\\\/transamerica93.com.br\\\/home\\\/angelina-jolie-diz-que-eua-vivem-tempos-dificeis-nao-reconheco-meu-pais\\\/\"]}]},{\"@type\":\"ImageObject\",\"inLanguage\":\"pt-BR\",\"@id\":\"https:\\\/\\\/transamerica93.com.br\\\/home\\\/angelina-jolie-diz-que-eua-vivem-tempos-dificeis-nao-reconheco-meu-pais\\\/#primaryimage\",\"url\":\"https:\\\/\\\/transamerica93.com.br\\\/home\\\/wp-content\\\/uploads\\\/2025\\\/09\\\/Sem-titulo-9.png\",\"contentUrl\":\"https:\\\/\\\/transamerica93.com.br\\\/home\\\/wp-content\\\/uploads\\\/2025\\\/09\\\/Sem-titulo-9.png\",\"width\":890,\"height\":497,\"caption\":\"Foto: REUTERS\\\/Pankra Nieto\"},{\"@type\":\"BreadcrumbList\",\"@id\":\"https:\\\/\\\/transamerica93.com.br\\\/home\\\/angelina-jolie-diz-que-eua-vivem-tempos-dificeis-nao-reconheco-meu-pais\\\/#breadcrumb\",\"itemListElement\":[{\"@type\":\"ListItem\",\"position\":1,\"name\":\"In\u00edcio\",\"item\":\"https:\\\/\\\/transamerica93.com.br\\\/home\\\/\"},{\"@type\":\"ListItem\",\"position\":2,\"name\":\"Angelina Jolie diz que EUA vivem &#8216;tempos dif\u00edceis&#8217;: &#8216;N\u00e3o reconhe\u00e7o meu pa\u00eds&#8217;\"}]},{\"@type\":\"WebSite\",\"@id\":\"https:\\\/\\\/transamerica93.com.br\\\/home\\\/#website\",\"url\":\"https:\\\/\\\/transamerica93.com.br\\\/home\\\/\",\"name\":\"Transam\u00e9rica Mococa 93,3\",\"description\":\"\",\"publisher\":{\"@id\":\"https:\\\/\\\/transamerica93.com.br\\\/home\\\/#organization\"},\"potentialAction\":[{\"@type\":\"SearchAction\",\"target\":{\"@type\":\"EntryPoint\",\"urlTemplate\":\"https:\\\/\\\/transamerica93.com.br\\\/home\\\/?s={search_term_string}\"},\"query-input\":{\"@type\":\"PropertyValueSpecification\",\"valueRequired\":true,\"valueName\":\"search_term_string\"}}],\"inLanguage\":\"pt-BR\"},{\"@type\":\"Organization\",\"@id\":\"https:\\\/\\\/transamerica93.com.br\\\/home\\\/#organization\",\"name\":\"Transam\u00e9rica Mococa 93,3\",\"url\":\"https:\\\/\\\/transamerica93.com.br\\\/home\\\/\",\"logo\":{\"@type\":\"ImageObject\",\"inLanguage\":\"pt-BR\",\"@id\":\"https:\\\/\\\/transamerica93.com.br\\\/home\\\/#\\\/schema\\\/logo\\\/image\\\/\",\"url\":\"https:\\\/\\\/transamerica93.com.br\\\/home\\\/wp-content\\\/uploads\\\/2023\\\/10\\\/logo2.png\",\"contentUrl\":\"https:\\\/\\\/transamerica93.com.br\\\/home\\\/wp-content\\\/uploads\\\/2023\\\/10\\\/logo2.png\",\"width\":800,\"height\":500,\"caption\":\"Transam\u00e9rica Mococa 93,3\"},\"image\":{\"@id\":\"https:\\\/\\\/transamerica93.com.br\\\/home\\\/#\\\/schema\\\/logo\\\/image\\\/\"},\"sameAs\":[\"https:\\\/\\\/www.facebook.com\\\/transamericamococa\",\"https:\\\/\\\/x.com\\\/transamerica933\",\"https:\\\/\\\/www.instagram.com\\\/transamericamococa\"]},{\"@type\":\"Person\",\"@id\":\"https:\\\/\\\/transamerica93.com.br\\\/home\\\/#\\\/schema\\\/person\\\/7fed7c99c0d4562efa8561bc0f543172\",\"name\":\"Reda\u00e7\u00e3o\",\"image\":{\"@type\":\"ImageObject\",\"inLanguage\":\"pt-BR\",\"@id\":\"https:\\\/\\\/secure.gravatar.com\\\/avatar\\\/1072c6b775fb02ef8506ce967551d95926669a6b7d2c2147b42eea4d7c68395e?s=96&d=mm&r=g\",\"url\":\"https:\\\/\\\/secure.gravatar.com\\\/avatar\\\/1072c6b775fb02ef8506ce967551d95926669a6b7d2c2147b42eea4d7c68395e?s=96&d=mm&r=g\",\"contentUrl\":\"https:\\\/\\\/secure.gravatar.com\\\/avatar\\\/1072c6b775fb02ef8506ce967551d95926669a6b7d2c2147b42eea4d7c68395e?s=96&d=mm&r=g\",\"caption\":\"Reda\u00e7\u00e3o\"},\"sameAs\":[\"https:\\\/\\\/transamerica93.com.br\\\/home\"],\"url\":\"https:\\\/\\\/transamerica93.com.br\\\/home\\\/author\\\/william\\\/\"}]}<\/script>\n<!-- \/ Yoast SEO plugin. -->","yoast_head_json":{"title":"Angelina Jolie diz que EUA vivem 'tempos dif\u00edceis': 'N\u00e3o reconhe\u00e7o meu pa\u00eds' - Transam\u00e9rica Mococa 93,3","robots":{"index":"index","follow":"follow","max-snippet":"max-snippet:-1","max-image-preview":"max-image-preview:large","max-video-preview":"max-video-preview:-1"},"canonical":"https:\/\/transamerica93.com.br\/home\/angelina-jolie-diz-que-eua-vivem-tempos-dificeis-nao-reconheco-meu-pais\/","og_locale":"pt_BR","og_type":"article","og_title":"Angelina Jolie diz que EUA vivem 'tempos dif\u00edceis': 'N\u00e3o reconhe\u00e7o meu pa\u00eds' - Transam\u00e9rica Mococa 93,3","og_description":"Por Reda\u00e7\u00e3o A atriz Angelina Jolie opinou sobre como v\u00ea a situa\u00e7\u00e3o em seu pa\u00eds, os Estados Unidos, durante coletiva de imprensa no festival de San Sebasti\u00e1n, na Espanha, neste domingo, 21. Ela \u00e9 protagonista do longa franc\u00eas Couture, da diretora Alice Winocour. Em determinado momento, foi perguntada sobre &#8220;o que tem medo como artista &hellip;","og_url":"https:\/\/transamerica93.com.br\/home\/angelina-jolie-diz-que-eua-vivem-tempos-dificeis-nao-reconheco-meu-pais\/","og_site_name":"Transam\u00e9rica Mococa 93,3","article_publisher":"https:\/\/www.facebook.com\/transamericamococa","article_published_time":"2025-09-22T04:42:23+00:00","og_image":[{"width":890,"height":497,"url":"https:\/\/transamerica93.com.br\/home\/wp-content\/uploads\/2025\/09\/Sem-titulo-9.png","type":"image\/png"}],"author":"Reda\u00e7\u00e3o","twitter_card":"summary_large_image","twitter_creator":"@transamerica933","twitter_site":"@transamerica933","twitter_misc":{"Escrito por":"Reda\u00e7\u00e3o","Est. tempo de leitura":"2 minutos"},"schema":{"@context":"https:\/\/schema.org","@graph":[{"@type":"Article","@id":"https:\/\/transamerica93.com.br\/home\/angelina-jolie-diz-que-eua-vivem-tempos-dificeis-nao-reconheco-meu-pais\/#article","isPartOf":{"@id":"https:\/\/transamerica93.com.br\/home\/angelina-jolie-diz-que-eua-vivem-tempos-dificeis-nao-reconheco-meu-pais\/"},"author":{"name":"Reda\u00e7\u00e3o","@id":"https:\/\/transamerica93.com.br\/home\/#\/schema\/person\/7fed7c99c0d4562efa8561bc0f543172"},"headline":"Angelina Jolie diz que EUA vivem &#8216;tempos dif\u00edceis&#8217;: &#8216;N\u00e3o reconhe\u00e7o meu pa\u00eds&#8217;","datePublished":"2025-09-22T04:42:23+00:00","mainEntityOfPage":{"@id":"https:\/\/transamerica93.com.br\/home\/angelina-jolie-diz-que-eua-vivem-tempos-dificeis-nao-reconheco-meu-pais\/"},"wordCount":266,"publisher":{"@id":"https:\/\/transamerica93.com.br\/home\/#organization"},"image":{"@id":"https:\/\/transamerica93.com.br\/home\/angelina-jolie-diz-que-eua-vivem-tempos-dificeis-nao-reconheco-meu-pais\/#primaryimage"},"thumbnailUrl":"https:\/\/transamerica93.com.br\/home\/wp-content\/uploads\/2025\/09\/Sem-titulo-9.png","articleSection":["Entretenimento"],"inLanguage":"pt-BR"},{"@type":"WebPage","@id":"https:\/\/transamerica93.com.br\/home\/angelina-jolie-diz-que-eua-vivem-tempos-dificeis-nao-reconheco-meu-pais\/","url":"https:\/\/transamerica93.com.br\/home\/angelina-jolie-diz-que-eua-vivem-tempos-dificeis-nao-reconheco-meu-pais\/","name":"Angelina Jolie diz que EUA vivem 'tempos dif\u00edceis': 'N\u00e3o reconhe\u00e7o meu pa\u00eds' - Transam\u00e9rica Mococa 93,3","isPartOf":{"@id":"https:\/\/transamerica93.com.br\/home\/#website"},"primaryImageOfPage":{"@id":"https:\/\/transamerica93.com.br\/home\/angelina-jolie-diz-que-eua-vivem-tempos-dificeis-nao-reconheco-meu-pais\/#primaryimage"},"image":{"@id":"https:\/\/transamerica93.com.br\/home\/angelina-jolie-diz-que-eua-vivem-tempos-dificeis-nao-reconheco-meu-pais\/#primaryimage"},"thumbnailUrl":"https:\/\/transamerica93.com.br\/home\/wp-content\/uploads\/2025\/09\/Sem-titulo-9.png","datePublished":"2025-09-22T04:42:23+00:00","breadcrumb":{"@id":"https:\/\/transamerica93.com.br\/home\/angelina-jolie-diz-que-eua-vivem-tempos-dificeis-nao-reconheco-meu-pais\/#breadcrumb"},"inLanguage":"pt-BR","potentialAction":[{"@type":"ReadAction","target":["https:\/\/transamerica93.com.br\/home\/angelina-jolie-diz-que-eua-vivem-tempos-dificeis-nao-reconheco-meu-pais\/"]}]},{"@type":"ImageObject","inLanguage":"pt-BR","@id":"https:\/\/transamerica93.com.br\/home\/angelina-jolie-diz-que-eua-vivem-tempos-dificeis-nao-reconheco-meu-pais\/#primaryimage","url":"https:\/\/transamerica93.com.br\/home\/wp-content\/uploads\/2025\/09\/Sem-titulo-9.png","contentUrl":"https:\/\/transamerica93.com.br\/home\/wp-content\/uploads\/2025\/09\/Sem-titulo-9.png","width":890,"height":497,"caption":"Foto: REUTERS\/Pankra Nieto"},{"@type":"BreadcrumbList","@id":"https:\/\/transamerica93.com.br\/home\/angelina-jolie-diz-que-eua-vivem-tempos-dificeis-nao-reconheco-meu-pais\/#breadcrumb","itemListElement":[{"@type":"ListItem","position":1,"name":"In\u00edcio","item":"https:\/\/transamerica93.com.br\/home\/"},{"@type":"ListItem","position":2,"name":"Angelina Jolie diz que EUA vivem &#8216;tempos dif\u00edceis&#8217;: &#8216;N\u00e3o reconhe\u00e7o meu pa\u00eds&#8217;"}]},{"@type":"WebSite","@id":"https:\/\/transamerica93.com.br\/home\/#website","url":"https:\/\/transamerica93.com.br\/home\/","name":"Transam\u00e9rica Mococa 93,3","description":"","publisher":{"@id":"https:\/\/transamerica93.com.br\/home\/#organization"},"potentialAction":[{"@type":"SearchAction","target":{"@type":"EntryPoint","urlTemplate":"https:\/\/transamerica93.com.br\/home\/?s={search_term_string}"},"query-input":{"@type":"PropertyValueSpecification","valueRequired":true,"valueName":"search_term_string"}}],"inLanguage":"pt-BR"},{"@type":"Organization","@id":"https:\/\/transamerica93.com.br\/home\/#organization","name":"Transam\u00e9rica Mococa 93,3","url":"https:\/\/transamerica93.com.br\/home\/","logo":{"@type":"ImageObject","inLanguage":"pt-BR","@id":"https:\/\/transamerica93.com.br\/home\/#\/schema\/logo\/image\/","url":"https:\/\/transamerica93.com.br\/home\/wp-content\/uploads\/2023\/10\/logo2.png","contentUrl":"https:\/\/transamerica93.com.br\/home\/wp-content\/uploads\/2023\/10\/logo2.png","width":800,"height":500,"caption":"Transam\u00e9rica Mococa 93,3"},"image":{"@id":"https:\/\/transamerica93.com.br\/home\/#\/schema\/logo\/image\/"},"sameAs":["https:\/\/www.facebook.com\/transamericamococa","https:\/\/x.com\/transamerica933","https:\/\/www.instagram.com\/transamericamococa"]},{"@type":"Person","@id":"https:\/\/transamerica93.com.br\/home\/#\/schema\/person\/7fed7c99c0d4562efa8561bc0f543172","name":"Reda\u00e7\u00e3o","image":{"@type":"ImageObject","inLanguage":"pt-BR","@id":"https:\/\/secure.gravatar.com\/avatar\/1072c6b775fb02ef8506ce967551d95926669a6b7d2c2147b42eea4d7c68395e?s=96&d=mm&r=g","url":"https:\/\/secure.gravatar.com\/avatar\/1072c6b775fb02ef8506ce967551d95926669a6b7d2c2147b42eea4d7c68395e?s=96&d=mm&r=g","contentUrl":"https:\/\/secure.gravatar.com\/avatar\/1072c6b775fb02ef8506ce967551d95926669a6b7d2c2147b42eea4d7c68395e?s=96&d=mm&r=g","caption":"Reda\u00e7\u00e3o"},"sameAs":["https:\/\/transamerica93.com.br\/home"],"url":"https:\/\/transamerica93.com.br\/home\/author\/william\/"}]}},"_links":{"self":[{"href":"https:\/\/transamerica93.com.br\/home\/wp-json\/wp\/v2\/posts\/6231","targetHints":{"allow":["GET"]}}],"collection":[{"href":"https:\/\/transamerica93.com.br\/home\/wp-json\/wp\/v2\/posts"}],"about":[{"href":"https:\/\/transamerica93.com.br\/home\/wp-json\/wp\/v2\/types\/post"}],"author":[{"embeddable":true,"href":"https:\/\/transamerica93.com.br\/home\/wp-json\/wp\/v2\/users\/1"}],"replies":[{"embeddable":true,"href":"https:\/\/transamerica93.com.br\/home\/wp-json\/wp\/v2\/comments?post=6231"}],"version-history":[{"count":1,"href":"https:\/\/transamerica93.com.br\/home\/wp-json\/wp\/v2\/posts\/6231\/revisions"}],"predecessor-version":[{"id":6233,"href":"https:\/\/transamerica93.com.br\/home\/wp-json\/wp\/v2\/posts\/6231\/revisions\/6233"}],"wp:featuredmedia":[{"embeddable":true,"href":"https:\/\/transamerica93.com.br\/home\/wp-json\/wp\/v2\/media\/6232"}],"wp:attachment":[{"href":"https:\/\/transamerica93.com.br\/home\/wp-json\/wp\/v2\/media?parent=6231"}],"wp:term":[{"taxonomy":"category","embeddable":true,"href":"https:\/\/transamerica93.com.br\/home\/wp-json\/wp\/v2\/categories?post=6231"},{"taxonomy":"post_tag","embeddable":true,"href":"https:\/\/transamerica93.com.br\/home\/wp-json\/wp\/v2\/tags?post=6231"}],"curies":[{"name":"wp","href":"https:\/\/api.w.org\/{rel}","templated":true}]}}